{"id":27794,"date":"2023-07-11T14:15:14","date_gmt":"2023-07-11T12:15:14","guid":{"rendered":"https:\/\/www.article-marketing.eu\/comunicatistampa\/?p=27794"},"modified":"2023-07-11T14:15:14","modified_gmt":"2023-07-11T12:15:14","slug":"tyrrhenian-lab-ii-edizione-terna-continua-a-formare-i-talenti-della-transizione-energetica","status":"publish","type":"post","link":"https:\/\/www.article-marketing.eu\/comunicatistampa\/tyrrhenian-lab-ii-edizione-terna-continua-a-formare-i-talenti-della-transizione-energetica\/","title":{"rendered":"Tyrrhenian Lab II edizione: Terna continua a formare i talenti della transizione energetica"},"content":{"rendered":"<p><em><strong>Il corso rientra nell\u2019ambito del progetto Tyrrhenian Lab, al quale collaborano gli istituti delle citt\u00e0 coinvolte dal nuovo elettrodotto di <a title=\"La voce Terna sull'Enciclopedia Treccani\" href=\"https:\/\/www.treccani.it\/enciclopedia\/eol-terna-2\">Terna<\/a>.<\/strong><\/em><\/p>\n<p><a title=\"Terna, sulla Treccani storia e dettagli dell'operatore\" href=\"https:\/\/www.treccani.it\/enciclopedia\/eol-terna-2\"><img loading=\"lazy\" decoding=\"async\" src=\"https:\/\/images.treccani.it\/ext-tool\/intra\/thumbs_medium\/2\/23\/Terna2.png\" alt=\"Terna\" width=\"484\" height=\"150\" \/><\/a><\/p>\n<h2>Master Tyrrhenian Lab: i dettagli della nuova iniziativa di Terna<\/h2>\n<p><strong>Terna<\/strong>, l\u2019operatore nazionale del sistema elettrico, ha lanciato la seconda edizione del Master \u201cDigitalizzazione del sistema elettrico per la transizione energetica\u201d, in collaborazione con le Universit\u00e0 di Cagliari, Palermo e Salerno. Un\u2019iniziativa formativa di alto livello, che rientra nel progetto Tyrrhenian Lab, volto a creare un centro di eccellenza distribuito nelle sedi delle citt\u00e0 in cui approderanno i cavi del Tyrrhenian Link, l\u2019elettrodotto sottomarino di <strong>Terna <\/strong>da 3,7 miliardi che unir\u00e0 le tre regioni. Presentato nell\u2019Aula Magna della Facolt\u00e0 di Architettura dell\u2019Universit\u00e0 di Cagliari, il Master ha l\u2019obiettivo di fornire ai partecipanti le competenze necessarie a gestire un sistema elettrico in costante evoluzione, caratterizzato da una crescente integrazione delle fonti rinnovabili e da una maggiore digitalizzazione. Il Gruppo ha previsto un investimento di 100 milioni di euro al 2026 per favorire lo sviluppo delle risorse umane qualificate in questo ambito. La seconda edizione del corso, che partir\u00e0 il prossimo novembre, sar\u00e0 composta da undici moduli, per un totale di 60 crediti formativi. Il termine per presentare la domanda di ammissione \u00e8 il 4 settembre. I candidati selezionati saranno 57, 12 in pi\u00f9 rispetto alla prima edizione, cos\u00ec da tenere conto del forte riscontro ottenuto lo scorso anno. Al termine del percorso formativo, i 19 studenti migliori entreranno a far parte ufficialmente del team di Terna nella sede di Cagliari.<\/p>\n<h2>Del Pizzo (Terna): \u201cIl nostro master un percorso virtuoso che creer\u00e0 valore per il Paese\u201d<\/h2>\n<p>La seconda edizione del Master targato <strong>Terna <\/strong>\u00e8 stata accolta con favore dalle istituzioni accademiche coinvolte, che hanno sottolineato l\u2019importanza della collaborazione con il Gruppo per la formazione di eccellenza e per lo sviluppo del territorio. \u201c<em>Siamo molto contenti di questa partnership<\/em> <em>e di avere delle occasioni di confronto continue con il mondo che poi ruota intorno alle grandi opere come quella del Tyrrhenian link, per cui siamo contenti e fiduciosi di continuare<\/em>\u201d, ha dichiarato il Rettore dell\u2019Universit\u00e0 di Cagliari Francesco Mola. Sulla stessa linea Francesco Del Pizzo, Direttore Strategie di Sviluppo Rete e Dispacciamento di <a title=\"Enciclopedia Treccani: il profilo di Terna\" href=\"https:\/\/www.treccani.it\/enciclopedia\/eol-terna-2\"><strong>Terna<\/strong><\/a>, che ha messo in evidenza il ruolo strategico delle Universit\u00e0 dei territori coinvolti nella realizzazione del pi\u00f9 grande elettrodotto sottomarino d\u2019Europa: \u201c<em>Siamo convinti che questo \u00e8 un percorso che sar\u00e0 virtuoso, che creer\u00e0 valore per il Paese: un valore per la transizione energetica<\/em> \u2013 ha sottolineato \u2013 <em>ma anche un valore per il territorio<\/em>\u201d.<\/p>\n","protected":false},"excerpt":{"rendered":"<p>Il corso rientra nell\u2019ambito del progetto Tyrrhenian Lab, al quale collaborano gli istituti delle citt\u00e0 coinvolte dal nuovo elettrodotto di Terna. Master Tyrrhenian Lab: i dettagli della nuova iniziativa di Terna Terna, l\u2019operatore nazionale del sistema elettrico, ha lanciato la seconda edizione del Master \u201cDigitalizzazione del sistema elettrico per la transizione energetica\u201d, in collaborazione con le Universit\u00e0 di Cagliari, Palermo e Salerno. Un\u2019iniziativa formativa di alto livello, che rientra nel<\/p>\n<p><a class=\"continue-reading\" href=\"https:\/\/www.article-marketing.eu\/comunicatistampa\/tyrrhenian-lab-ii-edizione-terna-continua-a-formare-i-talenti-della-transizione-energetica\/\">Continue reading&#8230;<\/a><\/p>\n","protected":false},"author":7206,"featured_media":0,"comment_status":"open","ping_status":"open","sticky":false,"template":"","format":"standard","meta":{"_monsterinsights_skip_tracking":false,"_monsterinsights_sitenote_active":false,"_monsterinsights_sitenote_note":"","_monsterinsights_sitenote_category":0,"footnotes":""},"categories":[386],"tags":[9563],"class_list":["post-27794","post","type-post","status-publish","format-standard","hentry","category-economia-e-lavoro","tag-terna"],"yoast_head":"<!-- This site is optimized with the Yoast SEO plugin v27.3 - https:\/\/yoast.com\/product\/yoast-seo-wordpress\/ -->\n<title>Tyrrhenian Lab II edizione: Terna continua a formare i talenti della transizione energetica<\/title>\n<meta name=\"robots\" content=\"index, follow, max-snippet:-1, max-image-preview:large, max-video-preview:-1\" \/>\n<link rel=\"canonical\" href=\"https:\/\/www.article-marketing.eu\/comunicatistampa\/tyrrhenian-lab-ii-edizione-terna-continua-a-formare-i-talenti-della-transizione-energetica\/\" \/>\n<meta property=\"og:locale\" content=\"it_IT\" \/>\n<meta property=\"og:type\" content=\"article\" \/>\n<meta property=\"og:title\" content=\"Tyrrhenian Lab II edizione: Terna continua a formare i talenti della transizione energetica\" \/>\n<meta property=\"og:description\" content=\"Il corso rientra nell\u2019ambito del progetto Tyrrhenian Lab, al quale collaborano gli istituti delle citt\u00e0 coinvolte dal nuovo elettrodotto di Terna. Master Tyrrhenian Lab: i dettagli della nuova iniziativa di Terna Terna, l\u2019operatore nazionale del sistema elettrico, ha lanciato la seconda edizione del Master \u201cDigitalizzazione del sistema elettrico per la transizione energetica\u201d, in collaborazione con le Universit\u00e0 di Cagliari, Palermo e Salerno. Un\u2019iniziativa formativa di alto livello, che rientra nelContinue reading...\" \/>\n<meta property=\"og:url\" content=\"https:\/\/www.article-marketing.eu\/comunicatistampa\/tyrrhenian-lab-ii-edizione-terna-continua-a-formare-i-talenti-della-transizione-energetica\/\" \/>\n<meta property=\"og:site_name\" content=\"Article Marketing\" \/>\n<meta property=\"article:published_time\" content=\"2023-07-11T12:15:14+00:00\" \/>\n<meta property=\"og:image\" content=\"https:\/\/images.treccani.it\/ext-tool\/intra\/thumbs_medium\/2\/23\/Terna2.png\" \/>\n<meta name=\"author\" content=\"pressreleaself\" \/>\n<meta name=\"twitter:card\" content=\"summary_large_image\" \/>\n<meta name=\"twitter:label1\" content=\"Scritto da\" \/>\n\t<meta name=\"twitter:data1\" content=\"pressreleaself\" \/>\n\t<meta name=\"twitter:label2\" content=\"Tempo di lettura stimato\" \/>\n\t<meta name=\"twitter:data2\" content=\"3 minuti\" \/>\n<script type=\"application\/ld+json\" class=\"yoast-schema-graph\">{\"@context\":\"https:\\\/\\\/schema.org\",\"@graph\":[{\"@type\":\"Article\",\"@id\":\"https:\\\/\\\/www.article-marketing.eu\\\/comunicatistampa\\\/tyrrhenian-lab-ii-edizione-terna-continua-a-formare-i-talenti-della-transizione-energetica\\\/#article\",\"isPartOf\":{\"@id\":\"https:\\\/\\\/www.article-marketing.eu\\\/comunicatistampa\\\/tyrrhenian-lab-ii-edizione-terna-continua-a-formare-i-talenti-della-transizione-energetica\\\/\"},\"author\":{\"name\":\"pressreleaself\",\"@id\":\"https:\\\/\\\/www.article-marketing.eu\\\/comunicatistampa\\\/#\\\/schema\\\/person\\\/e12b1bc04ee2394a2e51cf979ebbbbb6\"},\"headline\":\"Tyrrhenian Lab II edizione: Terna continua a formare i talenti della transizione energetica\",\"datePublished\":\"2023-07-11T12:15:14+00:00\",\"mainEntityOfPage\":{\"@id\":\"https:\\\/\\\/www.article-marketing.eu\\\/comunicatistampa\\\/tyrrhenian-lab-ii-edizione-terna-continua-a-formare-i-talenti-della-transizione-energetica\\\/\"},\"wordCount\":426,\"commentCount\":0,\"image\":{\"@id\":\"https:\\\/\\\/www.article-marketing.eu\\\/comunicatistampa\\\/tyrrhenian-lab-ii-edizione-terna-continua-a-formare-i-talenti-della-transizione-energetica\\\/#primaryimage\"},\"thumbnailUrl\":\"https:\\\/\\\/images.treccani.it\\\/ext-tool\\\/intra\\\/thumbs_medium\\\/2\\\/23\\\/Terna2.png\",\"keywords\":[\"Terna\"],\"articleSection\":[\"Economia e lavoro\"],\"inLanguage\":\"it-IT\",\"potentialAction\":[{\"@type\":\"CommentAction\",\"name\":\"Comment\",\"target\":[\"https:\\\/\\\/www.article-marketing.eu\\\/comunicatistampa\\\/tyrrhenian-lab-ii-edizione-terna-continua-a-formare-i-talenti-della-transizione-energetica\\\/#respond\"]}]},{\"@type\":\"WebPage\",\"@id\":\"https:\\\/\\\/www.article-marketing.eu\\\/comunicatistampa\\\/tyrrhenian-lab-ii-edizione-terna-continua-a-formare-i-talenti-della-transizione-energetica\\\/\",\"url\":\"https:\\\/\\\/www.article-marketing.eu\\\/comunicatistampa\\\/tyrrhenian-lab-ii-edizione-terna-continua-a-formare-i-talenti-della-transizione-energetica\\\/\",\"name\":\"Tyrrhenian Lab II edizione: Terna continua a formare i talenti della transizione energetica\",\"isPartOf\":{\"@id\":\"https:\\\/\\\/www.article-marketing.eu\\\/comunicatistampa\\\/#website\"},\"primaryImageOfPage\":{\"@id\":\"https:\\\/\\\/www.article-marketing.eu\\\/comunicatistampa\\\/tyrrhenian-lab-ii-edizione-terna-continua-a-formare-i-talenti-della-transizione-energetica\\\/#primaryimage\"},\"image\":{\"@id\":\"https:\\\/\\\/www.article-marketing.eu\\\/comunicatistampa\\\/tyrrhenian-lab-ii-edizione-terna-continua-a-formare-i-talenti-della-transizione-energetica\\\/#primaryimage\"},\"thumbnailUrl\":\"https:\\\/\\\/images.treccani.it\\\/ext-tool\\\/intra\\\/thumbs_medium\\\/2\\\/23\\\/Terna2.png\",\"datePublished\":\"2023-07-11T12:15:14+00:00\",\"author\":{\"@id\":\"https:\\\/\\\/www.article-marketing.eu\\\/comunicatistampa\\\/#\\\/schema\\\/person\\\/e12b1bc04ee2394a2e51cf979ebbbbb6\"},\"breadcrumb\":{\"@id\":\"https:\\\/\\\/www.article-marketing.eu\\\/comunicatistampa\\\/tyrrhenian-lab-ii-edizione-terna-continua-a-formare-i-talenti-della-transizione-energetica\\\/#breadcrumb\"},\"inLanguage\":\"it-IT\",\"potentialAction\":[{\"@type\":\"ReadAction\",\"target\":[\"https:\\\/\\\/www.article-marketing.eu\\\/comunicatistampa\\\/tyrrhenian-lab-ii-edizione-terna-continua-a-formare-i-talenti-della-transizione-energetica\\\/\"]}]},{\"@type\":\"ImageObject\",\"inLanguage\":\"it-IT\",\"@id\":\"https:\\\/\\\/www.article-marketing.eu\\\/comunicatistampa\\\/tyrrhenian-lab-ii-edizione-terna-continua-a-formare-i-talenti-della-transizione-energetica\\\/#primaryimage\",\"url\":\"https:\\\/\\\/images.treccani.it\\\/ext-tool\\\/intra\\\/thumbs_medium\\\/2\\\/23\\\/Terna2.png\",\"contentUrl\":\"https:\\\/\\\/images.treccani.it\\\/ext-tool\\\/intra\\\/thumbs_medium\\\/2\\\/23\\\/Terna2.png\"},{\"@type\":\"BreadcrumbList\",\"@id\":\"https:\\\/\\\/www.article-marketing.eu\\\/comunicatistampa\\\/tyrrhenian-lab-ii-edizione-terna-continua-a-formare-i-talenti-della-transizione-energetica\\\/#breadcrumb\",\"itemListElement\":[{\"@type\":\"ListItem\",\"position\":1,\"name\":\"Home\",\"item\":\"https:\\\/\\\/www.article-marketing.eu\\\/comunicatistampa\\\/\"},{\"@type\":\"ListItem\",\"position\":2,\"name\":\"Tyrrhenian Lab II edizione: Terna continua a formare i talenti della transizione energetica\"}]},{\"@type\":\"WebSite\",\"@id\":\"https:\\\/\\\/www.article-marketing.eu\\\/comunicatistampa\\\/#website\",\"url\":\"https:\\\/\\\/www.article-marketing.eu\\\/comunicatistampa\\\/\",\"name\":\"Article Marketing\",\"description\":\"article marketing &amp; press release\",\"potentialAction\":[{\"@type\":\"SearchAction\",\"target\":{\"@type\":\"EntryPoint\",\"urlTemplate\":\"https:\\\/\\\/www.article-marketing.eu\\\/comunicatistampa\\\/?s={search_term_string}\"},\"query-input\":{\"@type\":\"PropertyValueSpecification\",\"valueRequired\":true,\"valueName\":\"search_term_string\"}}],\"inLanguage\":\"it-IT\"},{\"@type\":\"Person\",\"@id\":\"https:\\\/\\\/www.article-marketing.eu\\\/comunicatistampa\\\/#\\\/schema\\\/person\\\/e12b1bc04ee2394a2e51cf979ebbbbb6\",\"name\":\"pressreleaself\",\"image\":{\"@type\":\"ImageObject\",\"inLanguage\":\"it-IT\",\"@id\":\"https:\\\/\\\/secure.gravatar.com\\\/avatar\\\/58b2e897ca1b290b3c87ba2112be22b2d12e7af8fea0975d839430be1249d1a3?s=96&d=mm&r=g\",\"url\":\"https:\\\/\\\/secure.gravatar.com\\\/avatar\\\/58b2e897ca1b290b3c87ba2112be22b2d12e7af8fea0975d839430be1249d1a3?s=96&d=mm&r=g\",\"contentUrl\":\"https:\\\/\\\/secure.gravatar.com\\\/avatar\\\/58b2e897ca1b290b3c87ba2112be22b2d12e7af8fea0975d839430be1249d1a3?s=96&d=mm&r=g\",\"caption\":\"pressreleaself\"},\"url\":\"https:\\\/\\\/www.article-marketing.eu\\\/comunicatistampa\\\/author\\\/pressreleaself\\\/\"}]}<\/script>\n<!-- \/ Yoast SEO plugin. -->","yoast_head_json":{"title":"Tyrrhenian Lab II edizione: Terna continua a formare i talenti della transizione energetica","robots":{"index":"index","follow":"follow","max-snippet":"max-snippet:-1","max-image-preview":"max-image-preview:large","max-video-preview":"max-video-preview:-1"},"canonical":"https:\/\/www.article-marketing.eu\/comunicatistampa\/tyrrhenian-lab-ii-edizione-terna-continua-a-formare-i-talenti-della-transizione-energetica\/","og_locale":"it_IT","og_type":"article","og_title":"Tyrrhenian Lab II edizione: Terna continua a formare i talenti della transizione energetica","og_description":"Il corso rientra nell\u2019ambito del progetto Tyrrhenian Lab, al quale collaborano gli istituti delle citt\u00e0 coinvolte dal nuovo elettrodotto di Terna. Master Tyrrhenian Lab: i dettagli della nuova iniziativa di Terna Terna, l\u2019operatore nazionale del sistema elettrico, ha lanciato la seconda edizione del Master \u201cDigitalizzazione del sistema elettrico per la transizione energetica\u201d, in collaborazione con le Universit\u00e0 di Cagliari, Palermo e Salerno. Un\u2019iniziativa formativa di alto livello, che rientra nelContinue reading...","og_url":"https:\/\/www.article-marketing.eu\/comunicatistampa\/tyrrhenian-lab-ii-edizione-terna-continua-a-formare-i-talenti-della-transizione-energetica\/","og_site_name":"Article Marketing","article_published_time":"2023-07-11T12:15:14+00:00","og_image":[{"url":"https:\/\/images.treccani.it\/ext-tool\/intra\/thumbs_medium\/2\/23\/Terna2.png","type":"","width":"","height":""}],"author":"pressreleaself","twitter_card":"summary_large_image","twitter_misc":{"Scritto da":"pressreleaself","Tempo di lettura stimato":"3 minuti"},"schema":{"@context":"https:\/\/schema.org","@graph":[{"@type":"Article","@id":"https:\/\/www.article-marketing.eu\/comunicatistampa\/tyrrhenian-lab-ii-edizione-terna-continua-a-formare-i-talenti-della-transizione-energetica\/#article","isPartOf":{"@id":"https:\/\/www.article-marketing.eu\/comunicatistampa\/tyrrhenian-lab-ii-edizione-terna-continua-a-formare-i-talenti-della-transizione-energetica\/"},"author":{"name":"pressreleaself","@id":"https:\/\/www.article-marketing.eu\/comunicatistampa\/#\/schema\/person\/e12b1bc04ee2394a2e51cf979ebbbbb6"},"headline":"Tyrrhenian Lab II edizione: Terna continua a formare i talenti della transizione energetica","datePublished":"2023-07-11T12:15:14+00:00","mainEntityOfPage":{"@id":"https:\/\/www.article-marketing.eu\/comunicatistampa\/tyrrhenian-lab-ii-edizione-terna-continua-a-formare-i-talenti-della-transizione-energetica\/"},"wordCount":426,"commentCount":0,"image":{"@id":"https:\/\/www.article-marketing.eu\/comunicatistampa\/tyrrhenian-lab-ii-edizione-terna-continua-a-formare-i-talenti-della-transizione-energetica\/#primaryimage"},"thumbnailUrl":"https:\/\/images.treccani.it\/ext-tool\/intra\/thumbs_medium\/2\/23\/Terna2.png","keywords":["Terna"],"articleSection":["Economia e lavoro"],"inLanguage":"it-IT","potentialAction":[{"@type":"CommentAction","name":"Comment","target":["https:\/\/www.article-marketing.eu\/comunicatistampa\/tyrrhenian-lab-ii-edizione-terna-continua-a-formare-i-talenti-della-transizione-energetica\/#respond"]}]},{"@type":"WebPage","@id":"https:\/\/www.article-marketing.eu\/comunicatistampa\/tyrrhenian-lab-ii-edizione-terna-continua-a-formare-i-talenti-della-transizione-energetica\/","url":"https:\/\/www.article-marketing.eu\/comunicatistampa\/tyrrhenian-lab-ii-edizione-terna-continua-a-formare-i-talenti-della-transizione-energetica\/","name":"Tyrrhenian Lab II edizione: Terna continua a formare i talenti della transizione energetica","isPartOf":{"@id":"https:\/\/www.article-marketing.eu\/comunicatistampa\/#website"},"primaryImageOfPage":{"@id":"https:\/\/www.article-marketing.eu\/comunicatistampa\/tyrrhenian-lab-ii-edizione-terna-continua-a-formare-i-talenti-della-transizione-energetica\/#primaryimage"},"image":{"@id":"https:\/\/www.article-marketing.eu\/comunicatistampa\/tyrrhenian-lab-ii-edizione-terna-continua-a-formare-i-talenti-della-transizione-energetica\/#primaryimage"},"thumbnailUrl":"https:\/\/images.treccani.it\/ext-tool\/intra\/thumbs_medium\/2\/23\/Terna2.png","datePublished":"2023-07-11T12:15:14+00:00","author":{"@id":"https:\/\/www.article-marketing.eu\/comunicatistampa\/#\/schema\/person\/e12b1bc04ee2394a2e51cf979ebbbbb6"},"breadcrumb":{"@id":"https:\/\/www.article-marketing.eu\/comunicatistampa\/tyrrhenian-lab-ii-edizione-terna-continua-a-formare-i-talenti-della-transizione-energetica\/#breadcrumb"},"inLanguage":"it-IT","potentialAction":[{"@type":"ReadAction","target":["https:\/\/www.article-marketing.eu\/comunicatistampa\/tyrrhenian-lab-ii-edizione-terna-continua-a-formare-i-talenti-della-transizione-energetica\/"]}]},{"@type":"ImageObject","inLanguage":"it-IT","@id":"https:\/\/www.article-marketing.eu\/comunicatistampa\/tyrrhenian-lab-ii-edizione-terna-continua-a-formare-i-talenti-della-transizione-energetica\/#primaryimage","url":"https:\/\/images.treccani.it\/ext-tool\/intra\/thumbs_medium\/2\/23\/Terna2.png","contentUrl":"https:\/\/images.treccani.it\/ext-tool\/intra\/thumbs_medium\/2\/23\/Terna2.png"},{"@type":"BreadcrumbList","@id":"https:\/\/www.article-marketing.eu\/comunicatistampa\/tyrrhenian-lab-ii-edizione-terna-continua-a-formare-i-talenti-della-transizione-energetica\/#breadcrumb","itemListElement":[{"@type":"ListItem","position":1,"name":"Home","item":"https:\/\/www.article-marketing.eu\/comunicatistampa\/"},{"@type":"ListItem","position":2,"name":"Tyrrhenian Lab II edizione: Terna continua a formare i talenti della transizione energetica"}]},{"@type":"WebSite","@id":"https:\/\/www.article-marketing.eu\/comunicatistampa\/#website","url":"https:\/\/www.article-marketing.eu\/comunicatistampa\/","name":"Article Marketing","description":"article marketing &amp; press release","potentialAction":[{"@type":"SearchAction","target":{"@type":"EntryPoint","urlTemplate":"https:\/\/www.article-marketing.eu\/comunicatistampa\/?s={search_term_string}"},"query-input":{"@type":"PropertyValueSpecification","valueRequired":true,"valueName":"search_term_string"}}],"inLanguage":"it-IT"},{"@type":"Person","@id":"https:\/\/www.article-marketing.eu\/comunicatistampa\/#\/schema\/person\/e12b1bc04ee2394a2e51cf979ebbbbb6","name":"pressreleaself","image":{"@type":"ImageObject","inLanguage":"it-IT","@id":"https:\/\/secure.gravatar.com\/avatar\/58b2e897ca1b290b3c87ba2112be22b2d12e7af8fea0975d839430be1249d1a3?s=96&d=mm&r=g","url":"https:\/\/secure.gravatar.com\/avatar\/58b2e897ca1b290b3c87ba2112be22b2d12e7af8fea0975d839430be1249d1a3?s=96&d=mm&r=g","contentUrl":"https:\/\/secure.gravatar.com\/avatar\/58b2e897ca1b290b3c87ba2112be22b2d12e7af8fea0975d839430be1249d1a3?s=96&d=mm&r=g","caption":"pressreleaself"},"url":"https:\/\/www.article-marketing.eu\/comunicatistampa\/author\/pressreleaself\/"}]}},"_links":{"self":[{"href":"https:\/\/www.article-marketing.eu\/comunicatistampa\/wp-json\/wp\/v2\/posts\/27794","targetHints":{"allow":["GET"]}}],"collection":[{"href":"https:\/\/www.article-marketing.eu\/comunicatistampa\/wp-json\/wp\/v2\/posts"}],"about":[{"href":"https:\/\/www.article-marketing.eu\/comunicatistampa\/wp-json\/wp\/v2\/types\/post"}],"author":[{"embeddable":true,"href":"https:\/\/www.article-marketing.eu\/comunicatistampa\/wp-json\/wp\/v2\/users\/7206"}],"replies":[{"embeddable":true,"href":"https:\/\/www.article-marketing.eu\/comunicatistampa\/wp-json\/wp\/v2\/comments?post=27794"}],"version-history":[{"count":2,"href":"https:\/\/www.article-marketing.eu\/comunicatistampa\/wp-json\/wp\/v2\/posts\/27794\/revisions"}],"predecessor-version":[{"id":27813,"href":"https:\/\/www.article-marketing.eu\/comunicatistampa\/wp-json\/wp\/v2\/posts\/27794\/revisions\/27813"}],"wp:attachment":[{"href":"https:\/\/www.article-marketing.eu\/comunicatistampa\/wp-json\/wp\/v2\/media?parent=27794"}],"wp:term":[{"taxonomy":"category","embeddable":true,"href":"https:\/\/www.article-marketing.eu\/comunicatistampa\/wp-json\/wp\/v2\/categories?post=27794"},{"taxonomy":"post_tag","embeddable":true,"href":"https:\/\/www.article-marketing.eu\/comunicatistampa\/wp-json\/wp\/v2\/tags?post=27794"}],"curies":[{"name":"wp","href":"https:\/\/api.w.org\/{rel}","templated":true}]}}