{"id":27805,"date":"2023-07-11T14:15:00","date_gmt":"2023-07-11T12:15:00","guid":{"rendered":"https:\/\/www.article-marketing.eu\/comunicatistampa\/?p=27805"},"modified":"2023-07-11T14:15:00","modified_gmt":"2023-07-11T12:15:00","slug":"cielo-e-terra-presenta-il-bilancio-di-sostenibilita","status":"publish","type":"post","link":"https:\/\/www.article-marketing.eu\/comunicatistampa\/cielo-e-terra-presenta-il-bilancio-di-sostenibilita\/","title":{"rendered":"Cielo e Terra presenta il bilancio di sostenibilit\u00e0"},"content":{"rendered":"<p><em>La cantina vicentina, gi\u00e0 B Corp e Societ\u00e0 Benefit, presenta il suo primo bilancio di sostenibilit\u00e0 all\u2019evento di ITER SB, il nuovo polo veneto specializzato in consulenza green e benefit. <\/em><\/p>\n<p><em>\u00a0<\/em><\/p>\n<p><strong>Cielo e Terra presenta il primo bilancio di sostenibilit\u00e0 all\u2019evento di ITER SB<\/strong> <strong>il nuovo polo veneto per la consulenza green e benefit e nuova societ\u00e0 per la cultura della sostenibilit\u00e0<\/strong> frutto della sinergia tra Endevo Advisory Firm, Studio Melloni &amp; Partners e TZ&amp;A Studio Associato.<\/p>\n<p>Un traguardo, quella della cantina vicentina, in linea con una filosofia adottata fin dal 1999 che considera e vive il territorio come un luogo da proteggere sia fisicamente che idealmente, promuovendo la condivisione del valore della sostenibilit\u00e0.<\/p>\n<p>La collaborazione con ITER \u00e8 frutto di una <strong>piena comunanza di valori<\/strong> e basata su <strong>temi legati alla transizione digitale ed ecologica<\/strong>, <strong>all\u2019innovazione tout court e alla responsabilit\u00e0 sociale<\/strong>. Dopo aver raggiunto l&#8217;obiettivo di una sostenibilit\u00e0 di filiera, creando una catena di approvvigionamento pi\u00f9 equa e sostenibile, <strong>la cantina vicentina ha ottenuto la certificazione B Corp nel 2020.<\/strong><\/p>\n<p><strong>Si \u00e8 impegnata anche per il futuro diventando una Societ\u00e0 Benefit, <\/strong>integrando nello statuto societario non solo gli obiettivi di profitto, ma anche quello di generare un impatto positivo sulle persone e sull&#8217;ambiente.<\/p>\n<p><strong>Sostenibilit\u00e0 e Kaizen per Cielo e Terra sono metodi di lavoro quotidiano:<\/strong> applicando i principi di eliminazione degli sprechi e rispetto per le persone diventano riduzione dell&#8217;impatto ambientale e costruzione di un ambiente lavorativo e sociale migliore e tale approccio \u00e8 compatibile con il profitto e con l\u2019aumento del valore nel lungo termine.<\/p>\n<p>Nella suggestiva e rinomata Villa Scalette di Vicenza il <strong>Dott. Giampietro Povolo, CFO e Direttore Operation dell&#8217;azienda Cielo e Terra Spa<\/strong> ha tracciato il percorso che ha condotto l\u2019azienda fino a oggi, culminato nella stesura del primo bilancio di sostenibilit\u00e0.<\/p>\n<p>\u201c<em>Il cammino intrapreso ha avuto inizio nel 2016, come naturale estensione di un ampio progetto che ha visto l&#8217;azienda impegnarsi in azioni volte al miglioramento dell&#8217;efficienza e alla promozione della sostenibilit\u00e0 a tutti i livelli. Questo impegno si \u00e8 basato su un modello di business che ha sempre posto al centro le persone, il territorio e, naturalmente, il profitto. Cielo e Terra ha concluso il 2022 con un fatturato record che supera i 62 milioni di Euro e un utile netto di 1,9 milioni di euro. Le vendite all\u2019estero sono oltre l\u201980% e siamo riusciti a raggiungere questi numeri nonostante le molte difficolt\u00e0 che hanno caratterizzato questo ultimo periodo. Molte sono le informazioni non finanziarie presenti nel Bilancio di Sostenibilit\u00e0 (dalla riduzione dei consumi di acqua all\u2019azzeramento dei rifiuti smaltiti in discarica al sostegno di molti progetti sociali e di formazione sul territorio). Infine, voglio ricordare che si tratta di un traguardo frutto dell\u2019impegno di tante persone accomunate dalla passione, dalla passione per Cielo e Terra<\/em>\u201d.<\/p>\n<p><strong>www.cieloeterravini.com<\/strong><strong>\u00a0<\/strong><\/p>\n<p><strong>Cielo e Terra<\/strong> nasce nel 1908, nelle campagne di Vicenza, vicino ai Castelli di Romeo e Giulietta, dove il<strong>\u00a0<\/strong>bisnonno<strong>\u00a0<\/strong>aveva acquistato un piccolo podere con vigneto, Casa Defr\u00e0.\u00a0Il\u00a0nonno Pietro<strong>\u00a0<\/strong>ha proseguito la guida dell\u2019azienda con grande passione impegno sociale. Oggi<strong>\u00a0<\/strong>alla guida ci sono\u00a0Luca e Pierpaolo Cielo ed \u00e8 una cantina conosciuta in tutto il mondo con i marchi Cielo, Casa Defr\u00e0 e Bericanto. L\u2019azienda che nel 2022 ha superato i 62,5 milioni di Euro si caratterizza per un approccio socialmente responsabile, orientato alla trasparenza e alla sostenibilit\u00e0. Dopo aver ottenuto la certificazione B Corp, l\u2019azienda ha aderito al programma VIVA la sostenibilit\u00e0 nel vino ed \u00e8 diventata Societ\u00e0 Benefit. Prima realt\u00e0 vinicola italiana a introdurre in azienda il modello della Lean Organization, Cielo e Terra integra numerosi progetti con un piano di economia circolare, affermandosi come realt\u00e0 in grado di fronteggiare le sfide dei mercati mondiali ed attestare la sua presenza in oltre 60 Paesi.<\/p>\n","protected":false},"excerpt":{"rendered":"<p>La cantina vicentina, gi\u00e0 B Corp e Societ\u00e0 Benefit, presenta il suo primo bilancio di sostenibilit\u00e0 all\u2019evento di ITER SB, il nuovo polo veneto specializzato in consulenza green e benefit. \u00a0 Cielo e Terra presenta il primo bilancio di sostenibilit\u00e0 all\u2019evento di ITER SB il nuovo polo veneto per la consulenza green e benefit e nuova societ\u00e0 per la cultura della sostenibilit\u00e0 frutto della sinergia tra Endevo Advisory Firm, Studio<\/p>\n<p><a class=\"continue-reading\" href=\"https:\/\/www.article-marketing.eu\/comunicatistampa\/cielo-e-terra-presenta-il-bilancio-di-sostenibilita\/\">Continue reading&#8230;<\/a><\/p>\n","protected":false},"author":397,"featured_media":0,"comment_status":"open","ping_status":"open","sticky":false,"template":"","format":"standard","meta":{"_monsterinsights_skip_tracking":false,"_monsterinsights_sitenote_active":false,"_monsterinsights_sitenote_note":"","_monsterinsights_sitenote_category":0,"footnotes":""},"categories":[78],"tags":[],"class_list":["post-27805","post","type-post","status-publish","format-standard","hentry","category-comunicati-stampa"],"yoast_head":"<!-- This site is optimized with the Yoast SEO plugin v27.3 - https:\/\/yoast.com\/product\/yoast-seo-wordpress\/ -->\n<title>Cielo e Terra presenta il bilancio di sostenibilit\u00e0 - Article Marketing<\/title>\n<meta name=\"robots\" content=\"index, follow, max-snippet:-1, max-image-preview:large, max-video-preview:-1\" \/>\n<link rel=\"canonical\" href=\"https:\/\/www.article-marketing.eu\/comunicatistampa\/cielo-e-terra-presenta-il-bilancio-di-sostenibilita\/\" \/>\n<meta property=\"og:locale\" content=\"it_IT\" \/>\n<meta property=\"og:type\" content=\"article\" \/>\n<meta property=\"og:title\" content=\"Cielo e Terra presenta il bilancio di sostenibilit\u00e0 - Article Marketing\" \/>\n<meta property=\"og:description\" content=\"La cantina vicentina, gi\u00e0 B Corp e Societ\u00e0 Benefit, presenta il suo primo bilancio di sostenibilit\u00e0 all\u2019evento di ITER SB, il nuovo polo veneto specializzato in consulenza green e benefit. \u00a0 Cielo e Terra presenta il primo bilancio di sostenibilit\u00e0 all\u2019evento di ITER SB il nuovo polo veneto per la consulenza green e benefit e nuova societ\u00e0 per la cultura della sostenibilit\u00e0 frutto della sinergia tra Endevo Advisory Firm, StudioContinue reading...\" \/>\n<meta property=\"og:url\" content=\"https:\/\/www.article-marketing.eu\/comunicatistampa\/cielo-e-terra-presenta-il-bilancio-di-sostenibilita\/\" \/>\n<meta property=\"og:site_name\" content=\"Article Marketing\" \/>\n<meta property=\"article:published_time\" content=\"2023-07-11T12:15:00+00:00\" \/>\n<meta name=\"author\" content=\"Borderline Agency\" \/>\n<meta name=\"twitter:card\" content=\"summary_large_image\" \/>\n<meta name=\"twitter:label1\" content=\"Scritto da\" \/>\n\t<meta name=\"twitter:data1\" content=\"Borderline Agency\" \/>\n\t<meta name=\"twitter:label2\" content=\"Tempo di lettura stimato\" \/>\n\t<meta name=\"twitter:data2\" content=\"4 minuti\" \/>\n<script type=\"application\/ld+json\" class=\"yoast-schema-graph\">{\"@context\":\"https:\\\/\\\/schema.org\",\"@graph\":[{\"@type\":\"Article\",\"@id\":\"https:\\\/\\\/www.article-marketing.eu\\\/comunicatistampa\\\/cielo-e-terra-presenta-il-bilancio-di-sostenibilita\\\/#article\",\"isPartOf\":{\"@id\":\"https:\\\/\\\/www.article-marketing.eu\\\/comunicatistampa\\\/cielo-e-terra-presenta-il-bilancio-di-sostenibilita\\\/\"},\"author\":{\"name\":\"Borderline Agency\",\"@id\":\"https:\\\/\\\/www.article-marketing.eu\\\/comunicatistampa\\\/#\\\/schema\\\/person\\\/1c4ab1c7aad84347e26e78235da6ff1b\"},\"headline\":\"Cielo e Terra presenta il bilancio di sostenibilit\u00e0\",\"datePublished\":\"2023-07-11T12:15:00+00:00\",\"mainEntityOfPage\":{\"@id\":\"https:\\\/\\\/www.article-marketing.eu\\\/comunicatistampa\\\/cielo-e-terra-presenta-il-bilancio-di-sostenibilita\\\/\"},\"wordCount\":631,\"commentCount\":0,\"articleSection\":[\"Comunicati stampa\"],\"inLanguage\":\"it-IT\",\"potentialAction\":[{\"@type\":\"CommentAction\",\"name\":\"Comment\",\"target\":[\"https:\\\/\\\/www.article-marketing.eu\\\/comunicatistampa\\\/cielo-e-terra-presenta-il-bilancio-di-sostenibilita\\\/#respond\"]}]},{\"@type\":\"WebPage\",\"@id\":\"https:\\\/\\\/www.article-marketing.eu\\\/comunicatistampa\\\/cielo-e-terra-presenta-il-bilancio-di-sostenibilita\\\/\",\"url\":\"https:\\\/\\\/www.article-marketing.eu\\\/comunicatistampa\\\/cielo-e-terra-presenta-il-bilancio-di-sostenibilita\\\/\",\"name\":\"Cielo e Terra presenta il bilancio di sostenibilit\u00e0 - Article Marketing\",\"isPartOf\":{\"@id\":\"https:\\\/\\\/www.article-marketing.eu\\\/comunicatistampa\\\/#website\"},\"datePublished\":\"2023-07-11T12:15:00+00:00\",\"author\":{\"@id\":\"https:\\\/\\\/www.article-marketing.eu\\\/comunicatistampa\\\/#\\\/schema\\\/person\\\/1c4ab1c7aad84347e26e78235da6ff1b\"},\"breadcrumb\":{\"@id\":\"https:\\\/\\\/www.article-marketing.eu\\\/comunicatistampa\\\/cielo-e-terra-presenta-il-bilancio-di-sostenibilita\\\/#breadcrumb\"},\"inLanguage\":\"it-IT\",\"potentialAction\":[{\"@type\":\"ReadAction\",\"target\":[\"https:\\\/\\\/www.article-marketing.eu\\\/comunicatistampa\\\/cielo-e-terra-presenta-il-bilancio-di-sostenibilita\\\/\"]}]},{\"@type\":\"BreadcrumbList\",\"@id\":\"https:\\\/\\\/www.article-marketing.eu\\\/comunicatistampa\\\/cielo-e-terra-presenta-il-bilancio-di-sostenibilita\\\/#breadcrumb\",\"itemListElement\":[{\"@type\":\"ListItem\",\"position\":1,\"name\":\"Home\",\"item\":\"https:\\\/\\\/www.article-marketing.eu\\\/comunicatistampa\\\/\"},{\"@type\":\"ListItem\",\"position\":2,\"name\":\"Cielo e Terra presenta il bilancio di sostenibilit\u00e0\"}]},{\"@type\":\"WebSite\",\"@id\":\"https:\\\/\\\/www.article-marketing.eu\\\/comunicatistampa\\\/#website\",\"url\":\"https:\\\/\\\/www.article-marketing.eu\\\/comunicatistampa\\\/\",\"name\":\"Article Marketing\",\"description\":\"article marketing &amp; press release\",\"potentialAction\":[{\"@type\":\"SearchAction\",\"target\":{\"@type\":\"EntryPoint\",\"urlTemplate\":\"https:\\\/\\\/www.article-marketing.eu\\\/comunicatistampa\\\/?s={search_term_string}\"},\"query-input\":{\"@type\":\"PropertyValueSpecification\",\"valueRequired\":true,\"valueName\":\"search_term_string\"}}],\"inLanguage\":\"it-IT\"},{\"@type\":\"Person\",\"@id\":\"https:\\\/\\\/www.article-marketing.eu\\\/comunicatistampa\\\/#\\\/schema\\\/person\\\/1c4ab1c7aad84347e26e78235da6ff1b\",\"name\":\"Borderline Agency\",\"image\":{\"@type\":\"ImageObject\",\"inLanguage\":\"it-IT\",\"@id\":\"https:\\\/\\\/secure.gravatar.com\\\/avatar\\\/741fa053101610cb0be7dc835c116926549ae4ae2142ff35eac04d78fda61461?s=96&d=mm&r=g\",\"url\":\"https:\\\/\\\/secure.gravatar.com\\\/avatar\\\/741fa053101610cb0be7dc835c116926549ae4ae2142ff35eac04d78fda61461?s=96&d=mm&r=g\",\"contentUrl\":\"https:\\\/\\\/secure.gravatar.com\\\/avatar\\\/741fa053101610cb0be7dc835c116926549ae4ae2142ff35eac04d78fda61461?s=96&d=mm&r=g\",\"caption\":\"Borderline Agency\"},\"url\":\"https:\\\/\\\/www.article-marketing.eu\\\/comunicatistampa\\\/author\\\/borderline-agency\\\/\"}]}<\/script>\n<!-- \/ Yoast SEO plugin. -->","yoast_head_json":{"title":"Cielo e Terra presenta il bilancio di sostenibilit\u00e0 - Article Marketing","robots":{"index":"index","follow":"follow","max-snippet":"max-snippet:-1","max-image-preview":"max-image-preview:large","max-video-preview":"max-video-preview:-1"},"canonical":"https:\/\/www.article-marketing.eu\/comunicatistampa\/cielo-e-terra-presenta-il-bilancio-di-sostenibilita\/","og_locale":"it_IT","og_type":"article","og_title":"Cielo e Terra presenta il bilancio di sostenibilit\u00e0 - Article Marketing","og_description":"La cantina vicentina, gi\u00e0 B Corp e Societ\u00e0 Benefit, presenta il suo primo bilancio di sostenibilit\u00e0 all\u2019evento di ITER SB, il nuovo polo veneto specializzato in consulenza green e benefit. \u00a0 Cielo e Terra presenta il primo bilancio di sostenibilit\u00e0 all\u2019evento di ITER SB il nuovo polo veneto per la consulenza green e benefit e nuova societ\u00e0 per la cultura della sostenibilit\u00e0 frutto della sinergia tra Endevo Advisory Firm, StudioContinue reading...","og_url":"https:\/\/www.article-marketing.eu\/comunicatistampa\/cielo-e-terra-presenta-il-bilancio-di-sostenibilita\/","og_site_name":"Article Marketing","article_published_time":"2023-07-11T12:15:00+00:00","author":"Borderline Agency","twitter_card":"summary_large_image","twitter_misc":{"Scritto da":"Borderline Agency","Tempo di lettura stimato":"4 minuti"},"schema":{"@context":"https:\/\/schema.org","@graph":[{"@type":"Article","@id":"https:\/\/www.article-marketing.eu\/comunicatistampa\/cielo-e-terra-presenta-il-bilancio-di-sostenibilita\/#article","isPartOf":{"@id":"https:\/\/www.article-marketing.eu\/comunicatistampa\/cielo-e-terra-presenta-il-bilancio-di-sostenibilita\/"},"author":{"name":"Borderline Agency","@id":"https:\/\/www.article-marketing.eu\/comunicatistampa\/#\/schema\/person\/1c4ab1c7aad84347e26e78235da6ff1b"},"headline":"Cielo e Terra presenta il bilancio di sostenibilit\u00e0","datePublished":"2023-07-11T12:15:00+00:00","mainEntityOfPage":{"@id":"https:\/\/www.article-marketing.eu\/comunicatistampa\/cielo-e-terra-presenta-il-bilancio-di-sostenibilita\/"},"wordCount":631,"commentCount":0,"articleSection":["Comunicati stampa"],"inLanguage":"it-IT","potentialAction":[{"@type":"CommentAction","name":"Comment","target":["https:\/\/www.article-marketing.eu\/comunicatistampa\/cielo-e-terra-presenta-il-bilancio-di-sostenibilita\/#respond"]}]},{"@type":"WebPage","@id":"https:\/\/www.article-marketing.eu\/comunicatistampa\/cielo-e-terra-presenta-il-bilancio-di-sostenibilita\/","url":"https:\/\/www.article-marketing.eu\/comunicatistampa\/cielo-e-terra-presenta-il-bilancio-di-sostenibilita\/","name":"Cielo e Terra presenta il bilancio di sostenibilit\u00e0 - Article Marketing","isPartOf":{"@id":"https:\/\/www.article-marketing.eu\/comunicatistampa\/#website"},"datePublished":"2023-07-11T12:15:00+00:00","author":{"@id":"https:\/\/www.article-marketing.eu\/comunicatistampa\/#\/schema\/person\/1c4ab1c7aad84347e26e78235da6ff1b"},"breadcrumb":{"@id":"https:\/\/www.article-marketing.eu\/comunicatistampa\/cielo-e-terra-presenta-il-bilancio-di-sostenibilita\/#breadcrumb"},"inLanguage":"it-IT","potentialAction":[{"@type":"ReadAction","target":["https:\/\/www.article-marketing.eu\/comunicatistampa\/cielo-e-terra-presenta-il-bilancio-di-sostenibilita\/"]}]},{"@type":"BreadcrumbList","@id":"https:\/\/www.article-marketing.eu\/comunicatistampa\/cielo-e-terra-presenta-il-bilancio-di-sostenibilita\/#breadcrumb","itemListElement":[{"@type":"ListItem","position":1,"name":"Home","item":"https:\/\/www.article-marketing.eu\/comunicatistampa\/"},{"@type":"ListItem","position":2,"name":"Cielo e Terra presenta il bilancio di sostenibilit\u00e0"}]},{"@type":"WebSite","@id":"https:\/\/www.article-marketing.eu\/comunicatistampa\/#website","url":"https:\/\/www.article-marketing.eu\/comunicatistampa\/","name":"Article Marketing","description":"article marketing &amp; press release","potentialAction":[{"@type":"SearchAction","target":{"@type":"EntryPoint","urlTemplate":"https:\/\/www.article-marketing.eu\/comunicatistampa\/?s={search_term_string}"},"query-input":{"@type":"PropertyValueSpecification","valueRequired":true,"valueName":"search_term_string"}}],"inLanguage":"it-IT"},{"@type":"Person","@id":"https:\/\/www.article-marketing.eu\/comunicatistampa\/#\/schema\/person\/1c4ab1c7aad84347e26e78235da6ff1b","name":"Borderline Agency","image":{"@type":"ImageObject","inLanguage":"it-IT","@id":"https:\/\/secure.gravatar.com\/avatar\/741fa053101610cb0be7dc835c116926549ae4ae2142ff35eac04d78fda61461?s=96&d=mm&r=g","url":"https:\/\/secure.gravatar.com\/avatar\/741fa053101610cb0be7dc835c116926549ae4ae2142ff35eac04d78fda61461?s=96&d=mm&r=g","contentUrl":"https:\/\/secure.gravatar.com\/avatar\/741fa053101610cb0be7dc835c116926549ae4ae2142ff35eac04d78fda61461?s=96&d=mm&r=g","caption":"Borderline Agency"},"url":"https:\/\/www.article-marketing.eu\/comunicatistampa\/author\/borderline-agency\/"}]}},"_links":{"self":[{"href":"https:\/\/www.article-marketing.eu\/comunicatistampa\/wp-json\/wp\/v2\/posts\/27805","targetHints":{"allow":["GET"]}}],"collection":[{"href":"https:\/\/www.article-marketing.eu\/comunicatistampa\/wp-json\/wp\/v2\/posts"}],"about":[{"href":"https:\/\/www.article-marketing.eu\/comunicatistampa\/wp-json\/wp\/v2\/types\/post"}],"author":[{"embeddable":true,"href":"https:\/\/www.article-marketing.eu\/comunicatistampa\/wp-json\/wp\/v2\/users\/397"}],"replies":[{"embeddable":true,"href":"https:\/\/www.article-marketing.eu\/comunicatistampa\/wp-json\/wp\/v2\/comments?post=27805"}],"version-history":[{"count":3,"href":"https:\/\/www.article-marketing.eu\/comunicatistampa\/wp-json\/wp\/v2\/posts\/27805\/revisions"}],"predecessor-version":[{"id":27814,"href":"https:\/\/www.article-marketing.eu\/comunicatistampa\/wp-json\/wp\/v2\/posts\/27805\/revisions\/27814"}],"wp:attachment":[{"href":"https:\/\/www.article-marketing.eu\/comunicatistampa\/wp-json\/wp\/v2\/media?parent=27805"}],"wp:term":[{"taxonomy":"category","embeddable":true,"href":"https:\/\/www.article-marketing.eu\/comunicatistampa\/wp-json\/wp\/v2\/categories?post=27805"},{"taxonomy":"post_tag","embeddable":true,"href":"https:\/\/www.article-marketing.eu\/comunicatistampa\/wp-json\/wp\/v2\/tags?post=27805"}],"curies":[{"name":"wp","href":"https:\/\/api.w.org\/{rel}","templated":true}]}}