{"id":27817,"date":"2023-07-12T03:00:26","date_gmt":"2023-07-12T01:00:26","guid":{"rendered":"https:\/\/www.article-marketing.eu\/comunicatistampa\/?p=27817"},"modified":"2023-07-12T03:00:26","modified_gmt":"2023-07-12T01:00:26","slug":"vacanze-quasi-9-milioni-di-italiani-non-partiranno-perche-non-possono-permetterselo","status":"publish","type":"post","link":"https:\/\/www.article-marketing.eu\/comunicatistampa\/vacanze-quasi-9-milioni-di-italiani-non-partiranno-perche-non-possono-permetterselo\/","title":{"rendered":"Vacanze: quasi 9 milioni di italiani non partiranno perch\u00e9 non possono permetterselo"},"content":{"rendered":"<p>Sommando chi ancora \u00e8 indeciso e chi gi\u00e0 \u00e8 sicuro di non fare le valigie, sono quasi <strong>9 milioni<\/strong> gli italiani che indicano come motivo delle mancate ferie il fatto che, semplicemente, <strong>non se lo possono permettere economicamente<\/strong>. Queste alcune delle principali evidenze emerse dall\u2019indagine che <a href=\"https:\/\/www.facile.it\/\"><strong>Facile.it<\/strong><\/a> ha commissionato all\u2019istituto di ricerca EMG Different.<\/p>\n<p><strong>Le ragioni per cui si rester\u00e0 a casa<\/strong><\/p>\n<p>Guardando alle motivazioni per cui non ci si conceder\u00e0 un viaggio \u2013 come detto \u2013 quasi <strong>9<\/strong> <strong>milioni di italiani<\/strong> hanno ammesso di <strong>non poterselo permettere economicamente<\/strong>. Ad averlo dichiarato sono soprattutto gli intervistati appartenenti alla fascia anagrafica <strong>35-44 anni<\/strong>; tra di loro ben il <strong>64,3%<\/strong>, ovvero <strong>1,6 milioni<\/strong>, ha dichiarato che rester\u00e0 a casa per motivi economici. A livello territoriale, invece, sono gli <strong>abitanti del Sud Italia<\/strong> (59,1%) e <strong>delle Isole<\/strong> (60%) coloro che \u2013 in percentuale \u2013 rinunceranno in misura maggiore alla partenza a causa di difficolt\u00e0 economiche.<\/p>\n<p>Il 59,5% di chi non partir\u00e0 per ragioni economiche, ovvero oltre <strong>5 milioni di italiani<\/strong>, ha dichiarato che ad incidere sulla situazione \u00e8 stato <strong>l\u2019aumento generalizzato dei prezzi dei beni<\/strong> vissuto durante l\u2019ultimo anno; il dato sale al <strong>66,7%<\/strong> tra i residenti del <strong>Centro Italia<\/strong> e raggiunge addirittura il <strong>69,4% tra i 45-54enni<\/strong>; questo vuol dire che quasi 7 italiani su 10 con un\u2019et\u00e0 compresa tra i 45 e i 54 anni rinunceranno alle vacanze perch\u00e9 gli incrementi eccessivi dei prezzi hanno causato una condizione di difficolt\u00e0.<\/p>\n<p>Il <strong>35,8% <\/strong>di chi rester\u00e0 a casa per ragioni economiche, invece, ha detto che rinuncer\u00e0 a causa degli <strong>incrementi dei costi legati al viaggio<\/strong>; ad averlo ammesso sono soprattutto i giovani tanto che <strong>pi\u00f9 di 1 rispondente su 2 (53,8%)<\/strong> appartenente alla <strong>fascia 18-24 anni<\/strong> ha dato questa motivazione. Il<strong> 26,4% <\/strong>si trova in una situazione di difficolt\u00e0 economica a causa di un imprevisto (33,3% tra i 25-34enni e gli abitanti del Nord Est e delle Isole), mentre il <strong>22,3%<\/strong> a seguito della <strong>perdita del lavoro<\/strong> proprio o di un membro della famiglia; la percentuale \u00e8 pi\u00f9 alta e pari al <strong>35,3% nel Nord Ovest<\/strong> del Paese e al <strong>36,8%<\/strong> per gli intervistati con un\u2019et\u00e0 compresa tra i <strong>55 e i 64 anni.<\/strong><\/p>\n<p>Oltre alle motivazioni di tipo economico, per\u00f2, ci sono <strong>altre ragioni<\/strong> per cui tanti italiani non si concederanno una vacanza o ancora non ne sono sicuri; il <strong>17,2%<\/strong>, ovvero <strong>2,9 milioni<\/strong>, ha dichiarato che andr\u00e0 in vacanza <strong>durante un altro periodo dell\u2019anno <\/strong>(probabilmente per evitare i costi dell\u2019alta stagione), percentuale che sale al 19,4% tra i 25-34enni e al 23,3% tra i residenti nel Nord Est, arrivando addirittura al 32,7% per i rispondenti appartenenti alla fascia anagrafica 65-74 anni.<\/p>\n<p>Il 12%, invece, ha detto di <strong>non avere ferie<\/strong>, dato vero soprattutto tra i pi\u00f9 giovani (18,2% dei 18-24enni e 27,8% dei 25-34enni), mentre l\u201911% non potr\u00e0 partire perch\u00e9 deve <strong>accudire persone anziane<\/strong>; in questo caso ovviamente la tendenza si inverte per questioni anagrafiche: sono principalmente i rispondenti con un\u2019et\u00e0 compresa tra i <strong>55 e i 64 anni (19,7%)<\/strong> coloro che \u2013 sempre percentualmente \u2013 rinunceranno ad una vacanza per accudire persone anziane. Il <strong>9,5%<\/strong>, infine, non partir\u00e0 per <strong>curare il proprio animale<\/strong> (13,3% tra i 45-54 anni e 14,3% nelle Isole). Anche se si cerca di classificare la Pandemia come un brutto ricordo del passato, questa sembra ancora influenzare sensibilmente la quotidianit\u00e0 di alcuni rispondenti, tanto \u00e8 vero che sono pi\u00f9 di 400mila coloro che dichiarano che staranno a casa per<strong> paura di contrarre il Covid<\/strong> mentre si \u00e8 via.<\/p>\n<p><strong>L\u2019identikit di chi non parte<\/strong><\/p>\n<p>Se a livello nazionale la percentuale di chi ha dichiarato che quest\u2019anno <strong>sicuramente non partir\u00e0<\/strong> per le vacanze estive \u00e8 pari al <strong>16,9%<\/strong>, il dato arriva al <strong>19,1%<\/strong> tra i rispondenti con un\u2019et\u00e0 compresa tra i <strong>45 e i 54 anni<\/strong>, mentre a livello territoriale sono gli abitanti del <strong>Centro Italia <\/strong>coloro che, sempre percentualmente, rinunceranno in misura maggiore alle ferie; in questa zona del Bel Paese il 21% ha detto che rester\u00e0 a casa.<\/p>\n<p>Tra coloro che, invece, non sanno ancora se partiranno o meno, vale a dire oltre <strong>9,3 milioni di connazionali<\/strong> (22%), i <strong>pi\u00f9 indecisi<\/strong> sono risultati essere i <strong>65-74enni (27,2%)<\/strong> e i residenti nelle <strong>Isole<\/strong>, dove la percentuale ha raggiunto il 26%.<\/p>\n<p><em>* Nota metodologica: indagine condotta da EMG Different su un campione (1.085 rispondenti) rappresentativo della popolazione italiana dai 18 ai 74 anni per sesso, et\u00e0, regione, classe d\u2019ampiezza demografica dei comuni. Metodo di raccolta delle informazioni: Rilevazione CAWI; Periodo in cui \u00e8 stato realizzato il sondaggio: 7\/13 giugno 2023.<\/em><\/p>\n<p><em>Immagine \u00a9 StockPhotoPro<\/em><\/p>\n","protected":false},"excerpt":{"rendered":"<p>Sommando chi ancora \u00e8 indeciso e chi gi\u00e0 \u00e8 sicuro di non fare le valigie, sono quasi 9 milioni gli italiani che indicano come motivo delle mancate ferie il fatto che, semplicemente, non se lo possono permettere economicamente. Queste alcune delle principali evidenze emerse dall\u2019indagine che Facile.it ha commissionato all\u2019istituto di ricerca EMG Different. Le ragioni per cui si rester\u00e0 a casa Guardando alle motivazioni per cui non ci si<\/p>\n<p><a class=\"continue-reading\" href=\"https:\/\/www.article-marketing.eu\/comunicatistampa\/vacanze-quasi-9-milioni-di-italiani-non-partiranno-perche-non-possono-permetterselo\/\">Continue reading&#8230;<\/a><\/p>\n","protected":false},"author":62,"featured_media":0,"comment_status":"open","ping_status":"open","sticky":false,"template":"","format":"standard","meta":{"_monsterinsights_skip_tracking":false,"_monsterinsights_sitenote_active":false,"_monsterinsights_sitenote_note":"","_monsterinsights_sitenote_category":0,"footnotes":""},"categories":[386],"tags":[10726,555,9747,233,870,235],"class_list":["post-27817","post","type-post","status-publish","format-standard","hentry","category-economia-e-lavoro","tag-difficolta-economiche","tag-facile-it","tag-rincari","tag-turismo","tag-vacanze","tag-viaggi"],"yoast_head":"<!-- This site is optimized with the Yoast SEO plugin v27.3 - https:\/\/yoast.com\/product\/yoast-seo-wordpress\/ -->\n<title>Vacanze: quasi 9 milioni di italiani non partiranno perch\u00e9 non possono permetterselo<\/title>\n<meta name=\"robots\" content=\"index, follow, max-snippet:-1, max-image-preview:large, max-video-preview:-1\" \/>\n<link rel=\"canonical\" href=\"https:\/\/www.article-marketing.eu\/comunicatistampa\/vacanze-quasi-9-milioni-di-italiani-non-partiranno-perche-non-possono-permetterselo\/\" \/>\n<meta property=\"og:locale\" content=\"it_IT\" \/>\n<meta property=\"og:type\" content=\"article\" \/>\n<meta property=\"og:title\" content=\"Vacanze: quasi 9 milioni di italiani non partiranno perch\u00e9 non possono permetterselo\" \/>\n<meta property=\"og:description\" content=\"Sommando chi ancora \u00e8 indeciso e chi gi\u00e0 \u00e8 sicuro di non fare le valigie, sono quasi 9 milioni gli italiani che indicano come motivo delle mancate ferie il fatto che, semplicemente, non se lo possono permettere economicamente. Queste alcune delle principali evidenze emerse dall\u2019indagine che Facile.it ha commissionato all\u2019istituto di ricerca EMG Different. Le ragioni per cui si rester\u00e0 a casa Guardando alle motivazioni per cui non ci siContinue reading...\" \/>\n<meta property=\"og:url\" content=\"https:\/\/www.article-marketing.eu\/comunicatistampa\/vacanze-quasi-9-milioni-di-italiani-non-partiranno-perche-non-possono-permetterselo\/\" \/>\n<meta property=\"og:site_name\" content=\"Article Marketing\" \/>\n<meta property=\"article:published_time\" content=\"2023-07-12T01:00:26+00:00\" \/>\n<meta name=\"author\" content=\"Facile.it\" \/>\n<meta name=\"twitter:card\" content=\"summary_large_image\" \/>\n<meta name=\"twitter:label1\" content=\"Scritto da\" \/>\n\t<meta name=\"twitter:data1\" content=\"Facile.it\" \/>\n\t<meta name=\"twitter:label2\" content=\"Tempo di lettura stimato\" \/>\n\t<meta name=\"twitter:data2\" content=\"4 minuti\" \/>\n<script type=\"application\/ld+json\" class=\"yoast-schema-graph\">{\"@context\":\"https:\\\/\\\/schema.org\",\"@graph\":[{\"@type\":\"Article\",\"@id\":\"https:\\\/\\\/www.article-marketing.eu\\\/comunicatistampa\\\/vacanze-quasi-9-milioni-di-italiani-non-partiranno-perche-non-possono-permetterselo\\\/#article\",\"isPartOf\":{\"@id\":\"https:\\\/\\\/www.article-marketing.eu\\\/comunicatistampa\\\/vacanze-quasi-9-milioni-di-italiani-non-partiranno-perche-non-possono-permetterselo\\\/\"},\"author\":{\"name\":\"Facile.it\",\"@id\":\"https:\\\/\\\/www.article-marketing.eu\\\/comunicatistampa\\\/#\\\/schema\\\/person\\\/1deca6d9e0cf173abfe76a90ef261a2a\"},\"headline\":\"Vacanze: quasi 9 milioni di italiani non partiranno perch\u00e9 non possono permetterselo\",\"datePublished\":\"2023-07-12T01:00:26+00:00\",\"mainEntityOfPage\":{\"@id\":\"https:\\\/\\\/www.article-marketing.eu\\\/comunicatistampa\\\/vacanze-quasi-9-milioni-di-italiani-non-partiranno-perche-non-possono-permetterselo\\\/\"},\"wordCount\":717,\"commentCount\":0,\"keywords\":[\"difficolt\u00e0 economiche\",\"facile.it\",\"rincari\",\"Turismo\",\"vacanze\",\"viaggi\"],\"articleSection\":[\"Economia e lavoro\"],\"inLanguage\":\"it-IT\",\"potentialAction\":[{\"@type\":\"CommentAction\",\"name\":\"Comment\",\"target\":[\"https:\\\/\\\/www.article-marketing.eu\\\/comunicatistampa\\\/vacanze-quasi-9-milioni-di-italiani-non-partiranno-perche-non-possono-permetterselo\\\/#respond\"]}]},{\"@type\":\"WebPage\",\"@id\":\"https:\\\/\\\/www.article-marketing.eu\\\/comunicatistampa\\\/vacanze-quasi-9-milioni-di-italiani-non-partiranno-perche-non-possono-permetterselo\\\/\",\"url\":\"https:\\\/\\\/www.article-marketing.eu\\\/comunicatistampa\\\/vacanze-quasi-9-milioni-di-italiani-non-partiranno-perche-non-possono-permetterselo\\\/\",\"name\":\"Vacanze: quasi 9 milioni di italiani non partiranno perch\u00e9 non possono permetterselo\",\"isPartOf\":{\"@id\":\"https:\\\/\\\/www.article-marketing.eu\\\/comunicatistampa\\\/#website\"},\"datePublished\":\"2023-07-12T01:00:26+00:00\",\"author\":{\"@id\":\"https:\\\/\\\/www.article-marketing.eu\\\/comunicatistampa\\\/#\\\/schema\\\/person\\\/1deca6d9e0cf173abfe76a90ef261a2a\"},\"breadcrumb\":{\"@id\":\"https:\\\/\\\/www.article-marketing.eu\\\/comunicatistampa\\\/vacanze-quasi-9-milioni-di-italiani-non-partiranno-perche-non-possono-permetterselo\\\/#breadcrumb\"},\"inLanguage\":\"it-IT\",\"potentialAction\":[{\"@type\":\"ReadAction\",\"target\":[\"https:\\\/\\\/www.article-marketing.eu\\\/comunicatistampa\\\/vacanze-quasi-9-milioni-di-italiani-non-partiranno-perche-non-possono-permetterselo\\\/\"]}]},{\"@type\":\"BreadcrumbList\",\"@id\":\"https:\\\/\\\/www.article-marketing.eu\\\/comunicatistampa\\\/vacanze-quasi-9-milioni-di-italiani-non-partiranno-perche-non-possono-permetterselo\\\/#breadcrumb\",\"itemListElement\":[{\"@type\":\"ListItem\",\"position\":1,\"name\":\"Home\",\"item\":\"https:\\\/\\\/www.article-marketing.eu\\\/comunicatistampa\\\/\"},{\"@type\":\"ListItem\",\"position\":2,\"name\":\"Vacanze: quasi 9 milioni di italiani non partiranno perch\u00e9 non possono permetterselo\"}]},{\"@type\":\"WebSite\",\"@id\":\"https:\\\/\\\/www.article-marketing.eu\\\/comunicatistampa\\\/#website\",\"url\":\"https:\\\/\\\/www.article-marketing.eu\\\/comunicatistampa\\\/\",\"name\":\"Article Marketing\",\"description\":\"article marketing &amp; press release\",\"potentialAction\":[{\"@type\":\"SearchAction\",\"target\":{\"@type\":\"EntryPoint\",\"urlTemplate\":\"https:\\\/\\\/www.article-marketing.eu\\\/comunicatistampa\\\/?s={search_term_string}\"},\"query-input\":{\"@type\":\"PropertyValueSpecification\",\"valueRequired\":true,\"valueName\":\"search_term_string\"}}],\"inLanguage\":\"it-IT\"},{\"@type\":\"Person\",\"@id\":\"https:\\\/\\\/www.article-marketing.eu\\\/comunicatistampa\\\/#\\\/schema\\\/person\\\/1deca6d9e0cf173abfe76a90ef261a2a\",\"name\":\"Facile.it\",\"image\":{\"@type\":\"ImageObject\",\"inLanguage\":\"it-IT\",\"@id\":\"https:\\\/\\\/secure.gravatar.com\\\/avatar\\\/2623775dfcd174bde1a788a4bc028e9035747fa40886953f4954f56c45cf4b34?s=96&d=mm&r=g\",\"url\":\"https:\\\/\\\/secure.gravatar.com\\\/avatar\\\/2623775dfcd174bde1a788a4bc028e9035747fa40886953f4954f56c45cf4b34?s=96&d=mm&r=g\",\"contentUrl\":\"https:\\\/\\\/secure.gravatar.com\\\/avatar\\\/2623775dfcd174bde1a788a4bc028e9035747fa40886953f4954f56c45cf4b34?s=96&d=mm&r=g\",\"caption\":\"Facile.it\"},\"url\":\"https:\\\/\\\/www.article-marketing.eu\\\/comunicatistampa\\\/author\\\/facile-it\\\/\"}]}<\/script>\n<!-- \/ Yoast SEO plugin. -->","yoast_head_json":{"title":"Vacanze: quasi 9 milioni di italiani non partiranno perch\u00e9 non possono permetterselo","robots":{"index":"index","follow":"follow","max-snippet":"max-snippet:-1","max-image-preview":"max-image-preview:large","max-video-preview":"max-video-preview:-1"},"canonical":"https:\/\/www.article-marketing.eu\/comunicatistampa\/vacanze-quasi-9-milioni-di-italiani-non-partiranno-perche-non-possono-permetterselo\/","og_locale":"it_IT","og_type":"article","og_title":"Vacanze: quasi 9 milioni di italiani non partiranno perch\u00e9 non possono permetterselo","og_description":"Sommando chi ancora \u00e8 indeciso e chi gi\u00e0 \u00e8 sicuro di non fare le valigie, sono quasi 9 milioni gli italiani che indicano come motivo delle mancate ferie il fatto che, semplicemente, non se lo possono permettere economicamente. Queste alcune delle principali evidenze emerse dall\u2019indagine che Facile.it ha commissionato all\u2019istituto di ricerca EMG Different. Le ragioni per cui si rester\u00e0 a casa Guardando alle motivazioni per cui non ci siContinue reading...","og_url":"https:\/\/www.article-marketing.eu\/comunicatistampa\/vacanze-quasi-9-milioni-di-italiani-non-partiranno-perche-non-possono-permetterselo\/","og_site_name":"Article Marketing","article_published_time":"2023-07-12T01:00:26+00:00","author":"Facile.it","twitter_card":"summary_large_image","twitter_misc":{"Scritto da":"Facile.it","Tempo di lettura stimato":"4 minuti"},"schema":{"@context":"https:\/\/schema.org","@graph":[{"@type":"Article","@id":"https:\/\/www.article-marketing.eu\/comunicatistampa\/vacanze-quasi-9-milioni-di-italiani-non-partiranno-perche-non-possono-permetterselo\/#article","isPartOf":{"@id":"https:\/\/www.article-marketing.eu\/comunicatistampa\/vacanze-quasi-9-milioni-di-italiani-non-partiranno-perche-non-possono-permetterselo\/"},"author":{"name":"Facile.it","@id":"https:\/\/www.article-marketing.eu\/comunicatistampa\/#\/schema\/person\/1deca6d9e0cf173abfe76a90ef261a2a"},"headline":"Vacanze: quasi 9 milioni di italiani non partiranno perch\u00e9 non possono permetterselo","datePublished":"2023-07-12T01:00:26+00:00","mainEntityOfPage":{"@id":"https:\/\/www.article-marketing.eu\/comunicatistampa\/vacanze-quasi-9-milioni-di-italiani-non-partiranno-perche-non-possono-permetterselo\/"},"wordCount":717,"commentCount":0,"keywords":["difficolt\u00e0 economiche","facile.it","rincari","Turismo","vacanze","viaggi"],"articleSection":["Economia e lavoro"],"inLanguage":"it-IT","potentialAction":[{"@type":"CommentAction","name":"Comment","target":["https:\/\/www.article-marketing.eu\/comunicatistampa\/vacanze-quasi-9-milioni-di-italiani-non-partiranno-perche-non-possono-permetterselo\/#respond"]}]},{"@type":"WebPage","@id":"https:\/\/www.article-marketing.eu\/comunicatistampa\/vacanze-quasi-9-milioni-di-italiani-non-partiranno-perche-non-possono-permetterselo\/","url":"https:\/\/www.article-marketing.eu\/comunicatistampa\/vacanze-quasi-9-milioni-di-italiani-non-partiranno-perche-non-possono-permetterselo\/","name":"Vacanze: quasi 9 milioni di italiani non partiranno perch\u00e9 non possono permetterselo","isPartOf":{"@id":"https:\/\/www.article-marketing.eu\/comunicatistampa\/#website"},"datePublished":"2023-07-12T01:00:26+00:00","author":{"@id":"https:\/\/www.article-marketing.eu\/comunicatistampa\/#\/schema\/person\/1deca6d9e0cf173abfe76a90ef261a2a"},"breadcrumb":{"@id":"https:\/\/www.article-marketing.eu\/comunicatistampa\/vacanze-quasi-9-milioni-di-italiani-non-partiranno-perche-non-possono-permetterselo\/#breadcrumb"},"inLanguage":"it-IT","potentialAction":[{"@type":"ReadAction","target":["https:\/\/www.article-marketing.eu\/comunicatistampa\/vacanze-quasi-9-milioni-di-italiani-non-partiranno-perche-non-possono-permetterselo\/"]}]},{"@type":"BreadcrumbList","@id":"https:\/\/www.article-marketing.eu\/comunicatistampa\/vacanze-quasi-9-milioni-di-italiani-non-partiranno-perche-non-possono-permetterselo\/#breadcrumb","itemListElement":[{"@type":"ListItem","position":1,"name":"Home","item":"https:\/\/www.article-marketing.eu\/comunicatistampa\/"},{"@type":"ListItem","position":2,"name":"Vacanze: quasi 9 milioni di italiani non partiranno perch\u00e9 non possono permetterselo"}]},{"@type":"WebSite","@id":"https:\/\/www.article-marketing.eu\/comunicatistampa\/#website","url":"https:\/\/www.article-marketing.eu\/comunicatistampa\/","name":"Article Marketing","description":"article marketing &amp; press release","potentialAction":[{"@type":"SearchAction","target":{"@type":"EntryPoint","urlTemplate":"https:\/\/www.article-marketing.eu\/comunicatistampa\/?s={search_term_string}"},"query-input":{"@type":"PropertyValueSpecification","valueRequired":true,"valueName":"search_term_string"}}],"inLanguage":"it-IT"},{"@type":"Person","@id":"https:\/\/www.article-marketing.eu\/comunicatistampa\/#\/schema\/person\/1deca6d9e0cf173abfe76a90ef261a2a","name":"Facile.it","image":{"@type":"ImageObject","inLanguage":"it-IT","@id":"https:\/\/secure.gravatar.com\/avatar\/2623775dfcd174bde1a788a4bc028e9035747fa40886953f4954f56c45cf4b34?s=96&d=mm&r=g","url":"https:\/\/secure.gravatar.com\/avatar\/2623775dfcd174bde1a788a4bc028e9035747fa40886953f4954f56c45cf4b34?s=96&d=mm&r=g","contentUrl":"https:\/\/secure.gravatar.com\/avatar\/2623775dfcd174bde1a788a4bc028e9035747fa40886953f4954f56c45cf4b34?s=96&d=mm&r=g","caption":"Facile.it"},"url":"https:\/\/www.article-marketing.eu\/comunicatistampa\/author\/facile-it\/"}]}},"_links":{"self":[{"href":"https:\/\/www.article-marketing.eu\/comunicatistampa\/wp-json\/wp\/v2\/posts\/27817","targetHints":{"allow":["GET"]}}],"collection":[{"href":"https:\/\/www.article-marketing.eu\/comunicatistampa\/wp-json\/wp\/v2\/posts"}],"about":[{"href":"https:\/\/www.article-marketing.eu\/comunicatistampa\/wp-json\/wp\/v2\/types\/post"}],"author":[{"embeddable":true,"href":"https:\/\/www.article-marketing.eu\/comunicatistampa\/wp-json\/wp\/v2\/users\/62"}],"replies":[{"embeddable":true,"href":"https:\/\/www.article-marketing.eu\/comunicatistampa\/wp-json\/wp\/v2\/comments?post=27817"}],"version-history":[{"count":2,"href":"https:\/\/www.article-marketing.eu\/comunicatistampa\/wp-json\/wp\/v2\/posts\/27817\/revisions"}],"predecessor-version":[{"id":27822,"href":"https:\/\/www.article-marketing.eu\/comunicatistampa\/wp-json\/wp\/v2\/posts\/27817\/revisions\/27822"}],"wp:attachment":[{"href":"https:\/\/www.article-marketing.eu\/comunicatistampa\/wp-json\/wp\/v2\/media?parent=27817"}],"wp:term":[{"taxonomy":"category","embeddable":true,"href":"https:\/\/www.article-marketing.eu\/comunicatistampa\/wp-json\/wp\/v2\/categories?post=27817"},{"taxonomy":"post_tag","embeddable":true,"href":"https:\/\/www.article-marketing.eu\/comunicatistampa\/wp-json\/wp\/v2\/tags?post=27817"}],"curies":[{"name":"wp","href":"https:\/\/api.w.org\/{rel}","templated":true}]}}