{"id":27825,"date":"2023-07-13T14:15:51","date_gmt":"2023-07-13T12:15:51","guid":{"rendered":"https:\/\/www.article-marketing.eu\/comunicatistampa\/?p=27825"},"modified":"2023-07-13T14:15:51","modified_gmt":"2023-07-13T12:15:51","slug":"barrique-poltrona-o-pouf-by-tomasella","status":"publish","type":"post","link":"https:\/\/www.article-marketing.eu\/comunicatistampa\/barrique-poltrona-o-pouf-by-tomasella\/","title":{"rendered":"Barrique: poltrona o pouf by Tomasella"},"content":{"rendered":"<p>La <strong>Poltrona Barrique<\/strong> \u00e8 una delle ultime creazioni dell\u2019azienda <strong>Tomasella<\/strong>. Sia la poltrona, sia il pouf Barrique hanno uno stile tutto nuovo grazie all\u2019inusuale<strong> forma a botte<\/strong>. La botte viene divisa in due fasce principali: la base e la parte superiore, ognuna con la sua personalizzazione di colori, cos\u00ec da creare infinite varianti.<br \/>\nLa base viene presentata sempre in ecopelle disponibile in dodici varianti colore, talvolta sgargianti come il rosso, o pi\u00f9 eleganti, come il grigio scuro.<br \/>\nIl tessuto della parte superiore ha ben diciassette colori, tra i quali spiccano le tonalit\u00e0 del grigio ma anche di altre tinte che, anche se pi\u00f9 scure, si sposano benissimo con i colori della base.<\/p>\n<p>Particolarit\u00e0 di questa poltrona \u00e8 il suo design variabile che ne permette l\u2019acquisto senza lo schienale, sempre su scelta dell\u2019acquirente.<br \/>\nUna volta rimosso lo schienale la poltrona si trasforma in un comodo pouf poggiapiedi, originale non solo per la casa, ma per l\u2019arredamento anche di locali e bar.<br \/>\nQueste grandi capacit\u00e0 di <strong>personalizzazione<\/strong>, aggiunte al design variabile, offrono a questo <strong>complemento d\u2019arredo<\/strong> una versatilit\u00e0 impareggiabile e lo adattano ad un gran numero di stili e colori.<br \/>\nPer esempio, in una casa moderna saranno pi\u00f9 consigliati i toni del grigio per la parte superiore e le sfumature del blu o del grigio per la base in pelle; per una casa con pavimenti in legno scuro e colori pi\u00f9 caldi, la seduta in tessuto potr\u00e0 essere scelta di un colore tendente al marrone, mentre il rivestimento in pelle della base vanter\u00e0 delle sfumature che vanno da quelle del marrone a quelle del rosso.<br \/>\nOvviamente l\u2019assortimento di colori torna utile nel caso si volesse usare questo mobile anche per l\u2019arredamento di ambienti esterni, come porticati e pergole dove solitamente sono pi\u00f9 adatte determinate tonalit\u00e0 e sfumature.<br \/>\nLa connessione tra base e schienale \u00e8 realizzata da una struttura dipinta in antracite opaco che per\u00f2 non pu\u00f2 essere personalizzata.<br \/>\nSe vi piacciono gli <strong>accessori d\u2019arredo di design<\/strong> la Poltrona Barrique e il Pouf Barrique Tomasella \u00e8 il perfetto connubio tra comodit\u00e0, personalit\u00e0 e funzionalit\u00e0, scopritela sullo shop <a href=\"https:\/\/www.abitastore.it\/\" target=\"_blank\" rel=\"noopener\"><strong>Abitastore<\/strong><\/a>!<\/p>\n","protected":false},"excerpt":{"rendered":"<p>La Poltrona Barrique \u00e8 una delle ultime creazioni dell\u2019azienda Tomasella. Sia la poltrona, sia il pouf Barrique hanno uno stile tutto nuovo grazie all\u2019inusuale forma a botte. La botte viene divisa in due fasce principali: la base e la parte superiore, ognuna con la sua personalizzazione di colori, cos\u00ec da creare infinite varianti. La base viene presentata sempre in ecopelle disponibile in dodici varianti colore, talvolta sgargianti come il rosso,<\/p>\n<p><a class=\"continue-reading\" href=\"https:\/\/www.article-marketing.eu\/comunicatistampa\/barrique-poltrona-o-pouf-by-tomasella\/\">Continue reading&#8230;<\/a><\/p>\n","protected":false},"author":6960,"featured_media":0,"comment_status":"open","ping_status":"open","sticky":false,"template":"","format":"standard","meta":{"_monsterinsights_skip_tracking":false,"_monsterinsights_sitenote_active":false,"_monsterinsights_sitenote_note":"","_monsterinsights_sitenote_category":0,"footnotes":""},"categories":[403,406],"tags":[],"class_list":["post-27825","post","type-post","status-publish","format-standard","hentry","category-casa","category-interni"],"yoast_head":"<!-- This site is optimized with the Yoast SEO plugin v27.3 - https:\/\/yoast.com\/product\/yoast-seo-wordpress\/ -->\n<title>Barrique: poltrona o pouf by Tomasella su Abitastore<\/title>\n<meta name=\"description\" content=\"Da Abitastore potete trovare arredamento e complementi di design come la Poltrona e il Pouf Barrique by Tomasella! Scoprili subito!\" \/>\n<meta name=\"robots\" content=\"index, follow, max-snippet:-1, max-image-preview:large, max-video-preview:-1\" \/>\n<link rel=\"canonical\" href=\"https:\/\/www.article-marketing.eu\/comunicatistampa\/barrique-poltrona-o-pouf-by-tomasella\/\" \/>\n<meta property=\"og:locale\" content=\"it_IT\" \/>\n<meta property=\"og:type\" content=\"article\" \/>\n<meta property=\"og:title\" content=\"Barrique: poltrona o pouf by Tomasella su Abitastore\" \/>\n<meta property=\"og:description\" content=\"Da Abitastore potete trovare arredamento e complementi di design come la Poltrona e il Pouf Barrique by Tomasella! Scoprili subito!\" \/>\n<meta property=\"og:url\" content=\"https:\/\/www.article-marketing.eu\/comunicatistampa\/barrique-poltrona-o-pouf-by-tomasella\/\" \/>\n<meta property=\"og:site_name\" content=\"Article Marketing\" \/>\n<meta property=\"article:published_time\" content=\"2023-07-13T12:15:51+00:00\" \/>\n<meta name=\"author\" content=\"e.emmecubo\" \/>\n<meta name=\"twitter:card\" content=\"summary_large_image\" \/>\n<meta name=\"twitter:label1\" content=\"Scritto da\" \/>\n\t<meta name=\"twitter:data1\" content=\"e.emmecubo\" \/>\n\t<meta name=\"twitter:label2\" content=\"Tempo di lettura stimato\" \/>\n\t<meta name=\"twitter:data2\" content=\"2 minuti\" \/>\n<script type=\"application\/ld+json\" class=\"yoast-schema-graph\">{\"@context\":\"https:\\\/\\\/schema.org\",\"@graph\":[{\"@type\":\"Article\",\"@id\":\"https:\\\/\\\/www.article-marketing.eu\\\/comunicatistampa\\\/barrique-poltrona-o-pouf-by-tomasella\\\/#article\",\"isPartOf\":{\"@id\":\"https:\\\/\\\/www.article-marketing.eu\\\/comunicatistampa\\\/barrique-poltrona-o-pouf-by-tomasella\\\/\"},\"author\":{\"name\":\"e.emmecubo\",\"@id\":\"https:\\\/\\\/www.article-marketing.eu\\\/comunicatistampa\\\/#\\\/schema\\\/person\\\/8b093b17c245e3f239cad4ab048aec1d\"},\"headline\":\"Barrique: poltrona o pouf by Tomasella\",\"datePublished\":\"2023-07-13T12:15:51+00:00\",\"mainEntityOfPage\":{\"@id\":\"https:\\\/\\\/www.article-marketing.eu\\\/comunicatistampa\\\/barrique-poltrona-o-pouf-by-tomasella\\\/\"},\"wordCount\":356,\"commentCount\":0,\"articleSection\":[\"Casa\",\"Interni\"],\"inLanguage\":\"it-IT\",\"potentialAction\":[{\"@type\":\"CommentAction\",\"name\":\"Comment\",\"target\":[\"https:\\\/\\\/www.article-marketing.eu\\\/comunicatistampa\\\/barrique-poltrona-o-pouf-by-tomasella\\\/#respond\"]}]},{\"@type\":\"WebPage\",\"@id\":\"https:\\\/\\\/www.article-marketing.eu\\\/comunicatistampa\\\/barrique-poltrona-o-pouf-by-tomasella\\\/\",\"url\":\"https:\\\/\\\/www.article-marketing.eu\\\/comunicatistampa\\\/barrique-poltrona-o-pouf-by-tomasella\\\/\",\"name\":\"Barrique: poltrona o pouf by Tomasella su Abitastore\",\"isPartOf\":{\"@id\":\"https:\\\/\\\/www.article-marketing.eu\\\/comunicatistampa\\\/#website\"},\"datePublished\":\"2023-07-13T12:15:51+00:00\",\"author\":{\"@id\":\"https:\\\/\\\/www.article-marketing.eu\\\/comunicatistampa\\\/#\\\/schema\\\/person\\\/8b093b17c245e3f239cad4ab048aec1d\"},\"description\":\"Da Abitastore potete trovare arredamento e complementi di design come la Poltrona e il Pouf Barrique by Tomasella! Scoprili subito!\",\"breadcrumb\":{\"@id\":\"https:\\\/\\\/www.article-marketing.eu\\\/comunicatistampa\\\/barrique-poltrona-o-pouf-by-tomasella\\\/#breadcrumb\"},\"inLanguage\":\"it-IT\",\"potentialAction\":[{\"@type\":\"ReadAction\",\"target\":[\"https:\\\/\\\/www.article-marketing.eu\\\/comunicatistampa\\\/barrique-poltrona-o-pouf-by-tomasella\\\/\"]}]},{\"@type\":\"BreadcrumbList\",\"@id\":\"https:\\\/\\\/www.article-marketing.eu\\\/comunicatistampa\\\/barrique-poltrona-o-pouf-by-tomasella\\\/#breadcrumb\",\"itemListElement\":[{\"@type\":\"ListItem\",\"position\":1,\"name\":\"Home\",\"item\":\"https:\\\/\\\/www.article-marketing.eu\\\/comunicatistampa\\\/\"},{\"@type\":\"ListItem\",\"position\":2,\"name\":\"Barrique: poltrona o pouf by Tomasella\"}]},{\"@type\":\"WebSite\",\"@id\":\"https:\\\/\\\/www.article-marketing.eu\\\/comunicatistampa\\\/#website\",\"url\":\"https:\\\/\\\/www.article-marketing.eu\\\/comunicatistampa\\\/\",\"name\":\"Article Marketing\",\"description\":\"article marketing &amp; press release\",\"potentialAction\":[{\"@type\":\"SearchAction\",\"target\":{\"@type\":\"EntryPoint\",\"urlTemplate\":\"https:\\\/\\\/www.article-marketing.eu\\\/comunicatistampa\\\/?s={search_term_string}\"},\"query-input\":{\"@type\":\"PropertyValueSpecification\",\"valueRequired\":true,\"valueName\":\"search_term_string\"}}],\"inLanguage\":\"it-IT\"},{\"@type\":\"Person\",\"@id\":\"https:\\\/\\\/www.article-marketing.eu\\\/comunicatistampa\\\/#\\\/schema\\\/person\\\/8b093b17c245e3f239cad4ab048aec1d\",\"name\":\"e.emmecubo\",\"image\":{\"@type\":\"ImageObject\",\"inLanguage\":\"it-IT\",\"@id\":\"https:\\\/\\\/secure.gravatar.com\\\/avatar\\\/bfeb3cee6ca7b5efe705e147bb1e6692eb13d25a6b78dbc65c9ea823e4dd001a?s=96&d=mm&r=g\",\"url\":\"https:\\\/\\\/secure.gravatar.com\\\/avatar\\\/bfeb3cee6ca7b5efe705e147bb1e6692eb13d25a6b78dbc65c9ea823e4dd001a?s=96&d=mm&r=g\",\"contentUrl\":\"https:\\\/\\\/secure.gravatar.com\\\/avatar\\\/bfeb3cee6ca7b5efe705e147bb1e6692eb13d25a6b78dbc65c9ea823e4dd001a?s=96&d=mm&r=g\",\"caption\":\"e.emmecubo\"},\"url\":\"https:\\\/\\\/www.article-marketing.eu\\\/comunicatistampa\\\/author\\\/e-emmecubo\\\/\"}]}<\/script>\n<!-- \/ Yoast SEO plugin. -->","yoast_head_json":{"title":"Barrique: poltrona o pouf by Tomasella su Abitastore","description":"Da Abitastore potete trovare arredamento e complementi di design come la Poltrona e il Pouf Barrique by Tomasella! Scoprili subito!","robots":{"index":"index","follow":"follow","max-snippet":"max-snippet:-1","max-image-preview":"max-image-preview:large","max-video-preview":"max-video-preview:-1"},"canonical":"https:\/\/www.article-marketing.eu\/comunicatistampa\/barrique-poltrona-o-pouf-by-tomasella\/","og_locale":"it_IT","og_type":"article","og_title":"Barrique: poltrona o pouf by Tomasella su Abitastore","og_description":"Da Abitastore potete trovare arredamento e complementi di design come la Poltrona e il Pouf Barrique by Tomasella! Scoprili subito!","og_url":"https:\/\/www.article-marketing.eu\/comunicatistampa\/barrique-poltrona-o-pouf-by-tomasella\/","og_site_name":"Article Marketing","article_published_time":"2023-07-13T12:15:51+00:00","author":"e.emmecubo","twitter_card":"summary_large_image","twitter_misc":{"Scritto da":"e.emmecubo","Tempo di lettura stimato":"2 minuti"},"schema":{"@context":"https:\/\/schema.org","@graph":[{"@type":"Article","@id":"https:\/\/www.article-marketing.eu\/comunicatistampa\/barrique-poltrona-o-pouf-by-tomasella\/#article","isPartOf":{"@id":"https:\/\/www.article-marketing.eu\/comunicatistampa\/barrique-poltrona-o-pouf-by-tomasella\/"},"author":{"name":"e.emmecubo","@id":"https:\/\/www.article-marketing.eu\/comunicatistampa\/#\/schema\/person\/8b093b17c245e3f239cad4ab048aec1d"},"headline":"Barrique: poltrona o pouf by Tomasella","datePublished":"2023-07-13T12:15:51+00:00","mainEntityOfPage":{"@id":"https:\/\/www.article-marketing.eu\/comunicatistampa\/barrique-poltrona-o-pouf-by-tomasella\/"},"wordCount":356,"commentCount":0,"articleSection":["Casa","Interni"],"inLanguage":"it-IT","potentialAction":[{"@type":"CommentAction","name":"Comment","target":["https:\/\/www.article-marketing.eu\/comunicatistampa\/barrique-poltrona-o-pouf-by-tomasella\/#respond"]}]},{"@type":"WebPage","@id":"https:\/\/www.article-marketing.eu\/comunicatistampa\/barrique-poltrona-o-pouf-by-tomasella\/","url":"https:\/\/www.article-marketing.eu\/comunicatistampa\/barrique-poltrona-o-pouf-by-tomasella\/","name":"Barrique: poltrona o pouf by Tomasella su Abitastore","isPartOf":{"@id":"https:\/\/www.article-marketing.eu\/comunicatistampa\/#website"},"datePublished":"2023-07-13T12:15:51+00:00","author":{"@id":"https:\/\/www.article-marketing.eu\/comunicatistampa\/#\/schema\/person\/8b093b17c245e3f239cad4ab048aec1d"},"description":"Da Abitastore potete trovare arredamento e complementi di design come la Poltrona e il Pouf Barrique by Tomasella! Scoprili subito!","breadcrumb":{"@id":"https:\/\/www.article-marketing.eu\/comunicatistampa\/barrique-poltrona-o-pouf-by-tomasella\/#breadcrumb"},"inLanguage":"it-IT","potentialAction":[{"@type":"ReadAction","target":["https:\/\/www.article-marketing.eu\/comunicatistampa\/barrique-poltrona-o-pouf-by-tomasella\/"]}]},{"@type":"BreadcrumbList","@id":"https:\/\/www.article-marketing.eu\/comunicatistampa\/barrique-poltrona-o-pouf-by-tomasella\/#breadcrumb","itemListElement":[{"@type":"ListItem","position":1,"name":"Home","item":"https:\/\/www.article-marketing.eu\/comunicatistampa\/"},{"@type":"ListItem","position":2,"name":"Barrique: poltrona o pouf by Tomasella"}]},{"@type":"WebSite","@id":"https:\/\/www.article-marketing.eu\/comunicatistampa\/#website","url":"https:\/\/www.article-marketing.eu\/comunicatistampa\/","name":"Article Marketing","description":"article marketing &amp; press release","potentialAction":[{"@type":"SearchAction","target":{"@type":"EntryPoint","urlTemplate":"https:\/\/www.article-marketing.eu\/comunicatistampa\/?s={search_term_string}"},"query-input":{"@type":"PropertyValueSpecification","valueRequired":true,"valueName":"search_term_string"}}],"inLanguage":"it-IT"},{"@type":"Person","@id":"https:\/\/www.article-marketing.eu\/comunicatistampa\/#\/schema\/person\/8b093b17c245e3f239cad4ab048aec1d","name":"e.emmecubo","image":{"@type":"ImageObject","inLanguage":"it-IT","@id":"https:\/\/secure.gravatar.com\/avatar\/bfeb3cee6ca7b5efe705e147bb1e6692eb13d25a6b78dbc65c9ea823e4dd001a?s=96&d=mm&r=g","url":"https:\/\/secure.gravatar.com\/avatar\/bfeb3cee6ca7b5efe705e147bb1e6692eb13d25a6b78dbc65c9ea823e4dd001a?s=96&d=mm&r=g","contentUrl":"https:\/\/secure.gravatar.com\/avatar\/bfeb3cee6ca7b5efe705e147bb1e6692eb13d25a6b78dbc65c9ea823e4dd001a?s=96&d=mm&r=g","caption":"e.emmecubo"},"url":"https:\/\/www.article-marketing.eu\/comunicatistampa\/author\/e-emmecubo\/"}]}},"_links":{"self":[{"href":"https:\/\/www.article-marketing.eu\/comunicatistampa\/wp-json\/wp\/v2\/posts\/27825","targetHints":{"allow":["GET"]}}],"collection":[{"href":"https:\/\/www.article-marketing.eu\/comunicatistampa\/wp-json\/wp\/v2\/posts"}],"about":[{"href":"https:\/\/www.article-marketing.eu\/comunicatistampa\/wp-json\/wp\/v2\/types\/post"}],"author":[{"embeddable":true,"href":"https:\/\/www.article-marketing.eu\/comunicatistampa\/wp-json\/wp\/v2\/users\/6960"}],"replies":[{"embeddable":true,"href":"https:\/\/www.article-marketing.eu\/comunicatistampa\/wp-json\/wp\/v2\/comments?post=27825"}],"version-history":[{"count":2,"href":"https:\/\/www.article-marketing.eu\/comunicatistampa\/wp-json\/wp\/v2\/posts\/27825\/revisions"}],"predecessor-version":[{"id":27837,"href":"https:\/\/www.article-marketing.eu\/comunicatistampa\/wp-json\/wp\/v2\/posts\/27825\/revisions\/27837"}],"wp:attachment":[{"href":"https:\/\/www.article-marketing.eu\/comunicatistampa\/wp-json\/wp\/v2\/media?parent=27825"}],"wp:term":[{"taxonomy":"category","embeddable":true,"href":"https:\/\/www.article-marketing.eu\/comunicatistampa\/wp-json\/wp\/v2\/categories?post=27825"},{"taxonomy":"post_tag","embeddable":true,"href":"https:\/\/www.article-marketing.eu\/comunicatistampa\/wp-json\/wp\/v2\/tags?post=27825"}],"curies":[{"name":"wp","href":"https:\/\/api.w.org\/{rel}","templated":true}]}}