{"id":27829,"date":"2023-07-13T14:15:22","date_gmt":"2023-07-13T12:15:22","guid":{"rendered":"https:\/\/www.article-marketing.eu\/comunicatistampa\/?p=27829"},"modified":"2023-07-13T14:15:22","modified_gmt":"2023-07-13T12:15:22","slug":"come-migliorare-la-consapevolezza-emotiva-e-posturale","status":"publish","type":"post","link":"https:\/\/www.article-marketing.eu\/comunicatistampa\/come-migliorare-la-consapevolezza-emotiva-e-posturale\/","title":{"rendered":"Come migliorare la consapevolezza emotiva e posturale"},"content":{"rendered":"<h1>Comunicato Stampa<\/h1>\n<h1>Come migliorare la consapevolezza emotiva e posturale<\/h1>\n<h1><\/h1>\n<p><strong><em>Il 25 ottobre 2023 un corso in presenza permetter\u00e0 di acquisire la necessaria consapevolezza posturale e le migliori tecniche di rilassamento e gestione della colonna vertebrale.<\/em><\/strong><\/p>\n<p>&nbsp;<\/p>\n<p>Come ricordato dall\u2019Agenzia europea per la sicurezza e la salute sul lavoro durante la campagna \u201c<strong>Ambienti di lavoro sani e sicuri. Alleggeriamo il carico!<\/strong>\u201d (2020-2022) i <strong>disturbi muscolo-scheletrici lavoro-correlati<\/strong>, con riferimento alle compromissioni di alcune strutture corporee causate o aggravate dal lavoro, sono tra i disturbi pi\u00f9 frequenti nei luoghi di lavoro. Colpiscono in Europa milioni di lavoratori e possono essere causati, ad esempio, dalle posture sedute prolungate, dal sollevamento e spostamento di carichi pesanti, da posture errate e dai movimenti ripetitivi degli arti superiori.<\/p>\n<p>Inoltre la campagna ha messo in luce come molti <strong>fattori psicosociali<\/strong> possono contribuire in modo significativo al rischio di sviluppare disturbi muscoloscheletrici, come, ad esempio, i <strong>problemi della<\/strong> <strong>colonna vertebrale<\/strong> (lombalgia, cervicalgia, &#8230;) che costituiscono, ad oggi, la problematica fisica pi\u00f9 diffusa negli ambienti di lavoro.<\/p>\n<p>&nbsp;<\/p>\n<p>Per poter gestire efficacemente questi problemi nelle aziende sono necessari <strong>corsi innovativi<\/strong> che siano in grado di far acquisire ai lavoratori una corretta \u201c<strong>consapevolezza posturale<\/strong>\u201d tenendo conto anche degli effetti negativi connessi agli aspetti psicosociali e alle nostre emozioni.<\/p>\n<p>&nbsp;<\/p>\n<p><strong>Ci sono corsi in grado di affrontare in modo innovativo i problemi connessi alla postura e alla nostra colonna vertebrale? Ci sono percorsi formativi in grado di trattare sia la consapevolezza posturale che la consapevolezza emotiva nel mondo del lavoro?<\/strong><\/p>\n<p>&nbsp;<\/p>\n<p><strong>Il nuovo corso in presenza sulla consapevolezza emotiva e posturale<\/strong><\/p>\n<p>Per aiutare le aziende e i lavoratori ad affrontare efficacemente e in modo innovativo questi disturbi l\u2019<strong>Associazione Italiana Formatori ed Operatori della Sicurezza sul Lavoro<\/strong> (AiFOS) organizza a <strong>Brescia<\/strong>, il <strong>25 ottobre 2023 <\/strong>un corso di 8 ore in presenza dal titolo \u201c<strong>Consapevolezza emotiva e posturale<\/strong>\u201d.<\/p>\n<p>&nbsp;<\/p>\n<p>Il corso mira a far acquisire la necessaria \u201c<strong>consapevolezza posturale<\/strong>\u201d e a far conoscere le migliori tecniche di rilassamento e gestione della colonna vertebrale.<\/p>\n<p>Inoltre, poich\u00e9 la nostra schiena subisce anche gli <strong>effetti negativi delle emozioni represse<\/strong>, il corso vuole fornire stimoli e strumenti per imparare a riconoscerle e gestirle in quanto i benefici, oltre che sulla salute, sono riscontrabili anche sulle relazioni.<\/p>\n<p>&nbsp;<\/p>\n<p>Il percorso \u00e8 rivolto a RSPP\/ASPP, formatori, consulenti e a tutti coloro che desiderano ampliare le proprie conoscenze circa alcune tecniche di rilassamento e gestione della colonna oltre che di mindfulness e gestione delle emozioni che si riflettono sulle posture.<\/p>\n<p>&nbsp;<\/p>\n<p>I <strong>docenti<\/strong> del corso:<\/p>\n<ul>\n<li><strong>Lucia Chiarioni<\/strong>: Psicologa e psicoterapeuta<\/li>\n<li><strong>Emanuele Toso<\/strong>: Chinesiologo clinico, massoterapista ed osteopata<\/li>\n<\/ul>\n<p>&nbsp;<\/p>\n<p><strong>La consapevolezza posturale e i rischi della sedentariet\u00e0<\/strong><\/p>\n<p>La <strong>rivoluzione digitale<\/strong> ha comportato, a livello di postura, alcuni cambiamenti che stanno incidendo in modo significativo sulla nostra salute.<\/p>\n<p>Ormai il <strong>lavoro sedentario<\/strong>, anche con riferimento alle attivit\u00e0 in smart working, \u00e8 sempre pi\u00f9 diffuso. Molti lavori manuali sono ormai automatizzati e svolti da macchine, impianti e robot.<\/p>\n<p>&nbsp;<\/p>\n<p>E sono ormai accertati i problemi di salute associati a uno <strong>stile di vita sedentario<\/strong>.<\/p>\n<p>Secondo l\u2019Organizzazione Mondiale della Sanit\u00e0 (OMS) \u201cuno stile di vita sedentario aumenta le cause di mortalit\u00e0, raddoppia il rischio di insorgenza di malattie cardiovascolari e diabete, favorisce sovrappeso e obesit\u00e0, aumenta il rischio di tumore al colon, pressione alta, osteoporosi, disturbi del metabolismo, depressione e ansia\u201d.<\/p>\n<p>&nbsp;<\/p>\n<p>Proprio partendo dai rischi connessi alla sedentariet\u00e0 il corso permetter\u00e0 anche di affrontare il tema del benessere dei videoterminalisti, e di chi passa molto tempo davanti ad un monitor, considerando insieme gli aspetti psicologi e posturali e dando ai lavoratori gli strumenti necessari per essere consapevoli e prevenire le conseguenze della sedentariet\u00e0 e dello stress.<\/p>\n<p>&nbsp;<\/p>\n<p><strong>I contenuti del corso e le informazioni per iscriversi<\/strong><\/p>\n<p>Il corso di 8 ore in presenza \u201c<strong>Consapevolezza emotiva e posturale<\/strong>\u201d si terr\u00e0, dunque, a <strong>Brescia<\/strong> il <strong>25 ottobre 2023<\/strong>, presso AiFOS Service in via Branze 45, c\/o CSMT, Universit\u00e0 degli studi di Brescia, dalle 8.30 alle 12.30 e dalle 13.30 alle 17.30.<\/p>\n<p>&nbsp;<\/p>\n<p>Il corso \u00e8 suddiviso in <strong>due diversi moduli<\/strong>.<\/p>\n<p>&nbsp;<\/p>\n<p>Il <strong>modulo 1<\/strong> sulla \u201c<strong>consapevolezza emotiva<\/strong>\u201d, che tratta, tra le altre cose, gli effetti che le emozioni represse hanno sulla salute e i benefici che si possono avere se si impara a riconoscerle e a gestirle, affronta i seguenti temi:<\/p>\n<ul>\n<li>Il rapporto cuore e mente<\/li>\n<li>Le emozioni che influenzano la nostra postura<\/li>\n<li>Le emozioni represse e le nostre relazioni<\/li>\n<li>Le emozioni gestite ci fanno vivere meglio: come farlo<\/li>\n<li>Avvicinamento alla mindfulness e al rilassamento corporeo con tecniche immaginative<\/li>\n<li>Esercizi sui confini e role-playing in gruppo<\/li>\n<li>Definizione dell\u2019ansia e dello stress e prevenzione nell\u2019ambiente lavorativo<\/li>\n<\/ul>\n<p>&nbsp;<\/p>\n<p>Il <strong>modulo 2<\/strong> sulla \u201c<strong>consapevolezza posturale<\/strong>\u201d, che tratta le tematiche connesse alla postura con l\u2019obiettivo di far acquisire una \u201cconsapevolezza posturale\u201d, affronta questi temi:<\/p>\n<ul>\n<li>Ansia, stress e mal di schiena<\/li>\n<li>\u201cflash\u201d per prevenire e ridurre lombalgia e cervicalgia<\/li>\n<li>Anatomo-fisiologia del diaframma respiratorio<\/li>\n<li>respiratori e tecniche per la gestione dell\u2019ansia<\/li>\n<li>Uso corretto della colonna vertebrale nelle 24h<\/li>\n<li>Consigli per migliorare il proprio stile di vita<\/li>\n<\/ul>\n<p>&nbsp;<\/p>\n<p>La partecipazione al corso vale come 8 ore di <strong>aggiornamento<\/strong> per RSPP\/ASPP, coordinatori, formatori qualificati (4 ore per area 2 e 4 ore per area 3). Il corso \u00e8 valido anche ai fini della formazione prevista per il Manager HSE (area tecnica in materia di sicurezza sul lavoro) e ai fini della formazione necessaria per l&#8217;iscrizione al Registro Consulenti AiFOS (ambito sicurezza sul lavoro).<\/p>\n<p>&nbsp;<\/p>\n<p>Per avere ulteriori dettagli sul corso e iscriversi, \u00e8 possibile utilizzare questo link: <a href=\"https:\/\/aifos.org\/home\/formazione\/corsi\/corsi-in-programma\/corsi-in-programma\/consapevolezza-emotiva-e-posturale\">https:\/\/aifos.org\/home\/formazione\/corsi\/corsi-in-programma\/corsi-in-programma\/consapevolezza-emotiva-e-posturale<\/a><\/p>\n<p>&nbsp;<\/p>\n<p>&nbsp;<\/p>\n<p>Per informazioni e iscrizioni:<\/p>\n<p><strong>Sede nazionale AiFOS<\/strong> &#8211; via Branze, 45 &#8211; 25123 Brescia c\/o CSMT, Universit\u00e0 degli Studi di Brescia &#8211; tel.030.6595035 &#8211; fax 030.6595040 &#8211; <a href=\"mailto:info@aifos.it\">info@aifos.it<\/a> &#8211; <a href=\"mailto:formarsi@aifos.it\">formarsi@aifos.it<\/a><\/p>\n<p>&nbsp;<\/p>\n<p>&nbsp;<\/p>\n<p><em>13 luglio 2023<\/em><\/p>\n<p><em>\u00a0<\/em><\/p>\n<p>&nbsp;<\/p>\n<p>Ufficio Stampa di AiFOS<\/p>\n<p>ufficiostampa@aifos.it<\/p>\n<p>http:\/\/www.aifos.it\/<\/p>\n","protected":false},"excerpt":{"rendered":"<p>Comunicato Stampa Come migliorare la consapevolezza emotiva e posturale Il 25 ottobre 2023 un corso in presenza permetter\u00e0 di acquisire la necessaria consapevolezza posturale e le migliori tecniche di rilassamento e gestione della colonna vertebrale. &nbsp; Come ricordato dall\u2019Agenzia europea per la sicurezza e la salute sul lavoro durante la campagna \u201cAmbienti di lavoro sani e sicuri. Alleggeriamo il carico!\u201d (2020-2022) i disturbi muscolo-scheletrici lavoro-correlati, con riferimento alle compromissioni di<\/p>\n<p><a class=\"continue-reading\" href=\"https:\/\/www.article-marketing.eu\/comunicatistampa\/come-migliorare-la-consapevolezza-emotiva-e-posturale\/\">Continue reading&#8230;<\/a><\/p>\n","protected":false},"author":881,"featured_media":0,"comment_status":"open","ping_status":"open","sticky":false,"template":"","format":"standard","meta":{"_monsterinsights_skip_tracking":false,"_monsterinsights_sitenote_active":false,"_monsterinsights_sitenote_note":"","_monsterinsights_sitenote_category":0,"footnotes":""},"categories":[78,379,378,369,394],"tags":[3301,6318,10737,10738,10732,8528,7222,10740,193,10741,10739,10733,10736,10735,10734],"class_list":["post-27829","post","type-post","status-publish","format-standard","hentry","category-comunicati-stampa","category-corsi","category-istruzione","category-salute-e-benessere","category-servizi","tag-aifos","tag-associazione-italiana-formatori-ed-operatori-della-sicurezza-sul-lavoro","tag-cervicalgia","tag-consapevolezza-emotiva","tag-consapevolezza-emotiva-e-posturale","tag-corso-in-presenza","tag-disturbi-muscolo-scheletrici-lavoro-correlati","tag-emozioni-represse","tag-formazione","tag-gestione-dellansia","tag-gli-effetti-negativi-delle-emozioni-represse","tag-lavoro-sedentario","tag-lombalgia","tag-problemi-della-colonna-vertebrale","tag-stile-di-vita-sedentario"],"yoast_head":"<!-- This site is optimized with the Yoast SEO plugin v27.3 - https:\/\/yoast.com\/product\/yoast-seo-wordpress\/ -->\n<title>Come migliorare la consapevolezza emotiva e posturale - Article Marketing<\/title>\n<meta name=\"robots\" content=\"index, follow, max-snippet:-1, max-image-preview:large, max-video-preview:-1\" \/>\n<link rel=\"canonical\" href=\"https:\/\/www.article-marketing.eu\/comunicatistampa\/come-migliorare-la-consapevolezza-emotiva-e-posturale\/\" \/>\n<meta property=\"og:locale\" content=\"it_IT\" \/>\n<meta property=\"og:type\" content=\"article\" \/>\n<meta property=\"og:title\" content=\"Come migliorare la consapevolezza emotiva e posturale - Article Marketing\" \/>\n<meta property=\"og:description\" content=\"Comunicato Stampa Come migliorare la consapevolezza emotiva e posturale Il 25 ottobre 2023 un corso in presenza permetter\u00e0 di acquisire la necessaria consapevolezza posturale e le migliori tecniche di rilassamento e gestione della colonna vertebrale. &nbsp; Come ricordato dall\u2019Agenzia europea per la sicurezza e la salute sul lavoro durante la campagna \u201cAmbienti di lavoro sani e sicuri. Alleggeriamo il carico!\u201d (2020-2022) i disturbi muscolo-scheletrici lavoro-correlati, con riferimento alle compromissioni diContinue reading...\" \/>\n<meta property=\"og:url\" content=\"https:\/\/www.article-marketing.eu\/comunicatistampa\/come-migliorare-la-consapevolezza-emotiva-e-posturale\/\" \/>\n<meta property=\"og:site_name\" content=\"Article Marketing\" \/>\n<meta property=\"article:published_time\" content=\"2023-07-13T12:15:22+00:00\" \/>\n<meta name=\"author\" content=\"AIFUS\" \/>\n<meta name=\"twitter:card\" content=\"summary_large_image\" \/>\n<meta name=\"twitter:label1\" content=\"Scritto da\" \/>\n\t<meta name=\"twitter:data1\" content=\"AIFUS\" \/>\n\t<meta name=\"twitter:label2\" content=\"Tempo di lettura stimato\" \/>\n\t<meta name=\"twitter:data2\" content=\"5 minuti\" \/>\n<script type=\"application\/ld+json\" class=\"yoast-schema-graph\">{\"@context\":\"https:\\\/\\\/schema.org\",\"@graph\":[{\"@type\":\"Article\",\"@id\":\"https:\\\/\\\/www.article-marketing.eu\\\/comunicatistampa\\\/come-migliorare-la-consapevolezza-emotiva-e-posturale\\\/#article\",\"isPartOf\":{\"@id\":\"https:\\\/\\\/www.article-marketing.eu\\\/comunicatistampa\\\/come-migliorare-la-consapevolezza-emotiva-e-posturale\\\/\"},\"author\":{\"name\":\"AIFUS\",\"@id\":\"https:\\\/\\\/www.article-marketing.eu\\\/comunicatistampa\\\/#\\\/schema\\\/person\\\/d1985c4955ff71a05f49d68e3034b3cd\"},\"headline\":\"Come migliorare la consapevolezza emotiva e posturale\",\"datePublished\":\"2023-07-13T12:15:22+00:00\",\"mainEntityOfPage\":{\"@id\":\"https:\\\/\\\/www.article-marketing.eu\\\/comunicatistampa\\\/come-migliorare-la-consapevolezza-emotiva-e-posturale\\\/\"},\"wordCount\":953,\"commentCount\":0,\"keywords\":[\"Aifos\",\"Associazione Italiana Formatori ed Operatori della Sicurezza sul Lavoro\",\"cervicalgia\",\"consapevolezza emotiva\",\"Consapevolezza emotiva e posturale\",\"corso in presenza\",\"disturbi muscolo-scheletrici lavoro-correlati\",\"emozioni represse\",\"formazione\",\"gestione dell\u2019ansia\",\"gli effetti negativi delle emozioni represse\",\"lavoro sedentario\",\"lombalgia\",\"problemi della colonna vertebrale\",\"stile di vita sedentario\"],\"articleSection\":[\"Comunicati stampa\",\"Corsi\",\"Istruzione\",\"Salute e benessere\",\"Servizi\"],\"inLanguage\":\"it-IT\",\"potentialAction\":[{\"@type\":\"CommentAction\",\"name\":\"Comment\",\"target\":[\"https:\\\/\\\/www.article-marketing.eu\\\/comunicatistampa\\\/come-migliorare-la-consapevolezza-emotiva-e-posturale\\\/#respond\"]}]},{\"@type\":\"WebPage\",\"@id\":\"https:\\\/\\\/www.article-marketing.eu\\\/comunicatistampa\\\/come-migliorare-la-consapevolezza-emotiva-e-posturale\\\/\",\"url\":\"https:\\\/\\\/www.article-marketing.eu\\\/comunicatistampa\\\/come-migliorare-la-consapevolezza-emotiva-e-posturale\\\/\",\"name\":\"Come migliorare la consapevolezza emotiva e posturale - Article Marketing\",\"isPartOf\":{\"@id\":\"https:\\\/\\\/www.article-marketing.eu\\\/comunicatistampa\\\/#website\"},\"datePublished\":\"2023-07-13T12:15:22+00:00\",\"author\":{\"@id\":\"https:\\\/\\\/www.article-marketing.eu\\\/comunicatistampa\\\/#\\\/schema\\\/person\\\/d1985c4955ff71a05f49d68e3034b3cd\"},\"breadcrumb\":{\"@id\":\"https:\\\/\\\/www.article-marketing.eu\\\/comunicatistampa\\\/come-migliorare-la-consapevolezza-emotiva-e-posturale\\\/#breadcrumb\"},\"inLanguage\":\"it-IT\",\"potentialAction\":[{\"@type\":\"ReadAction\",\"target\":[\"https:\\\/\\\/www.article-marketing.eu\\\/comunicatistampa\\\/come-migliorare-la-consapevolezza-emotiva-e-posturale\\\/\"]}]},{\"@type\":\"BreadcrumbList\",\"@id\":\"https:\\\/\\\/www.article-marketing.eu\\\/comunicatistampa\\\/come-migliorare-la-consapevolezza-emotiva-e-posturale\\\/#breadcrumb\",\"itemListElement\":[{\"@type\":\"ListItem\",\"position\":1,\"name\":\"Home\",\"item\":\"https:\\\/\\\/www.article-marketing.eu\\\/comunicatistampa\\\/\"},{\"@type\":\"ListItem\",\"position\":2,\"name\":\"Come migliorare la consapevolezza emotiva e posturale\"}]},{\"@type\":\"WebSite\",\"@id\":\"https:\\\/\\\/www.article-marketing.eu\\\/comunicatistampa\\\/#website\",\"url\":\"https:\\\/\\\/www.article-marketing.eu\\\/comunicatistampa\\\/\",\"name\":\"Article Marketing\",\"description\":\"article marketing &amp; press release\",\"potentialAction\":[{\"@type\":\"SearchAction\",\"target\":{\"@type\":\"EntryPoint\",\"urlTemplate\":\"https:\\\/\\\/www.article-marketing.eu\\\/comunicatistampa\\\/?s={search_term_string}\"},\"query-input\":{\"@type\":\"PropertyValueSpecification\",\"valueRequired\":true,\"valueName\":\"search_term_string\"}}],\"inLanguage\":\"it-IT\"},{\"@type\":\"Person\",\"@id\":\"https:\\\/\\\/www.article-marketing.eu\\\/comunicatistampa\\\/#\\\/schema\\\/person\\\/d1985c4955ff71a05f49d68e3034b3cd\",\"name\":\"AIFUS\",\"image\":{\"@type\":\"ImageObject\",\"inLanguage\":\"it-IT\",\"@id\":\"https:\\\/\\\/secure.gravatar.com\\\/avatar\\\/05cf2a2ba057667571308b94c84f00ff48766ffac95710a87491a9b3ddcee484?s=96&d=mm&r=g\",\"url\":\"https:\\\/\\\/secure.gravatar.com\\\/avatar\\\/05cf2a2ba057667571308b94c84f00ff48766ffac95710a87491a9b3ddcee484?s=96&d=mm&r=g\",\"contentUrl\":\"https:\\\/\\\/secure.gravatar.com\\\/avatar\\\/05cf2a2ba057667571308b94c84f00ff48766ffac95710a87491a9b3ddcee484?s=96&d=mm&r=g\",\"caption\":\"AIFUS\"},\"url\":\"https:\\\/\\\/www.article-marketing.eu\\\/comunicatistampa\\\/author\\\/aifus\\\/\"}]}<\/script>\n<!-- \/ Yoast SEO plugin. -->","yoast_head_json":{"title":"Come migliorare la consapevolezza emotiva e posturale - Article Marketing","robots":{"index":"index","follow":"follow","max-snippet":"max-snippet:-1","max-image-preview":"max-image-preview:large","max-video-preview":"max-video-preview:-1"},"canonical":"https:\/\/www.article-marketing.eu\/comunicatistampa\/come-migliorare-la-consapevolezza-emotiva-e-posturale\/","og_locale":"it_IT","og_type":"article","og_title":"Come migliorare la consapevolezza emotiva e posturale - Article Marketing","og_description":"Comunicato Stampa Come migliorare la consapevolezza emotiva e posturale Il 25 ottobre 2023 un corso in presenza permetter\u00e0 di acquisire la necessaria consapevolezza posturale e le migliori tecniche di rilassamento e gestione della colonna vertebrale. &nbsp; Come ricordato dall\u2019Agenzia europea per la sicurezza e la salute sul lavoro durante la campagna \u201cAmbienti di lavoro sani e sicuri. Alleggeriamo il carico!\u201d (2020-2022) i disturbi muscolo-scheletrici lavoro-correlati, con riferimento alle compromissioni diContinue reading...","og_url":"https:\/\/www.article-marketing.eu\/comunicatistampa\/come-migliorare-la-consapevolezza-emotiva-e-posturale\/","og_site_name":"Article Marketing","article_published_time":"2023-07-13T12:15:22+00:00","author":"AIFUS","twitter_card":"summary_large_image","twitter_misc":{"Scritto da":"AIFUS","Tempo di lettura stimato":"5 minuti"},"schema":{"@context":"https:\/\/schema.org","@graph":[{"@type":"Article","@id":"https:\/\/www.article-marketing.eu\/comunicatistampa\/come-migliorare-la-consapevolezza-emotiva-e-posturale\/#article","isPartOf":{"@id":"https:\/\/www.article-marketing.eu\/comunicatistampa\/come-migliorare-la-consapevolezza-emotiva-e-posturale\/"},"author":{"name":"AIFUS","@id":"https:\/\/www.article-marketing.eu\/comunicatistampa\/#\/schema\/person\/d1985c4955ff71a05f49d68e3034b3cd"},"headline":"Come migliorare la consapevolezza emotiva e posturale","datePublished":"2023-07-13T12:15:22+00:00","mainEntityOfPage":{"@id":"https:\/\/www.article-marketing.eu\/comunicatistampa\/come-migliorare-la-consapevolezza-emotiva-e-posturale\/"},"wordCount":953,"commentCount":0,"keywords":["Aifos","Associazione Italiana Formatori ed Operatori della Sicurezza sul Lavoro","cervicalgia","consapevolezza emotiva","Consapevolezza emotiva e posturale","corso in presenza","disturbi muscolo-scheletrici lavoro-correlati","emozioni represse","formazione","gestione dell\u2019ansia","gli effetti negativi delle emozioni represse","lavoro sedentario","lombalgia","problemi della colonna vertebrale","stile di vita sedentario"],"articleSection":["Comunicati stampa","Corsi","Istruzione","Salute e benessere","Servizi"],"inLanguage":"it-IT","potentialAction":[{"@type":"CommentAction","name":"Comment","target":["https:\/\/www.article-marketing.eu\/comunicatistampa\/come-migliorare-la-consapevolezza-emotiva-e-posturale\/#respond"]}]},{"@type":"WebPage","@id":"https:\/\/www.article-marketing.eu\/comunicatistampa\/come-migliorare-la-consapevolezza-emotiva-e-posturale\/","url":"https:\/\/www.article-marketing.eu\/comunicatistampa\/come-migliorare-la-consapevolezza-emotiva-e-posturale\/","name":"Come migliorare la consapevolezza emotiva e posturale - Article Marketing","isPartOf":{"@id":"https:\/\/www.article-marketing.eu\/comunicatistampa\/#website"},"datePublished":"2023-07-13T12:15:22+00:00","author":{"@id":"https:\/\/www.article-marketing.eu\/comunicatistampa\/#\/schema\/person\/d1985c4955ff71a05f49d68e3034b3cd"},"breadcrumb":{"@id":"https:\/\/www.article-marketing.eu\/comunicatistampa\/come-migliorare-la-consapevolezza-emotiva-e-posturale\/#breadcrumb"},"inLanguage":"it-IT","potentialAction":[{"@type":"ReadAction","target":["https:\/\/www.article-marketing.eu\/comunicatistampa\/come-migliorare-la-consapevolezza-emotiva-e-posturale\/"]}]},{"@type":"BreadcrumbList","@id":"https:\/\/www.article-marketing.eu\/comunicatistampa\/come-migliorare-la-consapevolezza-emotiva-e-posturale\/#breadcrumb","itemListElement":[{"@type":"ListItem","position":1,"name":"Home","item":"https:\/\/www.article-marketing.eu\/comunicatistampa\/"},{"@type":"ListItem","position":2,"name":"Come migliorare la consapevolezza emotiva e posturale"}]},{"@type":"WebSite","@id":"https:\/\/www.article-marketing.eu\/comunicatistampa\/#website","url":"https:\/\/www.article-marketing.eu\/comunicatistampa\/","name":"Article Marketing","description":"article marketing &amp; press release","potentialAction":[{"@type":"SearchAction","target":{"@type":"EntryPoint","urlTemplate":"https:\/\/www.article-marketing.eu\/comunicatistampa\/?s={search_term_string}"},"query-input":{"@type":"PropertyValueSpecification","valueRequired":true,"valueName":"search_term_string"}}],"inLanguage":"it-IT"},{"@type":"Person","@id":"https:\/\/www.article-marketing.eu\/comunicatistampa\/#\/schema\/person\/d1985c4955ff71a05f49d68e3034b3cd","name":"AIFUS","image":{"@type":"ImageObject","inLanguage":"it-IT","@id":"https:\/\/secure.gravatar.com\/avatar\/05cf2a2ba057667571308b94c84f00ff48766ffac95710a87491a9b3ddcee484?s=96&d=mm&r=g","url":"https:\/\/secure.gravatar.com\/avatar\/05cf2a2ba057667571308b94c84f00ff48766ffac95710a87491a9b3ddcee484?s=96&d=mm&r=g","contentUrl":"https:\/\/secure.gravatar.com\/avatar\/05cf2a2ba057667571308b94c84f00ff48766ffac95710a87491a9b3ddcee484?s=96&d=mm&r=g","caption":"AIFUS"},"url":"https:\/\/www.article-marketing.eu\/comunicatistampa\/author\/aifus\/"}]}},"_links":{"self":[{"href":"https:\/\/www.article-marketing.eu\/comunicatistampa\/wp-json\/wp\/v2\/posts\/27829","targetHints":{"allow":["GET"]}}],"collection":[{"href":"https:\/\/www.article-marketing.eu\/comunicatistampa\/wp-json\/wp\/v2\/posts"}],"about":[{"href":"https:\/\/www.article-marketing.eu\/comunicatistampa\/wp-json\/wp\/v2\/types\/post"}],"author":[{"embeddable":true,"href":"https:\/\/www.article-marketing.eu\/comunicatistampa\/wp-json\/wp\/v2\/users\/881"}],"replies":[{"embeddable":true,"href":"https:\/\/www.article-marketing.eu\/comunicatistampa\/wp-json\/wp\/v2\/comments?post=27829"}],"version-history":[{"count":2,"href":"https:\/\/www.article-marketing.eu\/comunicatistampa\/wp-json\/wp\/v2\/posts\/27829\/revisions"}],"predecessor-version":[{"id":27835,"href":"https:\/\/www.article-marketing.eu\/comunicatistampa\/wp-json\/wp\/v2\/posts\/27829\/revisions\/27835"}],"wp:attachment":[{"href":"https:\/\/www.article-marketing.eu\/comunicatistampa\/wp-json\/wp\/v2\/media?parent=27829"}],"wp:term":[{"taxonomy":"category","embeddable":true,"href":"https:\/\/www.article-marketing.eu\/comunicatistampa\/wp-json\/wp\/v2\/categories?post=27829"},{"taxonomy":"post_tag","embeddable":true,"href":"https:\/\/www.article-marketing.eu\/comunicatistampa\/wp-json\/wp\/v2\/tags?post=27829"}],"curies":[{"name":"wp","href":"https:\/\/api.w.org\/{rel}","templated":true}]}}