{"id":27919,"date":"2023-07-28T14:16:06","date_gmt":"2023-07-28T12:16:06","guid":{"rendered":"https:\/\/www.article-marketing.eu\/comunicatistampa\/?p=27919"},"modified":"2023-07-28T14:16:06","modified_gmt":"2023-07-28T12:16:06","slug":"tommaso-putin-secondo-mandato-come-vicepresidente-di-anir","status":"publish","type":"post","link":"https:\/\/www.article-marketing.eu\/comunicatistampa\/tommaso-putin-secondo-mandato-come-vicepresidente-di-anir\/","title":{"rendered":"Tommaso Putin, secondo mandato come Vicepresidente di ANIR"},"content":{"rendered":"<p><em><strong>L\u2019assemblea dei soci di ANIR ha deciso di riconfermare <a title=\"Intervista a Tommaso Putin (Serenissima Ristorazione e ANIR)\" href=\"https:\/\/www.youtube.com\/watch?v=w4Z3TeT_g2o\">Tommaso Putin<\/a> nel ruolo di Vicepresidente: \u201cRistorazione collettiva oggi conta pi\u00f9 di centomila lavoratori, tra gli obiettivi aumentare la rappresentativit\u00e0\u201d.<\/strong><\/em><\/p>\n<p><a title=\"L'intervento di Tommaso Putin all'evento targato ANIR\" href=\"https:\/\/www.youtube.com\/watch?v=w4Z3TeT_g2o\"><img loading=\"lazy\" decoding=\"async\" src=\"https:\/\/www.executivemanager.it\/images\/comprofiler\/0_6454dba172843.jpg\" alt=\"Tommaso Putin\" width=\"102\" height=\"150\" \/><\/a><\/p>\n<h2>Tommaso Putin: \u201cTre anni di iniziative importanti, ristorazione uno dei settori pi\u00f9 colpiti dalla pandemia\u201d<\/h2>\n<p>Lo scorso 12 luglio si \u00e8 tenuta l\u2019assemblea dei soci di ANIR Confindustria, l\u2019associazione che rappresenta le imprese di ristorazione collettiva. Tra i protagonisti della giornata <a title=\"Le parole di Tommaso Putin sul cambio ai vertici di ANIR Confindustria\" href=\"https:\/\/www.youtube.com\/watch?v=w4Z3TeT_g2o\"><strong>Tommaso Putin<\/strong><\/a>, Vicepresidente di <strong>Serenissima Ristorazione<\/strong>, riconfermato per il secondo mandato consecutivo anche alla vicepresidenza di ANIR. A margine dell\u2019evento \u201cItalia storie IMMENSE 2023 &#8211; La nuova stagione del cibo pubblico\u201d organizzato a Roma da ANIR, il manager ha espresso soddisfazione per il lavoro svolto in questi tre anni, segnati dall\u2019emergenza sanitaria e dagli effetti sul settore, risultato uno dei pi\u00f9 colpiti: \u201c<em>Sono stati anni particolarmente intensi da quando \u00e8 nata<\/em> <em>ANIR<\/em> \u2013 ha dichiarato <strong>Tommaso Putin<\/strong> a margine dell\u2019evento \u2013 <em>anche perch\u00e9 l\u2019associazione \u00e8 stata costituita proprio nel bel mezzo della pandemia. Sono state fatte delle iniziative particolarmente importanti in questo settore, che \u00e8 stato uno dei pi\u00f9 danneggiati. Basti pensare al fondo di pi\u00f9 di 100 milioni di euro che si \u00e8 riusciti ad ottenere per dare ristoro alle imprese della ristorazione collettiva<\/em>\u201d.<\/p>\n<h2>Tommaso Putin: impulso al settore e pi\u00f9 rappresentanza le priorit\u00e0 di ANIR per la ristorazione collettiva<\/h2>\n<p><strong>Tommaso Putin<\/strong> ha poi delineato le sfide future per la ristorazione collettiva, tra cui il nuovo contratto collettivo, il nuovo codice degli appalti e il riconoscimento del ruolo sociale ed economico del settore, che oggi conta pi\u00f9 di 110.000 lavoratori. Senza dimenticare gli effetti della guerra e dell\u2019impennata inflazionistica: \u201c<em>Nel passato il settore ha avuto scarsa rappresentativit\u00e0<\/em> \u2013 ha detto il Vicepresidente di ANIR \u2013 <em>e con la nuova presidenza di Piacenti e anche dei nuovi vicepresidenti, il nostro obiettivo \u00e8 proprio quello di dare maggiore impulso e di allargare anche la base associativa al maggior numero possibili di imprese<\/em>\u201d. Nel prossimo triennio l\u2019associazione sar\u00e0 infatti guidata dal neo Presidente Massimo Piacenti, Amministratore Delegato del colosso All Food, mentre ad affiancarlo, oltre a <strong>Tommaso Putin<\/strong>, ci saranno anche i Vicepresidenti Emilio Roussier Fusco, Graziano Sanna, Rosario Sortino.<u> <\/u><\/p>\n","protected":false},"excerpt":{"rendered":"<p>L\u2019assemblea dei soci di ANIR ha deciso di riconfermare Tommaso Putin nel ruolo di Vicepresidente: \u201cRistorazione collettiva oggi conta pi\u00f9 di centomila lavoratori, tra gli obiettivi aumentare la rappresentativit\u00e0\u201d. Tommaso Putin: \u201cTre anni di iniziative importanti, ristorazione uno dei settori pi\u00f9 colpiti dalla pandemia\u201d Lo scorso 12 luglio si \u00e8 tenuta l\u2019assemblea dei soci di ANIR Confindustria, l\u2019associazione che rappresenta le imprese di ristorazione collettiva. Tra i protagonisti della giornata<\/p>\n<p><a class=\"continue-reading\" href=\"https:\/\/www.article-marketing.eu\/comunicatistampa\/tommaso-putin-secondo-mandato-come-vicepresidente-di-anir\/\">Continue reading&#8230;<\/a><\/p>\n","protected":false},"author":6477,"featured_media":0,"comment_status":"open","ping_status":"open","sticky":false,"template":"","format":"standard","meta":{"_monsterinsights_skip_tracking":false,"_monsterinsights_sitenote_active":false,"_monsterinsights_sitenote_note":"","_monsterinsights_sitenote_category":0,"footnotes":""},"categories":[386],"tags":[9302,10718],"class_list":["post-27919","post","type-post","status-publish","format-standard","hentry","category-economia-e-lavoro","tag-serenissima-ristorazione","tag-tommaso-putin"],"yoast_head":"<!-- This site is optimized with the Yoast SEO plugin v27.3 - https:\/\/yoast.com\/product\/yoast-seo-wordpress\/ -->\n<title>Tommaso Putin, secondo mandato come Vicepresidente di ANIR - Article Marketing<\/title>\n<meta name=\"robots\" content=\"index, follow, max-snippet:-1, max-image-preview:large, max-video-preview:-1\" \/>\n<link rel=\"canonical\" href=\"https:\/\/www.article-marketing.eu\/comunicatistampa\/tommaso-putin-secondo-mandato-come-vicepresidente-di-anir\/\" \/>\n<meta property=\"og:locale\" content=\"it_IT\" \/>\n<meta property=\"og:type\" content=\"article\" \/>\n<meta property=\"og:title\" content=\"Tommaso Putin, secondo mandato come Vicepresidente di ANIR - Article Marketing\" \/>\n<meta property=\"og:description\" content=\"L\u2019assemblea dei soci di ANIR ha deciso di riconfermare Tommaso Putin nel ruolo di Vicepresidente: \u201cRistorazione collettiva oggi conta pi\u00f9 di centomila lavoratori, tra gli obiettivi aumentare la rappresentativit\u00e0\u201d. Tommaso Putin: \u201cTre anni di iniziative importanti, ristorazione uno dei settori pi\u00f9 colpiti dalla pandemia\u201d Lo scorso 12 luglio si \u00e8 tenuta l\u2019assemblea dei soci di ANIR Confindustria, l\u2019associazione che rappresenta le imprese di ristorazione collettiva. Tra i protagonisti della giornataContinue reading...\" \/>\n<meta property=\"og:url\" content=\"https:\/\/www.article-marketing.eu\/comunicatistampa\/tommaso-putin-secondo-mandato-come-vicepresidente-di-anir\/\" \/>\n<meta property=\"og:site_name\" content=\"Article Marketing\" \/>\n<meta property=\"article:published_time\" content=\"2023-07-28T12:16:06+00:00\" \/>\n<meta property=\"og:image\" content=\"https:\/\/www.executivemanager.it\/images\/comprofiler\/0_6454dba172843.jpg\" \/>\n<meta name=\"author\" content=\"articolinews\" \/>\n<meta name=\"twitter:card\" content=\"summary_large_image\" \/>\n<meta name=\"twitter:label1\" content=\"Scritto da\" \/>\n\t<meta name=\"twitter:data1\" content=\"articolinews\" \/>\n\t<meta name=\"twitter:label2\" content=\"Tempo di lettura stimato\" \/>\n\t<meta name=\"twitter:data2\" content=\"3 minuti\" \/>\n<script type=\"application\/ld+json\" class=\"yoast-schema-graph\">{\"@context\":\"https:\\\/\\\/schema.org\",\"@graph\":[{\"@type\":\"Article\",\"@id\":\"https:\\\/\\\/www.article-marketing.eu\\\/comunicatistampa\\\/tommaso-putin-secondo-mandato-come-vicepresidente-di-anir\\\/#article\",\"isPartOf\":{\"@id\":\"https:\\\/\\\/www.article-marketing.eu\\\/comunicatistampa\\\/tommaso-putin-secondo-mandato-come-vicepresidente-di-anir\\\/\"},\"author\":{\"name\":\"articolinews\",\"@id\":\"https:\\\/\\\/www.article-marketing.eu\\\/comunicatistampa\\\/#\\\/schema\\\/person\\\/2fcaf8f8f3a9eef9eb7f27532d3ca458\"},\"headline\":\"Tommaso Putin, secondo mandato come Vicepresidente di ANIR\",\"datePublished\":\"2023-07-28T12:16:06+00:00\",\"mainEntityOfPage\":{\"@id\":\"https:\\\/\\\/www.article-marketing.eu\\\/comunicatistampa\\\/tommaso-putin-secondo-mandato-come-vicepresidente-di-anir\\\/\"},\"wordCount\":361,\"commentCount\":0,\"image\":{\"@id\":\"https:\\\/\\\/www.article-marketing.eu\\\/comunicatistampa\\\/tommaso-putin-secondo-mandato-come-vicepresidente-di-anir\\\/#primaryimage\"},\"thumbnailUrl\":\"https:\\\/\\\/www.executivemanager.it\\\/images\\\/comprofiler\\\/0_6454dba172843.jpg\",\"keywords\":[\"Serenissima Ristorazione\",\"Tommaso Putin\"],\"articleSection\":[\"Economia e lavoro\"],\"inLanguage\":\"it-IT\",\"potentialAction\":[{\"@type\":\"CommentAction\",\"name\":\"Comment\",\"target\":[\"https:\\\/\\\/www.article-marketing.eu\\\/comunicatistampa\\\/tommaso-putin-secondo-mandato-come-vicepresidente-di-anir\\\/#respond\"]}]},{\"@type\":\"WebPage\",\"@id\":\"https:\\\/\\\/www.article-marketing.eu\\\/comunicatistampa\\\/tommaso-putin-secondo-mandato-come-vicepresidente-di-anir\\\/\",\"url\":\"https:\\\/\\\/www.article-marketing.eu\\\/comunicatistampa\\\/tommaso-putin-secondo-mandato-come-vicepresidente-di-anir\\\/\",\"name\":\"Tommaso Putin, secondo mandato come Vicepresidente di ANIR - Article Marketing\",\"isPartOf\":{\"@id\":\"https:\\\/\\\/www.article-marketing.eu\\\/comunicatistampa\\\/#website\"},\"primaryImageOfPage\":{\"@id\":\"https:\\\/\\\/www.article-marketing.eu\\\/comunicatistampa\\\/tommaso-putin-secondo-mandato-come-vicepresidente-di-anir\\\/#primaryimage\"},\"image\":{\"@id\":\"https:\\\/\\\/www.article-marketing.eu\\\/comunicatistampa\\\/tommaso-putin-secondo-mandato-come-vicepresidente-di-anir\\\/#primaryimage\"},\"thumbnailUrl\":\"https:\\\/\\\/www.executivemanager.it\\\/images\\\/comprofiler\\\/0_6454dba172843.jpg\",\"datePublished\":\"2023-07-28T12:16:06+00:00\",\"author\":{\"@id\":\"https:\\\/\\\/www.article-marketing.eu\\\/comunicatistampa\\\/#\\\/schema\\\/person\\\/2fcaf8f8f3a9eef9eb7f27532d3ca458\"},\"breadcrumb\":{\"@id\":\"https:\\\/\\\/www.article-marketing.eu\\\/comunicatistampa\\\/tommaso-putin-secondo-mandato-come-vicepresidente-di-anir\\\/#breadcrumb\"},\"inLanguage\":\"it-IT\",\"potentialAction\":[{\"@type\":\"ReadAction\",\"target\":[\"https:\\\/\\\/www.article-marketing.eu\\\/comunicatistampa\\\/tommaso-putin-secondo-mandato-come-vicepresidente-di-anir\\\/\"]}]},{\"@type\":\"ImageObject\",\"inLanguage\":\"it-IT\",\"@id\":\"https:\\\/\\\/www.article-marketing.eu\\\/comunicatistampa\\\/tommaso-putin-secondo-mandato-come-vicepresidente-di-anir\\\/#primaryimage\",\"url\":\"https:\\\/\\\/www.executivemanager.it\\\/images\\\/comprofiler\\\/0_6454dba172843.jpg\",\"contentUrl\":\"https:\\\/\\\/www.executivemanager.it\\\/images\\\/comprofiler\\\/0_6454dba172843.jpg\"},{\"@type\":\"BreadcrumbList\",\"@id\":\"https:\\\/\\\/www.article-marketing.eu\\\/comunicatistampa\\\/tommaso-putin-secondo-mandato-come-vicepresidente-di-anir\\\/#breadcrumb\",\"itemListElement\":[{\"@type\":\"ListItem\",\"position\":1,\"name\":\"Home\",\"item\":\"https:\\\/\\\/www.article-marketing.eu\\\/comunicatistampa\\\/\"},{\"@type\":\"ListItem\",\"position\":2,\"name\":\"Tommaso Putin, secondo mandato come Vicepresidente di ANIR\"}]},{\"@type\":\"WebSite\",\"@id\":\"https:\\\/\\\/www.article-marketing.eu\\\/comunicatistampa\\\/#website\",\"url\":\"https:\\\/\\\/www.article-marketing.eu\\\/comunicatistampa\\\/\",\"name\":\"Article Marketing\",\"description\":\"article marketing &amp; press release\",\"potentialAction\":[{\"@type\":\"SearchAction\",\"target\":{\"@type\":\"EntryPoint\",\"urlTemplate\":\"https:\\\/\\\/www.article-marketing.eu\\\/comunicatistampa\\\/?s={search_term_string}\"},\"query-input\":{\"@type\":\"PropertyValueSpecification\",\"valueRequired\":true,\"valueName\":\"search_term_string\"}}],\"inLanguage\":\"it-IT\"},{\"@type\":\"Person\",\"@id\":\"https:\\\/\\\/www.article-marketing.eu\\\/comunicatistampa\\\/#\\\/schema\\\/person\\\/2fcaf8f8f3a9eef9eb7f27532d3ca458\",\"name\":\"articolinews\",\"image\":{\"@type\":\"ImageObject\",\"inLanguage\":\"it-IT\",\"@id\":\"https:\\\/\\\/secure.gravatar.com\\\/avatar\\\/9e2a264bab04e17dea24d937c9956304649a848cb73c46747a692ff1bdeb1cb7?s=96&d=mm&r=g\",\"url\":\"https:\\\/\\\/secure.gravatar.com\\\/avatar\\\/9e2a264bab04e17dea24d937c9956304649a848cb73c46747a692ff1bdeb1cb7?s=96&d=mm&r=g\",\"contentUrl\":\"https:\\\/\\\/secure.gravatar.com\\\/avatar\\\/9e2a264bab04e17dea24d937c9956304649a848cb73c46747a692ff1bdeb1cb7?s=96&d=mm&r=g\",\"caption\":\"articolinews\"},\"url\":\"https:\\\/\\\/www.article-marketing.eu\\\/comunicatistampa\\\/author\\\/articolinews\\\/\"}]}<\/script>\n<!-- \/ Yoast SEO plugin. -->","yoast_head_json":{"title":"Tommaso Putin, secondo mandato come Vicepresidente di ANIR - Article Marketing","robots":{"index":"index","follow":"follow","max-snippet":"max-snippet:-1","max-image-preview":"max-image-preview:large","max-video-preview":"max-video-preview:-1"},"canonical":"https:\/\/www.article-marketing.eu\/comunicatistampa\/tommaso-putin-secondo-mandato-come-vicepresidente-di-anir\/","og_locale":"it_IT","og_type":"article","og_title":"Tommaso Putin, secondo mandato come Vicepresidente di ANIR - Article Marketing","og_description":"L\u2019assemblea dei soci di ANIR ha deciso di riconfermare Tommaso Putin nel ruolo di Vicepresidente: \u201cRistorazione collettiva oggi conta pi\u00f9 di centomila lavoratori, tra gli obiettivi aumentare la rappresentativit\u00e0\u201d. Tommaso Putin: \u201cTre anni di iniziative importanti, ristorazione uno dei settori pi\u00f9 colpiti dalla pandemia\u201d Lo scorso 12 luglio si \u00e8 tenuta l\u2019assemblea dei soci di ANIR Confindustria, l\u2019associazione che rappresenta le imprese di ristorazione collettiva. Tra i protagonisti della giornataContinue reading...","og_url":"https:\/\/www.article-marketing.eu\/comunicatistampa\/tommaso-putin-secondo-mandato-come-vicepresidente-di-anir\/","og_site_name":"Article Marketing","article_published_time":"2023-07-28T12:16:06+00:00","og_image":[{"url":"https:\/\/www.executivemanager.it\/images\/comprofiler\/0_6454dba172843.jpg","type":"","width":"","height":""}],"author":"articolinews","twitter_card":"summary_large_image","twitter_misc":{"Scritto da":"articolinews","Tempo di lettura stimato":"3 minuti"},"schema":{"@context":"https:\/\/schema.org","@graph":[{"@type":"Article","@id":"https:\/\/www.article-marketing.eu\/comunicatistampa\/tommaso-putin-secondo-mandato-come-vicepresidente-di-anir\/#article","isPartOf":{"@id":"https:\/\/www.article-marketing.eu\/comunicatistampa\/tommaso-putin-secondo-mandato-come-vicepresidente-di-anir\/"},"author":{"name":"articolinews","@id":"https:\/\/www.article-marketing.eu\/comunicatistampa\/#\/schema\/person\/2fcaf8f8f3a9eef9eb7f27532d3ca458"},"headline":"Tommaso Putin, secondo mandato come Vicepresidente di ANIR","datePublished":"2023-07-28T12:16:06+00:00","mainEntityOfPage":{"@id":"https:\/\/www.article-marketing.eu\/comunicatistampa\/tommaso-putin-secondo-mandato-come-vicepresidente-di-anir\/"},"wordCount":361,"commentCount":0,"image":{"@id":"https:\/\/www.article-marketing.eu\/comunicatistampa\/tommaso-putin-secondo-mandato-come-vicepresidente-di-anir\/#primaryimage"},"thumbnailUrl":"https:\/\/www.executivemanager.it\/images\/comprofiler\/0_6454dba172843.jpg","keywords":["Serenissima Ristorazione","Tommaso Putin"],"articleSection":["Economia e lavoro"],"inLanguage":"it-IT","potentialAction":[{"@type":"CommentAction","name":"Comment","target":["https:\/\/www.article-marketing.eu\/comunicatistampa\/tommaso-putin-secondo-mandato-come-vicepresidente-di-anir\/#respond"]}]},{"@type":"WebPage","@id":"https:\/\/www.article-marketing.eu\/comunicatistampa\/tommaso-putin-secondo-mandato-come-vicepresidente-di-anir\/","url":"https:\/\/www.article-marketing.eu\/comunicatistampa\/tommaso-putin-secondo-mandato-come-vicepresidente-di-anir\/","name":"Tommaso Putin, secondo mandato come Vicepresidente di ANIR - Article Marketing","isPartOf":{"@id":"https:\/\/www.article-marketing.eu\/comunicatistampa\/#website"},"primaryImageOfPage":{"@id":"https:\/\/www.article-marketing.eu\/comunicatistampa\/tommaso-putin-secondo-mandato-come-vicepresidente-di-anir\/#primaryimage"},"image":{"@id":"https:\/\/www.article-marketing.eu\/comunicatistampa\/tommaso-putin-secondo-mandato-come-vicepresidente-di-anir\/#primaryimage"},"thumbnailUrl":"https:\/\/www.executivemanager.it\/images\/comprofiler\/0_6454dba172843.jpg","datePublished":"2023-07-28T12:16:06+00:00","author":{"@id":"https:\/\/www.article-marketing.eu\/comunicatistampa\/#\/schema\/person\/2fcaf8f8f3a9eef9eb7f27532d3ca458"},"breadcrumb":{"@id":"https:\/\/www.article-marketing.eu\/comunicatistampa\/tommaso-putin-secondo-mandato-come-vicepresidente-di-anir\/#breadcrumb"},"inLanguage":"it-IT","potentialAction":[{"@type":"ReadAction","target":["https:\/\/www.article-marketing.eu\/comunicatistampa\/tommaso-putin-secondo-mandato-come-vicepresidente-di-anir\/"]}]},{"@type":"ImageObject","inLanguage":"it-IT","@id":"https:\/\/www.article-marketing.eu\/comunicatistampa\/tommaso-putin-secondo-mandato-come-vicepresidente-di-anir\/#primaryimage","url":"https:\/\/www.executivemanager.it\/images\/comprofiler\/0_6454dba172843.jpg","contentUrl":"https:\/\/www.executivemanager.it\/images\/comprofiler\/0_6454dba172843.jpg"},{"@type":"BreadcrumbList","@id":"https:\/\/www.article-marketing.eu\/comunicatistampa\/tommaso-putin-secondo-mandato-come-vicepresidente-di-anir\/#breadcrumb","itemListElement":[{"@type":"ListItem","position":1,"name":"Home","item":"https:\/\/www.article-marketing.eu\/comunicatistampa\/"},{"@type":"ListItem","position":2,"name":"Tommaso Putin, secondo mandato come Vicepresidente di ANIR"}]},{"@type":"WebSite","@id":"https:\/\/www.article-marketing.eu\/comunicatistampa\/#website","url":"https:\/\/www.article-marketing.eu\/comunicatistampa\/","name":"Article Marketing","description":"article marketing &amp; press release","potentialAction":[{"@type":"SearchAction","target":{"@type":"EntryPoint","urlTemplate":"https:\/\/www.article-marketing.eu\/comunicatistampa\/?s={search_term_string}"},"query-input":{"@type":"PropertyValueSpecification","valueRequired":true,"valueName":"search_term_string"}}],"inLanguage":"it-IT"},{"@type":"Person","@id":"https:\/\/www.article-marketing.eu\/comunicatistampa\/#\/schema\/person\/2fcaf8f8f3a9eef9eb7f27532d3ca458","name":"articolinews","image":{"@type":"ImageObject","inLanguage":"it-IT","@id":"https:\/\/secure.gravatar.com\/avatar\/9e2a264bab04e17dea24d937c9956304649a848cb73c46747a692ff1bdeb1cb7?s=96&d=mm&r=g","url":"https:\/\/secure.gravatar.com\/avatar\/9e2a264bab04e17dea24d937c9956304649a848cb73c46747a692ff1bdeb1cb7?s=96&d=mm&r=g","contentUrl":"https:\/\/secure.gravatar.com\/avatar\/9e2a264bab04e17dea24d937c9956304649a848cb73c46747a692ff1bdeb1cb7?s=96&d=mm&r=g","caption":"articolinews"},"url":"https:\/\/www.article-marketing.eu\/comunicatistampa\/author\/articolinews\/"}]}},"_links":{"self":[{"href":"https:\/\/www.article-marketing.eu\/comunicatistampa\/wp-json\/wp\/v2\/posts\/27919","targetHints":{"allow":["GET"]}}],"collection":[{"href":"https:\/\/www.article-marketing.eu\/comunicatistampa\/wp-json\/wp\/v2\/posts"}],"about":[{"href":"https:\/\/www.article-marketing.eu\/comunicatistampa\/wp-json\/wp\/v2\/types\/post"}],"author":[{"embeddable":true,"href":"https:\/\/www.article-marketing.eu\/comunicatistampa\/wp-json\/wp\/v2\/users\/6477"}],"replies":[{"embeddable":true,"href":"https:\/\/www.article-marketing.eu\/comunicatistampa\/wp-json\/wp\/v2\/comments?post=27919"}],"version-history":[{"count":2,"href":"https:\/\/www.article-marketing.eu\/comunicatistampa\/wp-json\/wp\/v2\/posts\/27919\/revisions"}],"predecessor-version":[{"id":27942,"href":"https:\/\/www.article-marketing.eu\/comunicatistampa\/wp-json\/wp\/v2\/posts\/27919\/revisions\/27942"}],"wp:attachment":[{"href":"https:\/\/www.article-marketing.eu\/comunicatistampa\/wp-json\/wp\/v2\/media?parent=27919"}],"wp:term":[{"taxonomy":"category","embeddable":true,"href":"https:\/\/www.article-marketing.eu\/comunicatistampa\/wp-json\/wp\/v2\/categories?post=27919"},{"taxonomy":"post_tag","embeddable":true,"href":"https:\/\/www.article-marketing.eu\/comunicatistampa\/wp-json\/wp\/v2\/tags?post=27919"}],"curies":[{"name":"wp","href":"https:\/\/api.w.org\/{rel}","templated":true}]}}