{"id":27956,"date":"2023-08-09T01:54:42","date_gmt":"2023-08-08T23:54:42","guid":{"rendered":"https:\/\/www.article-marketing.eu\/comunicatistampa\/?p=27956"},"modified":"2023-08-09T01:54:42","modified_gmt":"2023-08-08T23:54:42","slug":"luigi-ferraris-gruppo-fs-fs-security-maggiore-sicurezza-nelle-stazioni-ferroviarie","status":"publish","type":"post","link":"https:\/\/www.article-marketing.eu\/comunicatistampa\/luigi-ferraris-gruppo-fs-fs-security-maggiore-sicurezza-nelle-stazioni-ferroviarie\/","title":{"rendered":"Luigi Ferraris (Gruppo FS): FS Security, maggiore sicurezza nelle stazioni ferroviarie"},"content":{"rendered":"<p><em><strong><a title=\"Luigi Ferraris racconta a Il Tempo la nuova FS Security\" href=\"https:\/\/www.iltempo.it\/attualita\/2023\/02\/21\/news\/luigi-ferraris-ad-gruppo-ferrovie-dello-stato-stazioni-sicure-fs-security-34952963\/\">Luigi Ferraris<\/a>, Amministratore Delegato del Gruppo FS, ha presentato nuovi progetti in sinergia con gli enti locali per potenziare i servizi e migliorare la sicurezza. Al tempo stesso, il Gruppo ha dato vita a FS Security con nuovo personale addetto alla sorveglianza.<\/strong><\/em><\/p>\n<p><strong>\u00a0<a title=\"Luigi Ferraris risponde alle domande de Il Tempo su FS Security\" href=\"https:\/\/www.iltempo.it\/attualita\/2023\/02\/21\/news\/luigi-ferraris-ad-gruppo-ferrovie-dello-stato-stazioni-sicure-fs-security-34952963\/\"><img loading=\"lazy\" decoding=\"async\" src=\"https:\/\/img.iltempo.it\/images\/2023\/02\/21\/105231243-b0e8b2f6-015b-4df2-9412-77a8bdc17a60.jpg\" alt=\"Luigi Ferraris, Amministratore Delegato di Ferrovie Italiane\" width=\"240\" height=\"150\" \/><\/a><\/strong><\/p>\n<h2>Luigi Ferraris: Gruppo FS, stazioni pi\u00f9 vive e sicure con un piano ad hoc<\/h2>\n<p>In un\u2019intervista rilasciata a \u201cIl Tempo\u201d, l\u2019AD del <strong>Gruppo FS<\/strong> <a title=\"Luigi Ferraris, i dettagli dell'intervista rilasciata a Il Tempo\" href=\"https:\/\/www.iltempo.it\/attualita\/2023\/02\/21\/news\/luigi-ferraris-ad-gruppo-ferrovie-dello-stato-stazioni-sicure-fs-security-34952963\/\"><strong>Luigi Ferraris<\/strong><\/a> si \u00e8 soffermato sulle nuove iniziative per migliorare sempre pi\u00f9 la sicurezza negli scali ferroviari e offrire servizi in collaborazione con le amministrazioni locali: l\u2019obiettivo \u00e8 \u201c<em>aumentare la sicurezza delle stazioni italiane, soprattutto quelle minori, e ridurre la percezione di timore che ancora \u00e8 sentita da molti passeggeri\u201d<\/em>. Si muove anche in questa direzione l\u2019istituzione di FS Security, societ\u00e0 del Gruppo FS che unisce le divisioni dedicate alla sicurezza con mille addetti aggiuntivi. L\u2019AD ha sottolineato che <em>\u201cFerrovie dello Stato ha recentemente fatto una survey per capire come si sentono i passeggeri riguardo al tema sicurezza\u201d<\/em> e <em>\u201cun passeggero su due si sente sostanzialmente al sicuro. Ma una maggiore percezione di sicurezza si ha nelle stazioni pi\u00f9 grandi e sull\u2019Alta Velocit\u00e0 mentre scende, man mano, che si va in stazioni pi\u00f9 piccole e tratte locali\u201d<\/em>. Anche da tali considerazioni deriva la nascita di una societ\u00e0 specifica che impiegher\u00e0 circa 1.000 persone in pi\u00f9 nei prossimi tre anni. <strong>Luigi Ferraris<\/strong> ha chiarito che gli operatori di FS Security non saranno armati ma rappresenteranno <em>\u201cun presidio di deterrenza e prevenzione\u201d <\/em>segnalando situazioni critiche e lavorando in sinergia con la Polizia Ferroviaria.<\/p>\n<h2>Digitalizzazione, connettivit\u00e0 e competenze tecniche: il focus di Luigi Ferraris<\/h2>\n<p>Nell\u2019intervista, l\u2019AD <strong>Luigi Ferraris<\/strong> ha evidenziato anche l\u2019importanza della digitalizzazione e della connettivit\u00e0 quali elementi chiave nel Piano Industriale del <strong>Gruppo FS<\/strong>, menzionando nuovi progetti di <em>\u201cfibra ottica lungo i 17.000 chilometri di rete ferroviaria e ripetitori che rilancino il segnale a bordo treno\u201d<\/em>. Questo permetter\u00e0 di offrire connessione internet in tutte le stazioni e sui treni, inclusi quelli nelle zone rurali. Inoltre, Gruppo FS ha avviato una gara per realizzare impianti fotovoltaici o mini-eolici: l\u2019obiettivo \u00e8 installare 300 megawatt nel 2024 e 2.000 megawatt nei prossimi cinque anni, contribuendo cos\u00ec al settore delle energie rinnovabili. Su questo, l\u2019AD ha sottolineato la necessit\u00e0 di una pianificazione <em>\u201ccon tempi coerenti alla realizzazione delle infrastrutture\u201d<\/em> e di <em>\u201cprevenire criticit\u00e0 e sfruttare le opportunit\u00e0\u201d<\/em>. Il Piano rientra nella nuova operativit\u00e0 del Gruppo che, tra le altre cose, ha condotto a maggio 2022 alla nascita di quattro Poli di business (Infrastrutture, Passeggeri, Logistica e Urbano), omogenei per finalit\u00e0 e coordinati dalla holding FS. A chiusura dell\u2019intervista, <strong>Luigi Ferraris<\/strong> ha parlato della competitivit\u00e0 del Paese, evidenziando potenzialit\u00e0 di crescita attraverso le competenze tecniche e la digitalizzazione: <em>\u201cLe premesse ci sono\u201d<\/em>, ha concluso l\u2019AD.<\/p>\n","protected":false},"excerpt":{"rendered":"<p>Luigi Ferraris, Amministratore Delegato del Gruppo FS, ha presentato nuovi progetti in sinergia con gli enti locali per potenziare i servizi e migliorare la sicurezza. Al tempo stesso, il Gruppo ha dato vita a FS Security con nuovo personale addetto alla sorveglianza. \u00a0 Luigi Ferraris: Gruppo FS, stazioni pi\u00f9 vive e sicure con un piano ad hoc In un\u2019intervista rilasciata a \u201cIl Tempo\u201d, l\u2019AD del Gruppo FS Luigi Ferraris si<\/p>\n<p><a class=\"continue-reading\" href=\"https:\/\/www.article-marketing.eu\/comunicatistampa\/luigi-ferraris-gruppo-fs-fs-security-maggiore-sicurezza-nelle-stazioni-ferroviarie\/\">Continue reading&#8230;<\/a><\/p>\n","protected":false},"author":7203,"featured_media":0,"comment_status":"open","ping_status":"open","sticky":false,"template":"","format":"standard","meta":{"_monsterinsights_skip_tracking":false,"_monsterinsights_sitenote_active":false,"_monsterinsights_sitenote_note":"","_monsterinsights_sitenote_category":0,"footnotes":""},"categories":[386],"tags":[10013,9540],"class_list":["post-27956","post","type-post","status-publish","format-standard","hentry","category-economia-e-lavoro","tag-gruppo-fs","tag-luigi-ferraris"],"yoast_head":"<!-- This site is optimized with the Yoast SEO plugin v27.3 - https:\/\/yoast.com\/product\/yoast-seo-wordpress\/ -->\n<title>Luigi Ferraris (Gruppo FS): FS Security, maggiore sicurezza nelle stazioni ferroviarie<\/title>\n<meta name=\"robots\" content=\"index, follow, max-snippet:-1, max-image-preview:large, max-video-preview:-1\" \/>\n<link rel=\"canonical\" href=\"https:\/\/www.article-marketing.eu\/comunicatistampa\/luigi-ferraris-gruppo-fs-fs-security-maggiore-sicurezza-nelle-stazioni-ferroviarie\/\" \/>\n<meta property=\"og:locale\" content=\"it_IT\" \/>\n<meta property=\"og:type\" content=\"article\" \/>\n<meta property=\"og:title\" content=\"Luigi Ferraris (Gruppo FS): FS Security, maggiore sicurezza nelle stazioni ferroviarie\" \/>\n<meta property=\"og:description\" content=\"Luigi Ferraris, Amministratore Delegato del Gruppo FS, ha presentato nuovi progetti in sinergia con gli enti locali per potenziare i servizi e migliorare la sicurezza. Al tempo stesso, il Gruppo ha dato vita a FS Security con nuovo personale addetto alla sorveglianza. \u00a0 Luigi Ferraris: Gruppo FS, stazioni pi\u00f9 vive e sicure con un piano ad hoc In un\u2019intervista rilasciata a \u201cIl Tempo\u201d, l\u2019AD del Gruppo FS Luigi Ferraris siContinue reading...\" \/>\n<meta property=\"og:url\" content=\"https:\/\/www.article-marketing.eu\/comunicatistampa\/luigi-ferraris-gruppo-fs-fs-security-maggiore-sicurezza-nelle-stazioni-ferroviarie\/\" \/>\n<meta property=\"og:site_name\" content=\"Article Marketing\" \/>\n<meta property=\"article:published_time\" content=\"2023-08-08T23:54:42+00:00\" \/>\n<meta property=\"og:image\" content=\"https:\/\/img.iltempo.it\/images\/2023\/02\/21\/105231243-b0e8b2f6-015b-4df2-9412-77a8bdc17a60.jpg\" \/>\n<meta name=\"author\" content=\"gbofficeprnews\" \/>\n<meta name=\"twitter:card\" content=\"summary_large_image\" \/>\n<meta name=\"twitter:label1\" content=\"Scritto da\" \/>\n\t<meta name=\"twitter:data1\" content=\"gbofficeprnews\" \/>\n\t<meta name=\"twitter:label2\" content=\"Tempo di lettura stimato\" \/>\n\t<meta name=\"twitter:data2\" content=\"3 minuti\" \/>\n<script type=\"application\/ld+json\" class=\"yoast-schema-graph\">{\"@context\":\"https:\\\/\\\/schema.org\",\"@graph\":[{\"@type\":\"Article\",\"@id\":\"https:\\\/\\\/www.article-marketing.eu\\\/comunicatistampa\\\/luigi-ferraris-gruppo-fs-fs-security-maggiore-sicurezza-nelle-stazioni-ferroviarie\\\/#article\",\"isPartOf\":{\"@id\":\"https:\\\/\\\/www.article-marketing.eu\\\/comunicatistampa\\\/luigi-ferraris-gruppo-fs-fs-security-maggiore-sicurezza-nelle-stazioni-ferroviarie\\\/\"},\"author\":{\"name\":\"gbofficeprnews\",\"@id\":\"https:\\\/\\\/www.article-marketing.eu\\\/comunicatistampa\\\/#\\\/schema\\\/person\\\/00c541681af1a376511ed63d59ca096f\"},\"headline\":\"Luigi Ferraris (Gruppo FS): FS Security, maggiore sicurezza nelle stazioni ferroviarie\",\"datePublished\":\"2023-08-08T23:54:42+00:00\",\"mainEntityOfPage\":{\"@id\":\"https:\\\/\\\/www.article-marketing.eu\\\/comunicatistampa\\\/luigi-ferraris-gruppo-fs-fs-security-maggiore-sicurezza-nelle-stazioni-ferroviarie\\\/\"},\"wordCount\":469,\"commentCount\":0,\"image\":{\"@id\":\"https:\\\/\\\/www.article-marketing.eu\\\/comunicatistampa\\\/luigi-ferraris-gruppo-fs-fs-security-maggiore-sicurezza-nelle-stazioni-ferroviarie\\\/#primaryimage\"},\"thumbnailUrl\":\"https:\\\/\\\/img.iltempo.it\\\/images\\\/2023\\\/02\\\/21\\\/105231243-b0e8b2f6-015b-4df2-9412-77a8bdc17a60.jpg\",\"keywords\":[\"Gruppo FS\",\"Luigi Ferraris\"],\"articleSection\":[\"Economia e lavoro\"],\"inLanguage\":\"it-IT\",\"potentialAction\":[{\"@type\":\"CommentAction\",\"name\":\"Comment\",\"target\":[\"https:\\\/\\\/www.article-marketing.eu\\\/comunicatistampa\\\/luigi-ferraris-gruppo-fs-fs-security-maggiore-sicurezza-nelle-stazioni-ferroviarie\\\/#respond\"]}]},{\"@type\":\"WebPage\",\"@id\":\"https:\\\/\\\/www.article-marketing.eu\\\/comunicatistampa\\\/luigi-ferraris-gruppo-fs-fs-security-maggiore-sicurezza-nelle-stazioni-ferroviarie\\\/\",\"url\":\"https:\\\/\\\/www.article-marketing.eu\\\/comunicatistampa\\\/luigi-ferraris-gruppo-fs-fs-security-maggiore-sicurezza-nelle-stazioni-ferroviarie\\\/\",\"name\":\"Luigi Ferraris (Gruppo FS): FS Security, maggiore sicurezza nelle stazioni ferroviarie\",\"isPartOf\":{\"@id\":\"https:\\\/\\\/www.article-marketing.eu\\\/comunicatistampa\\\/#website\"},\"primaryImageOfPage\":{\"@id\":\"https:\\\/\\\/www.article-marketing.eu\\\/comunicatistampa\\\/luigi-ferraris-gruppo-fs-fs-security-maggiore-sicurezza-nelle-stazioni-ferroviarie\\\/#primaryimage\"},\"image\":{\"@id\":\"https:\\\/\\\/www.article-marketing.eu\\\/comunicatistampa\\\/luigi-ferraris-gruppo-fs-fs-security-maggiore-sicurezza-nelle-stazioni-ferroviarie\\\/#primaryimage\"},\"thumbnailUrl\":\"https:\\\/\\\/img.iltempo.it\\\/images\\\/2023\\\/02\\\/21\\\/105231243-b0e8b2f6-015b-4df2-9412-77a8bdc17a60.jpg\",\"datePublished\":\"2023-08-08T23:54:42+00:00\",\"author\":{\"@id\":\"https:\\\/\\\/www.article-marketing.eu\\\/comunicatistampa\\\/#\\\/schema\\\/person\\\/00c541681af1a376511ed63d59ca096f\"},\"breadcrumb\":{\"@id\":\"https:\\\/\\\/www.article-marketing.eu\\\/comunicatistampa\\\/luigi-ferraris-gruppo-fs-fs-security-maggiore-sicurezza-nelle-stazioni-ferroviarie\\\/#breadcrumb\"},\"inLanguage\":\"it-IT\",\"potentialAction\":[{\"@type\":\"ReadAction\",\"target\":[\"https:\\\/\\\/www.article-marketing.eu\\\/comunicatistampa\\\/luigi-ferraris-gruppo-fs-fs-security-maggiore-sicurezza-nelle-stazioni-ferroviarie\\\/\"]}]},{\"@type\":\"ImageObject\",\"inLanguage\":\"it-IT\",\"@id\":\"https:\\\/\\\/www.article-marketing.eu\\\/comunicatistampa\\\/luigi-ferraris-gruppo-fs-fs-security-maggiore-sicurezza-nelle-stazioni-ferroviarie\\\/#primaryimage\",\"url\":\"https:\\\/\\\/img.iltempo.it\\\/images\\\/2023\\\/02\\\/21\\\/105231243-b0e8b2f6-015b-4df2-9412-77a8bdc17a60.jpg\",\"contentUrl\":\"https:\\\/\\\/img.iltempo.it\\\/images\\\/2023\\\/02\\\/21\\\/105231243-b0e8b2f6-015b-4df2-9412-77a8bdc17a60.jpg\"},{\"@type\":\"BreadcrumbList\",\"@id\":\"https:\\\/\\\/www.article-marketing.eu\\\/comunicatistampa\\\/luigi-ferraris-gruppo-fs-fs-security-maggiore-sicurezza-nelle-stazioni-ferroviarie\\\/#breadcrumb\",\"itemListElement\":[{\"@type\":\"ListItem\",\"position\":1,\"name\":\"Home\",\"item\":\"https:\\\/\\\/www.article-marketing.eu\\\/comunicatistampa\\\/\"},{\"@type\":\"ListItem\",\"position\":2,\"name\":\"Luigi Ferraris (Gruppo FS): FS Security, maggiore sicurezza nelle stazioni ferroviarie\"}]},{\"@type\":\"WebSite\",\"@id\":\"https:\\\/\\\/www.article-marketing.eu\\\/comunicatistampa\\\/#website\",\"url\":\"https:\\\/\\\/www.article-marketing.eu\\\/comunicatistampa\\\/\",\"name\":\"Article Marketing\",\"description\":\"article marketing &amp; press release\",\"potentialAction\":[{\"@type\":\"SearchAction\",\"target\":{\"@type\":\"EntryPoint\",\"urlTemplate\":\"https:\\\/\\\/www.article-marketing.eu\\\/comunicatistampa\\\/?s={search_term_string}\"},\"query-input\":{\"@type\":\"PropertyValueSpecification\",\"valueRequired\":true,\"valueName\":\"search_term_string\"}}],\"inLanguage\":\"it-IT\"},{\"@type\":\"Person\",\"@id\":\"https:\\\/\\\/www.article-marketing.eu\\\/comunicatistampa\\\/#\\\/schema\\\/person\\\/00c541681af1a376511ed63d59ca096f\",\"name\":\"gbofficeprnews\",\"image\":{\"@type\":\"ImageObject\",\"inLanguage\":\"it-IT\",\"@id\":\"https:\\\/\\\/secure.gravatar.com\\\/avatar\\\/6c895f4b9cd59fffe899c25f76b85bf0d427605c1f0d3b07c81e155c001265cf?s=96&d=mm&r=g\",\"url\":\"https:\\\/\\\/secure.gravatar.com\\\/avatar\\\/6c895f4b9cd59fffe899c25f76b85bf0d427605c1f0d3b07c81e155c001265cf?s=96&d=mm&r=g\",\"contentUrl\":\"https:\\\/\\\/secure.gravatar.com\\\/avatar\\\/6c895f4b9cd59fffe899c25f76b85bf0d427605c1f0d3b07c81e155c001265cf?s=96&d=mm&r=g\",\"caption\":\"gbofficeprnews\"},\"url\":\"https:\\\/\\\/www.article-marketing.eu\\\/comunicatistampa\\\/author\\\/gbofficeprnews\\\/\"}]}<\/script>\n<!-- \/ Yoast SEO plugin. -->","yoast_head_json":{"title":"Luigi Ferraris (Gruppo FS): FS Security, maggiore sicurezza nelle stazioni ferroviarie","robots":{"index":"index","follow":"follow","max-snippet":"max-snippet:-1","max-image-preview":"max-image-preview:large","max-video-preview":"max-video-preview:-1"},"canonical":"https:\/\/www.article-marketing.eu\/comunicatistampa\/luigi-ferraris-gruppo-fs-fs-security-maggiore-sicurezza-nelle-stazioni-ferroviarie\/","og_locale":"it_IT","og_type":"article","og_title":"Luigi Ferraris (Gruppo FS): FS Security, maggiore sicurezza nelle stazioni ferroviarie","og_description":"Luigi Ferraris, Amministratore Delegato del Gruppo FS, ha presentato nuovi progetti in sinergia con gli enti locali per potenziare i servizi e migliorare la sicurezza. Al tempo stesso, il Gruppo ha dato vita a FS Security con nuovo personale addetto alla sorveglianza. \u00a0 Luigi Ferraris: Gruppo FS, stazioni pi\u00f9 vive e sicure con un piano ad hoc In un\u2019intervista rilasciata a \u201cIl Tempo\u201d, l\u2019AD del Gruppo FS Luigi Ferraris siContinue reading...","og_url":"https:\/\/www.article-marketing.eu\/comunicatistampa\/luigi-ferraris-gruppo-fs-fs-security-maggiore-sicurezza-nelle-stazioni-ferroviarie\/","og_site_name":"Article Marketing","article_published_time":"2023-08-08T23:54:42+00:00","og_image":[{"url":"https:\/\/img.iltempo.it\/images\/2023\/02\/21\/105231243-b0e8b2f6-015b-4df2-9412-77a8bdc17a60.jpg","type":"","width":"","height":""}],"author":"gbofficeprnews","twitter_card":"summary_large_image","twitter_misc":{"Scritto da":"gbofficeprnews","Tempo di lettura stimato":"3 minuti"},"schema":{"@context":"https:\/\/schema.org","@graph":[{"@type":"Article","@id":"https:\/\/www.article-marketing.eu\/comunicatistampa\/luigi-ferraris-gruppo-fs-fs-security-maggiore-sicurezza-nelle-stazioni-ferroviarie\/#article","isPartOf":{"@id":"https:\/\/www.article-marketing.eu\/comunicatistampa\/luigi-ferraris-gruppo-fs-fs-security-maggiore-sicurezza-nelle-stazioni-ferroviarie\/"},"author":{"name":"gbofficeprnews","@id":"https:\/\/www.article-marketing.eu\/comunicatistampa\/#\/schema\/person\/00c541681af1a376511ed63d59ca096f"},"headline":"Luigi Ferraris (Gruppo FS): FS Security, maggiore sicurezza nelle stazioni ferroviarie","datePublished":"2023-08-08T23:54:42+00:00","mainEntityOfPage":{"@id":"https:\/\/www.article-marketing.eu\/comunicatistampa\/luigi-ferraris-gruppo-fs-fs-security-maggiore-sicurezza-nelle-stazioni-ferroviarie\/"},"wordCount":469,"commentCount":0,"image":{"@id":"https:\/\/www.article-marketing.eu\/comunicatistampa\/luigi-ferraris-gruppo-fs-fs-security-maggiore-sicurezza-nelle-stazioni-ferroviarie\/#primaryimage"},"thumbnailUrl":"https:\/\/img.iltempo.it\/images\/2023\/02\/21\/105231243-b0e8b2f6-015b-4df2-9412-77a8bdc17a60.jpg","keywords":["Gruppo FS","Luigi Ferraris"],"articleSection":["Economia e lavoro"],"inLanguage":"it-IT","potentialAction":[{"@type":"CommentAction","name":"Comment","target":["https:\/\/www.article-marketing.eu\/comunicatistampa\/luigi-ferraris-gruppo-fs-fs-security-maggiore-sicurezza-nelle-stazioni-ferroviarie\/#respond"]}]},{"@type":"WebPage","@id":"https:\/\/www.article-marketing.eu\/comunicatistampa\/luigi-ferraris-gruppo-fs-fs-security-maggiore-sicurezza-nelle-stazioni-ferroviarie\/","url":"https:\/\/www.article-marketing.eu\/comunicatistampa\/luigi-ferraris-gruppo-fs-fs-security-maggiore-sicurezza-nelle-stazioni-ferroviarie\/","name":"Luigi Ferraris (Gruppo FS): FS Security, maggiore sicurezza nelle stazioni ferroviarie","isPartOf":{"@id":"https:\/\/www.article-marketing.eu\/comunicatistampa\/#website"},"primaryImageOfPage":{"@id":"https:\/\/www.article-marketing.eu\/comunicatistampa\/luigi-ferraris-gruppo-fs-fs-security-maggiore-sicurezza-nelle-stazioni-ferroviarie\/#primaryimage"},"image":{"@id":"https:\/\/www.article-marketing.eu\/comunicatistampa\/luigi-ferraris-gruppo-fs-fs-security-maggiore-sicurezza-nelle-stazioni-ferroviarie\/#primaryimage"},"thumbnailUrl":"https:\/\/img.iltempo.it\/images\/2023\/02\/21\/105231243-b0e8b2f6-015b-4df2-9412-77a8bdc17a60.jpg","datePublished":"2023-08-08T23:54:42+00:00","author":{"@id":"https:\/\/www.article-marketing.eu\/comunicatistampa\/#\/schema\/person\/00c541681af1a376511ed63d59ca096f"},"breadcrumb":{"@id":"https:\/\/www.article-marketing.eu\/comunicatistampa\/luigi-ferraris-gruppo-fs-fs-security-maggiore-sicurezza-nelle-stazioni-ferroviarie\/#breadcrumb"},"inLanguage":"it-IT","potentialAction":[{"@type":"ReadAction","target":["https:\/\/www.article-marketing.eu\/comunicatistampa\/luigi-ferraris-gruppo-fs-fs-security-maggiore-sicurezza-nelle-stazioni-ferroviarie\/"]}]},{"@type":"ImageObject","inLanguage":"it-IT","@id":"https:\/\/www.article-marketing.eu\/comunicatistampa\/luigi-ferraris-gruppo-fs-fs-security-maggiore-sicurezza-nelle-stazioni-ferroviarie\/#primaryimage","url":"https:\/\/img.iltempo.it\/images\/2023\/02\/21\/105231243-b0e8b2f6-015b-4df2-9412-77a8bdc17a60.jpg","contentUrl":"https:\/\/img.iltempo.it\/images\/2023\/02\/21\/105231243-b0e8b2f6-015b-4df2-9412-77a8bdc17a60.jpg"},{"@type":"BreadcrumbList","@id":"https:\/\/www.article-marketing.eu\/comunicatistampa\/luigi-ferraris-gruppo-fs-fs-security-maggiore-sicurezza-nelle-stazioni-ferroviarie\/#breadcrumb","itemListElement":[{"@type":"ListItem","position":1,"name":"Home","item":"https:\/\/www.article-marketing.eu\/comunicatistampa\/"},{"@type":"ListItem","position":2,"name":"Luigi Ferraris (Gruppo FS): FS Security, maggiore sicurezza nelle stazioni ferroviarie"}]},{"@type":"WebSite","@id":"https:\/\/www.article-marketing.eu\/comunicatistampa\/#website","url":"https:\/\/www.article-marketing.eu\/comunicatistampa\/","name":"Article Marketing","description":"article marketing &amp; press release","potentialAction":[{"@type":"SearchAction","target":{"@type":"EntryPoint","urlTemplate":"https:\/\/www.article-marketing.eu\/comunicatistampa\/?s={search_term_string}"},"query-input":{"@type":"PropertyValueSpecification","valueRequired":true,"valueName":"search_term_string"}}],"inLanguage":"it-IT"},{"@type":"Person","@id":"https:\/\/www.article-marketing.eu\/comunicatistampa\/#\/schema\/person\/00c541681af1a376511ed63d59ca096f","name":"gbofficeprnews","image":{"@type":"ImageObject","inLanguage":"it-IT","@id":"https:\/\/secure.gravatar.com\/avatar\/6c895f4b9cd59fffe899c25f76b85bf0d427605c1f0d3b07c81e155c001265cf?s=96&d=mm&r=g","url":"https:\/\/secure.gravatar.com\/avatar\/6c895f4b9cd59fffe899c25f76b85bf0d427605c1f0d3b07c81e155c001265cf?s=96&d=mm&r=g","contentUrl":"https:\/\/secure.gravatar.com\/avatar\/6c895f4b9cd59fffe899c25f76b85bf0d427605c1f0d3b07c81e155c001265cf?s=96&d=mm&r=g","caption":"gbofficeprnews"},"url":"https:\/\/www.article-marketing.eu\/comunicatistampa\/author\/gbofficeprnews\/"}]}},"_links":{"self":[{"href":"https:\/\/www.article-marketing.eu\/comunicatistampa\/wp-json\/wp\/v2\/posts\/27956","targetHints":{"allow":["GET"]}}],"collection":[{"href":"https:\/\/www.article-marketing.eu\/comunicatistampa\/wp-json\/wp\/v2\/posts"}],"about":[{"href":"https:\/\/www.article-marketing.eu\/comunicatistampa\/wp-json\/wp\/v2\/types\/post"}],"author":[{"embeddable":true,"href":"https:\/\/www.article-marketing.eu\/comunicatistampa\/wp-json\/wp\/v2\/users\/7203"}],"replies":[{"embeddable":true,"href":"https:\/\/www.article-marketing.eu\/comunicatistampa\/wp-json\/wp\/v2\/comments?post=27956"}],"version-history":[{"count":2,"href":"https:\/\/www.article-marketing.eu\/comunicatistampa\/wp-json\/wp\/v2\/posts\/27956\/revisions"}],"predecessor-version":[{"id":28006,"href":"https:\/\/www.article-marketing.eu\/comunicatistampa\/wp-json\/wp\/v2\/posts\/27956\/revisions\/28006"}],"wp:attachment":[{"href":"https:\/\/www.article-marketing.eu\/comunicatistampa\/wp-json\/wp\/v2\/media?parent=27956"}],"wp:term":[{"taxonomy":"category","embeddable":true,"href":"https:\/\/www.article-marketing.eu\/comunicatistampa\/wp-json\/wp\/v2\/categories?post=27956"},{"taxonomy":"post_tag","embeddable":true,"href":"https:\/\/www.article-marketing.eu\/comunicatistampa\/wp-json\/wp\/v2\/tags?post=27956"}],"curies":[{"name":"wp","href":"https:\/\/api.w.org\/{rel}","templated":true}]}}