{"id":28047,"date":"2023-08-22T12:30:16","date_gmt":"2023-08-22T10:30:16","guid":{"rendered":"https:\/\/www.article-marketing.eu\/comunicatistampa\/?p=28047"},"modified":"2023-08-22T12:30:16","modified_gmt":"2023-08-22T10:30:16","slug":"nasce-la-ischool-its-academy","status":"publish","type":"post","link":"https:\/\/www.article-marketing.eu\/comunicatistampa\/nasce-la-ischool-its-academy\/","title":{"rendered":"Nasce la iSchool Its Academy"},"content":{"rendered":"<p>Aria di novit\u00e0 in iSchool, la scuola superiore di primo e secondo grado nel centro della citt\u00e0, che, a partire dall\u2019anno scolastico 2023\/2024, attiver\u00e0 un <strong>nuovo corso di studi ITS<\/strong> dedicato a studenti diplomati interessati a professionalizzarsi nei campi della <strong>\u201cTrasformazione digitale e Project management\u201d<\/strong> con una specializzazione in <strong>\u201cTecnologie dell\u2019informazione e della Comunicazione\u201d<\/strong>.<\/p>\n<p>Gli ITS (Istituti Tecnici Superiori) rappresentano scuole di eccellenza ad alta specializzazione tecnologica post diploma che permettono di conseguire il titolo di tecnico superiore. L\u2019obiettivo principale \u00e8 quello di colmare il divario tra la domanda e l&#8217;offerta di lavoro, che condiziona lo sviluppo delle imprese. <em>\u201cCome iSchool riconosciamo da tempo l\u2019esigenza del mercato del lavoro di trovare candidati giovani, ma gi\u00e0 focalizzati sulla professione e che abbiano gi\u00e0 avuto la possibilit\u00e0 di confrontarsi in prima persona con il mondo aziendale. Per questo, gi\u00e0 in ambito di istruzione secondaria di II grado, abbiamo sempre dato moltissima importanza all\u2019esperienza e ad una didattica che prevede diverse occasioni di incontro sul territorio, percorsi di PCTO (Percorsi per le Competenze Trasversali e L\u2019Orientamento) e stage, ma anche con un modello educativo basato sul fare\u201d<\/em> \u2013 affermano <strong>Valentina Fibbi e Francesco Malcagni<\/strong>, titolari di iSchool.<\/p>\n<p>Il corso di studi in <strong>\u201cTecnologie dell\u2019informazione e della Comunicazione\u201d<\/strong> \u00e8 una naturale evoluzione per iSchool che \u00e8 membro della <strong>Fondazione ITS Academy Cremona<\/strong>. Questo percorso di due anni consentir\u00e0 agli studenti di sviluppare competenze specifiche e ad alta specializzazione grazie alla <strong>combinazione tra didattica e laboratori <\/strong>(1040 ore) e <strong>attivit\u00e0 di stage in aziende partner<\/strong> (960 ore) con finalit\u00e0 di assunzione. Al termine del percorso lo\/a studente acquisir\u00e0 il titolo di \u201cTecnico superiore per le architetture e le infrastrutture per i sistemi di comunicazione\u201d <strong>valido a livello nazionale <\/strong>e una professionalit\u00e0 pronta per essere inserita in un contesto aziendale pubblico e\/o privato nell\u2019ambito della digital transformation per la progettazione e lo sviluppo tecnico della comunicazione digitale.<\/p>\n<p><em>\u201cLa Digital Transformation \u00e8 imprescindibile al giorno d\u2019oggi per consolidare un percorso di crescita aziendale e non solo. Per questo sono necessari professionisti con competenze tecnologiche, organizzative, comunicative e linguistiche che gli permettano di interagire nei diversi contesti lavorativi e guidare il cambiamento dettato dalla digitalizzazione\u201d<\/em> \u2013 proseguono Fibbi e Malcangi &#8211; <em>Questo profilo professionale \u00e8 fortemente ricercato dal mercato del lavoro perch\u00e9 avr\u00e0 la capacit\u00e0 di creare una sintesi tra le esigenze di innovazione che il mercato richiede e la rimodulazione dei processi interni all\u2019azienda per accompagnarla nella digitalizzazione. Un lavoro che sar\u00e0 svolto anche grazie a competenze trasversali, tipiche del project management e del lavoro in team, combinate con competenze specialistiche dell\u2019ambito ICT, del cloud computing, del commercio elettronico, del marketing digitale e della sicurezza informatica\u201d. <\/em><\/p>\n<p>Per maggiori informazioni riguardo a questo corso \u00e8 possibile contattare iSchool all\u2019indirizzo segreteria@ischool.bg.it o a consultare il sito <a href=\"https:\/\/itscremona.corsi-its.it\/corsi-its\/project-management-bergamo\/\">https:\/\/itscremona.corsi-its.it\/corsi-its\/project-management-bergamo\/<\/a><\/p>\n","protected":false},"excerpt":{"rendered":"<p>Aria di novit\u00e0 in iSchool, la scuola superiore di primo e secondo grado nel centro della citt\u00e0, che, a partire dall\u2019anno scolastico 2023\/2024, attiver\u00e0 un nuovo corso di studi ITS dedicato a studenti diplomati interessati a professionalizzarsi nei campi della \u201cTrasformazione digitale e Project management\u201d con una specializzazione in \u201cTecnologie dell\u2019informazione e della Comunicazione\u201d. Gli ITS (Istituti Tecnici Superiori) rappresentano scuole di eccellenza ad alta specializzazione tecnologica post diploma che<\/p>\n<p><a class=\"continue-reading\" href=\"https:\/\/www.article-marketing.eu\/comunicatistampa\/nasce-la-ischool-its-academy\/\">Continue reading&#8230;<\/a><\/p>\n","protected":false},"author":1855,"featured_media":0,"comment_status":"open","ping_status":"open","sticky":false,"template":"","format":"standard","meta":{"_monsterinsights_skip_tracking":false,"_monsterinsights_sitenote_active":false,"_monsterinsights_sitenote_note":"","_monsterinsights_sitenote_category":0,"footnotes":""},"categories":[390],"tags":[],"class_list":["post-28047","post","type-post","status-publish","format-standard","hentry","category-professionisti"],"yoast_head":"<!-- This site is optimized with the Yoast SEO plugin v27.3 - https:\/\/yoast.com\/product\/yoast-seo-wordpress\/ -->\n<title>Nasce la iSchool Its Academy - Article Marketing<\/title>\n<meta name=\"robots\" content=\"index, follow, max-snippet:-1, max-image-preview:large, max-video-preview:-1\" \/>\n<link rel=\"canonical\" href=\"https:\/\/www.article-marketing.eu\/comunicatistampa\/nasce-la-ischool-its-academy\/\" \/>\n<meta property=\"og:locale\" content=\"it_IT\" \/>\n<meta property=\"og:type\" content=\"article\" \/>\n<meta property=\"og:title\" content=\"Nasce la iSchool Its Academy - Article Marketing\" \/>\n<meta property=\"og:description\" content=\"Aria di novit\u00e0 in iSchool, la scuola superiore di primo e secondo grado nel centro della citt\u00e0, che, a partire dall\u2019anno scolastico 2023\/2024, attiver\u00e0 un nuovo corso di studi ITS dedicato a studenti diplomati interessati a professionalizzarsi nei campi della \u201cTrasformazione digitale e Project management\u201d con una specializzazione in \u201cTecnologie dell\u2019informazione e della Comunicazione\u201d. Gli ITS (Istituti Tecnici Superiori) rappresentano scuole di eccellenza ad alta specializzazione tecnologica post diploma cheContinue reading...\" \/>\n<meta property=\"og:url\" content=\"https:\/\/www.article-marketing.eu\/comunicatistampa\/nasce-la-ischool-its-academy\/\" \/>\n<meta property=\"og:site_name\" content=\"Article Marketing\" \/>\n<meta property=\"article:published_time\" content=\"2023-08-22T10:30:16+00:00\" \/>\n<meta name=\"author\" content=\"Redaclem\" \/>\n<meta name=\"twitter:card\" content=\"summary_large_image\" \/>\n<meta name=\"twitter:label1\" content=\"Scritto da\" \/>\n\t<meta name=\"twitter:data1\" content=\"Redaclem\" \/>\n\t<meta name=\"twitter:label2\" content=\"Tempo di lettura stimato\" \/>\n\t<meta name=\"twitter:data2\" content=\"3 minuti\" \/>\n<script type=\"application\/ld+json\" class=\"yoast-schema-graph\">{\"@context\":\"https:\\\/\\\/schema.org\",\"@graph\":[{\"@type\":\"Article\",\"@id\":\"https:\\\/\\\/www.article-marketing.eu\\\/comunicatistampa\\\/nasce-la-ischool-its-academy\\\/#article\",\"isPartOf\":{\"@id\":\"https:\\\/\\\/www.article-marketing.eu\\\/comunicatistampa\\\/nasce-la-ischool-its-academy\\\/\"},\"author\":{\"name\":\"Redaclem\",\"@id\":\"https:\\\/\\\/www.article-marketing.eu\\\/comunicatistampa\\\/#\\\/schema\\\/person\\\/c0aa725eee5df8460e0adf901fde0c88\"},\"headline\":\"Nasce la iSchool Its Academy\",\"datePublished\":\"2023-08-22T10:30:16+00:00\",\"mainEntityOfPage\":{\"@id\":\"https:\\\/\\\/www.article-marketing.eu\\\/comunicatistampa\\\/nasce-la-ischool-its-academy\\\/\"},\"wordCount\":474,\"commentCount\":0,\"articleSection\":[\"Professionisti\"],\"inLanguage\":\"it-IT\",\"potentialAction\":[{\"@type\":\"CommentAction\",\"name\":\"Comment\",\"target\":[\"https:\\\/\\\/www.article-marketing.eu\\\/comunicatistampa\\\/nasce-la-ischool-its-academy\\\/#respond\"]}]},{\"@type\":\"WebPage\",\"@id\":\"https:\\\/\\\/www.article-marketing.eu\\\/comunicatistampa\\\/nasce-la-ischool-its-academy\\\/\",\"url\":\"https:\\\/\\\/www.article-marketing.eu\\\/comunicatistampa\\\/nasce-la-ischool-its-academy\\\/\",\"name\":\"Nasce la iSchool Its Academy - Article Marketing\",\"isPartOf\":{\"@id\":\"https:\\\/\\\/www.article-marketing.eu\\\/comunicatistampa\\\/#website\"},\"datePublished\":\"2023-08-22T10:30:16+00:00\",\"author\":{\"@id\":\"https:\\\/\\\/www.article-marketing.eu\\\/comunicatistampa\\\/#\\\/schema\\\/person\\\/c0aa725eee5df8460e0adf901fde0c88\"},\"breadcrumb\":{\"@id\":\"https:\\\/\\\/www.article-marketing.eu\\\/comunicatistampa\\\/nasce-la-ischool-its-academy\\\/#breadcrumb\"},\"inLanguage\":\"it-IT\",\"potentialAction\":[{\"@type\":\"ReadAction\",\"target\":[\"https:\\\/\\\/www.article-marketing.eu\\\/comunicatistampa\\\/nasce-la-ischool-its-academy\\\/\"]}]},{\"@type\":\"BreadcrumbList\",\"@id\":\"https:\\\/\\\/www.article-marketing.eu\\\/comunicatistampa\\\/nasce-la-ischool-its-academy\\\/#breadcrumb\",\"itemListElement\":[{\"@type\":\"ListItem\",\"position\":1,\"name\":\"Home\",\"item\":\"https:\\\/\\\/www.article-marketing.eu\\\/comunicatistampa\\\/\"},{\"@type\":\"ListItem\",\"position\":2,\"name\":\"Nasce la iSchool Its Academy\"}]},{\"@type\":\"WebSite\",\"@id\":\"https:\\\/\\\/www.article-marketing.eu\\\/comunicatistampa\\\/#website\",\"url\":\"https:\\\/\\\/www.article-marketing.eu\\\/comunicatistampa\\\/\",\"name\":\"Article Marketing\",\"description\":\"article marketing &amp; press release\",\"potentialAction\":[{\"@type\":\"SearchAction\",\"target\":{\"@type\":\"EntryPoint\",\"urlTemplate\":\"https:\\\/\\\/www.article-marketing.eu\\\/comunicatistampa\\\/?s={search_term_string}\"},\"query-input\":{\"@type\":\"PropertyValueSpecification\",\"valueRequired\":true,\"valueName\":\"search_term_string\"}}],\"inLanguage\":\"it-IT\"},{\"@type\":\"Person\",\"@id\":\"https:\\\/\\\/www.article-marketing.eu\\\/comunicatistampa\\\/#\\\/schema\\\/person\\\/c0aa725eee5df8460e0adf901fde0c88\",\"name\":\"Redaclem\",\"image\":{\"@type\":\"ImageObject\",\"inLanguage\":\"it-IT\",\"@id\":\"https:\\\/\\\/secure.gravatar.com\\\/avatar\\\/4c7e41f332a0583344a91d7d39723533da9b2d0df7737c2d8c69553168c2191e?s=96&d=mm&r=g\",\"url\":\"https:\\\/\\\/secure.gravatar.com\\\/avatar\\\/4c7e41f332a0583344a91d7d39723533da9b2d0df7737c2d8c69553168c2191e?s=96&d=mm&r=g\",\"contentUrl\":\"https:\\\/\\\/secure.gravatar.com\\\/avatar\\\/4c7e41f332a0583344a91d7d39723533da9b2d0df7737c2d8c69553168c2191e?s=96&d=mm&r=g\",\"caption\":\"Redaclem\"},\"url\":\"https:\\\/\\\/www.article-marketing.eu\\\/comunicatistampa\\\/author\\\/redaclem\\\/\"}]}<\/script>\n<!-- \/ Yoast SEO plugin. -->","yoast_head_json":{"title":"Nasce la iSchool Its Academy - Article Marketing","robots":{"index":"index","follow":"follow","max-snippet":"max-snippet:-1","max-image-preview":"max-image-preview:large","max-video-preview":"max-video-preview:-1"},"canonical":"https:\/\/www.article-marketing.eu\/comunicatistampa\/nasce-la-ischool-its-academy\/","og_locale":"it_IT","og_type":"article","og_title":"Nasce la iSchool Its Academy - Article Marketing","og_description":"Aria di novit\u00e0 in iSchool, la scuola superiore di primo e secondo grado nel centro della citt\u00e0, che, a partire dall\u2019anno scolastico 2023\/2024, attiver\u00e0 un nuovo corso di studi ITS dedicato a studenti diplomati interessati a professionalizzarsi nei campi della \u201cTrasformazione digitale e Project management\u201d con una specializzazione in \u201cTecnologie dell\u2019informazione e della Comunicazione\u201d. Gli ITS (Istituti Tecnici Superiori) rappresentano scuole di eccellenza ad alta specializzazione tecnologica post diploma cheContinue reading...","og_url":"https:\/\/www.article-marketing.eu\/comunicatistampa\/nasce-la-ischool-its-academy\/","og_site_name":"Article Marketing","article_published_time":"2023-08-22T10:30:16+00:00","author":"Redaclem","twitter_card":"summary_large_image","twitter_misc":{"Scritto da":"Redaclem","Tempo di lettura stimato":"3 minuti"},"schema":{"@context":"https:\/\/schema.org","@graph":[{"@type":"Article","@id":"https:\/\/www.article-marketing.eu\/comunicatistampa\/nasce-la-ischool-its-academy\/#article","isPartOf":{"@id":"https:\/\/www.article-marketing.eu\/comunicatistampa\/nasce-la-ischool-its-academy\/"},"author":{"name":"Redaclem","@id":"https:\/\/www.article-marketing.eu\/comunicatistampa\/#\/schema\/person\/c0aa725eee5df8460e0adf901fde0c88"},"headline":"Nasce la iSchool Its Academy","datePublished":"2023-08-22T10:30:16+00:00","mainEntityOfPage":{"@id":"https:\/\/www.article-marketing.eu\/comunicatistampa\/nasce-la-ischool-its-academy\/"},"wordCount":474,"commentCount":0,"articleSection":["Professionisti"],"inLanguage":"it-IT","potentialAction":[{"@type":"CommentAction","name":"Comment","target":["https:\/\/www.article-marketing.eu\/comunicatistampa\/nasce-la-ischool-its-academy\/#respond"]}]},{"@type":"WebPage","@id":"https:\/\/www.article-marketing.eu\/comunicatistampa\/nasce-la-ischool-its-academy\/","url":"https:\/\/www.article-marketing.eu\/comunicatistampa\/nasce-la-ischool-its-academy\/","name":"Nasce la iSchool Its Academy - Article Marketing","isPartOf":{"@id":"https:\/\/www.article-marketing.eu\/comunicatistampa\/#website"},"datePublished":"2023-08-22T10:30:16+00:00","author":{"@id":"https:\/\/www.article-marketing.eu\/comunicatistampa\/#\/schema\/person\/c0aa725eee5df8460e0adf901fde0c88"},"breadcrumb":{"@id":"https:\/\/www.article-marketing.eu\/comunicatistampa\/nasce-la-ischool-its-academy\/#breadcrumb"},"inLanguage":"it-IT","potentialAction":[{"@type":"ReadAction","target":["https:\/\/www.article-marketing.eu\/comunicatistampa\/nasce-la-ischool-its-academy\/"]}]},{"@type":"BreadcrumbList","@id":"https:\/\/www.article-marketing.eu\/comunicatistampa\/nasce-la-ischool-its-academy\/#breadcrumb","itemListElement":[{"@type":"ListItem","position":1,"name":"Home","item":"https:\/\/www.article-marketing.eu\/comunicatistampa\/"},{"@type":"ListItem","position":2,"name":"Nasce la iSchool Its Academy"}]},{"@type":"WebSite","@id":"https:\/\/www.article-marketing.eu\/comunicatistampa\/#website","url":"https:\/\/www.article-marketing.eu\/comunicatistampa\/","name":"Article Marketing","description":"article marketing &amp; press release","potentialAction":[{"@type":"SearchAction","target":{"@type":"EntryPoint","urlTemplate":"https:\/\/www.article-marketing.eu\/comunicatistampa\/?s={search_term_string}"},"query-input":{"@type":"PropertyValueSpecification","valueRequired":true,"valueName":"search_term_string"}}],"inLanguage":"it-IT"},{"@type":"Person","@id":"https:\/\/www.article-marketing.eu\/comunicatistampa\/#\/schema\/person\/c0aa725eee5df8460e0adf901fde0c88","name":"Redaclem","image":{"@type":"ImageObject","inLanguage":"it-IT","@id":"https:\/\/secure.gravatar.com\/avatar\/4c7e41f332a0583344a91d7d39723533da9b2d0df7737c2d8c69553168c2191e?s=96&d=mm&r=g","url":"https:\/\/secure.gravatar.com\/avatar\/4c7e41f332a0583344a91d7d39723533da9b2d0df7737c2d8c69553168c2191e?s=96&d=mm&r=g","contentUrl":"https:\/\/secure.gravatar.com\/avatar\/4c7e41f332a0583344a91d7d39723533da9b2d0df7737c2d8c69553168c2191e?s=96&d=mm&r=g","caption":"Redaclem"},"url":"https:\/\/www.article-marketing.eu\/comunicatistampa\/author\/redaclem\/"}]}},"_links":{"self":[{"href":"https:\/\/www.article-marketing.eu\/comunicatistampa\/wp-json\/wp\/v2\/posts\/28047","targetHints":{"allow":["GET"]}}],"collection":[{"href":"https:\/\/www.article-marketing.eu\/comunicatistampa\/wp-json\/wp\/v2\/posts"}],"about":[{"href":"https:\/\/www.article-marketing.eu\/comunicatistampa\/wp-json\/wp\/v2\/types\/post"}],"author":[{"embeddable":true,"href":"https:\/\/www.article-marketing.eu\/comunicatistampa\/wp-json\/wp\/v2\/users\/1855"}],"replies":[{"embeddable":true,"href":"https:\/\/www.article-marketing.eu\/comunicatistampa\/wp-json\/wp\/v2\/comments?post=28047"}],"version-history":[{"count":2,"href":"https:\/\/www.article-marketing.eu\/comunicatistampa\/wp-json\/wp\/v2\/posts\/28047\/revisions"}],"predecessor-version":[{"id":28099,"href":"https:\/\/www.article-marketing.eu\/comunicatistampa\/wp-json\/wp\/v2\/posts\/28047\/revisions\/28099"}],"wp:attachment":[{"href":"https:\/\/www.article-marketing.eu\/comunicatistampa\/wp-json\/wp\/v2\/media?parent=28047"}],"wp:term":[{"taxonomy":"category","embeddable":true,"href":"https:\/\/www.article-marketing.eu\/comunicatistampa\/wp-json\/wp\/v2\/categories?post=28047"},{"taxonomy":"post_tag","embeddable":true,"href":"https:\/\/www.article-marketing.eu\/comunicatistampa\/wp-json\/wp\/v2\/tags?post=28047"}],"curies":[{"name":"wp","href":"https:\/\/api.w.org\/{rel}","templated":true}]}}