{"id":28053,"date":"2023-08-22T12:26:53","date_gmt":"2023-08-22T10:26:53","guid":{"rendered":"https:\/\/www.article-marketing.eu\/comunicatistampa\/?p=28053"},"modified":"2023-08-22T12:26:53","modified_gmt":"2023-08-22T10:26:53","slug":"multe-ad-ancona-e-macerata-i-conducenti-piu-multati-delle-marche","status":"publish","type":"post","link":"https:\/\/www.article-marketing.eu\/comunicatistampa\/multe-ad-ancona-e-macerata-i-conducenti-piu-multati-delle-marche\/","title":{"rendered":"Multe: ad Ancona e Macerata i conducenti pi\u00f9 multati delle Marche"},"content":{"rendered":"<p><strong>Anconetani e maceratesi<\/strong> sono i guidatori<strong> pi\u00f9 multati delle Marche<\/strong>; il dato emerge dall\u2019analisi congiunta <strong>Facile.it<\/strong> \u2013 <a href=\"https:\/\/www.assicurazione.it\/\"><strong>Assicurazione.it<\/strong><\/a> realizzata esaminando i rendiconto dei proventi delle violazioni del Codice della Strada pubblicati dalle citt\u00e0 capoluogo di provincia marchigiane*.<\/p>\n<p><strong>Ancona<\/strong>, con 4 milioni di euro, \u00e8 risultato essere il comune marchigiano che, nel 2022, <strong>ha incassato i maggiori proventi<\/strong> derivanti da sanzioni legate all&#8217;accertamento delle violazioni al Codice della Strada. Seguono nella graduatoria regionale <strong>Macerata<\/strong> (977mila) ed <strong>Ascoli Piceno<\/strong> (774mila euro). Chiude la classifica <strong>Fermo<\/strong>, con quasi 610mila euro.<\/p>\n<p>Nel 2022 l\u2019importo complessivo raccolto nella regione ha sfiorato i <strong>6,5 milioni.<\/strong><\/p>\n<p>Rapportando le somme incassate con il numero di autovetture e motocicli <em>iscritti nei registri della motorizzazione<\/em>**, la <strong>classifica marchigiana non cambia<\/strong>: al primo posto si posiziona ancora una volta <strong>Ancona<\/strong>, dove &#8211; nel 2022 &#8211; la \u201cspesa pro capite\u201d per multe legate alle violazioni del Codice della Strada \u00e8 stata di <strong>52 euro<\/strong>.<\/p>\n<p>Seguono nella graduatoria regionale i conducenti <strong>maceratesi<\/strong>, che in media nel 2022 hanno dovuto pagare contravvenzioni di importo pari a <strong>29 euro<\/strong>, e &#8211; a pari merito &#8211; quelli di <strong>Ascoli Piceno<\/strong> e quelli di <strong>Fermo<\/strong>, dove la \u201cmulta pro capite\u201d \u00e8 stata pari a <strong>19 euro<\/strong>.<\/p>\n<p>Limitando l\u2019analisi ai soli proventi derivanti da violazioni ai limiti massimi di velocit\u00e0, invece, emerge che tra le citt\u00e0 capoluogo delle Marche quella con i maggiori incassi \u00e8 ancora una volta <strong>Ancona<\/strong> (1,7 milioni di euro nel 2022).<\/p>\n<p><em>\u00abNon tutti sanno che violare il Codice della Strada, oltre ad essere estremamente pericoloso, pu\u00f2 avere un impatto negativo anche sul premio RC auto dell\u2019assicurato\u00bb<\/em>, spiega <strong>Andrea Ghizzoni<\/strong>, Managing Director assicurazioni di Facile.it <em>\u00abAlcune compagnie assicurative, nel valutare il profilo dell\u2019automobilista, tengono conto non solo della classe di merito, ma anche del saldo punti della patente e del rispetto del codice della strada da parte dell\u2019assicurato negli anni precedenti alla stipula della polizza. Ad esempio, aver subito una sospensione della patente oppure aver ricevuto multe per guida in stato di ebbrezza pu\u00f2 essere visto come il segnale di un atteggiamento poco prudente al volante e questo potrebbe spingere la compagnia ad aumentare il prezzo dell\u2019Rc auto\u00bb<\/em>.<\/p>\n<p><em>* Per l\u2019analisi Facile.it ha rielaborato i dati provenienti dal \u201cRendiconto proventi violazioni codice della strada art. 142 comma 14 quater dlgs 285\/1992\u201d pubblicati dal Dipartimento degli Affari Interni e Territoriali. Tra i comuni capoluogo di provincia analizzati non sono presenti i dati relativi ai seguenti comuni: Cosenza, Crotone, Reggio Calabria, Avellino, Pesaro, Campobasso, Alessandria.<\/em><\/p>\n<p><em>** Elaborazione Facile.it su dati ACI relativi alla consistenza del parco veicolare sulla base dei veicoli iscritti al Pubblico Registro Automobilistico al 31 dicembre 2022.<\/em><\/p>\n<p><em>Immagine \u00a9 Antonio Nardelli<\/em><\/p>\n","protected":false},"excerpt":{"rendered":"<p>Anconetani e maceratesi sono i guidatori pi\u00f9 multati delle Marche; il dato emerge dall\u2019analisi congiunta Facile.it \u2013 Assicurazione.it realizzata esaminando i rendiconto dei proventi delle violazioni del Codice della Strada pubblicati dalle citt\u00e0 capoluogo di provincia marchigiane*. Ancona, con 4 milioni di euro, \u00e8 risultato essere il comune marchigiano che, nel 2022, ha incassato i maggiori proventi derivanti da sanzioni legate all&#8217;accertamento delle violazioni al Codice della Strada. Seguono nella<\/p>\n<p><a class=\"continue-reading\" href=\"https:\/\/www.article-marketing.eu\/comunicatistampa\/multe-ad-ancona-e-macerata-i-conducenti-piu-multati-delle-marche\/\">Continue reading&#8230;<\/a><\/p>\n","protected":false},"author":62,"featured_media":0,"comment_status":"open","ping_status":"open","sticky":false,"template":"","format":"standard","meta":{"_monsterinsights_skip_tracking":false,"_monsterinsights_sitenote_active":false,"_monsterinsights_sitenote_note":"","_monsterinsights_sitenote_category":0,"footnotes":""},"categories":[386],"tags":[5371,555,3543,4429,10770],"class_list":["post-28053","post","type-post","status-publish","format-standard","hentry","category-economia-e-lavoro","tag-codice-della-strada","tag-facile-it","tag-marche","tag-multe","tag-sanzioni"],"yoast_head":"<!-- This site is optimized with the Yoast SEO plugin v27.3 - https:\/\/yoast.com\/product\/yoast-seo-wordpress\/ -->\n<title>Multe: ad Ancona e Macerata i conducenti pi\u00f9 multati delle Marche - Article Marketing<\/title>\n<meta name=\"robots\" content=\"index, follow, max-snippet:-1, max-image-preview:large, max-video-preview:-1\" \/>\n<link rel=\"canonical\" href=\"https:\/\/www.article-marketing.eu\/comunicatistampa\/multe-ad-ancona-e-macerata-i-conducenti-piu-multati-delle-marche\/\" \/>\n<meta property=\"og:locale\" content=\"it_IT\" \/>\n<meta property=\"og:type\" content=\"article\" \/>\n<meta property=\"og:title\" content=\"Multe: ad Ancona e Macerata i conducenti pi\u00f9 multati delle Marche - Article Marketing\" \/>\n<meta property=\"og:description\" content=\"Anconetani e maceratesi sono i guidatori pi\u00f9 multati delle Marche; il dato emerge dall\u2019analisi congiunta Facile.it \u2013 Assicurazione.it realizzata esaminando i rendiconto dei proventi delle violazioni del Codice della Strada pubblicati dalle citt\u00e0 capoluogo di provincia marchigiane*. Ancona, con 4 milioni di euro, \u00e8 risultato essere il comune marchigiano che, nel 2022, ha incassato i maggiori proventi derivanti da sanzioni legate all&#8217;accertamento delle violazioni al Codice della Strada. Seguono nellaContinue reading...\" \/>\n<meta property=\"og:url\" content=\"https:\/\/www.article-marketing.eu\/comunicatistampa\/multe-ad-ancona-e-macerata-i-conducenti-piu-multati-delle-marche\/\" \/>\n<meta property=\"og:site_name\" content=\"Article Marketing\" \/>\n<meta property=\"article:published_time\" content=\"2023-08-22T10:26:53+00:00\" \/>\n<meta name=\"author\" content=\"Facile.it\" \/>\n<meta name=\"twitter:card\" content=\"summary_large_image\" \/>\n<meta name=\"twitter:label1\" content=\"Scritto da\" \/>\n\t<meta name=\"twitter:data1\" content=\"Facile.it\" \/>\n\t<meta name=\"twitter:label2\" content=\"Tempo di lettura stimato\" \/>\n\t<meta name=\"twitter:data2\" content=\"3 minuti\" \/>\n<script type=\"application\/ld+json\" class=\"yoast-schema-graph\">{\"@context\":\"https:\\\/\\\/schema.org\",\"@graph\":[{\"@type\":\"Article\",\"@id\":\"https:\\\/\\\/www.article-marketing.eu\\\/comunicatistampa\\\/multe-ad-ancona-e-macerata-i-conducenti-piu-multati-delle-marche\\\/#article\",\"isPartOf\":{\"@id\":\"https:\\\/\\\/www.article-marketing.eu\\\/comunicatistampa\\\/multe-ad-ancona-e-macerata-i-conducenti-piu-multati-delle-marche\\\/\"},\"author\":{\"name\":\"Facile.it\",\"@id\":\"https:\\\/\\\/www.article-marketing.eu\\\/comunicatistampa\\\/#\\\/schema\\\/person\\\/1deca6d9e0cf173abfe76a90ef261a2a\"},\"headline\":\"Multe: ad Ancona e Macerata i conducenti pi\u00f9 multati delle Marche\",\"datePublished\":\"2023-08-22T10:26:53+00:00\",\"mainEntityOfPage\":{\"@id\":\"https:\\\/\\\/www.article-marketing.eu\\\/comunicatistampa\\\/multe-ad-ancona-e-macerata-i-conducenti-piu-multati-delle-marche\\\/\"},\"wordCount\":437,\"commentCount\":0,\"keywords\":[\"codice della strada\",\"facile.it\",\"Marche\",\"multe\",\"sanzioni\"],\"articleSection\":[\"Economia e lavoro\"],\"inLanguage\":\"it-IT\",\"potentialAction\":[{\"@type\":\"CommentAction\",\"name\":\"Comment\",\"target\":[\"https:\\\/\\\/www.article-marketing.eu\\\/comunicatistampa\\\/multe-ad-ancona-e-macerata-i-conducenti-piu-multati-delle-marche\\\/#respond\"]}]},{\"@type\":\"WebPage\",\"@id\":\"https:\\\/\\\/www.article-marketing.eu\\\/comunicatistampa\\\/multe-ad-ancona-e-macerata-i-conducenti-piu-multati-delle-marche\\\/\",\"url\":\"https:\\\/\\\/www.article-marketing.eu\\\/comunicatistampa\\\/multe-ad-ancona-e-macerata-i-conducenti-piu-multati-delle-marche\\\/\",\"name\":\"Multe: ad Ancona e Macerata i conducenti pi\u00f9 multati delle Marche - Article Marketing\",\"isPartOf\":{\"@id\":\"https:\\\/\\\/www.article-marketing.eu\\\/comunicatistampa\\\/#website\"},\"datePublished\":\"2023-08-22T10:26:53+00:00\",\"author\":{\"@id\":\"https:\\\/\\\/www.article-marketing.eu\\\/comunicatistampa\\\/#\\\/schema\\\/person\\\/1deca6d9e0cf173abfe76a90ef261a2a\"},\"breadcrumb\":{\"@id\":\"https:\\\/\\\/www.article-marketing.eu\\\/comunicatistampa\\\/multe-ad-ancona-e-macerata-i-conducenti-piu-multati-delle-marche\\\/#breadcrumb\"},\"inLanguage\":\"it-IT\",\"potentialAction\":[{\"@type\":\"ReadAction\",\"target\":[\"https:\\\/\\\/www.article-marketing.eu\\\/comunicatistampa\\\/multe-ad-ancona-e-macerata-i-conducenti-piu-multati-delle-marche\\\/\"]}]},{\"@type\":\"BreadcrumbList\",\"@id\":\"https:\\\/\\\/www.article-marketing.eu\\\/comunicatistampa\\\/multe-ad-ancona-e-macerata-i-conducenti-piu-multati-delle-marche\\\/#breadcrumb\",\"itemListElement\":[{\"@type\":\"ListItem\",\"position\":1,\"name\":\"Home\",\"item\":\"https:\\\/\\\/www.article-marketing.eu\\\/comunicatistampa\\\/\"},{\"@type\":\"ListItem\",\"position\":2,\"name\":\"Multe: ad Ancona e Macerata i conducenti pi\u00f9 multati delle Marche\"}]},{\"@type\":\"WebSite\",\"@id\":\"https:\\\/\\\/www.article-marketing.eu\\\/comunicatistampa\\\/#website\",\"url\":\"https:\\\/\\\/www.article-marketing.eu\\\/comunicatistampa\\\/\",\"name\":\"Article Marketing\",\"description\":\"article marketing &amp; press release\",\"potentialAction\":[{\"@type\":\"SearchAction\",\"target\":{\"@type\":\"EntryPoint\",\"urlTemplate\":\"https:\\\/\\\/www.article-marketing.eu\\\/comunicatistampa\\\/?s={search_term_string}\"},\"query-input\":{\"@type\":\"PropertyValueSpecification\",\"valueRequired\":true,\"valueName\":\"search_term_string\"}}],\"inLanguage\":\"it-IT\"},{\"@type\":\"Person\",\"@id\":\"https:\\\/\\\/www.article-marketing.eu\\\/comunicatistampa\\\/#\\\/schema\\\/person\\\/1deca6d9e0cf173abfe76a90ef261a2a\",\"name\":\"Facile.it\",\"image\":{\"@type\":\"ImageObject\",\"inLanguage\":\"it-IT\",\"@id\":\"https:\\\/\\\/secure.gravatar.com\\\/avatar\\\/2623775dfcd174bde1a788a4bc028e9035747fa40886953f4954f56c45cf4b34?s=96&d=mm&r=g\",\"url\":\"https:\\\/\\\/secure.gravatar.com\\\/avatar\\\/2623775dfcd174bde1a788a4bc028e9035747fa40886953f4954f56c45cf4b34?s=96&d=mm&r=g\",\"contentUrl\":\"https:\\\/\\\/secure.gravatar.com\\\/avatar\\\/2623775dfcd174bde1a788a4bc028e9035747fa40886953f4954f56c45cf4b34?s=96&d=mm&r=g\",\"caption\":\"Facile.it\"},\"url\":\"https:\\\/\\\/www.article-marketing.eu\\\/comunicatistampa\\\/author\\\/facile-it\\\/\"}]}<\/script>\n<!-- \/ Yoast SEO plugin. -->","yoast_head_json":{"title":"Multe: ad Ancona e Macerata i conducenti pi\u00f9 multati delle Marche - Article Marketing","robots":{"index":"index","follow":"follow","max-snippet":"max-snippet:-1","max-image-preview":"max-image-preview:large","max-video-preview":"max-video-preview:-1"},"canonical":"https:\/\/www.article-marketing.eu\/comunicatistampa\/multe-ad-ancona-e-macerata-i-conducenti-piu-multati-delle-marche\/","og_locale":"it_IT","og_type":"article","og_title":"Multe: ad Ancona e Macerata i conducenti pi\u00f9 multati delle Marche - Article Marketing","og_description":"Anconetani e maceratesi sono i guidatori pi\u00f9 multati delle Marche; il dato emerge dall\u2019analisi congiunta Facile.it \u2013 Assicurazione.it realizzata esaminando i rendiconto dei proventi delle violazioni del Codice della Strada pubblicati dalle citt\u00e0 capoluogo di provincia marchigiane*. Ancona, con 4 milioni di euro, \u00e8 risultato essere il comune marchigiano che, nel 2022, ha incassato i maggiori proventi derivanti da sanzioni legate all&#8217;accertamento delle violazioni al Codice della Strada. Seguono nellaContinue reading...","og_url":"https:\/\/www.article-marketing.eu\/comunicatistampa\/multe-ad-ancona-e-macerata-i-conducenti-piu-multati-delle-marche\/","og_site_name":"Article Marketing","article_published_time":"2023-08-22T10:26:53+00:00","author":"Facile.it","twitter_card":"summary_large_image","twitter_misc":{"Scritto da":"Facile.it","Tempo di lettura stimato":"3 minuti"},"schema":{"@context":"https:\/\/schema.org","@graph":[{"@type":"Article","@id":"https:\/\/www.article-marketing.eu\/comunicatistampa\/multe-ad-ancona-e-macerata-i-conducenti-piu-multati-delle-marche\/#article","isPartOf":{"@id":"https:\/\/www.article-marketing.eu\/comunicatistampa\/multe-ad-ancona-e-macerata-i-conducenti-piu-multati-delle-marche\/"},"author":{"name":"Facile.it","@id":"https:\/\/www.article-marketing.eu\/comunicatistampa\/#\/schema\/person\/1deca6d9e0cf173abfe76a90ef261a2a"},"headline":"Multe: ad Ancona e Macerata i conducenti pi\u00f9 multati delle Marche","datePublished":"2023-08-22T10:26:53+00:00","mainEntityOfPage":{"@id":"https:\/\/www.article-marketing.eu\/comunicatistampa\/multe-ad-ancona-e-macerata-i-conducenti-piu-multati-delle-marche\/"},"wordCount":437,"commentCount":0,"keywords":["codice della strada","facile.it","Marche","multe","sanzioni"],"articleSection":["Economia e lavoro"],"inLanguage":"it-IT","potentialAction":[{"@type":"CommentAction","name":"Comment","target":["https:\/\/www.article-marketing.eu\/comunicatistampa\/multe-ad-ancona-e-macerata-i-conducenti-piu-multati-delle-marche\/#respond"]}]},{"@type":"WebPage","@id":"https:\/\/www.article-marketing.eu\/comunicatistampa\/multe-ad-ancona-e-macerata-i-conducenti-piu-multati-delle-marche\/","url":"https:\/\/www.article-marketing.eu\/comunicatistampa\/multe-ad-ancona-e-macerata-i-conducenti-piu-multati-delle-marche\/","name":"Multe: ad Ancona e Macerata i conducenti pi\u00f9 multati delle Marche - Article Marketing","isPartOf":{"@id":"https:\/\/www.article-marketing.eu\/comunicatistampa\/#website"},"datePublished":"2023-08-22T10:26:53+00:00","author":{"@id":"https:\/\/www.article-marketing.eu\/comunicatistampa\/#\/schema\/person\/1deca6d9e0cf173abfe76a90ef261a2a"},"breadcrumb":{"@id":"https:\/\/www.article-marketing.eu\/comunicatistampa\/multe-ad-ancona-e-macerata-i-conducenti-piu-multati-delle-marche\/#breadcrumb"},"inLanguage":"it-IT","potentialAction":[{"@type":"ReadAction","target":["https:\/\/www.article-marketing.eu\/comunicatistampa\/multe-ad-ancona-e-macerata-i-conducenti-piu-multati-delle-marche\/"]}]},{"@type":"BreadcrumbList","@id":"https:\/\/www.article-marketing.eu\/comunicatistampa\/multe-ad-ancona-e-macerata-i-conducenti-piu-multati-delle-marche\/#breadcrumb","itemListElement":[{"@type":"ListItem","position":1,"name":"Home","item":"https:\/\/www.article-marketing.eu\/comunicatistampa\/"},{"@type":"ListItem","position":2,"name":"Multe: ad Ancona e Macerata i conducenti pi\u00f9 multati delle Marche"}]},{"@type":"WebSite","@id":"https:\/\/www.article-marketing.eu\/comunicatistampa\/#website","url":"https:\/\/www.article-marketing.eu\/comunicatistampa\/","name":"Article Marketing","description":"article marketing &amp; press release","potentialAction":[{"@type":"SearchAction","target":{"@type":"EntryPoint","urlTemplate":"https:\/\/www.article-marketing.eu\/comunicatistampa\/?s={search_term_string}"},"query-input":{"@type":"PropertyValueSpecification","valueRequired":true,"valueName":"search_term_string"}}],"inLanguage":"it-IT"},{"@type":"Person","@id":"https:\/\/www.article-marketing.eu\/comunicatistampa\/#\/schema\/person\/1deca6d9e0cf173abfe76a90ef261a2a","name":"Facile.it","image":{"@type":"ImageObject","inLanguage":"it-IT","@id":"https:\/\/secure.gravatar.com\/avatar\/2623775dfcd174bde1a788a4bc028e9035747fa40886953f4954f56c45cf4b34?s=96&d=mm&r=g","url":"https:\/\/secure.gravatar.com\/avatar\/2623775dfcd174bde1a788a4bc028e9035747fa40886953f4954f56c45cf4b34?s=96&d=mm&r=g","contentUrl":"https:\/\/secure.gravatar.com\/avatar\/2623775dfcd174bde1a788a4bc028e9035747fa40886953f4954f56c45cf4b34?s=96&d=mm&r=g","caption":"Facile.it"},"url":"https:\/\/www.article-marketing.eu\/comunicatistampa\/author\/facile-it\/"}]}},"_links":{"self":[{"href":"https:\/\/www.article-marketing.eu\/comunicatistampa\/wp-json\/wp\/v2\/posts\/28053","targetHints":{"allow":["GET"]}}],"collection":[{"href":"https:\/\/www.article-marketing.eu\/comunicatistampa\/wp-json\/wp\/v2\/posts"}],"about":[{"href":"https:\/\/www.article-marketing.eu\/comunicatistampa\/wp-json\/wp\/v2\/types\/post"}],"author":[{"embeddable":true,"href":"https:\/\/www.article-marketing.eu\/comunicatistampa\/wp-json\/wp\/v2\/users\/62"}],"replies":[{"embeddable":true,"href":"https:\/\/www.article-marketing.eu\/comunicatistampa\/wp-json\/wp\/v2\/comments?post=28053"}],"version-history":[{"count":2,"href":"https:\/\/www.article-marketing.eu\/comunicatistampa\/wp-json\/wp\/v2\/posts\/28053\/revisions"}],"predecessor-version":[{"id":28090,"href":"https:\/\/www.article-marketing.eu\/comunicatistampa\/wp-json\/wp\/v2\/posts\/28053\/revisions\/28090"}],"wp:attachment":[{"href":"https:\/\/www.article-marketing.eu\/comunicatistampa\/wp-json\/wp\/v2\/media?parent=28053"}],"wp:term":[{"taxonomy":"category","embeddable":true,"href":"https:\/\/www.article-marketing.eu\/comunicatistampa\/wp-json\/wp\/v2\/categories?post=28053"},{"taxonomy":"post_tag","embeddable":true,"href":"https:\/\/www.article-marketing.eu\/comunicatistampa\/wp-json\/wp\/v2\/tags?post=28053"}],"curies":[{"name":"wp","href":"https:\/\/api.w.org\/{rel}","templated":true}]}}