{"id":28078,"date":"2023-08-22T12:28:27","date_gmt":"2023-08-22T10:28:27","guid":{"rendered":"https:\/\/www.article-marketing.eu\/comunicatistampa\/?p=28078"},"modified":"2023-08-22T12:28:27","modified_gmt":"2023-08-22T10:28:27","slug":"risparmio-privato-e-transizione-generazionale-lintervista-allad-di-banca-generali","status":"publish","type":"post","link":"https:\/\/www.article-marketing.eu\/comunicatistampa\/risparmio-privato-e-transizione-generazionale-lintervista-allad-di-banca-generali\/","title":{"rendered":"Risparmio privato e transizione generazionale: l\u2019intervista all\u2019AD di Banca Generali"},"content":{"rendered":"<p><strong><em>Il concetto di risparmio privato assume un ruolo fondamentale nell\u2019intervista a Gian Maria Mossa. L\u2019Amministratore Delegato di <a title=\"Banca Generali, il Salone del Risparmio\" href=\"https:\/\/www.bancagenerali.com\/blog\/risparmio-importanza-diversificazione\">Banca Generali<\/a> evidenzia come il calo delle nascite e l\u2019invecchiamento della popolazione siano sfide cruciali per il Paese, con un impatto sociale ed economico notevole. Pone il focus anche sulla crescente distanza dei giovani dal dibattito su produttivit\u00e0 e innovazione, che porta a una domanda importante: dove risiede il punto d\u2019incontro tra il mondo della consulenza finanziaria, dominato principalmente da clienti pi\u00f9 maturi, e i giovani che rappresentano il futuro?<\/em><\/strong><\/p>\n<p><a title=\"Banca Generali, la gestione del risparmio\" href=\"https:\/\/www.bancagenerali.com\/blog\/risparmio-importanza-diversificazione\"><img loading=\"lazy\" decoding=\"async\" src=\"https:\/\/www.comunicati-stampa.net\/immaginics\/large\/ed858ba44ddf4690ba6bea61eedce6a3.jpg\" alt=\"Banca Generali\" width=\"300\" height=\"116\" \/><\/a><\/p>\n<h2>Protezione del patrimonio e risparmio privato, Banca Generali: dialogo, inclusivit\u00e0 e opportunit\u00e0 per i giovani<\/h2>\n<p>La risposta dell\u2019Amministratore Delegato \u00e8 inequivocabile: il punto d\u2019incontro \u00e8 ovunque. La protezione dei patrimoni nel lungo periodo e la pianificazione del risparmio privato sono temi che riguardano sia gli imprenditori sia le famiglie, e sono strettamente connessi al futuro dei giovani. Gli imprenditori sono spesso alle prese con la transizione generazionale nelle loro aziende e vedono la difficolt\u00e0 di coinvolgere adeguatamente le nuove generazioni. Questa situazione pu\u00f2 portare a un\u2019asimmetria informativa e a una maggiore propensione verso investimenti \u201cdisruptive\u201d e rischiosi, come nel caso delle monete digitali. Gian Maria Mossa sottolinea l\u2019importanza del dialogo e di politiche inclusive che coinvolgano tutti gli attori interessati per cambiare direzione e garantire una crescita sostenibile e fiduciosa per il futuro. La seconda parte dell\u2019intervista si concentra sulla situazione della consulenza finanziaria e il coinvolgimento dei giovani nel settore. L\u2019AD di <a title=\"Banca Generali, il risparmio gestito\" href=\"https:\/\/www.bancagenerali.com\/blog\/risparmio-importanza-diversificazione\"><strong>Banca Generali<\/strong><\/a> riconosce come l\u2019accesso dei giovani al mestiere di consulente finanziario sia stato limitato negli ultimi anni. Questo \u00e8 dovuto a diversi fattori, tra cui un contesto altamente competitivo e la focalizzazione su profili pi\u00f9 senior con esperienza consolidata. Nonostante ci\u00f2, il contesto sta cambiando, con una maggiore attenzione verso le dinamiche digitali e nuove opportunit\u00e0 per i giovani.<\/p>\n<h2>Banca Generali: diversificazione del risparmio privato a lungo termine<\/h2>\n<p>Gian Maria Mossa sottolinea quindi l\u2019impegno di <strong>Banca Generali<\/strong> nell\u2019inclusione dei giovani, con programmi di formazione e sviluppo \u201cNew Generation\u201d e incontri mirati con neolaureati e giovani interessati al settore finanziario. La banca sta lavorando per cambiare la proposizione del mestiere di consulente finanziario, rendendolo pi\u00f9 attraente per i giovani che cercano lavoro in team, con un\u2019attenzione al digitale e alla sostenibilit\u00e0. Il coinvolgimento dei giovani \u00e8 considerato un tema strategico per la banca e richiede un impegno prioritario a tutti i livelli del management. Infine, viene posta l\u2019attenzione alla questione delle preoccupazioni delle famiglie riguardo all\u2019inflazione e alle complessit\u00e0 dei mercati finanziari. L\u2019AD sottolinea come i clienti chiedano sempre pi\u00f9 di essere accompagnati nella diversificazione del risparmio privato a lungo termine e nella tutela del patrimonio complessivo. La protezione dall\u2019inflazione e dai rischi di mercato \u00e8 una priorit\u00e0, e <strong>Banca Generali<\/strong> continua a credere nel valore delle gestioni attive e degli strumenti assicurativi. Il ruolo della banca non si limita all\u2019analisi degli investimenti, ma include anche l\u2019accompagnamento dei clienti nelle sfide legate alle loro aziende e al passaggio generazionale.<\/p>\n","protected":false},"excerpt":{"rendered":"<p>Il concetto di risparmio privato assume un ruolo fondamentale nell\u2019intervista a Gian Maria Mossa. L\u2019Amministratore Delegato di Banca Generali evidenzia come il calo delle nascite e l\u2019invecchiamento della popolazione siano sfide cruciali per il Paese, con un impatto sociale ed economico notevole. Pone il focus anche sulla crescente distanza dei giovani dal dibattito su produttivit\u00e0 e innovazione, che porta a una domanda importante: dove risiede il punto d\u2019incontro tra il<\/p>\n<p><a class=\"continue-reading\" href=\"https:\/\/www.article-marketing.eu\/comunicatistampa\/risparmio-privato-e-transizione-generazionale-lintervista-allad-di-banca-generali\/\">Continue reading&#8230;<\/a><\/p>\n","protected":false},"author":7095,"featured_media":0,"comment_status":"open","ping_status":"open","sticky":false,"template":"","format":"standard","meta":{"_monsterinsights_skip_tracking":false,"_monsterinsights_sitenote_active":false,"_monsterinsights_sitenote_note":"","_monsterinsights_sitenote_category":0,"footnotes":""},"categories":[386],"tags":[9460],"class_list":["post-28078","post","type-post","status-publish","format-standard","hentry","category-economia-e-lavoro","tag-banca-generali"],"yoast_head":"<!-- This site is optimized with the Yoast SEO plugin v27.3 - https:\/\/yoast.com\/product\/yoast-seo-wordpress\/ -->\n<title>Risparmio privato e transizione generazionale: l\u2019intervista all\u2019AD di Banca Generali<\/title>\n<meta name=\"robots\" content=\"index, follow, max-snippet:-1, max-image-preview:large, max-video-preview:-1\" \/>\n<link rel=\"canonical\" href=\"https:\/\/www.article-marketing.eu\/comunicatistampa\/risparmio-privato-e-transizione-generazionale-lintervista-allad-di-banca-generali\/\" \/>\n<meta property=\"og:locale\" content=\"it_IT\" \/>\n<meta property=\"og:type\" content=\"article\" \/>\n<meta property=\"og:title\" content=\"Risparmio privato e transizione generazionale: l\u2019intervista all\u2019AD di Banca Generali\" \/>\n<meta property=\"og:description\" content=\"Il concetto di risparmio privato assume un ruolo fondamentale nell\u2019intervista a Gian Maria Mossa. L\u2019Amministratore Delegato di Banca Generali evidenzia come il calo delle nascite e l\u2019invecchiamento della popolazione siano sfide cruciali per il Paese, con un impatto sociale ed economico notevole. Pone il focus anche sulla crescente distanza dei giovani dal dibattito su produttivit\u00e0 e innovazione, che porta a una domanda importante: dove risiede il punto d\u2019incontro tra ilContinue reading...\" \/>\n<meta property=\"og:url\" content=\"https:\/\/www.article-marketing.eu\/comunicatistampa\/risparmio-privato-e-transizione-generazionale-lintervista-allad-di-banca-generali\/\" \/>\n<meta property=\"og:site_name\" content=\"Article Marketing\" \/>\n<meta property=\"article:published_time\" content=\"2023-08-22T10:28:27+00:00\" \/>\n<meta property=\"og:image\" content=\"https:\/\/www.comunicati-stampa.net\/immaginics\/large\/ed858ba44ddf4690ba6bea61eedce6a3.jpg\" \/>\n<meta name=\"author\" content=\"bgmediapress\" \/>\n<meta name=\"twitter:card\" content=\"summary_large_image\" \/>\n<meta name=\"twitter:label1\" content=\"Scritto da\" \/>\n\t<meta name=\"twitter:data1\" content=\"bgmediapress\" \/>\n\t<meta name=\"twitter:label2\" content=\"Tempo di lettura stimato\" \/>\n\t<meta name=\"twitter:data2\" content=\"3 minuti\" \/>\n<script type=\"application\/ld+json\" class=\"yoast-schema-graph\">{\"@context\":\"https:\\\/\\\/schema.org\",\"@graph\":[{\"@type\":\"Article\",\"@id\":\"https:\\\/\\\/www.article-marketing.eu\\\/comunicatistampa\\\/risparmio-privato-e-transizione-generazionale-lintervista-allad-di-banca-generali\\\/#article\",\"isPartOf\":{\"@id\":\"https:\\\/\\\/www.article-marketing.eu\\\/comunicatistampa\\\/risparmio-privato-e-transizione-generazionale-lintervista-allad-di-banca-generali\\\/\"},\"author\":{\"name\":\"bgmediapress\",\"@id\":\"https:\\\/\\\/www.article-marketing.eu\\\/comunicatistampa\\\/#\\\/schema\\\/person\\\/404eb964bc74cb8500542618d935464e\"},\"headline\":\"Risparmio privato e transizione generazionale: l\u2019intervista all\u2019AD di Banca Generali\",\"datePublished\":\"2023-08-22T10:28:27+00:00\",\"mainEntityOfPage\":{\"@id\":\"https:\\\/\\\/www.article-marketing.eu\\\/comunicatistampa\\\/risparmio-privato-e-transizione-generazionale-lintervista-allad-di-banca-generali\\\/\"},\"wordCount\":516,\"commentCount\":0,\"image\":{\"@id\":\"https:\\\/\\\/www.article-marketing.eu\\\/comunicatistampa\\\/risparmio-privato-e-transizione-generazionale-lintervista-allad-di-banca-generali\\\/#primaryimage\"},\"thumbnailUrl\":\"https:\\\/\\\/www.comunicati-stampa.net\\\/immaginics\\\/large\\\/ed858ba44ddf4690ba6bea61eedce6a3.jpg\",\"keywords\":[\"Banca Generali\"],\"articleSection\":[\"Economia e lavoro\"],\"inLanguage\":\"it-IT\",\"potentialAction\":[{\"@type\":\"CommentAction\",\"name\":\"Comment\",\"target\":[\"https:\\\/\\\/www.article-marketing.eu\\\/comunicatistampa\\\/risparmio-privato-e-transizione-generazionale-lintervista-allad-di-banca-generali\\\/#respond\"]}]},{\"@type\":\"WebPage\",\"@id\":\"https:\\\/\\\/www.article-marketing.eu\\\/comunicatistampa\\\/risparmio-privato-e-transizione-generazionale-lintervista-allad-di-banca-generali\\\/\",\"url\":\"https:\\\/\\\/www.article-marketing.eu\\\/comunicatistampa\\\/risparmio-privato-e-transizione-generazionale-lintervista-allad-di-banca-generali\\\/\",\"name\":\"Risparmio privato e transizione generazionale: l\u2019intervista all\u2019AD di Banca Generali\",\"isPartOf\":{\"@id\":\"https:\\\/\\\/www.article-marketing.eu\\\/comunicatistampa\\\/#website\"},\"primaryImageOfPage\":{\"@id\":\"https:\\\/\\\/www.article-marketing.eu\\\/comunicatistampa\\\/risparmio-privato-e-transizione-generazionale-lintervista-allad-di-banca-generali\\\/#primaryimage\"},\"image\":{\"@id\":\"https:\\\/\\\/www.article-marketing.eu\\\/comunicatistampa\\\/risparmio-privato-e-transizione-generazionale-lintervista-allad-di-banca-generali\\\/#primaryimage\"},\"thumbnailUrl\":\"https:\\\/\\\/www.comunicati-stampa.net\\\/immaginics\\\/large\\\/ed858ba44ddf4690ba6bea61eedce6a3.jpg\",\"datePublished\":\"2023-08-22T10:28:27+00:00\",\"author\":{\"@id\":\"https:\\\/\\\/www.article-marketing.eu\\\/comunicatistampa\\\/#\\\/schema\\\/person\\\/404eb964bc74cb8500542618d935464e\"},\"breadcrumb\":{\"@id\":\"https:\\\/\\\/www.article-marketing.eu\\\/comunicatistampa\\\/risparmio-privato-e-transizione-generazionale-lintervista-allad-di-banca-generali\\\/#breadcrumb\"},\"inLanguage\":\"it-IT\",\"potentialAction\":[{\"@type\":\"ReadAction\",\"target\":[\"https:\\\/\\\/www.article-marketing.eu\\\/comunicatistampa\\\/risparmio-privato-e-transizione-generazionale-lintervista-allad-di-banca-generali\\\/\"]}]},{\"@type\":\"ImageObject\",\"inLanguage\":\"it-IT\",\"@id\":\"https:\\\/\\\/www.article-marketing.eu\\\/comunicatistampa\\\/risparmio-privato-e-transizione-generazionale-lintervista-allad-di-banca-generali\\\/#primaryimage\",\"url\":\"https:\\\/\\\/www.comunicati-stampa.net\\\/immaginics\\\/large\\\/ed858ba44ddf4690ba6bea61eedce6a3.jpg\",\"contentUrl\":\"https:\\\/\\\/www.comunicati-stampa.net\\\/immaginics\\\/large\\\/ed858ba44ddf4690ba6bea61eedce6a3.jpg\"},{\"@type\":\"BreadcrumbList\",\"@id\":\"https:\\\/\\\/www.article-marketing.eu\\\/comunicatistampa\\\/risparmio-privato-e-transizione-generazionale-lintervista-allad-di-banca-generali\\\/#breadcrumb\",\"itemListElement\":[{\"@type\":\"ListItem\",\"position\":1,\"name\":\"Home\",\"item\":\"https:\\\/\\\/www.article-marketing.eu\\\/comunicatistampa\\\/\"},{\"@type\":\"ListItem\",\"position\":2,\"name\":\"Risparmio privato e transizione generazionale: l\u2019intervista all\u2019AD di Banca Generali\"}]},{\"@type\":\"WebSite\",\"@id\":\"https:\\\/\\\/www.article-marketing.eu\\\/comunicatistampa\\\/#website\",\"url\":\"https:\\\/\\\/www.article-marketing.eu\\\/comunicatistampa\\\/\",\"name\":\"Article Marketing\",\"description\":\"article marketing &amp; press release\",\"potentialAction\":[{\"@type\":\"SearchAction\",\"target\":{\"@type\":\"EntryPoint\",\"urlTemplate\":\"https:\\\/\\\/www.article-marketing.eu\\\/comunicatistampa\\\/?s={search_term_string}\"},\"query-input\":{\"@type\":\"PropertyValueSpecification\",\"valueRequired\":true,\"valueName\":\"search_term_string\"}}],\"inLanguage\":\"it-IT\"},{\"@type\":\"Person\",\"@id\":\"https:\\\/\\\/www.article-marketing.eu\\\/comunicatistampa\\\/#\\\/schema\\\/person\\\/404eb964bc74cb8500542618d935464e\",\"name\":\"bgmediapress\",\"image\":{\"@type\":\"ImageObject\",\"inLanguage\":\"it-IT\",\"@id\":\"https:\\\/\\\/secure.gravatar.com\\\/avatar\\\/42f75c9f82baff699c42fc56a1917154a05957e73178939d3fe6f017d6f3d0ee?s=96&d=mm&r=g\",\"url\":\"https:\\\/\\\/secure.gravatar.com\\\/avatar\\\/42f75c9f82baff699c42fc56a1917154a05957e73178939d3fe6f017d6f3d0ee?s=96&d=mm&r=g\",\"contentUrl\":\"https:\\\/\\\/secure.gravatar.com\\\/avatar\\\/42f75c9f82baff699c42fc56a1917154a05957e73178939d3fe6f017d6f3d0ee?s=96&d=mm&r=g\",\"caption\":\"bgmediapress\"},\"url\":\"https:\\\/\\\/www.article-marketing.eu\\\/comunicatistampa\\\/author\\\/bgmediapress\\\/\"}]}<\/script>\n<!-- \/ Yoast SEO plugin. -->","yoast_head_json":{"title":"Risparmio privato e transizione generazionale: l\u2019intervista all\u2019AD di Banca Generali","robots":{"index":"index","follow":"follow","max-snippet":"max-snippet:-1","max-image-preview":"max-image-preview:large","max-video-preview":"max-video-preview:-1"},"canonical":"https:\/\/www.article-marketing.eu\/comunicatistampa\/risparmio-privato-e-transizione-generazionale-lintervista-allad-di-banca-generali\/","og_locale":"it_IT","og_type":"article","og_title":"Risparmio privato e transizione generazionale: l\u2019intervista all\u2019AD di Banca Generali","og_description":"Il concetto di risparmio privato assume un ruolo fondamentale nell\u2019intervista a Gian Maria Mossa. L\u2019Amministratore Delegato di Banca Generali evidenzia come il calo delle nascite e l\u2019invecchiamento della popolazione siano sfide cruciali per il Paese, con un impatto sociale ed economico notevole. Pone il focus anche sulla crescente distanza dei giovani dal dibattito su produttivit\u00e0 e innovazione, che porta a una domanda importante: dove risiede il punto d\u2019incontro tra ilContinue reading...","og_url":"https:\/\/www.article-marketing.eu\/comunicatistampa\/risparmio-privato-e-transizione-generazionale-lintervista-allad-di-banca-generali\/","og_site_name":"Article Marketing","article_published_time":"2023-08-22T10:28:27+00:00","og_image":[{"url":"https:\/\/www.comunicati-stampa.net\/immaginics\/large\/ed858ba44ddf4690ba6bea61eedce6a3.jpg","type":"","width":"","height":""}],"author":"bgmediapress","twitter_card":"summary_large_image","twitter_misc":{"Scritto da":"bgmediapress","Tempo di lettura stimato":"3 minuti"},"schema":{"@context":"https:\/\/schema.org","@graph":[{"@type":"Article","@id":"https:\/\/www.article-marketing.eu\/comunicatistampa\/risparmio-privato-e-transizione-generazionale-lintervista-allad-di-banca-generali\/#article","isPartOf":{"@id":"https:\/\/www.article-marketing.eu\/comunicatistampa\/risparmio-privato-e-transizione-generazionale-lintervista-allad-di-banca-generali\/"},"author":{"name":"bgmediapress","@id":"https:\/\/www.article-marketing.eu\/comunicatistampa\/#\/schema\/person\/404eb964bc74cb8500542618d935464e"},"headline":"Risparmio privato e transizione generazionale: l\u2019intervista all\u2019AD di Banca Generali","datePublished":"2023-08-22T10:28:27+00:00","mainEntityOfPage":{"@id":"https:\/\/www.article-marketing.eu\/comunicatistampa\/risparmio-privato-e-transizione-generazionale-lintervista-allad-di-banca-generali\/"},"wordCount":516,"commentCount":0,"image":{"@id":"https:\/\/www.article-marketing.eu\/comunicatistampa\/risparmio-privato-e-transizione-generazionale-lintervista-allad-di-banca-generali\/#primaryimage"},"thumbnailUrl":"https:\/\/www.comunicati-stampa.net\/immaginics\/large\/ed858ba44ddf4690ba6bea61eedce6a3.jpg","keywords":["Banca Generali"],"articleSection":["Economia e lavoro"],"inLanguage":"it-IT","potentialAction":[{"@type":"CommentAction","name":"Comment","target":["https:\/\/www.article-marketing.eu\/comunicatistampa\/risparmio-privato-e-transizione-generazionale-lintervista-allad-di-banca-generali\/#respond"]}]},{"@type":"WebPage","@id":"https:\/\/www.article-marketing.eu\/comunicatistampa\/risparmio-privato-e-transizione-generazionale-lintervista-allad-di-banca-generali\/","url":"https:\/\/www.article-marketing.eu\/comunicatistampa\/risparmio-privato-e-transizione-generazionale-lintervista-allad-di-banca-generali\/","name":"Risparmio privato e transizione generazionale: l\u2019intervista all\u2019AD di Banca Generali","isPartOf":{"@id":"https:\/\/www.article-marketing.eu\/comunicatistampa\/#website"},"primaryImageOfPage":{"@id":"https:\/\/www.article-marketing.eu\/comunicatistampa\/risparmio-privato-e-transizione-generazionale-lintervista-allad-di-banca-generali\/#primaryimage"},"image":{"@id":"https:\/\/www.article-marketing.eu\/comunicatistampa\/risparmio-privato-e-transizione-generazionale-lintervista-allad-di-banca-generali\/#primaryimage"},"thumbnailUrl":"https:\/\/www.comunicati-stampa.net\/immaginics\/large\/ed858ba44ddf4690ba6bea61eedce6a3.jpg","datePublished":"2023-08-22T10:28:27+00:00","author":{"@id":"https:\/\/www.article-marketing.eu\/comunicatistampa\/#\/schema\/person\/404eb964bc74cb8500542618d935464e"},"breadcrumb":{"@id":"https:\/\/www.article-marketing.eu\/comunicatistampa\/risparmio-privato-e-transizione-generazionale-lintervista-allad-di-banca-generali\/#breadcrumb"},"inLanguage":"it-IT","potentialAction":[{"@type":"ReadAction","target":["https:\/\/www.article-marketing.eu\/comunicatistampa\/risparmio-privato-e-transizione-generazionale-lintervista-allad-di-banca-generali\/"]}]},{"@type":"ImageObject","inLanguage":"it-IT","@id":"https:\/\/www.article-marketing.eu\/comunicatistampa\/risparmio-privato-e-transizione-generazionale-lintervista-allad-di-banca-generali\/#primaryimage","url":"https:\/\/www.comunicati-stampa.net\/immaginics\/large\/ed858ba44ddf4690ba6bea61eedce6a3.jpg","contentUrl":"https:\/\/www.comunicati-stampa.net\/immaginics\/large\/ed858ba44ddf4690ba6bea61eedce6a3.jpg"},{"@type":"BreadcrumbList","@id":"https:\/\/www.article-marketing.eu\/comunicatistampa\/risparmio-privato-e-transizione-generazionale-lintervista-allad-di-banca-generali\/#breadcrumb","itemListElement":[{"@type":"ListItem","position":1,"name":"Home","item":"https:\/\/www.article-marketing.eu\/comunicatistampa\/"},{"@type":"ListItem","position":2,"name":"Risparmio privato e transizione generazionale: l\u2019intervista all\u2019AD di Banca Generali"}]},{"@type":"WebSite","@id":"https:\/\/www.article-marketing.eu\/comunicatistampa\/#website","url":"https:\/\/www.article-marketing.eu\/comunicatistampa\/","name":"Article Marketing","description":"article marketing &amp; press release","potentialAction":[{"@type":"SearchAction","target":{"@type":"EntryPoint","urlTemplate":"https:\/\/www.article-marketing.eu\/comunicatistampa\/?s={search_term_string}"},"query-input":{"@type":"PropertyValueSpecification","valueRequired":true,"valueName":"search_term_string"}}],"inLanguage":"it-IT"},{"@type":"Person","@id":"https:\/\/www.article-marketing.eu\/comunicatistampa\/#\/schema\/person\/404eb964bc74cb8500542618d935464e","name":"bgmediapress","image":{"@type":"ImageObject","inLanguage":"it-IT","@id":"https:\/\/secure.gravatar.com\/avatar\/42f75c9f82baff699c42fc56a1917154a05957e73178939d3fe6f017d6f3d0ee?s=96&d=mm&r=g","url":"https:\/\/secure.gravatar.com\/avatar\/42f75c9f82baff699c42fc56a1917154a05957e73178939d3fe6f017d6f3d0ee?s=96&d=mm&r=g","contentUrl":"https:\/\/secure.gravatar.com\/avatar\/42f75c9f82baff699c42fc56a1917154a05957e73178939d3fe6f017d6f3d0ee?s=96&d=mm&r=g","caption":"bgmediapress"},"url":"https:\/\/www.article-marketing.eu\/comunicatistampa\/author\/bgmediapress\/"}]}},"_links":{"self":[{"href":"https:\/\/www.article-marketing.eu\/comunicatistampa\/wp-json\/wp\/v2\/posts\/28078","targetHints":{"allow":["GET"]}}],"collection":[{"href":"https:\/\/www.article-marketing.eu\/comunicatistampa\/wp-json\/wp\/v2\/posts"}],"about":[{"href":"https:\/\/www.article-marketing.eu\/comunicatistampa\/wp-json\/wp\/v2\/types\/post"}],"author":[{"embeddable":true,"href":"https:\/\/www.article-marketing.eu\/comunicatistampa\/wp-json\/wp\/v2\/users\/7095"}],"replies":[{"embeddable":true,"href":"https:\/\/www.article-marketing.eu\/comunicatistampa\/wp-json\/wp\/v2\/comments?post=28078"}],"version-history":[{"count":2,"href":"https:\/\/www.article-marketing.eu\/comunicatistampa\/wp-json\/wp\/v2\/posts\/28078\/revisions"}],"predecessor-version":[{"id":28094,"href":"https:\/\/www.article-marketing.eu\/comunicatistampa\/wp-json\/wp\/v2\/posts\/28078\/revisions\/28094"}],"wp:attachment":[{"href":"https:\/\/www.article-marketing.eu\/comunicatistampa\/wp-json\/wp\/v2\/media?parent=28078"}],"wp:term":[{"taxonomy":"category","embeddable":true,"href":"https:\/\/www.article-marketing.eu\/comunicatistampa\/wp-json\/wp\/v2\/categories?post=28078"},{"taxonomy":"post_tag","embeddable":true,"href":"https:\/\/www.article-marketing.eu\/comunicatistampa\/wp-json\/wp\/v2\/tags?post=28078"}],"curies":[{"name":"wp","href":"https:\/\/api.w.org\/{rel}","templated":true}]}}