{"id":28080,"date":"2023-08-22T12:27:57","date_gmt":"2023-08-22T10:27:57","guid":{"rendered":"https:\/\/www.article-marketing.eu\/comunicatistampa\/?p=28080"},"modified":"2023-08-22T12:27:57","modified_gmt":"2023-08-22T10:27:57","slug":"auto-elettriche-luca-de-meo-si-ai-traguardi-europei-ma-liberta-sulle-metodologie","status":"publish","type":"post","link":"https:\/\/www.article-marketing.eu\/comunicatistampa\/auto-elettriche-luca-de-meo-si-ai-traguardi-europei-ma-liberta-sulle-metodologie\/","title":{"rendered":"Auto elettriche, Luca de Meo: \u201cS\u00ec ai traguardi europei ma libert\u00e0 sulle metodologie\u201d"},"content":{"rendered":"<p><em><strong>La transizione alla mobilit\u00e0 elettrica \u00e8 un processo irreversibile, ma che richiede flessibilit\u00e0, collaborazione e regole chiare. Questo \u00e8 il messaggio che emerge dall\u2019intervista a <a title=\"Luca de Meo: gli investimenti del settore automotive per combattere l'impatto ambientale\" href=\"https:\/\/www.youtube.com\/watch?v=HN3_e9jnS9s\">Luca de Meo<\/a>, CEO di Renault Group e Presidente dell\u2019ACEA.<\/strong><\/em><\/p>\n<p><a title=\"Transizione, Luca de Meo: ci deve essere cooperazione globale\" href=\"https:\/\/www.youtube.com\/watch?v=HN3_e9jnS9s\"><img loading=\"lazy\" decoding=\"async\" src=\"https:\/\/www.topmanagers.it\/SharingFolder\/TopManager\/it\/ManagerProfilePhoto\/Photo\/demeoluca-topmanager.jpg\" alt=\"Il CEO di Renault Group Luca de Meo\" width=\"150\" height=\"118\" \/><\/a><\/p>\n<h2>La mobilit\u00e0 elettrica secondo Luca de Meo<\/h2>\n<p>Come si sta preparando l\u2019industria automobilistica europea alla sfida dell\u2019elettrico? Quali le opportunit\u00e0 e le difficolt\u00e0 che si presentano sul mercato globale? E il ruolo delle istituzioni e delle normative? A queste e ad altre domande ha risposto <a title=\"International Transport Forum: le parole di Luca de Meo\" href=\"https:\/\/www.youtube.com\/watch?v=HN3_e9jnS9s\"><strong>Luca de Meo<\/strong><\/a>, CEO di Renault Group e da gennaio anche Presidente dell\u2019ACEA, l\u2019associazione che rappresenta i costruttori automobilistici europei. In un\u2019intervista rilasciata al quotidiano \u201cAvvenire\u201d, ha espresso la sua visione sulla transizione verso la mobilit\u00e0 elettrica. Secondo il manager la scelta dell\u2019elettrico \u00e8 irreversibile e richiede investimenti enormi da parte dell\u2019industria europea \u2013 che si prepara a immettere sul mercato 250 miliardi da qui al 2030 \u2013 ma anche flessibilit\u00e0 e collaborazione da parte delle istituzioni. Ha poi sottolineato l\u2019importanza di lavorare su tecnologie diverse tra loro, senza metterne una contro l\u2019altra, e di avere accesso ai materiali fondamentali per costruire le batterie, oggi sotto il controllo dei Paesi asiatici. Il messaggio all\u2019Unione Europea \u00e8 chiaro: s\u00ec ai traguardi sul passaggio totale ma senza l\u2019imposizione delle metodologie per raggiungerli. Fondamentale una strategia europea definita, in grado non solo di risolvere la questione infrastrutture ma di ottenere un peso pi\u00f9 forte nella catena del valore: \u201c<em>Occorre un lavoro di squadra a livello politico e di relazioni internazionali. E un piano operativo che al momento manca: fissare una data di stop al termico e basta, come \u00e8 stato fatto scegliendo il 2035, non aiuta<\/em>\u201d.<\/p>\n<h2>Luca de Meo: le sfide e le opportunit\u00e0 del mercato globale<\/h2>\n<p><strong>Luca de Meo<\/strong> ha parlato anche delle sfide e delle opportunit\u00e0 che si presentano sul mercato globale, nel quale i cinesi stanno arrivando con forza e innovazione grazie al percorso verso l\u2019elettrico imboccato ormai da una decina di anni. Competizione, certo, ma anche trasferimento di valore aggiunto su processi e tecnologie: \u201c<em>Pu\u00f2 essere stimolante, ma occorrono delle regole che permettano di giocare ad armi pari: non mi piace parlare di protezionismo ma di principi di reciprocit\u00e0 sui mercati che permettano anche a noi di approdare in Cina senza barriere<\/em>\u201d. L\u2019intervista si conclude sul tema Euro 7. Da mesi <strong>Luca de Meo<\/strong> pone l\u2019accento su quello che definisce \u201c<em>un cambio non produttivo per nessuno, n\u00e9 per l&#8217;ambiente n\u00e9 per costruttori<\/em>\u201d. La priorit\u00e0 per il Presidente dell\u2019ACEA \u00e8 concentrare tutte le risorse sullo switch elettrico, senza dimenticare le potenzialit\u00e0 dell\u2019idrogeno: \u201c<em>Non basta solo fare e vendere auto elettriche: per rispettare le scadenze servono anche le infrastrutture. Per centrare gli obiettivi europei occorrerebbe moltiplicare per 7 l&#8217;attuale progressione. E le colonnine non le costruiamo noi\u201d<\/em>.<\/p>\n","protected":false},"excerpt":{"rendered":"<p>La transizione alla mobilit\u00e0 elettrica \u00e8 un processo irreversibile, ma che richiede flessibilit\u00e0, collaborazione e regole chiare. Questo \u00e8 il messaggio che emerge dall\u2019intervista a Luca de Meo, CEO di Renault Group e Presidente dell\u2019ACEA. La mobilit\u00e0 elettrica secondo Luca de Meo Come si sta preparando l\u2019industria automobilistica europea alla sfida dell\u2019elettrico? Quali le opportunit\u00e0 e le difficolt\u00e0 che si presentano sul mercato globale? E il ruolo delle istituzioni e<\/p>\n<p><a class=\"continue-reading\" href=\"https:\/\/www.article-marketing.eu\/comunicatistampa\/auto-elettriche-luca-de-meo-si-ai-traguardi-europei-ma-liberta-sulle-metodologie\/\">Continue reading&#8230;<\/a><\/p>\n","protected":false},"author":6477,"featured_media":0,"comment_status":"open","ping_status":"open","sticky":false,"template":"","format":"standard","meta":{"_monsterinsights_skip_tracking":false,"_monsterinsights_sitenote_active":false,"_monsterinsights_sitenote_note":"","_monsterinsights_sitenote_category":0,"footnotes":""},"categories":[386],"tags":[10716],"class_list":["post-28080","post","type-post","status-publish","format-standard","hentry","category-economia-e-lavoro","tag-luca-de-meo"],"yoast_head":"<!-- This site is optimized with the Yoast SEO plugin v27.3 - https:\/\/yoast.com\/product\/yoast-seo-wordpress\/ -->\n<title>Auto elettriche, Luca de Meo: \u201cS\u00ec ai traguardi europei ma libert\u00e0 sulle metodologie\u201d<\/title>\n<meta name=\"robots\" content=\"index, follow, max-snippet:-1, max-image-preview:large, max-video-preview:-1\" \/>\n<link rel=\"canonical\" href=\"https:\/\/www.article-marketing.eu\/comunicatistampa\/auto-elettriche-luca-de-meo-si-ai-traguardi-europei-ma-liberta-sulle-metodologie\/\" \/>\n<meta property=\"og:locale\" content=\"it_IT\" \/>\n<meta property=\"og:type\" content=\"article\" \/>\n<meta property=\"og:title\" content=\"Auto elettriche, Luca de Meo: \u201cS\u00ec ai traguardi europei ma libert\u00e0 sulle metodologie\u201d\" \/>\n<meta property=\"og:description\" content=\"La transizione alla mobilit\u00e0 elettrica \u00e8 un processo irreversibile, ma che richiede flessibilit\u00e0, collaborazione e regole chiare. Questo \u00e8 il messaggio che emerge dall\u2019intervista a Luca de Meo, CEO di Renault Group e Presidente dell\u2019ACEA. La mobilit\u00e0 elettrica secondo Luca de Meo Come si sta preparando l\u2019industria automobilistica europea alla sfida dell\u2019elettrico? Quali le opportunit\u00e0 e le difficolt\u00e0 che si presentano sul mercato globale? E il ruolo delle istituzioni eContinue reading...\" \/>\n<meta property=\"og:url\" content=\"https:\/\/www.article-marketing.eu\/comunicatistampa\/auto-elettriche-luca-de-meo-si-ai-traguardi-europei-ma-liberta-sulle-metodologie\/\" \/>\n<meta property=\"og:site_name\" content=\"Article Marketing\" \/>\n<meta property=\"article:published_time\" content=\"2023-08-22T10:27:57+00:00\" \/>\n<meta property=\"og:image\" content=\"https:\/\/www.topmanagers.it\/SharingFolder\/TopManager\/it\/ManagerProfilePhoto\/Photo\/demeoluca-topmanager.jpg\" \/>\n<meta name=\"author\" content=\"articolinews\" \/>\n<meta name=\"twitter:card\" content=\"summary_large_image\" \/>\n<meta name=\"twitter:label1\" content=\"Scritto da\" \/>\n\t<meta name=\"twitter:data1\" content=\"articolinews\" \/>\n\t<meta name=\"twitter:label2\" content=\"Tempo di lettura stimato\" \/>\n\t<meta name=\"twitter:data2\" content=\"3 minuti\" \/>\n<script type=\"application\/ld+json\" class=\"yoast-schema-graph\">{\"@context\":\"https:\\\/\\\/schema.org\",\"@graph\":[{\"@type\":\"Article\",\"@id\":\"https:\\\/\\\/www.article-marketing.eu\\\/comunicatistampa\\\/auto-elettriche-luca-de-meo-si-ai-traguardi-europei-ma-liberta-sulle-metodologie\\\/#article\",\"isPartOf\":{\"@id\":\"https:\\\/\\\/www.article-marketing.eu\\\/comunicatistampa\\\/auto-elettriche-luca-de-meo-si-ai-traguardi-europei-ma-liberta-sulle-metodologie\\\/\"},\"author\":{\"name\":\"articolinews\",\"@id\":\"https:\\\/\\\/www.article-marketing.eu\\\/comunicatistampa\\\/#\\\/schema\\\/person\\\/2fcaf8f8f3a9eef9eb7f27532d3ca458\"},\"headline\":\"Auto elettriche, Luca de Meo: \u201cS\u00ec ai traguardi europei ma libert\u00e0 sulle metodologie\u201d\",\"datePublished\":\"2023-08-22T10:27:57+00:00\",\"mainEntityOfPage\":{\"@id\":\"https:\\\/\\\/www.article-marketing.eu\\\/comunicatistampa\\\/auto-elettriche-luca-de-meo-si-ai-traguardi-europei-ma-liberta-sulle-metodologie\\\/\"},\"wordCount\":474,\"commentCount\":0,\"image\":{\"@id\":\"https:\\\/\\\/www.article-marketing.eu\\\/comunicatistampa\\\/auto-elettriche-luca-de-meo-si-ai-traguardi-europei-ma-liberta-sulle-metodologie\\\/#primaryimage\"},\"thumbnailUrl\":\"https:\\\/\\\/www.topmanagers.it\\\/SharingFolder\\\/TopManager\\\/it\\\/ManagerProfilePhoto\\\/Photo\\\/demeoluca-topmanager.jpg\",\"keywords\":[\"Luca de Meo\"],\"articleSection\":[\"Economia e lavoro\"],\"inLanguage\":\"it-IT\",\"potentialAction\":[{\"@type\":\"CommentAction\",\"name\":\"Comment\",\"target\":[\"https:\\\/\\\/www.article-marketing.eu\\\/comunicatistampa\\\/auto-elettriche-luca-de-meo-si-ai-traguardi-europei-ma-liberta-sulle-metodologie\\\/#respond\"]}]},{\"@type\":\"WebPage\",\"@id\":\"https:\\\/\\\/www.article-marketing.eu\\\/comunicatistampa\\\/auto-elettriche-luca-de-meo-si-ai-traguardi-europei-ma-liberta-sulle-metodologie\\\/\",\"url\":\"https:\\\/\\\/www.article-marketing.eu\\\/comunicatistampa\\\/auto-elettriche-luca-de-meo-si-ai-traguardi-europei-ma-liberta-sulle-metodologie\\\/\",\"name\":\"Auto elettriche, Luca de Meo: \u201cS\u00ec ai traguardi europei ma libert\u00e0 sulle metodologie\u201d\",\"isPartOf\":{\"@id\":\"https:\\\/\\\/www.article-marketing.eu\\\/comunicatistampa\\\/#website\"},\"primaryImageOfPage\":{\"@id\":\"https:\\\/\\\/www.article-marketing.eu\\\/comunicatistampa\\\/auto-elettriche-luca-de-meo-si-ai-traguardi-europei-ma-liberta-sulle-metodologie\\\/#primaryimage\"},\"image\":{\"@id\":\"https:\\\/\\\/www.article-marketing.eu\\\/comunicatistampa\\\/auto-elettriche-luca-de-meo-si-ai-traguardi-europei-ma-liberta-sulle-metodologie\\\/#primaryimage\"},\"thumbnailUrl\":\"https:\\\/\\\/www.topmanagers.it\\\/SharingFolder\\\/TopManager\\\/it\\\/ManagerProfilePhoto\\\/Photo\\\/demeoluca-topmanager.jpg\",\"datePublished\":\"2023-08-22T10:27:57+00:00\",\"author\":{\"@id\":\"https:\\\/\\\/www.article-marketing.eu\\\/comunicatistampa\\\/#\\\/schema\\\/person\\\/2fcaf8f8f3a9eef9eb7f27532d3ca458\"},\"breadcrumb\":{\"@id\":\"https:\\\/\\\/www.article-marketing.eu\\\/comunicatistampa\\\/auto-elettriche-luca-de-meo-si-ai-traguardi-europei-ma-liberta-sulle-metodologie\\\/#breadcrumb\"},\"inLanguage\":\"it-IT\",\"potentialAction\":[{\"@type\":\"ReadAction\",\"target\":[\"https:\\\/\\\/www.article-marketing.eu\\\/comunicatistampa\\\/auto-elettriche-luca-de-meo-si-ai-traguardi-europei-ma-liberta-sulle-metodologie\\\/\"]}]},{\"@type\":\"ImageObject\",\"inLanguage\":\"it-IT\",\"@id\":\"https:\\\/\\\/www.article-marketing.eu\\\/comunicatistampa\\\/auto-elettriche-luca-de-meo-si-ai-traguardi-europei-ma-liberta-sulle-metodologie\\\/#primaryimage\",\"url\":\"https:\\\/\\\/www.topmanagers.it\\\/SharingFolder\\\/TopManager\\\/it\\\/ManagerProfilePhoto\\\/Photo\\\/demeoluca-topmanager.jpg\",\"contentUrl\":\"https:\\\/\\\/www.topmanagers.it\\\/SharingFolder\\\/TopManager\\\/it\\\/ManagerProfilePhoto\\\/Photo\\\/demeoluca-topmanager.jpg\"},{\"@type\":\"BreadcrumbList\",\"@id\":\"https:\\\/\\\/www.article-marketing.eu\\\/comunicatistampa\\\/auto-elettriche-luca-de-meo-si-ai-traguardi-europei-ma-liberta-sulle-metodologie\\\/#breadcrumb\",\"itemListElement\":[{\"@type\":\"ListItem\",\"position\":1,\"name\":\"Home\",\"item\":\"https:\\\/\\\/www.article-marketing.eu\\\/comunicatistampa\\\/\"},{\"@type\":\"ListItem\",\"position\":2,\"name\":\"Auto elettriche, Luca de Meo: \u201cS\u00ec ai traguardi europei ma libert\u00e0 sulle metodologie\u201d\"}]},{\"@type\":\"WebSite\",\"@id\":\"https:\\\/\\\/www.article-marketing.eu\\\/comunicatistampa\\\/#website\",\"url\":\"https:\\\/\\\/www.article-marketing.eu\\\/comunicatistampa\\\/\",\"name\":\"Article Marketing\",\"description\":\"article marketing &amp; press release\",\"potentialAction\":[{\"@type\":\"SearchAction\",\"target\":{\"@type\":\"EntryPoint\",\"urlTemplate\":\"https:\\\/\\\/www.article-marketing.eu\\\/comunicatistampa\\\/?s={search_term_string}\"},\"query-input\":{\"@type\":\"PropertyValueSpecification\",\"valueRequired\":true,\"valueName\":\"search_term_string\"}}],\"inLanguage\":\"it-IT\"},{\"@type\":\"Person\",\"@id\":\"https:\\\/\\\/www.article-marketing.eu\\\/comunicatistampa\\\/#\\\/schema\\\/person\\\/2fcaf8f8f3a9eef9eb7f27532d3ca458\",\"name\":\"articolinews\",\"image\":{\"@type\":\"ImageObject\",\"inLanguage\":\"it-IT\",\"@id\":\"https:\\\/\\\/secure.gravatar.com\\\/avatar\\\/9e2a264bab04e17dea24d937c9956304649a848cb73c46747a692ff1bdeb1cb7?s=96&d=mm&r=g\",\"url\":\"https:\\\/\\\/secure.gravatar.com\\\/avatar\\\/9e2a264bab04e17dea24d937c9956304649a848cb73c46747a692ff1bdeb1cb7?s=96&d=mm&r=g\",\"contentUrl\":\"https:\\\/\\\/secure.gravatar.com\\\/avatar\\\/9e2a264bab04e17dea24d937c9956304649a848cb73c46747a692ff1bdeb1cb7?s=96&d=mm&r=g\",\"caption\":\"articolinews\"},\"url\":\"https:\\\/\\\/www.article-marketing.eu\\\/comunicatistampa\\\/author\\\/articolinews\\\/\"}]}<\/script>\n<!-- \/ Yoast SEO plugin. -->","yoast_head_json":{"title":"Auto elettriche, Luca de Meo: \u201cS\u00ec ai traguardi europei ma libert\u00e0 sulle metodologie\u201d","robots":{"index":"index","follow":"follow","max-snippet":"max-snippet:-1","max-image-preview":"max-image-preview:large","max-video-preview":"max-video-preview:-1"},"canonical":"https:\/\/www.article-marketing.eu\/comunicatistampa\/auto-elettriche-luca-de-meo-si-ai-traguardi-europei-ma-liberta-sulle-metodologie\/","og_locale":"it_IT","og_type":"article","og_title":"Auto elettriche, Luca de Meo: \u201cS\u00ec ai traguardi europei ma libert\u00e0 sulle metodologie\u201d","og_description":"La transizione alla mobilit\u00e0 elettrica \u00e8 un processo irreversibile, ma che richiede flessibilit\u00e0, collaborazione e regole chiare. Questo \u00e8 il messaggio che emerge dall\u2019intervista a Luca de Meo, CEO di Renault Group e Presidente dell\u2019ACEA. La mobilit\u00e0 elettrica secondo Luca de Meo Come si sta preparando l\u2019industria automobilistica europea alla sfida dell\u2019elettrico? Quali le opportunit\u00e0 e le difficolt\u00e0 che si presentano sul mercato globale? E il ruolo delle istituzioni eContinue reading...","og_url":"https:\/\/www.article-marketing.eu\/comunicatistampa\/auto-elettriche-luca-de-meo-si-ai-traguardi-europei-ma-liberta-sulle-metodologie\/","og_site_name":"Article Marketing","article_published_time":"2023-08-22T10:27:57+00:00","og_image":[{"url":"https:\/\/www.topmanagers.it\/SharingFolder\/TopManager\/it\/ManagerProfilePhoto\/Photo\/demeoluca-topmanager.jpg","type":"","width":"","height":""}],"author":"articolinews","twitter_card":"summary_large_image","twitter_misc":{"Scritto da":"articolinews","Tempo di lettura stimato":"3 minuti"},"schema":{"@context":"https:\/\/schema.org","@graph":[{"@type":"Article","@id":"https:\/\/www.article-marketing.eu\/comunicatistampa\/auto-elettriche-luca-de-meo-si-ai-traguardi-europei-ma-liberta-sulle-metodologie\/#article","isPartOf":{"@id":"https:\/\/www.article-marketing.eu\/comunicatistampa\/auto-elettriche-luca-de-meo-si-ai-traguardi-europei-ma-liberta-sulle-metodologie\/"},"author":{"name":"articolinews","@id":"https:\/\/www.article-marketing.eu\/comunicatistampa\/#\/schema\/person\/2fcaf8f8f3a9eef9eb7f27532d3ca458"},"headline":"Auto elettriche, Luca de Meo: \u201cS\u00ec ai traguardi europei ma libert\u00e0 sulle metodologie\u201d","datePublished":"2023-08-22T10:27:57+00:00","mainEntityOfPage":{"@id":"https:\/\/www.article-marketing.eu\/comunicatistampa\/auto-elettriche-luca-de-meo-si-ai-traguardi-europei-ma-liberta-sulle-metodologie\/"},"wordCount":474,"commentCount":0,"image":{"@id":"https:\/\/www.article-marketing.eu\/comunicatistampa\/auto-elettriche-luca-de-meo-si-ai-traguardi-europei-ma-liberta-sulle-metodologie\/#primaryimage"},"thumbnailUrl":"https:\/\/www.topmanagers.it\/SharingFolder\/TopManager\/it\/ManagerProfilePhoto\/Photo\/demeoluca-topmanager.jpg","keywords":["Luca de Meo"],"articleSection":["Economia e lavoro"],"inLanguage":"it-IT","potentialAction":[{"@type":"CommentAction","name":"Comment","target":["https:\/\/www.article-marketing.eu\/comunicatistampa\/auto-elettriche-luca-de-meo-si-ai-traguardi-europei-ma-liberta-sulle-metodologie\/#respond"]}]},{"@type":"WebPage","@id":"https:\/\/www.article-marketing.eu\/comunicatistampa\/auto-elettriche-luca-de-meo-si-ai-traguardi-europei-ma-liberta-sulle-metodologie\/","url":"https:\/\/www.article-marketing.eu\/comunicatistampa\/auto-elettriche-luca-de-meo-si-ai-traguardi-europei-ma-liberta-sulle-metodologie\/","name":"Auto elettriche, Luca de Meo: \u201cS\u00ec ai traguardi europei ma libert\u00e0 sulle metodologie\u201d","isPartOf":{"@id":"https:\/\/www.article-marketing.eu\/comunicatistampa\/#website"},"primaryImageOfPage":{"@id":"https:\/\/www.article-marketing.eu\/comunicatistampa\/auto-elettriche-luca-de-meo-si-ai-traguardi-europei-ma-liberta-sulle-metodologie\/#primaryimage"},"image":{"@id":"https:\/\/www.article-marketing.eu\/comunicatistampa\/auto-elettriche-luca-de-meo-si-ai-traguardi-europei-ma-liberta-sulle-metodologie\/#primaryimage"},"thumbnailUrl":"https:\/\/www.topmanagers.it\/SharingFolder\/TopManager\/it\/ManagerProfilePhoto\/Photo\/demeoluca-topmanager.jpg","datePublished":"2023-08-22T10:27:57+00:00","author":{"@id":"https:\/\/www.article-marketing.eu\/comunicatistampa\/#\/schema\/person\/2fcaf8f8f3a9eef9eb7f27532d3ca458"},"breadcrumb":{"@id":"https:\/\/www.article-marketing.eu\/comunicatistampa\/auto-elettriche-luca-de-meo-si-ai-traguardi-europei-ma-liberta-sulle-metodologie\/#breadcrumb"},"inLanguage":"it-IT","potentialAction":[{"@type":"ReadAction","target":["https:\/\/www.article-marketing.eu\/comunicatistampa\/auto-elettriche-luca-de-meo-si-ai-traguardi-europei-ma-liberta-sulle-metodologie\/"]}]},{"@type":"ImageObject","inLanguage":"it-IT","@id":"https:\/\/www.article-marketing.eu\/comunicatistampa\/auto-elettriche-luca-de-meo-si-ai-traguardi-europei-ma-liberta-sulle-metodologie\/#primaryimage","url":"https:\/\/www.topmanagers.it\/SharingFolder\/TopManager\/it\/ManagerProfilePhoto\/Photo\/demeoluca-topmanager.jpg","contentUrl":"https:\/\/www.topmanagers.it\/SharingFolder\/TopManager\/it\/ManagerProfilePhoto\/Photo\/demeoluca-topmanager.jpg"},{"@type":"BreadcrumbList","@id":"https:\/\/www.article-marketing.eu\/comunicatistampa\/auto-elettriche-luca-de-meo-si-ai-traguardi-europei-ma-liberta-sulle-metodologie\/#breadcrumb","itemListElement":[{"@type":"ListItem","position":1,"name":"Home","item":"https:\/\/www.article-marketing.eu\/comunicatistampa\/"},{"@type":"ListItem","position":2,"name":"Auto elettriche, Luca de Meo: \u201cS\u00ec ai traguardi europei ma libert\u00e0 sulle metodologie\u201d"}]},{"@type":"WebSite","@id":"https:\/\/www.article-marketing.eu\/comunicatistampa\/#website","url":"https:\/\/www.article-marketing.eu\/comunicatistampa\/","name":"Article Marketing","description":"article marketing &amp; press release","potentialAction":[{"@type":"SearchAction","target":{"@type":"EntryPoint","urlTemplate":"https:\/\/www.article-marketing.eu\/comunicatistampa\/?s={search_term_string}"},"query-input":{"@type":"PropertyValueSpecification","valueRequired":true,"valueName":"search_term_string"}}],"inLanguage":"it-IT"},{"@type":"Person","@id":"https:\/\/www.article-marketing.eu\/comunicatistampa\/#\/schema\/person\/2fcaf8f8f3a9eef9eb7f27532d3ca458","name":"articolinews","image":{"@type":"ImageObject","inLanguage":"it-IT","@id":"https:\/\/secure.gravatar.com\/avatar\/9e2a264bab04e17dea24d937c9956304649a848cb73c46747a692ff1bdeb1cb7?s=96&d=mm&r=g","url":"https:\/\/secure.gravatar.com\/avatar\/9e2a264bab04e17dea24d937c9956304649a848cb73c46747a692ff1bdeb1cb7?s=96&d=mm&r=g","contentUrl":"https:\/\/secure.gravatar.com\/avatar\/9e2a264bab04e17dea24d937c9956304649a848cb73c46747a692ff1bdeb1cb7?s=96&d=mm&r=g","caption":"articolinews"},"url":"https:\/\/www.article-marketing.eu\/comunicatistampa\/author\/articolinews\/"}]}},"_links":{"self":[{"href":"https:\/\/www.article-marketing.eu\/comunicatistampa\/wp-json\/wp\/v2\/posts\/28080","targetHints":{"allow":["GET"]}}],"collection":[{"href":"https:\/\/www.article-marketing.eu\/comunicatistampa\/wp-json\/wp\/v2\/posts"}],"about":[{"href":"https:\/\/www.article-marketing.eu\/comunicatistampa\/wp-json\/wp\/v2\/types\/post"}],"author":[{"embeddable":true,"href":"https:\/\/www.article-marketing.eu\/comunicatistampa\/wp-json\/wp\/v2\/users\/6477"}],"replies":[{"embeddable":true,"href":"https:\/\/www.article-marketing.eu\/comunicatistampa\/wp-json\/wp\/v2\/comments?post=28080"}],"version-history":[{"count":2,"href":"https:\/\/www.article-marketing.eu\/comunicatistampa\/wp-json\/wp\/v2\/posts\/28080\/revisions"}],"predecessor-version":[{"id":28093,"href":"https:\/\/www.article-marketing.eu\/comunicatistampa\/wp-json\/wp\/v2\/posts\/28080\/revisions\/28093"}],"wp:attachment":[{"href":"https:\/\/www.article-marketing.eu\/comunicatistampa\/wp-json\/wp\/v2\/media?parent=28080"}],"wp:term":[{"taxonomy":"category","embeddable":true,"href":"https:\/\/www.article-marketing.eu\/comunicatistampa\/wp-json\/wp\/v2\/categories?post=28080"},{"taxonomy":"post_tag","embeddable":true,"href":"https:\/\/www.article-marketing.eu\/comunicatistampa\/wp-json\/wp\/v2\/tags?post=28080"}],"curies":[{"name":"wp","href":"https:\/\/api.w.org\/{rel}","templated":true}]}}