{"id":28105,"date":"2023-08-23T18:34:13","date_gmt":"2023-08-23T16:34:13","guid":{"rendered":"https:\/\/www.article-marketing.eu\/comunicatistampa\/?p=28105"},"modified":"2023-08-23T18:34:13","modified_gmt":"2023-08-23T16:34:13","slug":"eta-media-auto-in-aumento-del-28-in-soli-7-anni","status":"publish","type":"post","link":"https:\/\/www.article-marketing.eu\/comunicatistampa\/eta-media-auto-in-aumento-del-28-in-soli-7-anni\/","title":{"rendered":"Et\u00e0 media auto: in aumento del 28% in soli 7 anni"},"content":{"rendered":"<p><em><strong>11 anni e 7 mesi<\/strong><\/em><em>; questa, secondo l\u2019analisi effettuata da <\/em><strong>Facile.it<\/strong> e <a href=\"https:\/\/www.assicurazione.it\/\"><strong>Assicurazione.it<\/strong><\/a>, <em><strong>l\u2019et\u00e0 media delle auto circolanti<\/strong><\/em><em> sulle strade italiane nel primo semestre 2023, valore <strong>in aumento del 28%<\/strong> rispetto allo stesso periodo del 2016, quando il parco auto italiano aveva \u2013 sempre mediamente \u2013 un\u2019et\u00e0 di poco superiore ai 9 anni. <\/em><\/p>\n<p><em>Quali sono le <strong>citt\u00e0 italiane con i veicoli pi\u00f9 vecchi<\/strong>? <\/em><em>E l&#8217;anzianit\u00e0 di una vettura, oltre ad essere causa probabile di minore sicurezza per i passeggeri e minore sostenibilit\u00e0 ambientale, <strong>incide sul premio pagato<\/strong> per l\u2019assicurazione <strong>Rc auto<\/strong>? I due comparatori hanno fatto alcuni calcoli, ecco cosa \u00e8 emerso.<\/em><\/p>\n<p><em><strong>Cresce l\u2019et\u00e0 media delle auto<\/strong><\/em><\/p>\n<p><em>Come detto, dall\u2019analisi &#8211; <\/em>realizzata su un campione di 2.548.401 preventivi raccolti su Facile.it tra il 2016 e il 2023 &#8211; <em>\u00e8 emerso che tra gennaio e giugno 2023 <strong>l\u2019et\u00e0 media delle auto italiane <\/strong>era pari a <strong>11 anni e 7 mesi<\/strong>; il valore \u00e8 in <strong>crescita del 7%<\/strong> rispetto allo stesso periodo del <strong>2022<\/strong>, del <strong>16% sul 2021<\/strong> e addirittura del <strong>28%<\/strong> se si guarda ai primi sei mesi del <strong>2016<\/strong>. Osservando i dati, quindi, \u00e8 ben visibile come le vetture che circolano sulle nostre strade siano \u2013 di anno in anno \u2013 <strong>sempre pi\u00f9 vecchie<\/strong> e, inevitabilmente, meno sicure e pi\u00f9 dispendiose dal punto di vista dei consumi.<\/em><\/p>\n<p><em>Guardando al <strong>parco auto circolante in Italia<\/strong>, quali sono le citt\u00e0 con i veicoli pi\u00f9 vecchi? E quali, invece, quelle con i pi\u00f9 recenti? Secondo l\u2019analisi <\/em>\u00e8 <em><strong>Nuoro<\/strong><\/em><em> la provincia della Penisola con le <strong>auto pi\u00f9 datate<\/strong>; qui, nel primo semestre 2023, l\u2019et\u00e0 media delle vetture era di poco superiore ai <strong>14 anni e 9 mesi<\/strong>, dati alla mano, <strong>il 27,6%<\/strong> <strong>in pi\u00f9<\/strong> rispetto a quanto rilevato a livello nazionale. Seguono <strong>Enna<\/strong> (14 anni e 5 mesi) e <strong>Barletta-Andria-Trani<\/strong>, dove \u2013 nel periodo analizzato \u2013 le auto avevano mediamente appena meno di 14 anni. Chiudono la top five, a brevissima distanza, <strong>Agrigento<\/strong> (13 anni e 9 mesi) e <strong>Matera<\/strong> (13 anni e 7 mesi).<\/em><\/p>\n<p><em>Sul versante opposto della graduatoria nazionale, invece, \u00e8 interessante notare come ai primi posti si posizionino ben cinque province toscane. <strong>Prato<\/strong> \u00e8 risultata essere la zona del Belpaese <strong>con la minore <\/strong>et\u00e0 media dell\u2019auto dal momento che, tra gennaio e giugno 2023, i veicoli di questa provincia avevano mediamente poco pi\u00f9 di <strong>9 anni e 10 mesi<\/strong>, il <strong>14,7% in meno<\/strong> rispetto a quanto rilevato in Italia. Seguono <strong>Massa-Carrara<\/strong> (10 anni e 2 mesi), staccata di un soffio, <strong>Pisa<\/strong> (10 anni e 3 mesi), e \u2013 a pari merito \u2013 <strong>Firenze<\/strong> e <strong>Livorno<\/strong>, province dove nei primi sei mesi dell\u2019anno l\u2019et\u00e0 media dei veicoli a quattro ruote era di quasi <strong>10 anni e 5 mesi<\/strong>. La prima citt\u00e0 non toscana che compare in classifica \u00e8 <strong>Milano<\/strong>, con un valore medio di poco inferiore ai <strong>10 anni e 6 mesi. <\/strong><\/em><\/p>\n<p><em><strong>Rc auto<\/strong><\/em><\/p>\n<p><em>Esiste una <strong>relazione tra costo della polizza Rc auto ed anzianit\u00e0 <\/strong>della vettura? La risposta \u00e8 s\u00ec. I due comparatori hanno <\/em>preso in considerazione il <strong>profilo<\/strong> di un assicurato* e<em> hanno calcolato \u2013 a parit\u00e0 di condizioni &#8211; quanto varia il premio medio pagato con l\u2019<\/em>anzianit\u00e0 del veicolo.<\/p>\n<p>In base al campione esaminato, con un\u2019et\u00e0 media di <strong>10 anni la tariffa<\/strong> da sostenere per l\u2019assicurazione \u00e8 di circa <strong>201 euro<\/strong>, dato che sale a <strong>251 euro<\/strong> se il veicolo ha <strong>11 anni<\/strong> e raggiunge addirittura i <strong>306 euro<\/strong> in corrispondenza di <strong>un\u2019anzianit\u00e0 di 14 anni<\/strong>.<\/p>\n<p><em>\u00abEsiste una correlazione evidente tra premio pagato per assicurare un veicolo a quattro ruote e l\u2019et\u00e0 stessa del veicolo\u00bb, <\/em><em>spiega <strong>Andrea Ghizzoni, Managing Director Insurance di Facile.it<\/strong>.<\/em><em> \u00abPi\u00f9 la vettura \u00e8 datata e pi\u00f9 sar\u00e0 alta la tariffa Rc auto da sostenere. Fare i conti con il proprio portafoglio, al momento dell&#8217;acquisto di un&#8217;auto, non \u00e8 mai semplice. \u00c8 importante tuttavia considerare che possedere e guidare un mezzo vecchio, oltre ad essere meno sicuro e maggiormente dispendioso dal punto di vista dei consumi, pu\u00f2 comportare maggiori costi se si guarda anche alla polizza Rc auto obbligatoria.\u00bb.<\/em><\/p>\n<p><em>\u00a0<\/em><\/p>\n<p><em>* Simulazione effettuata prendendo a campione un assicurato<\/em> <em>di sesso maschile, residente in provincia di Roma, di et\u00e0 compresa tra 50 e 60 anni, in prima classe di merito e proprietario di una Fiat Panda.<\/em><\/p>\n","protected":false},"excerpt":{"rendered":"<p>11 anni e 7 mesi; questa, secondo l\u2019analisi effettuata da Facile.it e Assicurazione.it, l\u2019et\u00e0 media delle auto circolanti sulle strade italiane nel primo semestre 2023, valore in aumento del 28% rispetto allo stesso periodo del 2016, quando il parco auto italiano aveva \u2013 sempre mediamente \u2013 un\u2019et\u00e0 di poco superiore ai 9 anni. Quali sono le citt\u00e0 italiane con i veicoli pi\u00f9 vecchi? E l&#8217;anzianit\u00e0 di una vettura, oltre ad<\/p>\n<p><a class=\"continue-reading\" href=\"https:\/\/www.article-marketing.eu\/comunicatistampa\/eta-media-auto-in-aumento-del-28-in-soli-7-anni\/\">Continue reading&#8230;<\/a><\/p>\n","protected":false},"author":62,"featured_media":0,"comment_status":"open","ping_status":"open","sticky":false,"template":"","format":"standard","meta":{"_monsterinsights_skip_tracking":false,"_monsterinsights_sitenote_active":false,"_monsterinsights_sitenote_note":"","_monsterinsights_sitenote_category":0,"footnotes":""},"categories":[78,386],"tags":[],"class_list":["post-28105","post","type-post","status-publish","format-standard","hentry","category-comunicati-stampa","category-economia-e-lavoro"],"yoast_head":"<!-- This site is optimized with the Yoast SEO plugin v27.3 - https:\/\/yoast.com\/product\/yoast-seo-wordpress\/ -->\n<title>Et\u00e0 media auto: in aumento del 28% in soli 7 anni - Article Marketing<\/title>\n<meta name=\"robots\" content=\"index, follow, max-snippet:-1, max-image-preview:large, max-video-preview:-1\" \/>\n<link rel=\"canonical\" href=\"https:\/\/www.article-marketing.eu\/comunicatistampa\/eta-media-auto-in-aumento-del-28-in-soli-7-anni\/\" \/>\n<meta property=\"og:locale\" content=\"it_IT\" \/>\n<meta property=\"og:type\" content=\"article\" \/>\n<meta property=\"og:title\" content=\"Et\u00e0 media auto: in aumento del 28% in soli 7 anni - Article Marketing\" \/>\n<meta property=\"og:description\" content=\"11 anni e 7 mesi; questa, secondo l\u2019analisi effettuata da Facile.it e Assicurazione.it, l\u2019et\u00e0 media delle auto circolanti sulle strade italiane nel primo semestre 2023, valore in aumento del 28% rispetto allo stesso periodo del 2016, quando il parco auto italiano aveva \u2013 sempre mediamente \u2013 un\u2019et\u00e0 di poco superiore ai 9 anni. Quali sono le citt\u00e0 italiane con i veicoli pi\u00f9 vecchi? E l&#8217;anzianit\u00e0 di una vettura, oltre adContinue reading...\" \/>\n<meta property=\"og:url\" content=\"https:\/\/www.article-marketing.eu\/comunicatistampa\/eta-media-auto-in-aumento-del-28-in-soli-7-anni\/\" \/>\n<meta property=\"og:site_name\" content=\"Article Marketing\" \/>\n<meta property=\"article:published_time\" content=\"2023-08-23T16:34:13+00:00\" \/>\n<meta name=\"author\" content=\"Facile.it\" \/>\n<meta name=\"twitter:card\" content=\"summary_large_image\" \/>\n<meta name=\"twitter:label1\" content=\"Scritto da\" \/>\n\t<meta name=\"twitter:data1\" content=\"Facile.it\" \/>\n\t<meta name=\"twitter:label2\" content=\"Tempo di lettura stimato\" \/>\n\t<meta name=\"twitter:data2\" content=\"4 minuti\" \/>\n<script type=\"application\/ld+json\" class=\"yoast-schema-graph\">{\"@context\":\"https:\\\/\\\/schema.org\",\"@graph\":[{\"@type\":\"Article\",\"@id\":\"https:\\\/\\\/www.article-marketing.eu\\\/comunicatistampa\\\/eta-media-auto-in-aumento-del-28-in-soli-7-anni\\\/#article\",\"isPartOf\":{\"@id\":\"https:\\\/\\\/www.article-marketing.eu\\\/comunicatistampa\\\/eta-media-auto-in-aumento-del-28-in-soli-7-anni\\\/\"},\"author\":{\"name\":\"Facile.it\",\"@id\":\"https:\\\/\\\/www.article-marketing.eu\\\/comunicatistampa\\\/#\\\/schema\\\/person\\\/1deca6d9e0cf173abfe76a90ef261a2a\"},\"headline\":\"Et\u00e0 media auto: in aumento del 28% in soli 7 anni\",\"datePublished\":\"2023-08-23T16:34:13+00:00\",\"mainEntityOfPage\":{\"@id\":\"https:\\\/\\\/www.article-marketing.eu\\\/comunicatistampa\\\/eta-media-auto-in-aumento-del-28-in-soli-7-anni\\\/\"},\"wordCount\":656,\"commentCount\":0,\"articleSection\":[\"Comunicati stampa\",\"Economia e lavoro\"],\"inLanguage\":\"it-IT\",\"potentialAction\":[{\"@type\":\"CommentAction\",\"name\":\"Comment\",\"target\":[\"https:\\\/\\\/www.article-marketing.eu\\\/comunicatistampa\\\/eta-media-auto-in-aumento-del-28-in-soli-7-anni\\\/#respond\"]}]},{\"@type\":\"WebPage\",\"@id\":\"https:\\\/\\\/www.article-marketing.eu\\\/comunicatistampa\\\/eta-media-auto-in-aumento-del-28-in-soli-7-anni\\\/\",\"url\":\"https:\\\/\\\/www.article-marketing.eu\\\/comunicatistampa\\\/eta-media-auto-in-aumento-del-28-in-soli-7-anni\\\/\",\"name\":\"Et\u00e0 media auto: in aumento del 28% in soli 7 anni - Article Marketing\",\"isPartOf\":{\"@id\":\"https:\\\/\\\/www.article-marketing.eu\\\/comunicatistampa\\\/#website\"},\"datePublished\":\"2023-08-23T16:34:13+00:00\",\"author\":{\"@id\":\"https:\\\/\\\/www.article-marketing.eu\\\/comunicatistampa\\\/#\\\/schema\\\/person\\\/1deca6d9e0cf173abfe76a90ef261a2a\"},\"breadcrumb\":{\"@id\":\"https:\\\/\\\/www.article-marketing.eu\\\/comunicatistampa\\\/eta-media-auto-in-aumento-del-28-in-soli-7-anni\\\/#breadcrumb\"},\"inLanguage\":\"it-IT\",\"potentialAction\":[{\"@type\":\"ReadAction\",\"target\":[\"https:\\\/\\\/www.article-marketing.eu\\\/comunicatistampa\\\/eta-media-auto-in-aumento-del-28-in-soli-7-anni\\\/\"]}]},{\"@type\":\"BreadcrumbList\",\"@id\":\"https:\\\/\\\/www.article-marketing.eu\\\/comunicatistampa\\\/eta-media-auto-in-aumento-del-28-in-soli-7-anni\\\/#breadcrumb\",\"itemListElement\":[{\"@type\":\"ListItem\",\"position\":1,\"name\":\"Home\",\"item\":\"https:\\\/\\\/www.article-marketing.eu\\\/comunicatistampa\\\/\"},{\"@type\":\"ListItem\",\"position\":2,\"name\":\"Et\u00e0 media auto: in aumento del 28% in soli 7 anni\"}]},{\"@type\":\"WebSite\",\"@id\":\"https:\\\/\\\/www.article-marketing.eu\\\/comunicatistampa\\\/#website\",\"url\":\"https:\\\/\\\/www.article-marketing.eu\\\/comunicatistampa\\\/\",\"name\":\"Article Marketing\",\"description\":\"article marketing &amp; press release\",\"potentialAction\":[{\"@type\":\"SearchAction\",\"target\":{\"@type\":\"EntryPoint\",\"urlTemplate\":\"https:\\\/\\\/www.article-marketing.eu\\\/comunicatistampa\\\/?s={search_term_string}\"},\"query-input\":{\"@type\":\"PropertyValueSpecification\",\"valueRequired\":true,\"valueName\":\"search_term_string\"}}],\"inLanguage\":\"it-IT\"},{\"@type\":\"Person\",\"@id\":\"https:\\\/\\\/www.article-marketing.eu\\\/comunicatistampa\\\/#\\\/schema\\\/person\\\/1deca6d9e0cf173abfe76a90ef261a2a\",\"name\":\"Facile.it\",\"image\":{\"@type\":\"ImageObject\",\"inLanguage\":\"it-IT\",\"@id\":\"https:\\\/\\\/secure.gravatar.com\\\/avatar\\\/2623775dfcd174bde1a788a4bc028e9035747fa40886953f4954f56c45cf4b34?s=96&d=mm&r=g\",\"url\":\"https:\\\/\\\/secure.gravatar.com\\\/avatar\\\/2623775dfcd174bde1a788a4bc028e9035747fa40886953f4954f56c45cf4b34?s=96&d=mm&r=g\",\"contentUrl\":\"https:\\\/\\\/secure.gravatar.com\\\/avatar\\\/2623775dfcd174bde1a788a4bc028e9035747fa40886953f4954f56c45cf4b34?s=96&d=mm&r=g\",\"caption\":\"Facile.it\"},\"url\":\"https:\\\/\\\/www.article-marketing.eu\\\/comunicatistampa\\\/author\\\/facile-it\\\/\"}]}<\/script>\n<!-- \/ Yoast SEO plugin. -->","yoast_head_json":{"title":"Et\u00e0 media auto: in aumento del 28% in soli 7 anni - Article Marketing","robots":{"index":"index","follow":"follow","max-snippet":"max-snippet:-1","max-image-preview":"max-image-preview:large","max-video-preview":"max-video-preview:-1"},"canonical":"https:\/\/www.article-marketing.eu\/comunicatistampa\/eta-media-auto-in-aumento-del-28-in-soli-7-anni\/","og_locale":"it_IT","og_type":"article","og_title":"Et\u00e0 media auto: in aumento del 28% in soli 7 anni - Article Marketing","og_description":"11 anni e 7 mesi; questa, secondo l\u2019analisi effettuata da Facile.it e Assicurazione.it, l\u2019et\u00e0 media delle auto circolanti sulle strade italiane nel primo semestre 2023, valore in aumento del 28% rispetto allo stesso periodo del 2016, quando il parco auto italiano aveva \u2013 sempre mediamente \u2013 un\u2019et\u00e0 di poco superiore ai 9 anni. Quali sono le citt\u00e0 italiane con i veicoli pi\u00f9 vecchi? E l&#8217;anzianit\u00e0 di una vettura, oltre adContinue reading...","og_url":"https:\/\/www.article-marketing.eu\/comunicatistampa\/eta-media-auto-in-aumento-del-28-in-soli-7-anni\/","og_site_name":"Article Marketing","article_published_time":"2023-08-23T16:34:13+00:00","author":"Facile.it","twitter_card":"summary_large_image","twitter_misc":{"Scritto da":"Facile.it","Tempo di lettura stimato":"4 minuti"},"schema":{"@context":"https:\/\/schema.org","@graph":[{"@type":"Article","@id":"https:\/\/www.article-marketing.eu\/comunicatistampa\/eta-media-auto-in-aumento-del-28-in-soli-7-anni\/#article","isPartOf":{"@id":"https:\/\/www.article-marketing.eu\/comunicatistampa\/eta-media-auto-in-aumento-del-28-in-soli-7-anni\/"},"author":{"name":"Facile.it","@id":"https:\/\/www.article-marketing.eu\/comunicatistampa\/#\/schema\/person\/1deca6d9e0cf173abfe76a90ef261a2a"},"headline":"Et\u00e0 media auto: in aumento del 28% in soli 7 anni","datePublished":"2023-08-23T16:34:13+00:00","mainEntityOfPage":{"@id":"https:\/\/www.article-marketing.eu\/comunicatistampa\/eta-media-auto-in-aumento-del-28-in-soli-7-anni\/"},"wordCount":656,"commentCount":0,"articleSection":["Comunicati stampa","Economia e lavoro"],"inLanguage":"it-IT","potentialAction":[{"@type":"CommentAction","name":"Comment","target":["https:\/\/www.article-marketing.eu\/comunicatistampa\/eta-media-auto-in-aumento-del-28-in-soli-7-anni\/#respond"]}]},{"@type":"WebPage","@id":"https:\/\/www.article-marketing.eu\/comunicatistampa\/eta-media-auto-in-aumento-del-28-in-soli-7-anni\/","url":"https:\/\/www.article-marketing.eu\/comunicatistampa\/eta-media-auto-in-aumento-del-28-in-soli-7-anni\/","name":"Et\u00e0 media auto: in aumento del 28% in soli 7 anni - Article Marketing","isPartOf":{"@id":"https:\/\/www.article-marketing.eu\/comunicatistampa\/#website"},"datePublished":"2023-08-23T16:34:13+00:00","author":{"@id":"https:\/\/www.article-marketing.eu\/comunicatistampa\/#\/schema\/person\/1deca6d9e0cf173abfe76a90ef261a2a"},"breadcrumb":{"@id":"https:\/\/www.article-marketing.eu\/comunicatistampa\/eta-media-auto-in-aumento-del-28-in-soli-7-anni\/#breadcrumb"},"inLanguage":"it-IT","potentialAction":[{"@type":"ReadAction","target":["https:\/\/www.article-marketing.eu\/comunicatistampa\/eta-media-auto-in-aumento-del-28-in-soli-7-anni\/"]}]},{"@type":"BreadcrumbList","@id":"https:\/\/www.article-marketing.eu\/comunicatistampa\/eta-media-auto-in-aumento-del-28-in-soli-7-anni\/#breadcrumb","itemListElement":[{"@type":"ListItem","position":1,"name":"Home","item":"https:\/\/www.article-marketing.eu\/comunicatistampa\/"},{"@type":"ListItem","position":2,"name":"Et\u00e0 media auto: in aumento del 28% in soli 7 anni"}]},{"@type":"WebSite","@id":"https:\/\/www.article-marketing.eu\/comunicatistampa\/#website","url":"https:\/\/www.article-marketing.eu\/comunicatistampa\/","name":"Article Marketing","description":"article marketing &amp; press release","potentialAction":[{"@type":"SearchAction","target":{"@type":"EntryPoint","urlTemplate":"https:\/\/www.article-marketing.eu\/comunicatistampa\/?s={search_term_string}"},"query-input":{"@type":"PropertyValueSpecification","valueRequired":true,"valueName":"search_term_string"}}],"inLanguage":"it-IT"},{"@type":"Person","@id":"https:\/\/www.article-marketing.eu\/comunicatistampa\/#\/schema\/person\/1deca6d9e0cf173abfe76a90ef261a2a","name":"Facile.it","image":{"@type":"ImageObject","inLanguage":"it-IT","@id":"https:\/\/secure.gravatar.com\/avatar\/2623775dfcd174bde1a788a4bc028e9035747fa40886953f4954f56c45cf4b34?s=96&d=mm&r=g","url":"https:\/\/secure.gravatar.com\/avatar\/2623775dfcd174bde1a788a4bc028e9035747fa40886953f4954f56c45cf4b34?s=96&d=mm&r=g","contentUrl":"https:\/\/secure.gravatar.com\/avatar\/2623775dfcd174bde1a788a4bc028e9035747fa40886953f4954f56c45cf4b34?s=96&d=mm&r=g","caption":"Facile.it"},"url":"https:\/\/www.article-marketing.eu\/comunicatistampa\/author\/facile-it\/"}]}},"_links":{"self":[{"href":"https:\/\/www.article-marketing.eu\/comunicatistampa\/wp-json\/wp\/v2\/posts\/28105","targetHints":{"allow":["GET"]}}],"collection":[{"href":"https:\/\/www.article-marketing.eu\/comunicatistampa\/wp-json\/wp\/v2\/posts"}],"about":[{"href":"https:\/\/www.article-marketing.eu\/comunicatistampa\/wp-json\/wp\/v2\/types\/post"}],"author":[{"embeddable":true,"href":"https:\/\/www.article-marketing.eu\/comunicatistampa\/wp-json\/wp\/v2\/users\/62"}],"replies":[{"embeddable":true,"href":"https:\/\/www.article-marketing.eu\/comunicatistampa\/wp-json\/wp\/v2\/comments?post=28105"}],"version-history":[{"count":2,"href":"https:\/\/www.article-marketing.eu\/comunicatistampa\/wp-json\/wp\/v2\/posts\/28105\/revisions"}],"predecessor-version":[{"id":28112,"href":"https:\/\/www.article-marketing.eu\/comunicatistampa\/wp-json\/wp\/v2\/posts\/28105\/revisions\/28112"}],"wp:attachment":[{"href":"https:\/\/www.article-marketing.eu\/comunicatistampa\/wp-json\/wp\/v2\/media?parent=28105"}],"wp:term":[{"taxonomy":"category","embeddable":true,"href":"https:\/\/www.article-marketing.eu\/comunicatistampa\/wp-json\/wp\/v2\/categories?post=28105"},{"taxonomy":"post_tag","embeddable":true,"href":"https:\/\/www.article-marketing.eu\/comunicatistampa\/wp-json\/wp\/v2\/tags?post=28105"}],"curies":[{"name":"wp","href":"https:\/\/api.w.org\/{rel}","templated":true}]}}