{"id":28119,"date":"2023-08-25T17:51:20","date_gmt":"2023-08-25T15:51:20","guid":{"rendered":"https:\/\/www.article-marketing.eu\/comunicatistampa\/?p=28119"},"modified":"2023-08-25T19:47:12","modified_gmt":"2023-08-25T17:47:12","slug":"claudio-descalzi-lapproccio-integrato-di-eni-alla-decarbonizzazione-al-meeting-di-rimini","status":"publish","type":"post","link":"https:\/\/www.article-marketing.eu\/comunicatistampa\/claudio-descalzi-lapproccio-integrato-di-eni-alla-decarbonizzazione-al-meeting-di-rimini\/","title":{"rendered":"Claudio Descalzi: l\u2019approccio integrato di Eni alla decarbonizzazione al Meeting di Rimini"},"content":{"rendered":"<p><strong><em><a title=\"Claudio Descalzi, biografia professionale\" href=\"https:\/\/www.executivemanager.it\/Claudio-Descalzi\/\">Claudio Descalzi<\/a>: \u201cNon esiste una transizione energetica sostenibile senza che l\u2019industria energetica e i suoi clienti siano pienamente coinvolti\u201d.<\/em><\/strong><\/p>\n<p><a title=\"Claudio Descalzi, il percorso professionale dell'AD di Eni\" href=\"https:\/\/www.executivemanager.it\/Claudio-Descalzi\/\"><img loading=\"lazy\" decoding=\"async\" src=\"https:\/\/www.eni.com\/assets\/images\/topic\/chi-siamo\/people-image\/2023\/claudio-descalzi-2023.jpg.rend.290.290.png\" alt=\"Claudio Descalzi\" width=\"290\" height=\"290\" \/><\/a><\/p>\n<h2>Claudio Descalzi: To Zero Together, insieme per vincere le sfide della decarbonizzazione<\/h2>\n<p>L\u2019AD <a title=\"Claudio Descalzi, il percorso professionale\" href=\"https:\/\/www.executivemanager.it\/Claudio-Descalzi\/\"><strong>Claudio Descalzi<\/strong><\/a> lo aveva sottolineato anche lo scorso anno quando l\u2019Atlantic Council gli confer\u00ec il Distinguished Business Leadership Award 2022 riconoscendo il ruolo \u201cstraordinario\u201d che riveste nel settore energetico a livello internazionale, il valore della trasformazione tecnologica di Eni orientata alla completa decarbonizzazione entro il 2050 e i progressi raggiunti in risposta alla sfida della sicurezza energetica italiana ed europea: \u201c<em>Non c\u2019\u00e8 un futuro economico sostenibile per l&#8217;industria senza la transizione. Tuttavia, \u00e8 anche vero che non esiste una transizione energetica sostenibile senza che l\u2019industria energetica e i suoi clienti siano pienamente coinvolti<\/em>\u201d. \u00c8 questa la direzione in cui guarda Eni con \u201cTo Zero Together\u201d, approccio distintivo che sostiene fortemente anche l\u2019AD <strong>Claudio Descalzi<\/strong>: porre il cliente al centro di azioni e strategie funzionali al raggiungimento della neutralit\u00e0 carbonica entro la met\u00e0 del secolo. \u201cTo Zero Together\u201d \u00e8 una sfida importante che guarda in pi\u00f9 direzioni: la mobilit\u00e0 del futuro, le energie rinnovabili e la chimica circolare per citarne alcune.<\/p>\n<h2>Claudio Descalzi: un\u2019energia pi\u00f9 sostenibile, un impegno per le persone<\/h2>\n<p>Il coinvolgimento delle persone, come indicato anche dall\u2019AD <strong>Claudio Descalzi<\/strong>, \u00e8 fondamentale per portare avanti efficacemente la transizione energetica e raggiungere gli obiettivi di decarbonizzazione. Non a caso sono numerose le iniziative che Eni promuove anche nell\u2019ottica di condividere la propria vision. Tra queste la partnership con il Meeting di Rimini: un\u2019occasione importante per raccontare cosa significa mettere il cliente al centro e illustrare le funzionalit\u00e0 dell\u2019approccio integrato alla decarbonizzazione implementato. Il Gruppo guidato da <strong>Claudio Descalzi<\/strong> \u00e8 presente anche quest\u2019anno nei padiglioni della Fiera. \u201c<em>Insieme alle nostre societ\u00e0 retail mostriamo i prodotti e le soluzioni concrete per la transizione energetica: dalla ricerca sulle fonti rinnovabili e le loro applicazioni ai consumi domestici, ai progetti di chimica circolare, passando per nuovi servizi per una mobilit\u00e0 pi\u00f9 sostenibile<\/em>\u201d si legge sul sito di Eni. La 44\u00aa edizione del Meeting di Rimini, in programma dal 20 al 25 agosto, \u00e8 stata intitolata \u201cL\u2019esistenza umana \u00e8 un\u2019amicizia inesauribile\u201d: al centro il tema della relazione con l\u2019altro come invito al dialogo e alla condivisione di conoscenze ed esperienze reciproche.<\/p>\n","protected":false},"excerpt":{"rendered":"<p>Claudio Descalzi: \u201cNon esiste una transizione energetica sostenibile senza che l\u2019industria energetica e i suoi clienti siano pienamente coinvolti\u201d. Claudio Descalzi: To Zero Together, insieme per vincere le sfide della decarbonizzazione L\u2019AD Claudio Descalzi lo aveva sottolineato anche lo scorso anno quando l\u2019Atlantic Council gli confer\u00ec il Distinguished Business Leadership Award 2022 riconoscendo il ruolo \u201cstraordinario\u201d che riveste nel settore energetico a livello internazionale, il valore della trasformazione tecnologica di<\/p>\n<p><a class=\"continue-reading\" href=\"https:\/\/www.article-marketing.eu\/comunicatistampa\/claudio-descalzi-lapproccio-integrato-di-eni-alla-decarbonizzazione-al-meeting-di-rimini\/\">Continue reading&#8230;<\/a><\/p>\n","protected":false},"author":6477,"featured_media":0,"comment_status":"open","ping_status":"open","sticky":false,"template":"","format":"standard","meta":{"_monsterinsights_skip_tracking":false,"_monsterinsights_sitenote_active":false,"_monsterinsights_sitenote_note":"","_monsterinsights_sitenote_category":0,"footnotes":""},"categories":[386],"tags":[9889],"class_list":["post-28119","post","type-post","status-publish","format-standard","hentry","category-economia-e-lavoro","tag-claudio-descalzi"],"yoast_head":"<!-- This site is optimized with the Yoast SEO plugin v27.3 - https:\/\/yoast.com\/product\/yoast-seo-wordpress\/ -->\n<title>Claudio Descalzi: l\u2019approccio integrato di Eni alla decarbonizzazione al Meeting di Rimini<\/title>\n<meta name=\"robots\" content=\"index, follow, max-snippet:-1, max-image-preview:large, max-video-preview:-1\" \/>\n<link rel=\"canonical\" href=\"https:\/\/www.article-marketing.eu\/comunicatistampa\/claudio-descalzi-lapproccio-integrato-di-eni-alla-decarbonizzazione-al-meeting-di-rimini\/\" \/>\n<meta property=\"og:locale\" content=\"it_IT\" \/>\n<meta property=\"og:type\" content=\"article\" \/>\n<meta property=\"og:title\" content=\"Claudio Descalzi: l\u2019approccio integrato di Eni alla decarbonizzazione al Meeting di Rimini\" \/>\n<meta property=\"og:description\" content=\"Claudio Descalzi: \u201cNon esiste una transizione energetica sostenibile senza che l\u2019industria energetica e i suoi clienti siano pienamente coinvolti\u201d. Claudio Descalzi: To Zero Together, insieme per vincere le sfide della decarbonizzazione L\u2019AD Claudio Descalzi lo aveva sottolineato anche lo scorso anno quando l\u2019Atlantic Council gli confer\u00ec il Distinguished Business Leadership Award 2022 riconoscendo il ruolo \u201cstraordinario\u201d che riveste nel settore energetico a livello internazionale, il valore della trasformazione tecnologica diContinue reading...\" \/>\n<meta property=\"og:url\" content=\"https:\/\/www.article-marketing.eu\/comunicatistampa\/claudio-descalzi-lapproccio-integrato-di-eni-alla-decarbonizzazione-al-meeting-di-rimini\/\" \/>\n<meta property=\"og:site_name\" content=\"Article Marketing\" \/>\n<meta property=\"article:published_time\" content=\"2023-08-25T15:51:20+00:00\" \/>\n<meta property=\"article:modified_time\" content=\"2023-08-25T17:47:12+00:00\" \/>\n<meta property=\"og:image\" content=\"https:\/\/www.eni.com\/assets\/images\/topic\/chi-siamo\/people-image\/2023\/claudio-descalzi-2023.jpg.rend.290.290.png\" \/>\n<meta name=\"author\" content=\"articolinews\" \/>\n<meta name=\"twitter:card\" content=\"summary_large_image\" \/>\n<meta name=\"twitter:label1\" content=\"Scritto da\" \/>\n\t<meta name=\"twitter:data1\" content=\"articolinews\" \/>\n\t<meta name=\"twitter:label2\" content=\"Tempo di lettura stimato\" \/>\n\t<meta name=\"twitter:data2\" content=\"3 minuti\" \/>\n<script type=\"application\/ld+json\" class=\"yoast-schema-graph\">{\"@context\":\"https:\\\/\\\/schema.org\",\"@graph\":[{\"@type\":\"Article\",\"@id\":\"https:\\\/\\\/www.article-marketing.eu\\\/comunicatistampa\\\/claudio-descalzi-lapproccio-integrato-di-eni-alla-decarbonizzazione-al-meeting-di-rimini\\\/#article\",\"isPartOf\":{\"@id\":\"https:\\\/\\\/www.article-marketing.eu\\\/comunicatistampa\\\/claudio-descalzi-lapproccio-integrato-di-eni-alla-decarbonizzazione-al-meeting-di-rimini\\\/\"},\"author\":{\"name\":\"articolinews\",\"@id\":\"https:\\\/\\\/www.article-marketing.eu\\\/comunicatistampa\\\/#\\\/schema\\\/person\\\/2fcaf8f8f3a9eef9eb7f27532d3ca458\"},\"headline\":\"Claudio Descalzi: l\u2019approccio integrato di Eni alla decarbonizzazione al Meeting di Rimini\",\"datePublished\":\"2023-08-25T15:51:20+00:00\",\"dateModified\":\"2023-08-25T17:47:12+00:00\",\"mainEntityOfPage\":{\"@id\":\"https:\\\/\\\/www.article-marketing.eu\\\/comunicatistampa\\\/claudio-descalzi-lapproccio-integrato-di-eni-alla-decarbonizzazione-al-meeting-di-rimini\\\/\"},\"wordCount\":392,\"commentCount\":0,\"image\":{\"@id\":\"https:\\\/\\\/www.article-marketing.eu\\\/comunicatistampa\\\/claudio-descalzi-lapproccio-integrato-di-eni-alla-decarbonizzazione-al-meeting-di-rimini\\\/#primaryimage\"},\"thumbnailUrl\":\"https:\\\/\\\/www.eni.com\\\/assets\\\/images\\\/topic\\\/chi-siamo\\\/people-image\\\/2023\\\/claudio-descalzi-2023.jpg.rend.290.290.png\",\"keywords\":[\"Claudio Descalzi\"],\"articleSection\":[\"Economia e lavoro\"],\"inLanguage\":\"it-IT\",\"potentialAction\":[{\"@type\":\"CommentAction\",\"name\":\"Comment\",\"target\":[\"https:\\\/\\\/www.article-marketing.eu\\\/comunicatistampa\\\/claudio-descalzi-lapproccio-integrato-di-eni-alla-decarbonizzazione-al-meeting-di-rimini\\\/#respond\"]}]},{\"@type\":\"WebPage\",\"@id\":\"https:\\\/\\\/www.article-marketing.eu\\\/comunicatistampa\\\/claudio-descalzi-lapproccio-integrato-di-eni-alla-decarbonizzazione-al-meeting-di-rimini\\\/\",\"url\":\"https:\\\/\\\/www.article-marketing.eu\\\/comunicatistampa\\\/claudio-descalzi-lapproccio-integrato-di-eni-alla-decarbonizzazione-al-meeting-di-rimini\\\/\",\"name\":\"Claudio Descalzi: l\u2019approccio integrato di Eni alla decarbonizzazione al Meeting di Rimini\",\"isPartOf\":{\"@id\":\"https:\\\/\\\/www.article-marketing.eu\\\/comunicatistampa\\\/#website\"},\"primaryImageOfPage\":{\"@id\":\"https:\\\/\\\/www.article-marketing.eu\\\/comunicatistampa\\\/claudio-descalzi-lapproccio-integrato-di-eni-alla-decarbonizzazione-al-meeting-di-rimini\\\/#primaryimage\"},\"image\":{\"@id\":\"https:\\\/\\\/www.article-marketing.eu\\\/comunicatistampa\\\/claudio-descalzi-lapproccio-integrato-di-eni-alla-decarbonizzazione-al-meeting-di-rimini\\\/#primaryimage\"},\"thumbnailUrl\":\"https:\\\/\\\/www.eni.com\\\/assets\\\/images\\\/topic\\\/chi-siamo\\\/people-image\\\/2023\\\/claudio-descalzi-2023.jpg.rend.290.290.png\",\"datePublished\":\"2023-08-25T15:51:20+00:00\",\"dateModified\":\"2023-08-25T17:47:12+00:00\",\"author\":{\"@id\":\"https:\\\/\\\/www.article-marketing.eu\\\/comunicatistampa\\\/#\\\/schema\\\/person\\\/2fcaf8f8f3a9eef9eb7f27532d3ca458\"},\"breadcrumb\":{\"@id\":\"https:\\\/\\\/www.article-marketing.eu\\\/comunicatistampa\\\/claudio-descalzi-lapproccio-integrato-di-eni-alla-decarbonizzazione-al-meeting-di-rimini\\\/#breadcrumb\"},\"inLanguage\":\"it-IT\",\"potentialAction\":[{\"@type\":\"ReadAction\",\"target\":[\"https:\\\/\\\/www.article-marketing.eu\\\/comunicatistampa\\\/claudio-descalzi-lapproccio-integrato-di-eni-alla-decarbonizzazione-al-meeting-di-rimini\\\/\"]}]},{\"@type\":\"ImageObject\",\"inLanguage\":\"it-IT\",\"@id\":\"https:\\\/\\\/www.article-marketing.eu\\\/comunicatistampa\\\/claudio-descalzi-lapproccio-integrato-di-eni-alla-decarbonizzazione-al-meeting-di-rimini\\\/#primaryimage\",\"url\":\"https:\\\/\\\/www.eni.com\\\/assets\\\/images\\\/topic\\\/chi-siamo\\\/people-image\\\/2023\\\/claudio-descalzi-2023.jpg.rend.290.290.png\",\"contentUrl\":\"https:\\\/\\\/www.eni.com\\\/assets\\\/images\\\/topic\\\/chi-siamo\\\/people-image\\\/2023\\\/claudio-descalzi-2023.jpg.rend.290.290.png\"},{\"@type\":\"BreadcrumbList\",\"@id\":\"https:\\\/\\\/www.article-marketing.eu\\\/comunicatistampa\\\/claudio-descalzi-lapproccio-integrato-di-eni-alla-decarbonizzazione-al-meeting-di-rimini\\\/#breadcrumb\",\"itemListElement\":[{\"@type\":\"ListItem\",\"position\":1,\"name\":\"Home\",\"item\":\"https:\\\/\\\/www.article-marketing.eu\\\/comunicatistampa\\\/\"},{\"@type\":\"ListItem\",\"position\":2,\"name\":\"Claudio Descalzi: l\u2019approccio integrato di Eni alla decarbonizzazione al Meeting di Rimini\"}]},{\"@type\":\"WebSite\",\"@id\":\"https:\\\/\\\/www.article-marketing.eu\\\/comunicatistampa\\\/#website\",\"url\":\"https:\\\/\\\/www.article-marketing.eu\\\/comunicatistampa\\\/\",\"name\":\"Article Marketing\",\"description\":\"article marketing &amp; press release\",\"potentialAction\":[{\"@type\":\"SearchAction\",\"target\":{\"@type\":\"EntryPoint\",\"urlTemplate\":\"https:\\\/\\\/www.article-marketing.eu\\\/comunicatistampa\\\/?s={search_term_string}\"},\"query-input\":{\"@type\":\"PropertyValueSpecification\",\"valueRequired\":true,\"valueName\":\"search_term_string\"}}],\"inLanguage\":\"it-IT\"},{\"@type\":\"Person\",\"@id\":\"https:\\\/\\\/www.article-marketing.eu\\\/comunicatistampa\\\/#\\\/schema\\\/person\\\/2fcaf8f8f3a9eef9eb7f27532d3ca458\",\"name\":\"articolinews\",\"image\":{\"@type\":\"ImageObject\",\"inLanguage\":\"it-IT\",\"@id\":\"https:\\\/\\\/secure.gravatar.com\\\/avatar\\\/9e2a264bab04e17dea24d937c9956304649a848cb73c46747a692ff1bdeb1cb7?s=96&d=mm&r=g\",\"url\":\"https:\\\/\\\/secure.gravatar.com\\\/avatar\\\/9e2a264bab04e17dea24d937c9956304649a848cb73c46747a692ff1bdeb1cb7?s=96&d=mm&r=g\",\"contentUrl\":\"https:\\\/\\\/secure.gravatar.com\\\/avatar\\\/9e2a264bab04e17dea24d937c9956304649a848cb73c46747a692ff1bdeb1cb7?s=96&d=mm&r=g\",\"caption\":\"articolinews\"},\"url\":\"https:\\\/\\\/www.article-marketing.eu\\\/comunicatistampa\\\/author\\\/articolinews\\\/\"}]}<\/script>\n<!-- \/ Yoast SEO plugin. -->","yoast_head_json":{"title":"Claudio Descalzi: l\u2019approccio integrato di Eni alla decarbonizzazione al Meeting di Rimini","robots":{"index":"index","follow":"follow","max-snippet":"max-snippet:-1","max-image-preview":"max-image-preview:large","max-video-preview":"max-video-preview:-1"},"canonical":"https:\/\/www.article-marketing.eu\/comunicatistampa\/claudio-descalzi-lapproccio-integrato-di-eni-alla-decarbonizzazione-al-meeting-di-rimini\/","og_locale":"it_IT","og_type":"article","og_title":"Claudio Descalzi: l\u2019approccio integrato di Eni alla decarbonizzazione al Meeting di Rimini","og_description":"Claudio Descalzi: \u201cNon esiste una transizione energetica sostenibile senza che l\u2019industria energetica e i suoi clienti siano pienamente coinvolti\u201d. Claudio Descalzi: To Zero Together, insieme per vincere le sfide della decarbonizzazione L\u2019AD Claudio Descalzi lo aveva sottolineato anche lo scorso anno quando l\u2019Atlantic Council gli confer\u00ec il Distinguished Business Leadership Award 2022 riconoscendo il ruolo \u201cstraordinario\u201d che riveste nel settore energetico a livello internazionale, il valore della trasformazione tecnologica diContinue reading...","og_url":"https:\/\/www.article-marketing.eu\/comunicatistampa\/claudio-descalzi-lapproccio-integrato-di-eni-alla-decarbonizzazione-al-meeting-di-rimini\/","og_site_name":"Article Marketing","article_published_time":"2023-08-25T15:51:20+00:00","article_modified_time":"2023-08-25T17:47:12+00:00","og_image":[{"url":"https:\/\/www.eni.com\/assets\/images\/topic\/chi-siamo\/people-image\/2023\/claudio-descalzi-2023.jpg.rend.290.290.png","type":"","width":"","height":""}],"author":"articolinews","twitter_card":"summary_large_image","twitter_misc":{"Scritto da":"articolinews","Tempo di lettura stimato":"3 minuti"},"schema":{"@context":"https:\/\/schema.org","@graph":[{"@type":"Article","@id":"https:\/\/www.article-marketing.eu\/comunicatistampa\/claudio-descalzi-lapproccio-integrato-di-eni-alla-decarbonizzazione-al-meeting-di-rimini\/#article","isPartOf":{"@id":"https:\/\/www.article-marketing.eu\/comunicatistampa\/claudio-descalzi-lapproccio-integrato-di-eni-alla-decarbonizzazione-al-meeting-di-rimini\/"},"author":{"name":"articolinews","@id":"https:\/\/www.article-marketing.eu\/comunicatistampa\/#\/schema\/person\/2fcaf8f8f3a9eef9eb7f27532d3ca458"},"headline":"Claudio Descalzi: l\u2019approccio integrato di Eni alla decarbonizzazione al Meeting di Rimini","datePublished":"2023-08-25T15:51:20+00:00","dateModified":"2023-08-25T17:47:12+00:00","mainEntityOfPage":{"@id":"https:\/\/www.article-marketing.eu\/comunicatistampa\/claudio-descalzi-lapproccio-integrato-di-eni-alla-decarbonizzazione-al-meeting-di-rimini\/"},"wordCount":392,"commentCount":0,"image":{"@id":"https:\/\/www.article-marketing.eu\/comunicatistampa\/claudio-descalzi-lapproccio-integrato-di-eni-alla-decarbonizzazione-al-meeting-di-rimini\/#primaryimage"},"thumbnailUrl":"https:\/\/www.eni.com\/assets\/images\/topic\/chi-siamo\/people-image\/2023\/claudio-descalzi-2023.jpg.rend.290.290.png","keywords":["Claudio Descalzi"],"articleSection":["Economia e lavoro"],"inLanguage":"it-IT","potentialAction":[{"@type":"CommentAction","name":"Comment","target":["https:\/\/www.article-marketing.eu\/comunicatistampa\/claudio-descalzi-lapproccio-integrato-di-eni-alla-decarbonizzazione-al-meeting-di-rimini\/#respond"]}]},{"@type":"WebPage","@id":"https:\/\/www.article-marketing.eu\/comunicatistampa\/claudio-descalzi-lapproccio-integrato-di-eni-alla-decarbonizzazione-al-meeting-di-rimini\/","url":"https:\/\/www.article-marketing.eu\/comunicatistampa\/claudio-descalzi-lapproccio-integrato-di-eni-alla-decarbonizzazione-al-meeting-di-rimini\/","name":"Claudio Descalzi: l\u2019approccio integrato di Eni alla decarbonizzazione al Meeting di Rimini","isPartOf":{"@id":"https:\/\/www.article-marketing.eu\/comunicatistampa\/#website"},"primaryImageOfPage":{"@id":"https:\/\/www.article-marketing.eu\/comunicatistampa\/claudio-descalzi-lapproccio-integrato-di-eni-alla-decarbonizzazione-al-meeting-di-rimini\/#primaryimage"},"image":{"@id":"https:\/\/www.article-marketing.eu\/comunicatistampa\/claudio-descalzi-lapproccio-integrato-di-eni-alla-decarbonizzazione-al-meeting-di-rimini\/#primaryimage"},"thumbnailUrl":"https:\/\/www.eni.com\/assets\/images\/topic\/chi-siamo\/people-image\/2023\/claudio-descalzi-2023.jpg.rend.290.290.png","datePublished":"2023-08-25T15:51:20+00:00","dateModified":"2023-08-25T17:47:12+00:00","author":{"@id":"https:\/\/www.article-marketing.eu\/comunicatistampa\/#\/schema\/person\/2fcaf8f8f3a9eef9eb7f27532d3ca458"},"breadcrumb":{"@id":"https:\/\/www.article-marketing.eu\/comunicatistampa\/claudio-descalzi-lapproccio-integrato-di-eni-alla-decarbonizzazione-al-meeting-di-rimini\/#breadcrumb"},"inLanguage":"it-IT","potentialAction":[{"@type":"ReadAction","target":["https:\/\/www.article-marketing.eu\/comunicatistampa\/claudio-descalzi-lapproccio-integrato-di-eni-alla-decarbonizzazione-al-meeting-di-rimini\/"]}]},{"@type":"ImageObject","inLanguage":"it-IT","@id":"https:\/\/www.article-marketing.eu\/comunicatistampa\/claudio-descalzi-lapproccio-integrato-di-eni-alla-decarbonizzazione-al-meeting-di-rimini\/#primaryimage","url":"https:\/\/www.eni.com\/assets\/images\/topic\/chi-siamo\/people-image\/2023\/claudio-descalzi-2023.jpg.rend.290.290.png","contentUrl":"https:\/\/www.eni.com\/assets\/images\/topic\/chi-siamo\/people-image\/2023\/claudio-descalzi-2023.jpg.rend.290.290.png"},{"@type":"BreadcrumbList","@id":"https:\/\/www.article-marketing.eu\/comunicatistampa\/claudio-descalzi-lapproccio-integrato-di-eni-alla-decarbonizzazione-al-meeting-di-rimini\/#breadcrumb","itemListElement":[{"@type":"ListItem","position":1,"name":"Home","item":"https:\/\/www.article-marketing.eu\/comunicatistampa\/"},{"@type":"ListItem","position":2,"name":"Claudio Descalzi: l\u2019approccio integrato di Eni alla decarbonizzazione al Meeting di Rimini"}]},{"@type":"WebSite","@id":"https:\/\/www.article-marketing.eu\/comunicatistampa\/#website","url":"https:\/\/www.article-marketing.eu\/comunicatistampa\/","name":"Article Marketing","description":"article marketing &amp; press release","potentialAction":[{"@type":"SearchAction","target":{"@type":"EntryPoint","urlTemplate":"https:\/\/www.article-marketing.eu\/comunicatistampa\/?s={search_term_string}"},"query-input":{"@type":"PropertyValueSpecification","valueRequired":true,"valueName":"search_term_string"}}],"inLanguage":"it-IT"},{"@type":"Person","@id":"https:\/\/www.article-marketing.eu\/comunicatistampa\/#\/schema\/person\/2fcaf8f8f3a9eef9eb7f27532d3ca458","name":"articolinews","image":{"@type":"ImageObject","inLanguage":"it-IT","@id":"https:\/\/secure.gravatar.com\/avatar\/9e2a264bab04e17dea24d937c9956304649a848cb73c46747a692ff1bdeb1cb7?s=96&d=mm&r=g","url":"https:\/\/secure.gravatar.com\/avatar\/9e2a264bab04e17dea24d937c9956304649a848cb73c46747a692ff1bdeb1cb7?s=96&d=mm&r=g","contentUrl":"https:\/\/secure.gravatar.com\/avatar\/9e2a264bab04e17dea24d937c9956304649a848cb73c46747a692ff1bdeb1cb7?s=96&d=mm&r=g","caption":"articolinews"},"url":"https:\/\/www.article-marketing.eu\/comunicatistampa\/author\/articolinews\/"}]}},"_links":{"self":[{"href":"https:\/\/www.article-marketing.eu\/comunicatistampa\/wp-json\/wp\/v2\/posts\/28119","targetHints":{"allow":["GET"]}}],"collection":[{"href":"https:\/\/www.article-marketing.eu\/comunicatistampa\/wp-json\/wp\/v2\/posts"}],"about":[{"href":"https:\/\/www.article-marketing.eu\/comunicatistampa\/wp-json\/wp\/v2\/types\/post"}],"author":[{"embeddable":true,"href":"https:\/\/www.article-marketing.eu\/comunicatistampa\/wp-json\/wp\/v2\/users\/6477"}],"replies":[{"embeddable":true,"href":"https:\/\/www.article-marketing.eu\/comunicatistampa\/wp-json\/wp\/v2\/comments?post=28119"}],"version-history":[{"count":2,"href":"https:\/\/www.article-marketing.eu\/comunicatistampa\/wp-json\/wp\/v2\/posts\/28119\/revisions"}],"predecessor-version":[{"id":28124,"href":"https:\/\/www.article-marketing.eu\/comunicatistampa\/wp-json\/wp\/v2\/posts\/28119\/revisions\/28124"}],"wp:attachment":[{"href":"https:\/\/www.article-marketing.eu\/comunicatistampa\/wp-json\/wp\/v2\/media?parent=28119"}],"wp:term":[{"taxonomy":"category","embeddable":true,"href":"https:\/\/www.article-marketing.eu\/comunicatistampa\/wp-json\/wp\/v2\/categories?post=28119"},{"taxonomy":"post_tag","embeddable":true,"href":"https:\/\/www.article-marketing.eu\/comunicatistampa\/wp-json\/wp\/v2\/tags?post=28119"}],"curies":[{"name":"wp","href":"https:\/\/api.w.org\/{rel}","templated":true}]}}