{"id":28123,"date":"2023-08-25T19:47:56","date_gmt":"2023-08-25T17:47:56","guid":{"rendered":"https:\/\/www.article-marketing.eu\/comunicatistampa\/?p=28123"},"modified":"2023-08-25T19:47:56","modified_gmt":"2023-08-25T17:47:56","slug":"esg-european-institute-focus-sulla-figura-del-presidente-di-iren-luca-dal-fabbro","status":"publish","type":"post","link":"https:\/\/www.article-marketing.eu\/comunicatistampa\/esg-european-institute-focus-sulla-figura-del-presidente-di-iren-luca-dal-fabbro\/","title":{"rendered":"ESG European Institute: focus sulla figura del Presidente di Iren Luca Dal Fabbro"},"content":{"rendered":"<p><em><strong><a title=\"Gli incarichi professionali ricoperti da Luca Dal Fabbro\" href=\"https:\/\/esginstitute.it\/membri\/luca-dal-fabbro\/\">Luca Dal Fabbro<\/a> ha ricoperto ruoli apicali in diverse aziende internazionali che si occupano di energia. Esperto in economia circolare ed ESG, \u00e8 attualmente Presidente dell\u2019ESG European Institute.<\/strong><\/em><\/p>\n<p><a title=\"Luca Dal Fabbro: dalla laurea alla guida di Iren\" href=\"https:\/\/esginstitute.it\/membri\/luca-dal-fabbro\/\"><img loading=\"lazy\" decoding=\"async\" src=\"https:\/\/esginstitute.it\/wp-content\/uploads\/2020\/11\/dal-fabbro-250x250.jpeg\" alt=\"Luca Dal Fabbro, Presidente di Iren da giugno 2022\" width=\"150\" height=\"150\" \/><\/a><\/p>\n<h2>Luca Dal Fabbro: il ruolo presso ESG European institute<\/h2>\n<p><a title=\"Formazione, incarichi e pubblicazioni: la carriera di Luca Dal Fabbro\" href=\"https:\/\/esginstitute.it\/membri\/luca-dal-fabbro\/\"><strong>Luca Dal Fabbro<\/strong><\/a> \u00e8 esperto in ambito ESG. Oltre a ricoprire la carica di Presidente per Iren, \u00e8 impegnato in diversi altri ruoli di rilevanza internazionale. Di recente si \u00e8 occupato di tematiche chiave quali la transizione ecologica, l\u2019emergenza climatica, il problema della siccit\u00e0 e della sicurezza energetica, nonch\u00e9 di economia circolare e terre rare. <strong>Luca Dal Fabbro<\/strong> \u00e8 inoltre Presidente dell\u2019ESG European Institute, una associazione no profit che si pone come interlocutore qualificato per aziende, associazioni, cittadini, istituzioni e investitori in materia ESG. Le attivit\u00e0 dell\u2019ESG European Institute vertono sul business sostenibile, che crea nuovo valore sfruttando le potenzialit\u00e0 della sostenibilit\u00e0, della circular economy, della cura delle persone e dell\u2019ambiente, della valorizzazione dei territori, dell\u2019uguaglianza e della tutela dei territori. L\u2019associazione si contraddistingue per i valori di integrit\u00e0, onest\u00e0 ed equit\u00e0.<\/p>\n<h2>Luca Dal Fabbro: il percorso professionale<\/h2>\n<p>Laureato in Ingegneria Chimica presso l\u2019Universit\u00e0 di Roma, <strong>Luca Dal Fabbro<\/strong> ha conseguito in seguito un Master in Politica Internazionale presso ULB al Centre des Etudes Internationales et strategiques di Bruxelles. Ha inoltre studiato Advance Management al M.I.T. di Boston, ha fondato il Circular Value Fund ed \u00e8 Vicepresidente vicario di Utilitalia. La sua esperienza internazionale nel settore dell\u2019energia l\u2019ha portato a ricoprire ruoli apicali in Terna S.p.A., GRT Group SA, Electro Power Systems SA, Domotecnica, E.ON Italia S.p.A. ed E.ON Energia S.p.A. <strong>Luca Dal Fabbro<\/strong> \u00e8 stato Amministratore Delegato di Enel Energia S.p.A. e membro del Consiglio di Amministrazione di Enel Gas S.p.A. \u00c8 inoltre autore di due libri: \u201cL\u2019economia del Girotondo\u201d (2017), incentrato sull\u2019economia circolare e sulle sfide della sostenibilit\u00e0, e \u201cESG &#8211; La misurazione della sostenibilit\u00e0\u201d (2022), che si occupa di elencare e porre rimedio alle criticit\u00e0 degli attuali standard di rating ESG.<\/p>\n","protected":false},"excerpt":{"rendered":"<p>Luca Dal Fabbro ha ricoperto ruoli apicali in diverse aziende internazionali che si occupano di energia. Esperto in economia circolare ed ESG, \u00e8 attualmente Presidente dell\u2019ESG European Institute. Luca Dal Fabbro: il ruolo presso ESG European institute Luca Dal Fabbro \u00e8 esperto in ambito ESG. Oltre a ricoprire la carica di Presidente per Iren, \u00e8 impegnato in diversi altri ruoli di rilevanza internazionale. Di recente si \u00e8 occupato di tematiche<\/p>\n<p><a class=\"continue-reading\" href=\"https:\/\/www.article-marketing.eu\/comunicatistampa\/esg-european-institute-focus-sulla-figura-del-presidente-di-iren-luca-dal-fabbro\/\">Continue reading&#8230;<\/a><\/p>\n","protected":false},"author":6477,"featured_media":0,"comment_status":"open","ping_status":"open","sticky":false,"template":"","format":"standard","meta":{"_monsterinsights_skip_tracking":false,"_monsterinsights_sitenote_active":false,"_monsterinsights_sitenote_note":"","_monsterinsights_sitenote_category":0,"footnotes":""},"categories":[386],"tags":[10361],"class_list":["post-28123","post","type-post","status-publish","format-standard","hentry","category-economia-e-lavoro","tag-luca-dal-fabbro"],"yoast_head":"<!-- This site is optimized with the Yoast SEO plugin v27.3 - https:\/\/yoast.com\/product\/yoast-seo-wordpress\/ -->\n<title>ESG European Institute: focus sulla figura del Presidente di Iren Luca Dal Fabbro<\/title>\n<meta name=\"robots\" content=\"index, follow, max-snippet:-1, max-image-preview:large, max-video-preview:-1\" \/>\n<link rel=\"canonical\" href=\"https:\/\/www.article-marketing.eu\/comunicatistampa\/esg-european-institute-focus-sulla-figura-del-presidente-di-iren-luca-dal-fabbro\/\" \/>\n<meta property=\"og:locale\" content=\"it_IT\" \/>\n<meta property=\"og:type\" content=\"article\" \/>\n<meta property=\"og:title\" content=\"ESG European Institute: focus sulla figura del Presidente di Iren Luca Dal Fabbro\" \/>\n<meta property=\"og:description\" content=\"Luca Dal Fabbro ha ricoperto ruoli apicali in diverse aziende internazionali che si occupano di energia. Esperto in economia circolare ed ESG, \u00e8 attualmente Presidente dell\u2019ESG European Institute. Luca Dal Fabbro: il ruolo presso ESG European institute Luca Dal Fabbro \u00e8 esperto in ambito ESG. Oltre a ricoprire la carica di Presidente per Iren, \u00e8 impegnato in diversi altri ruoli di rilevanza internazionale. Di recente si \u00e8 occupato di tematicheContinue reading...\" \/>\n<meta property=\"og:url\" content=\"https:\/\/www.article-marketing.eu\/comunicatistampa\/esg-european-institute-focus-sulla-figura-del-presidente-di-iren-luca-dal-fabbro\/\" \/>\n<meta property=\"og:site_name\" content=\"Article Marketing\" \/>\n<meta property=\"article:published_time\" content=\"2023-08-25T17:47:56+00:00\" \/>\n<meta property=\"og:image\" content=\"https:\/\/esginstitute.it\/wp-content\/uploads\/2020\/11\/dal-fabbro-250x250.jpeg\" \/>\n<meta name=\"author\" content=\"articolinews\" \/>\n<meta name=\"twitter:card\" content=\"summary_large_image\" \/>\n<meta name=\"twitter:label1\" content=\"Scritto da\" \/>\n\t<meta name=\"twitter:data1\" content=\"articolinews\" \/>\n\t<meta name=\"twitter:label2\" content=\"Tempo di lettura stimato\" \/>\n\t<meta name=\"twitter:data2\" content=\"2 minuti\" \/>\n<script type=\"application\/ld+json\" class=\"yoast-schema-graph\">{\"@context\":\"https:\\\/\\\/schema.org\",\"@graph\":[{\"@type\":\"Article\",\"@id\":\"https:\\\/\\\/www.article-marketing.eu\\\/comunicatistampa\\\/esg-european-institute-focus-sulla-figura-del-presidente-di-iren-luca-dal-fabbro\\\/#article\",\"isPartOf\":{\"@id\":\"https:\\\/\\\/www.article-marketing.eu\\\/comunicatistampa\\\/esg-european-institute-focus-sulla-figura-del-presidente-di-iren-luca-dal-fabbro\\\/\"},\"author\":{\"name\":\"articolinews\",\"@id\":\"https:\\\/\\\/www.article-marketing.eu\\\/comunicatistampa\\\/#\\\/schema\\\/person\\\/2fcaf8f8f3a9eef9eb7f27532d3ca458\"},\"headline\":\"ESG European Institute: focus sulla figura del Presidente di Iren Luca Dal Fabbro\",\"datePublished\":\"2023-08-25T17:47:56+00:00\",\"mainEntityOfPage\":{\"@id\":\"https:\\\/\\\/www.article-marketing.eu\\\/comunicatistampa\\\/esg-european-institute-focus-sulla-figura-del-presidente-di-iren-luca-dal-fabbro\\\/\"},\"wordCount\":350,\"commentCount\":0,\"image\":{\"@id\":\"https:\\\/\\\/www.article-marketing.eu\\\/comunicatistampa\\\/esg-european-institute-focus-sulla-figura-del-presidente-di-iren-luca-dal-fabbro\\\/#primaryimage\"},\"thumbnailUrl\":\"https:\\\/\\\/esginstitute.it\\\/wp-content\\\/uploads\\\/2020\\\/11\\\/dal-fabbro-250x250.jpeg\",\"keywords\":[\"Luca Dal Fabbro\"],\"articleSection\":[\"Economia e lavoro\"],\"inLanguage\":\"it-IT\",\"potentialAction\":[{\"@type\":\"CommentAction\",\"name\":\"Comment\",\"target\":[\"https:\\\/\\\/www.article-marketing.eu\\\/comunicatistampa\\\/esg-european-institute-focus-sulla-figura-del-presidente-di-iren-luca-dal-fabbro\\\/#respond\"]}]},{\"@type\":\"WebPage\",\"@id\":\"https:\\\/\\\/www.article-marketing.eu\\\/comunicatistampa\\\/esg-european-institute-focus-sulla-figura-del-presidente-di-iren-luca-dal-fabbro\\\/\",\"url\":\"https:\\\/\\\/www.article-marketing.eu\\\/comunicatistampa\\\/esg-european-institute-focus-sulla-figura-del-presidente-di-iren-luca-dal-fabbro\\\/\",\"name\":\"ESG European Institute: focus sulla figura del Presidente di Iren Luca Dal Fabbro\",\"isPartOf\":{\"@id\":\"https:\\\/\\\/www.article-marketing.eu\\\/comunicatistampa\\\/#website\"},\"primaryImageOfPage\":{\"@id\":\"https:\\\/\\\/www.article-marketing.eu\\\/comunicatistampa\\\/esg-european-institute-focus-sulla-figura-del-presidente-di-iren-luca-dal-fabbro\\\/#primaryimage\"},\"image\":{\"@id\":\"https:\\\/\\\/www.article-marketing.eu\\\/comunicatistampa\\\/esg-european-institute-focus-sulla-figura-del-presidente-di-iren-luca-dal-fabbro\\\/#primaryimage\"},\"thumbnailUrl\":\"https:\\\/\\\/esginstitute.it\\\/wp-content\\\/uploads\\\/2020\\\/11\\\/dal-fabbro-250x250.jpeg\",\"datePublished\":\"2023-08-25T17:47:56+00:00\",\"author\":{\"@id\":\"https:\\\/\\\/www.article-marketing.eu\\\/comunicatistampa\\\/#\\\/schema\\\/person\\\/2fcaf8f8f3a9eef9eb7f27532d3ca458\"},\"breadcrumb\":{\"@id\":\"https:\\\/\\\/www.article-marketing.eu\\\/comunicatistampa\\\/esg-european-institute-focus-sulla-figura-del-presidente-di-iren-luca-dal-fabbro\\\/#breadcrumb\"},\"inLanguage\":\"it-IT\",\"potentialAction\":[{\"@type\":\"ReadAction\",\"target\":[\"https:\\\/\\\/www.article-marketing.eu\\\/comunicatistampa\\\/esg-european-institute-focus-sulla-figura-del-presidente-di-iren-luca-dal-fabbro\\\/\"]}]},{\"@type\":\"ImageObject\",\"inLanguage\":\"it-IT\",\"@id\":\"https:\\\/\\\/www.article-marketing.eu\\\/comunicatistampa\\\/esg-european-institute-focus-sulla-figura-del-presidente-di-iren-luca-dal-fabbro\\\/#primaryimage\",\"url\":\"https:\\\/\\\/esginstitute.it\\\/wp-content\\\/uploads\\\/2020\\\/11\\\/dal-fabbro-250x250.jpeg\",\"contentUrl\":\"https:\\\/\\\/esginstitute.it\\\/wp-content\\\/uploads\\\/2020\\\/11\\\/dal-fabbro-250x250.jpeg\"},{\"@type\":\"BreadcrumbList\",\"@id\":\"https:\\\/\\\/www.article-marketing.eu\\\/comunicatistampa\\\/esg-european-institute-focus-sulla-figura-del-presidente-di-iren-luca-dal-fabbro\\\/#breadcrumb\",\"itemListElement\":[{\"@type\":\"ListItem\",\"position\":1,\"name\":\"Home\",\"item\":\"https:\\\/\\\/www.article-marketing.eu\\\/comunicatistampa\\\/\"},{\"@type\":\"ListItem\",\"position\":2,\"name\":\"ESG European Institute: focus sulla figura del Presidente di Iren Luca Dal Fabbro\"}]},{\"@type\":\"WebSite\",\"@id\":\"https:\\\/\\\/www.article-marketing.eu\\\/comunicatistampa\\\/#website\",\"url\":\"https:\\\/\\\/www.article-marketing.eu\\\/comunicatistampa\\\/\",\"name\":\"Article Marketing\",\"description\":\"article marketing &amp; press release\",\"potentialAction\":[{\"@type\":\"SearchAction\",\"target\":{\"@type\":\"EntryPoint\",\"urlTemplate\":\"https:\\\/\\\/www.article-marketing.eu\\\/comunicatistampa\\\/?s={search_term_string}\"},\"query-input\":{\"@type\":\"PropertyValueSpecification\",\"valueRequired\":true,\"valueName\":\"search_term_string\"}}],\"inLanguage\":\"it-IT\"},{\"@type\":\"Person\",\"@id\":\"https:\\\/\\\/www.article-marketing.eu\\\/comunicatistampa\\\/#\\\/schema\\\/person\\\/2fcaf8f8f3a9eef9eb7f27532d3ca458\",\"name\":\"articolinews\",\"image\":{\"@type\":\"ImageObject\",\"inLanguage\":\"it-IT\",\"@id\":\"https:\\\/\\\/secure.gravatar.com\\\/avatar\\\/9e2a264bab04e17dea24d937c9956304649a848cb73c46747a692ff1bdeb1cb7?s=96&d=mm&r=g\",\"url\":\"https:\\\/\\\/secure.gravatar.com\\\/avatar\\\/9e2a264bab04e17dea24d937c9956304649a848cb73c46747a692ff1bdeb1cb7?s=96&d=mm&r=g\",\"contentUrl\":\"https:\\\/\\\/secure.gravatar.com\\\/avatar\\\/9e2a264bab04e17dea24d937c9956304649a848cb73c46747a692ff1bdeb1cb7?s=96&d=mm&r=g\",\"caption\":\"articolinews\"},\"url\":\"https:\\\/\\\/www.article-marketing.eu\\\/comunicatistampa\\\/author\\\/articolinews\\\/\"}]}<\/script>\n<!-- \/ Yoast SEO plugin. -->","yoast_head_json":{"title":"ESG European Institute: focus sulla figura del Presidente di Iren Luca Dal Fabbro","robots":{"index":"index","follow":"follow","max-snippet":"max-snippet:-1","max-image-preview":"max-image-preview:large","max-video-preview":"max-video-preview:-1"},"canonical":"https:\/\/www.article-marketing.eu\/comunicatistampa\/esg-european-institute-focus-sulla-figura-del-presidente-di-iren-luca-dal-fabbro\/","og_locale":"it_IT","og_type":"article","og_title":"ESG European Institute: focus sulla figura del Presidente di Iren Luca Dal Fabbro","og_description":"Luca Dal Fabbro ha ricoperto ruoli apicali in diverse aziende internazionali che si occupano di energia. Esperto in economia circolare ed ESG, \u00e8 attualmente Presidente dell\u2019ESG European Institute. Luca Dal Fabbro: il ruolo presso ESG European institute Luca Dal Fabbro \u00e8 esperto in ambito ESG. Oltre a ricoprire la carica di Presidente per Iren, \u00e8 impegnato in diversi altri ruoli di rilevanza internazionale. Di recente si \u00e8 occupato di tematicheContinue reading...","og_url":"https:\/\/www.article-marketing.eu\/comunicatistampa\/esg-european-institute-focus-sulla-figura-del-presidente-di-iren-luca-dal-fabbro\/","og_site_name":"Article Marketing","article_published_time":"2023-08-25T17:47:56+00:00","og_image":[{"url":"https:\/\/esginstitute.it\/wp-content\/uploads\/2020\/11\/dal-fabbro-250x250.jpeg","type":"","width":"","height":""}],"author":"articolinews","twitter_card":"summary_large_image","twitter_misc":{"Scritto da":"articolinews","Tempo di lettura stimato":"2 minuti"},"schema":{"@context":"https:\/\/schema.org","@graph":[{"@type":"Article","@id":"https:\/\/www.article-marketing.eu\/comunicatistampa\/esg-european-institute-focus-sulla-figura-del-presidente-di-iren-luca-dal-fabbro\/#article","isPartOf":{"@id":"https:\/\/www.article-marketing.eu\/comunicatistampa\/esg-european-institute-focus-sulla-figura-del-presidente-di-iren-luca-dal-fabbro\/"},"author":{"name":"articolinews","@id":"https:\/\/www.article-marketing.eu\/comunicatistampa\/#\/schema\/person\/2fcaf8f8f3a9eef9eb7f27532d3ca458"},"headline":"ESG European Institute: focus sulla figura del Presidente di Iren Luca Dal Fabbro","datePublished":"2023-08-25T17:47:56+00:00","mainEntityOfPage":{"@id":"https:\/\/www.article-marketing.eu\/comunicatistampa\/esg-european-institute-focus-sulla-figura-del-presidente-di-iren-luca-dal-fabbro\/"},"wordCount":350,"commentCount":0,"image":{"@id":"https:\/\/www.article-marketing.eu\/comunicatistampa\/esg-european-institute-focus-sulla-figura-del-presidente-di-iren-luca-dal-fabbro\/#primaryimage"},"thumbnailUrl":"https:\/\/esginstitute.it\/wp-content\/uploads\/2020\/11\/dal-fabbro-250x250.jpeg","keywords":["Luca Dal Fabbro"],"articleSection":["Economia e lavoro"],"inLanguage":"it-IT","potentialAction":[{"@type":"CommentAction","name":"Comment","target":["https:\/\/www.article-marketing.eu\/comunicatistampa\/esg-european-institute-focus-sulla-figura-del-presidente-di-iren-luca-dal-fabbro\/#respond"]}]},{"@type":"WebPage","@id":"https:\/\/www.article-marketing.eu\/comunicatistampa\/esg-european-institute-focus-sulla-figura-del-presidente-di-iren-luca-dal-fabbro\/","url":"https:\/\/www.article-marketing.eu\/comunicatistampa\/esg-european-institute-focus-sulla-figura-del-presidente-di-iren-luca-dal-fabbro\/","name":"ESG European Institute: focus sulla figura del Presidente di Iren Luca Dal Fabbro","isPartOf":{"@id":"https:\/\/www.article-marketing.eu\/comunicatistampa\/#website"},"primaryImageOfPage":{"@id":"https:\/\/www.article-marketing.eu\/comunicatistampa\/esg-european-institute-focus-sulla-figura-del-presidente-di-iren-luca-dal-fabbro\/#primaryimage"},"image":{"@id":"https:\/\/www.article-marketing.eu\/comunicatistampa\/esg-european-institute-focus-sulla-figura-del-presidente-di-iren-luca-dal-fabbro\/#primaryimage"},"thumbnailUrl":"https:\/\/esginstitute.it\/wp-content\/uploads\/2020\/11\/dal-fabbro-250x250.jpeg","datePublished":"2023-08-25T17:47:56+00:00","author":{"@id":"https:\/\/www.article-marketing.eu\/comunicatistampa\/#\/schema\/person\/2fcaf8f8f3a9eef9eb7f27532d3ca458"},"breadcrumb":{"@id":"https:\/\/www.article-marketing.eu\/comunicatistampa\/esg-european-institute-focus-sulla-figura-del-presidente-di-iren-luca-dal-fabbro\/#breadcrumb"},"inLanguage":"it-IT","potentialAction":[{"@type":"ReadAction","target":["https:\/\/www.article-marketing.eu\/comunicatistampa\/esg-european-institute-focus-sulla-figura-del-presidente-di-iren-luca-dal-fabbro\/"]}]},{"@type":"ImageObject","inLanguage":"it-IT","@id":"https:\/\/www.article-marketing.eu\/comunicatistampa\/esg-european-institute-focus-sulla-figura-del-presidente-di-iren-luca-dal-fabbro\/#primaryimage","url":"https:\/\/esginstitute.it\/wp-content\/uploads\/2020\/11\/dal-fabbro-250x250.jpeg","contentUrl":"https:\/\/esginstitute.it\/wp-content\/uploads\/2020\/11\/dal-fabbro-250x250.jpeg"},{"@type":"BreadcrumbList","@id":"https:\/\/www.article-marketing.eu\/comunicatistampa\/esg-european-institute-focus-sulla-figura-del-presidente-di-iren-luca-dal-fabbro\/#breadcrumb","itemListElement":[{"@type":"ListItem","position":1,"name":"Home","item":"https:\/\/www.article-marketing.eu\/comunicatistampa\/"},{"@type":"ListItem","position":2,"name":"ESG European Institute: focus sulla figura del Presidente di Iren Luca Dal Fabbro"}]},{"@type":"WebSite","@id":"https:\/\/www.article-marketing.eu\/comunicatistampa\/#website","url":"https:\/\/www.article-marketing.eu\/comunicatistampa\/","name":"Article Marketing","description":"article marketing &amp; press release","potentialAction":[{"@type":"SearchAction","target":{"@type":"EntryPoint","urlTemplate":"https:\/\/www.article-marketing.eu\/comunicatistampa\/?s={search_term_string}"},"query-input":{"@type":"PropertyValueSpecification","valueRequired":true,"valueName":"search_term_string"}}],"inLanguage":"it-IT"},{"@type":"Person","@id":"https:\/\/www.article-marketing.eu\/comunicatistampa\/#\/schema\/person\/2fcaf8f8f3a9eef9eb7f27532d3ca458","name":"articolinews","image":{"@type":"ImageObject","inLanguage":"it-IT","@id":"https:\/\/secure.gravatar.com\/avatar\/9e2a264bab04e17dea24d937c9956304649a848cb73c46747a692ff1bdeb1cb7?s=96&d=mm&r=g","url":"https:\/\/secure.gravatar.com\/avatar\/9e2a264bab04e17dea24d937c9956304649a848cb73c46747a692ff1bdeb1cb7?s=96&d=mm&r=g","contentUrl":"https:\/\/secure.gravatar.com\/avatar\/9e2a264bab04e17dea24d937c9956304649a848cb73c46747a692ff1bdeb1cb7?s=96&d=mm&r=g","caption":"articolinews"},"url":"https:\/\/www.article-marketing.eu\/comunicatistampa\/author\/articolinews\/"}]}},"_links":{"self":[{"href":"https:\/\/www.article-marketing.eu\/comunicatistampa\/wp-json\/wp\/v2\/posts\/28123","targetHints":{"allow":["GET"]}}],"collection":[{"href":"https:\/\/www.article-marketing.eu\/comunicatistampa\/wp-json\/wp\/v2\/posts"}],"about":[{"href":"https:\/\/www.article-marketing.eu\/comunicatistampa\/wp-json\/wp\/v2\/types\/post"}],"author":[{"embeddable":true,"href":"https:\/\/www.article-marketing.eu\/comunicatistampa\/wp-json\/wp\/v2\/users\/6477"}],"replies":[{"embeddable":true,"href":"https:\/\/www.article-marketing.eu\/comunicatistampa\/wp-json\/wp\/v2\/comments?post=28123"}],"version-history":[{"count":2,"href":"https:\/\/www.article-marketing.eu\/comunicatistampa\/wp-json\/wp\/v2\/posts\/28123\/revisions"}],"predecessor-version":[{"id":28126,"href":"https:\/\/www.article-marketing.eu\/comunicatistampa\/wp-json\/wp\/v2\/posts\/28123\/revisions\/28126"}],"wp:attachment":[{"href":"https:\/\/www.article-marketing.eu\/comunicatistampa\/wp-json\/wp\/v2\/media?parent=28123"}],"wp:term":[{"taxonomy":"category","embeddable":true,"href":"https:\/\/www.article-marketing.eu\/comunicatistampa\/wp-json\/wp\/v2\/categories?post=28123"},{"taxonomy":"post_tag","embeddable":true,"href":"https:\/\/www.article-marketing.eu\/comunicatistampa\/wp-json\/wp\/v2\/tags?post=28123"}],"curies":[{"name":"wp","href":"https:\/\/api.w.org\/{rel}","templated":true}]}}