{"id":28204,"date":"2023-09-09T11:30:24","date_gmt":"2023-09-09T09:30:24","guid":{"rendered":"https:\/\/www.article-marketing.eu\/comunicatistampa\/?p=28204"},"modified":"2023-09-09T11:30:24","modified_gmt":"2023-09-09T09:30:24","slug":"stefano-venier-esg-limpegno-di-snam-per-una-just-transition-e-i-progressi-raggiunti","status":"publish","type":"post","link":"https:\/\/www.article-marketing.eu\/comunicatistampa\/stefano-venier-esg-limpegno-di-snam-per-una-just-transition-e-i-progressi-raggiunti\/","title":{"rendered":"Stefano Venier: ESG, l\u2019impegno di Snam per una \u201cJust Transition\u201d e i progressi raggiunti"},"content":{"rendered":"<p><em><strong>Snam nel primo semestre 2023, l\u2019AD <a title=\"Chi \u00e8 Stefano Venier, AD e DG di Snam\" href=\"https:\/\/www.executivemanager.it\/Stefano-Venier\/\">Stefano Venier<\/a>: \u201cAbbiamo raggiunto importanti progressi nella realizzazione dei progetti per la sicurezza e la transizione energetica del nostro piano strategico e nella riduzione delle emissioni di gas metano con un -32% rispetto allo stesso periodo del 2022\u201d.<\/strong><\/em><\/p>\n<p><a title=\"Le esperienze professionali di Stefano Venier, AD di Snam\" href=\"https:\/\/www.executivemanager.it\/Stefano-Venier\/\"><em><strong><img loading=\"lazy\" decoding=\"async\" src=\"https:\/\/www.executivemanager.it\/images\/comprofiler\/0_64d24a00b620c.png\" alt=\"Stefano Venier (Snam)\" width=\"123\" height=\"150\" \/><\/strong><\/em><\/a><\/p>\n<h2>Stefano Venier: Snam, i \u201c<em>solidi risultati<\/em>\u201d raggiunti nei primi sei mesi dell\u2019anno<\/h2>\n<p>Emerge anche nel commento dell\u2019AD <a title=\"Bio e carriera di Stefano Venier, AD di Snam\" href=\"https:\/\/www.executivemanager.it\/Stefano-Venier\/\"><strong>Stefano Venier<\/strong><\/a> il valore della performance di Snam nel primo semestre 2023: \u201c<em>Abbiamo ottenuto solidi risultati in uno scenario complesso, caratterizzato da incertezza geopolitica, volatilit\u00e0 dei prezzi delle commodities e tassi di interesse in crescita<\/em>\u201d. Basti guardare ai numeri: ricavi totali per 1,89 miliardi di euro, in aumento del 18,4% rispetto agli 1,6 miliardi ottenuti nello stesso periodo dello scorso anno, Ebitda adjusted pari a 1,22 miliardi di euro (+5,7%) per effetto dell\u2019aumento dei ricavi regolati e del contributo dei business legati alla transizione energetica, utile netto adjusted a 621 milioni di euro. L\u2019AD <strong>Stefano Venier<\/strong> ha ricordato inoltre come a inizio luglio sia stata messa in esercizio la nave FSRU Golar Tundra a Piombino: \u201c<em>La capacit\u00e0 degli stoccaggi risulta ad oggi pari a circa l\u201987%<\/em>\u201d. In questi mesi sono stati raggiunti \u201c<em>importanti progressi nella realizzazione dei progetti per la sicurezza e la transizione energetica del nostro piano strategico e nella riduzione delle emissioni di gas metano con un -32% rispetto allo stesso periodo del 2022<\/em>\u201d. I risultati conseguiti permettono dunque a Snam di confermare i target finanziari a fine anno e di guardare \u201c<em>con maggior serenit\u00e0 al prossimo inverno rimanendo focalizzati sugli obiettivi di medio-lungo termine<\/em>\u201d.<strong>\u00a0<\/strong><\/p>\n<h2>Stefano Venier: i progressi nella realizzazione dei progetti per la sicurezza e la transizione energetica<\/h2>\n<p>L\u2019AD <strong>Stefano Venier<\/strong> sostiene fortemente l\u2019impegno di Snam nel conciliare le proprie scelte strategiche con il raggiungimento degli Obiettivi per lo Sviluppo Sostenibile (SDGs) definiti dalle Nazioni Unite nel 2015. Degli investimenti totali realizzati nei primi sei mesi dell\u2019anno il 56% \u00e8 allineato ai Sustainable Development Goals e il 37% alla Tassonomia Europea. Nel semestre Snam, come ha ricordato anche l\u2019AD <strong>Stefano Venier<\/strong>, ha registrato inoltre una riduzione delle emissioni di metano con un -32% rispetto allo stesso periodo del 2022. L\u2019impegno di Snam nell\u2019ambito della sostenibilit\u00e0 \u00e8 riconosciuto anche da diversi rating ESG: nominata da Sustainalytics Best Performer nel settore gas e utilities, \u00e8 stata inclusa nella \u201cA List\u201d di CDP (Carbon Disclosure Project) che raggruppa le aziende che si distinguono per l\u2019impegno e la trasparenza nel contrasto al climate change. Inoltre, Snam ha pubblicato il suo primo Tax Transparency Report che illustra la strategia fiscale ed evidenzia il rapporto tra le imposte pagate e il loro ruolo nello sviluppo sostenibile.<\/p>\n","protected":false},"excerpt":{"rendered":"<p>Snam nel primo semestre 2023, l\u2019AD Stefano Venier: \u201cAbbiamo raggiunto importanti progressi nella realizzazione dei progetti per la sicurezza e la transizione energetica del nostro piano strategico e nella riduzione delle emissioni di gas metano con un -32% rispetto allo stesso periodo del 2022\u201d. Stefano Venier: Snam, i \u201csolidi risultati\u201d raggiunti nei primi sei mesi dell\u2019anno Emerge anche nel commento dell\u2019AD Stefano Venier il valore della performance di Snam nel<\/p>\n<p><a class=\"continue-reading\" href=\"https:\/\/www.article-marketing.eu\/comunicatistampa\/stefano-venier-esg-limpegno-di-snam-per-una-just-transition-e-i-progressi-raggiunti\/\">Continue reading&#8230;<\/a><\/p>\n","protected":false},"author":6477,"featured_media":0,"comment_status":"open","ping_status":"open","sticky":false,"template":"","format":"standard","meta":{"_monsterinsights_skip_tracking":false,"_monsterinsights_sitenote_active":false,"_monsterinsights_sitenote_note":"","_monsterinsights_sitenote_category":0,"footnotes":""},"categories":[386],"tags":[10792],"class_list":["post-28204","post","type-post","status-publish","format-standard","hentry","category-economia-e-lavoro","tag-stefano-venier"],"yoast_head":"<!-- This site is optimized with the Yoast SEO plugin v27.3 - https:\/\/yoast.com\/product\/yoast-seo-wordpress\/ -->\n<title>Stefano Venier: ESG, l\u2019impegno di Snam per una \u201cJust Transition\u201d e i progressi raggiunti<\/title>\n<meta name=\"robots\" content=\"index, follow, max-snippet:-1, max-image-preview:large, max-video-preview:-1\" \/>\n<link rel=\"canonical\" href=\"https:\/\/www.article-marketing.eu\/comunicatistampa\/stefano-venier-esg-limpegno-di-snam-per-una-just-transition-e-i-progressi-raggiunti\/\" \/>\n<meta property=\"og:locale\" content=\"it_IT\" \/>\n<meta property=\"og:type\" content=\"article\" \/>\n<meta property=\"og:title\" content=\"Stefano Venier: ESG, l\u2019impegno di Snam per una \u201cJust Transition\u201d e i progressi raggiunti\" \/>\n<meta property=\"og:description\" content=\"Snam nel primo semestre 2023, l\u2019AD Stefano Venier: \u201cAbbiamo raggiunto importanti progressi nella realizzazione dei progetti per la sicurezza e la transizione energetica del nostro piano strategico e nella riduzione delle emissioni di gas metano con un -32% rispetto allo stesso periodo del 2022\u201d. Stefano Venier: Snam, i \u201csolidi risultati\u201d raggiunti nei primi sei mesi dell\u2019anno Emerge anche nel commento dell\u2019AD Stefano Venier il valore della performance di Snam nelContinue reading...\" \/>\n<meta property=\"og:url\" content=\"https:\/\/www.article-marketing.eu\/comunicatistampa\/stefano-venier-esg-limpegno-di-snam-per-una-just-transition-e-i-progressi-raggiunti\/\" \/>\n<meta property=\"og:site_name\" content=\"Article Marketing\" \/>\n<meta property=\"article:published_time\" content=\"2023-09-09T09:30:24+00:00\" \/>\n<meta property=\"og:image\" content=\"https:\/\/www.executivemanager.it\/images\/comprofiler\/0_64d24a00b620c.png\" \/>\n<meta name=\"author\" content=\"articolinews\" \/>\n<meta name=\"twitter:card\" content=\"summary_large_image\" \/>\n<meta name=\"twitter:label1\" content=\"Scritto da\" \/>\n\t<meta name=\"twitter:data1\" content=\"articolinews\" \/>\n\t<meta name=\"twitter:label2\" content=\"Tempo di lettura stimato\" \/>\n\t<meta name=\"twitter:data2\" content=\"3 minuti\" \/>\n<script type=\"application\/ld+json\" class=\"yoast-schema-graph\">{\"@context\":\"https:\\\/\\\/schema.org\",\"@graph\":[{\"@type\":\"Article\",\"@id\":\"https:\\\/\\\/www.article-marketing.eu\\\/comunicatistampa\\\/stefano-venier-esg-limpegno-di-snam-per-una-just-transition-e-i-progressi-raggiunti\\\/#article\",\"isPartOf\":{\"@id\":\"https:\\\/\\\/www.article-marketing.eu\\\/comunicatistampa\\\/stefano-venier-esg-limpegno-di-snam-per-una-just-transition-e-i-progressi-raggiunti\\\/\"},\"author\":{\"name\":\"articolinews\",\"@id\":\"https:\\\/\\\/www.article-marketing.eu\\\/comunicatistampa\\\/#\\\/schema\\\/person\\\/2fcaf8f8f3a9eef9eb7f27532d3ca458\"},\"headline\":\"Stefano Venier: ESG, l\u2019impegno di Snam per una \u201cJust Transition\u201d e i progressi raggiunti\",\"datePublished\":\"2023-09-09T09:30:24+00:00\",\"mainEntityOfPage\":{\"@id\":\"https:\\\/\\\/www.article-marketing.eu\\\/comunicatistampa\\\/stefano-venier-esg-limpegno-di-snam-per-una-just-transition-e-i-progressi-raggiunti\\\/\"},\"wordCount\":445,\"commentCount\":0,\"image\":{\"@id\":\"https:\\\/\\\/www.article-marketing.eu\\\/comunicatistampa\\\/stefano-venier-esg-limpegno-di-snam-per-una-just-transition-e-i-progressi-raggiunti\\\/#primaryimage\"},\"thumbnailUrl\":\"https:\\\/\\\/www.executivemanager.it\\\/images\\\/comprofiler\\\/0_64d24a00b620c.png\",\"keywords\":[\"Stefano Venier\"],\"articleSection\":[\"Economia e lavoro\"],\"inLanguage\":\"it-IT\",\"potentialAction\":[{\"@type\":\"CommentAction\",\"name\":\"Comment\",\"target\":[\"https:\\\/\\\/www.article-marketing.eu\\\/comunicatistampa\\\/stefano-venier-esg-limpegno-di-snam-per-una-just-transition-e-i-progressi-raggiunti\\\/#respond\"]}]},{\"@type\":\"WebPage\",\"@id\":\"https:\\\/\\\/www.article-marketing.eu\\\/comunicatistampa\\\/stefano-venier-esg-limpegno-di-snam-per-una-just-transition-e-i-progressi-raggiunti\\\/\",\"url\":\"https:\\\/\\\/www.article-marketing.eu\\\/comunicatistampa\\\/stefano-venier-esg-limpegno-di-snam-per-una-just-transition-e-i-progressi-raggiunti\\\/\",\"name\":\"Stefano Venier: ESG, l\u2019impegno di Snam per una \u201cJust Transition\u201d e i progressi raggiunti\",\"isPartOf\":{\"@id\":\"https:\\\/\\\/www.article-marketing.eu\\\/comunicatistampa\\\/#website\"},\"primaryImageOfPage\":{\"@id\":\"https:\\\/\\\/www.article-marketing.eu\\\/comunicatistampa\\\/stefano-venier-esg-limpegno-di-snam-per-una-just-transition-e-i-progressi-raggiunti\\\/#primaryimage\"},\"image\":{\"@id\":\"https:\\\/\\\/www.article-marketing.eu\\\/comunicatistampa\\\/stefano-venier-esg-limpegno-di-snam-per-una-just-transition-e-i-progressi-raggiunti\\\/#primaryimage\"},\"thumbnailUrl\":\"https:\\\/\\\/www.executivemanager.it\\\/images\\\/comprofiler\\\/0_64d24a00b620c.png\",\"datePublished\":\"2023-09-09T09:30:24+00:00\",\"author\":{\"@id\":\"https:\\\/\\\/www.article-marketing.eu\\\/comunicatistampa\\\/#\\\/schema\\\/person\\\/2fcaf8f8f3a9eef9eb7f27532d3ca458\"},\"breadcrumb\":{\"@id\":\"https:\\\/\\\/www.article-marketing.eu\\\/comunicatistampa\\\/stefano-venier-esg-limpegno-di-snam-per-una-just-transition-e-i-progressi-raggiunti\\\/#breadcrumb\"},\"inLanguage\":\"it-IT\",\"potentialAction\":[{\"@type\":\"ReadAction\",\"target\":[\"https:\\\/\\\/www.article-marketing.eu\\\/comunicatistampa\\\/stefano-venier-esg-limpegno-di-snam-per-una-just-transition-e-i-progressi-raggiunti\\\/\"]}]},{\"@type\":\"ImageObject\",\"inLanguage\":\"it-IT\",\"@id\":\"https:\\\/\\\/www.article-marketing.eu\\\/comunicatistampa\\\/stefano-venier-esg-limpegno-di-snam-per-una-just-transition-e-i-progressi-raggiunti\\\/#primaryimage\",\"url\":\"https:\\\/\\\/www.executivemanager.it\\\/images\\\/comprofiler\\\/0_64d24a00b620c.png\",\"contentUrl\":\"https:\\\/\\\/www.executivemanager.it\\\/images\\\/comprofiler\\\/0_64d24a00b620c.png\"},{\"@type\":\"BreadcrumbList\",\"@id\":\"https:\\\/\\\/www.article-marketing.eu\\\/comunicatistampa\\\/stefano-venier-esg-limpegno-di-snam-per-una-just-transition-e-i-progressi-raggiunti\\\/#breadcrumb\",\"itemListElement\":[{\"@type\":\"ListItem\",\"position\":1,\"name\":\"Home\",\"item\":\"https:\\\/\\\/www.article-marketing.eu\\\/comunicatistampa\\\/\"},{\"@type\":\"ListItem\",\"position\":2,\"name\":\"Stefano Venier: ESG, l\u2019impegno di Snam per una \u201cJust Transition\u201d e i progressi raggiunti\"}]},{\"@type\":\"WebSite\",\"@id\":\"https:\\\/\\\/www.article-marketing.eu\\\/comunicatistampa\\\/#website\",\"url\":\"https:\\\/\\\/www.article-marketing.eu\\\/comunicatistampa\\\/\",\"name\":\"Article Marketing\",\"description\":\"article marketing &amp; press release\",\"potentialAction\":[{\"@type\":\"SearchAction\",\"target\":{\"@type\":\"EntryPoint\",\"urlTemplate\":\"https:\\\/\\\/www.article-marketing.eu\\\/comunicatistampa\\\/?s={search_term_string}\"},\"query-input\":{\"@type\":\"PropertyValueSpecification\",\"valueRequired\":true,\"valueName\":\"search_term_string\"}}],\"inLanguage\":\"it-IT\"},{\"@type\":\"Person\",\"@id\":\"https:\\\/\\\/www.article-marketing.eu\\\/comunicatistampa\\\/#\\\/schema\\\/person\\\/2fcaf8f8f3a9eef9eb7f27532d3ca458\",\"name\":\"articolinews\",\"image\":{\"@type\":\"ImageObject\",\"inLanguage\":\"it-IT\",\"@id\":\"https:\\\/\\\/secure.gravatar.com\\\/avatar\\\/9e2a264bab04e17dea24d937c9956304649a848cb73c46747a692ff1bdeb1cb7?s=96&d=mm&r=g\",\"url\":\"https:\\\/\\\/secure.gravatar.com\\\/avatar\\\/9e2a264bab04e17dea24d937c9956304649a848cb73c46747a692ff1bdeb1cb7?s=96&d=mm&r=g\",\"contentUrl\":\"https:\\\/\\\/secure.gravatar.com\\\/avatar\\\/9e2a264bab04e17dea24d937c9956304649a848cb73c46747a692ff1bdeb1cb7?s=96&d=mm&r=g\",\"caption\":\"articolinews\"},\"url\":\"https:\\\/\\\/www.article-marketing.eu\\\/comunicatistampa\\\/author\\\/articolinews\\\/\"}]}<\/script>\n<!-- \/ Yoast SEO plugin. -->","yoast_head_json":{"title":"Stefano Venier: ESG, l\u2019impegno di Snam per una \u201cJust Transition\u201d e i progressi raggiunti","robots":{"index":"index","follow":"follow","max-snippet":"max-snippet:-1","max-image-preview":"max-image-preview:large","max-video-preview":"max-video-preview:-1"},"canonical":"https:\/\/www.article-marketing.eu\/comunicatistampa\/stefano-venier-esg-limpegno-di-snam-per-una-just-transition-e-i-progressi-raggiunti\/","og_locale":"it_IT","og_type":"article","og_title":"Stefano Venier: ESG, l\u2019impegno di Snam per una \u201cJust Transition\u201d e i progressi raggiunti","og_description":"Snam nel primo semestre 2023, l\u2019AD Stefano Venier: \u201cAbbiamo raggiunto importanti progressi nella realizzazione dei progetti per la sicurezza e la transizione energetica del nostro piano strategico e nella riduzione delle emissioni di gas metano con un -32% rispetto allo stesso periodo del 2022\u201d. Stefano Venier: Snam, i \u201csolidi risultati\u201d raggiunti nei primi sei mesi dell\u2019anno Emerge anche nel commento dell\u2019AD Stefano Venier il valore della performance di Snam nelContinue reading...","og_url":"https:\/\/www.article-marketing.eu\/comunicatistampa\/stefano-venier-esg-limpegno-di-snam-per-una-just-transition-e-i-progressi-raggiunti\/","og_site_name":"Article Marketing","article_published_time":"2023-09-09T09:30:24+00:00","og_image":[{"url":"https:\/\/www.executivemanager.it\/images\/comprofiler\/0_64d24a00b620c.png","type":"","width":"","height":""}],"author":"articolinews","twitter_card":"summary_large_image","twitter_misc":{"Scritto da":"articolinews","Tempo di lettura stimato":"3 minuti"},"schema":{"@context":"https:\/\/schema.org","@graph":[{"@type":"Article","@id":"https:\/\/www.article-marketing.eu\/comunicatistampa\/stefano-venier-esg-limpegno-di-snam-per-una-just-transition-e-i-progressi-raggiunti\/#article","isPartOf":{"@id":"https:\/\/www.article-marketing.eu\/comunicatistampa\/stefano-venier-esg-limpegno-di-snam-per-una-just-transition-e-i-progressi-raggiunti\/"},"author":{"name":"articolinews","@id":"https:\/\/www.article-marketing.eu\/comunicatistampa\/#\/schema\/person\/2fcaf8f8f3a9eef9eb7f27532d3ca458"},"headline":"Stefano Venier: ESG, l\u2019impegno di Snam per una \u201cJust Transition\u201d e i progressi raggiunti","datePublished":"2023-09-09T09:30:24+00:00","mainEntityOfPage":{"@id":"https:\/\/www.article-marketing.eu\/comunicatistampa\/stefano-venier-esg-limpegno-di-snam-per-una-just-transition-e-i-progressi-raggiunti\/"},"wordCount":445,"commentCount":0,"image":{"@id":"https:\/\/www.article-marketing.eu\/comunicatistampa\/stefano-venier-esg-limpegno-di-snam-per-una-just-transition-e-i-progressi-raggiunti\/#primaryimage"},"thumbnailUrl":"https:\/\/www.executivemanager.it\/images\/comprofiler\/0_64d24a00b620c.png","keywords":["Stefano Venier"],"articleSection":["Economia e lavoro"],"inLanguage":"it-IT","potentialAction":[{"@type":"CommentAction","name":"Comment","target":["https:\/\/www.article-marketing.eu\/comunicatistampa\/stefano-venier-esg-limpegno-di-snam-per-una-just-transition-e-i-progressi-raggiunti\/#respond"]}]},{"@type":"WebPage","@id":"https:\/\/www.article-marketing.eu\/comunicatistampa\/stefano-venier-esg-limpegno-di-snam-per-una-just-transition-e-i-progressi-raggiunti\/","url":"https:\/\/www.article-marketing.eu\/comunicatistampa\/stefano-venier-esg-limpegno-di-snam-per-una-just-transition-e-i-progressi-raggiunti\/","name":"Stefano Venier: ESG, l\u2019impegno di Snam per una \u201cJust Transition\u201d e i progressi raggiunti","isPartOf":{"@id":"https:\/\/www.article-marketing.eu\/comunicatistampa\/#website"},"primaryImageOfPage":{"@id":"https:\/\/www.article-marketing.eu\/comunicatistampa\/stefano-venier-esg-limpegno-di-snam-per-una-just-transition-e-i-progressi-raggiunti\/#primaryimage"},"image":{"@id":"https:\/\/www.article-marketing.eu\/comunicatistampa\/stefano-venier-esg-limpegno-di-snam-per-una-just-transition-e-i-progressi-raggiunti\/#primaryimage"},"thumbnailUrl":"https:\/\/www.executivemanager.it\/images\/comprofiler\/0_64d24a00b620c.png","datePublished":"2023-09-09T09:30:24+00:00","author":{"@id":"https:\/\/www.article-marketing.eu\/comunicatistampa\/#\/schema\/person\/2fcaf8f8f3a9eef9eb7f27532d3ca458"},"breadcrumb":{"@id":"https:\/\/www.article-marketing.eu\/comunicatistampa\/stefano-venier-esg-limpegno-di-snam-per-una-just-transition-e-i-progressi-raggiunti\/#breadcrumb"},"inLanguage":"it-IT","potentialAction":[{"@type":"ReadAction","target":["https:\/\/www.article-marketing.eu\/comunicatistampa\/stefano-venier-esg-limpegno-di-snam-per-una-just-transition-e-i-progressi-raggiunti\/"]}]},{"@type":"ImageObject","inLanguage":"it-IT","@id":"https:\/\/www.article-marketing.eu\/comunicatistampa\/stefano-venier-esg-limpegno-di-snam-per-una-just-transition-e-i-progressi-raggiunti\/#primaryimage","url":"https:\/\/www.executivemanager.it\/images\/comprofiler\/0_64d24a00b620c.png","contentUrl":"https:\/\/www.executivemanager.it\/images\/comprofiler\/0_64d24a00b620c.png"},{"@type":"BreadcrumbList","@id":"https:\/\/www.article-marketing.eu\/comunicatistampa\/stefano-venier-esg-limpegno-di-snam-per-una-just-transition-e-i-progressi-raggiunti\/#breadcrumb","itemListElement":[{"@type":"ListItem","position":1,"name":"Home","item":"https:\/\/www.article-marketing.eu\/comunicatistampa\/"},{"@type":"ListItem","position":2,"name":"Stefano Venier: ESG, l\u2019impegno di Snam per una \u201cJust Transition\u201d e i progressi raggiunti"}]},{"@type":"WebSite","@id":"https:\/\/www.article-marketing.eu\/comunicatistampa\/#website","url":"https:\/\/www.article-marketing.eu\/comunicatistampa\/","name":"Article Marketing","description":"article marketing &amp; press release","potentialAction":[{"@type":"SearchAction","target":{"@type":"EntryPoint","urlTemplate":"https:\/\/www.article-marketing.eu\/comunicatistampa\/?s={search_term_string}"},"query-input":{"@type":"PropertyValueSpecification","valueRequired":true,"valueName":"search_term_string"}}],"inLanguage":"it-IT"},{"@type":"Person","@id":"https:\/\/www.article-marketing.eu\/comunicatistampa\/#\/schema\/person\/2fcaf8f8f3a9eef9eb7f27532d3ca458","name":"articolinews","image":{"@type":"ImageObject","inLanguage":"it-IT","@id":"https:\/\/secure.gravatar.com\/avatar\/9e2a264bab04e17dea24d937c9956304649a848cb73c46747a692ff1bdeb1cb7?s=96&d=mm&r=g","url":"https:\/\/secure.gravatar.com\/avatar\/9e2a264bab04e17dea24d937c9956304649a848cb73c46747a692ff1bdeb1cb7?s=96&d=mm&r=g","contentUrl":"https:\/\/secure.gravatar.com\/avatar\/9e2a264bab04e17dea24d937c9956304649a848cb73c46747a692ff1bdeb1cb7?s=96&d=mm&r=g","caption":"articolinews"},"url":"https:\/\/www.article-marketing.eu\/comunicatistampa\/author\/articolinews\/"}]}},"_links":{"self":[{"href":"https:\/\/www.article-marketing.eu\/comunicatistampa\/wp-json\/wp\/v2\/posts\/28204","targetHints":{"allow":["GET"]}}],"collection":[{"href":"https:\/\/www.article-marketing.eu\/comunicatistampa\/wp-json\/wp\/v2\/posts"}],"about":[{"href":"https:\/\/www.article-marketing.eu\/comunicatistampa\/wp-json\/wp\/v2\/types\/post"}],"author":[{"embeddable":true,"href":"https:\/\/www.article-marketing.eu\/comunicatistampa\/wp-json\/wp\/v2\/users\/6477"}],"replies":[{"embeddable":true,"href":"https:\/\/www.article-marketing.eu\/comunicatistampa\/wp-json\/wp\/v2\/comments?post=28204"}],"version-history":[{"count":2,"href":"https:\/\/www.article-marketing.eu\/comunicatistampa\/wp-json\/wp\/v2\/posts\/28204\/revisions"}],"predecessor-version":[{"id":28278,"href":"https:\/\/www.article-marketing.eu\/comunicatistampa\/wp-json\/wp\/v2\/posts\/28204\/revisions\/28278"}],"wp:attachment":[{"href":"https:\/\/www.article-marketing.eu\/comunicatistampa\/wp-json\/wp\/v2\/media?parent=28204"}],"wp:term":[{"taxonomy":"category","embeddable":true,"href":"https:\/\/www.article-marketing.eu\/comunicatistampa\/wp-json\/wp\/v2\/categories?post=28204"},{"taxonomy":"post_tag","embeddable":true,"href":"https:\/\/www.article-marketing.eu\/comunicatistampa\/wp-json\/wp\/v2\/tags?post=28204"}],"curies":[{"name":"wp","href":"https:\/\/api.w.org\/{rel}","templated":true}]}}