{"id":28233,"date":"2023-09-21T15:32:20","date_gmt":"2023-09-21T13:32:20","guid":{"rendered":"https:\/\/www.article-marketing.eu\/comunicatistampa\/?p=28233"},"modified":"2023-09-21T15:32:20","modified_gmt":"2023-09-21T13:32:20","slug":"susan-carol-holland-linclusione-sociale-e-il-core-business-di-fondazione-amplifon","status":"publish","type":"post","link":"https:\/\/www.article-marketing.eu\/comunicatistampa\/susan-carol-holland-linclusione-sociale-e-il-core-business-di-fondazione-amplifon\/","title":{"rendered":"Susan Carol Holland: l\u2019inclusione sociale \u00e8 il core business di Fondazione Amplifon"},"content":{"rendered":"<p><em><strong>Si chiamava Algernon Charles Holland il fondatore di Amplifon, primo gruppo mondiale dell\u2019hearing care, e l\u2019inclusione sociale di chi aveva subito danni all\u2019udito durante la guerra era il suo obiettivo. Oggi, la realt\u00e0 guidata da Enrico Vita e la fondazione presieduta da <a title=\"Susan Carol Holland, inclusione sociale nel core business di Fondazione Amplifon\" href=\"https:\/\/www.avvenire.it\/economiacivile\/pagine\/inclusione-socialevideoconnessioni-concerti-e-sog\">Susan Carol Holland<\/a> continuano sullo stesso percorso intrapreso dal fondatore, lavorando parallelamente a progetti diversi ma accomunati dalla medesima aspirazione.<\/strong><\/em><\/p>\n<p><a title=\"Susan Carol Holland sul percorso di Fondazione Amplifon\" href=\"https:\/\/www.avvenire.it\/economiacivile\/pagine\/inclusione-socialevideoconnessioni-concerti-e-sog\"><img loading=\"lazy\" decoding=\"async\" src=\"https:\/\/h2biz.net\/images\/Plats\/crop_min_20230112151048.jpg\" alt=\"Susan Carol Holland\" width=\"150\" height=\"150\" \/><\/a><\/p>\n<h2>Susan Carol Holland: l\u2019inclusione come mission sociale e i primi progetti durante il Covid<\/h2>\n<p>Oltre ad essere la mission aziendale di una grande azienda come Amplifon, l\u2019inclusione sociale \u00e8 alla base di tutte le iniziative promosse da Fondazione Amplifon. Uno splendido modo di ridare alla societ\u00e0 e di restituire, attraverso l\u2019inclusivit\u00e0, la qualit\u00e0 di vita che si merita chi \u00e8 venuto prima di noi. La Onlus presieduta da <a title=\"Fondazione Amplifon, Susan Carol Holland: mission e progetti\" href=\"https:\/\/www.avvenire.it\/economiacivile\/pagine\/inclusione-socialevideoconnessioni-concerti-e-sog\"><strong>Susan Carol Holland<\/strong><\/a> nasce proprio con questa idea, portata avanti con determinazione nonostante l\u2019inizio un po\u2019 burrascoso. La realt\u00e0 \u00e8 stata infatti istituita nel 2020, poco prima che scoppiasse la pandemia da Covid-19. \u201c<em>Siamo partiti tre anni fa, con grande entusiasmo, e subito ci siamo trovati a operare in un mondo che era completamente cambiato<\/em>\u201d, racconta il consigliere delegato Maria Cristina Ferradini. Dopo essere partiti con i bambini, contribuendo alla ristrutturazione del padiglione otorinolaringoiatrico dell\u2019ospedale pediatrico Buzzi di Milano, la Fondazione si \u00e8 concentrata sugli anziani delle case di riposo, a rischio anche sotto il profilo sociale. Fondazione Amplifon \u00e8 intervenuta fornendo agli anziani delle opportunit\u00e0 di interazione con i propri famigliari, mediante l\u2019installazione di sistemi di videoconnessione avanzati che hanno permesso loro di sentirsi meno esclusi.<\/p>\n<h2>Susan Carol Holland: le iniziative pi\u00f9 recenti di Fondazione Amplifon<\/h2>\n<p>Una volta riaperte le case di riposo, i sistemi utilizzati durante il Covid per mettere in contatto gli anziani con le proprie famiglie sono stati reimpiegati come strumenti per le attivit\u00e0 di volontariato e per le visite mediche a distanza. Visti i potenziali benefici che avrebbero avuto sugli ospiti delle Rsa, Fondazione Amplifon ha acquistato diversi sistemi di videoconnessione e maxischermi, sviluppando al contempo contenuti per gli anziani quali lezioni di yoga, performance teatrali, viaggi digitali, arteterapia e concerti. Il consigliere delegato della Fondazione presieduta da <strong>Susan Carol Holland<\/strong> ha rivelato che spesso non \u00e8 semplice parlare degli interventi a favore degli anziani. \u201c<em>Sono persone che ci richiamano alla finitudine della nostra stessa esistenza<\/em> \u2013 osserva \u2013<em> Ma hanno qualcosa che ci risuona dentro, che scalda il cuore: una voglia di vivere straordinariamente potente<\/em>\u201d. La stessa che ha dato nuova linfa ad iniziative come Inside Out, con cui lo street artist Jr ha potuto ricoprire a inizio 2023 le facciate del Museo del Novecento di Milano con i ritratti di mille anziani delle Rsa. Oppure ancora come il progetto Let\u2019s Dream, cui scopo \u00e8 dare la possibilit\u00e0 agli anziani di realizzare i propri sogni. \u00c8 nell\u2019ambito di questa iniziativa che Bobby Solo ha tenuto un concerto in una Rsa.<\/p>\n","protected":false},"excerpt":{"rendered":"<p>Si chiamava Algernon Charles Holland il fondatore di Amplifon, primo gruppo mondiale dell\u2019hearing care, e l\u2019inclusione sociale di chi aveva subito danni all\u2019udito durante la guerra era il suo obiettivo. Oggi, la realt\u00e0 guidata da Enrico Vita e la fondazione presieduta da Susan Carol Holland continuano sullo stesso percorso intrapreso dal fondatore, lavorando parallelamente a progetti diversi ma accomunati dalla medesima aspirazione. Susan Carol Holland: l\u2019inclusione come mission sociale e<\/p>\n<p><a class=\"continue-reading\" href=\"https:\/\/www.article-marketing.eu\/comunicatistampa\/susan-carol-holland-linclusione-sociale-e-il-core-business-di-fondazione-amplifon\/\">Continue reading&#8230;<\/a><\/p>\n","protected":false},"author":6477,"featured_media":0,"comment_status":"open","ping_status":"open","sticky":false,"template":"","format":"standard","meta":{"_monsterinsights_skip_tracking":false,"_monsterinsights_sitenote_active":false,"_monsterinsights_sitenote_note":"","_monsterinsights_sitenote_category":0,"footnotes":""},"categories":[362],"tags":[10799],"class_list":["post-28233","post","type-post","status-publish","format-standard","hentry","category-societa","tag-susan-carol-holland"],"yoast_head":"<!-- This site is optimized with the Yoast SEO plugin v27.3 - https:\/\/yoast.com\/product\/yoast-seo-wordpress\/ -->\n<title>Susan Carol Holland: l\u2019inclusione sociale \u00e8 il core business di Fondazione Amplifon<\/title>\n<meta name=\"robots\" content=\"index, follow, max-snippet:-1, max-image-preview:large, max-video-preview:-1\" \/>\n<link rel=\"canonical\" href=\"https:\/\/www.article-marketing.eu\/comunicatistampa\/susan-carol-holland-linclusione-sociale-e-il-core-business-di-fondazione-amplifon\/\" \/>\n<meta property=\"og:locale\" content=\"it_IT\" \/>\n<meta property=\"og:type\" content=\"article\" \/>\n<meta property=\"og:title\" content=\"Susan Carol Holland: l\u2019inclusione sociale \u00e8 il core business di Fondazione Amplifon\" \/>\n<meta property=\"og:description\" content=\"Si chiamava Algernon Charles Holland il fondatore di Amplifon, primo gruppo mondiale dell\u2019hearing care, e l\u2019inclusione sociale di chi aveva subito danni all\u2019udito durante la guerra era il suo obiettivo. Oggi, la realt\u00e0 guidata da Enrico Vita e la fondazione presieduta da Susan Carol Holland continuano sullo stesso percorso intrapreso dal fondatore, lavorando parallelamente a progetti diversi ma accomunati dalla medesima aspirazione. Susan Carol Holland: l\u2019inclusione come mission sociale eContinue reading...\" \/>\n<meta property=\"og:url\" content=\"https:\/\/www.article-marketing.eu\/comunicatistampa\/susan-carol-holland-linclusione-sociale-e-il-core-business-di-fondazione-amplifon\/\" \/>\n<meta property=\"og:site_name\" content=\"Article Marketing\" \/>\n<meta property=\"article:published_time\" content=\"2023-09-21T13:32:20+00:00\" \/>\n<meta property=\"og:image\" content=\"https:\/\/h2biz.net\/images\/Plats\/crop_min_20230112151048.jpg\" \/>\n<meta name=\"author\" content=\"articolinews\" \/>\n<meta name=\"twitter:card\" content=\"summary_large_image\" \/>\n<meta name=\"twitter:label1\" content=\"Scritto da\" \/>\n\t<meta name=\"twitter:data1\" content=\"articolinews\" \/>\n\t<meta name=\"twitter:label2\" content=\"Tempo di lettura stimato\" \/>\n\t<meta name=\"twitter:data2\" content=\"3 minuti\" \/>\n<script type=\"application\/ld+json\" class=\"yoast-schema-graph\">{\"@context\":\"https:\\\/\\\/schema.org\",\"@graph\":[{\"@type\":\"Article\",\"@id\":\"https:\\\/\\\/www.article-marketing.eu\\\/comunicatistampa\\\/susan-carol-holland-linclusione-sociale-e-il-core-business-di-fondazione-amplifon\\\/#article\",\"isPartOf\":{\"@id\":\"https:\\\/\\\/www.article-marketing.eu\\\/comunicatistampa\\\/susan-carol-holland-linclusione-sociale-e-il-core-business-di-fondazione-amplifon\\\/\"},\"author\":{\"name\":\"articolinews\",\"@id\":\"https:\\\/\\\/www.article-marketing.eu\\\/comunicatistampa\\\/#\\\/schema\\\/person\\\/2fcaf8f8f3a9eef9eb7f27532d3ca458\"},\"headline\":\"Susan Carol Holland: l\u2019inclusione sociale \u00e8 il core business di Fondazione Amplifon\",\"datePublished\":\"2023-09-21T13:32:20+00:00\",\"mainEntityOfPage\":{\"@id\":\"https:\\\/\\\/www.article-marketing.eu\\\/comunicatistampa\\\/susan-carol-holland-linclusione-sociale-e-il-core-business-di-fondazione-amplifon\\\/\"},\"wordCount\":487,\"commentCount\":0,\"image\":{\"@id\":\"https:\\\/\\\/www.article-marketing.eu\\\/comunicatistampa\\\/susan-carol-holland-linclusione-sociale-e-il-core-business-di-fondazione-amplifon\\\/#primaryimage\"},\"thumbnailUrl\":\"https:\\\/\\\/h2biz.net\\\/images\\\/Plats\\\/crop_min_20230112151048.jpg\",\"keywords\":[\"Susan Carol Holland\"],\"articleSection\":[\"Societ\u00e0\"],\"inLanguage\":\"it-IT\",\"potentialAction\":[{\"@type\":\"CommentAction\",\"name\":\"Comment\",\"target\":[\"https:\\\/\\\/www.article-marketing.eu\\\/comunicatistampa\\\/susan-carol-holland-linclusione-sociale-e-il-core-business-di-fondazione-amplifon\\\/#respond\"]}]},{\"@type\":\"WebPage\",\"@id\":\"https:\\\/\\\/www.article-marketing.eu\\\/comunicatistampa\\\/susan-carol-holland-linclusione-sociale-e-il-core-business-di-fondazione-amplifon\\\/\",\"url\":\"https:\\\/\\\/www.article-marketing.eu\\\/comunicatistampa\\\/susan-carol-holland-linclusione-sociale-e-il-core-business-di-fondazione-amplifon\\\/\",\"name\":\"Susan Carol Holland: l\u2019inclusione sociale \u00e8 il core business di Fondazione Amplifon\",\"isPartOf\":{\"@id\":\"https:\\\/\\\/www.article-marketing.eu\\\/comunicatistampa\\\/#website\"},\"primaryImageOfPage\":{\"@id\":\"https:\\\/\\\/www.article-marketing.eu\\\/comunicatistampa\\\/susan-carol-holland-linclusione-sociale-e-il-core-business-di-fondazione-amplifon\\\/#primaryimage\"},\"image\":{\"@id\":\"https:\\\/\\\/www.article-marketing.eu\\\/comunicatistampa\\\/susan-carol-holland-linclusione-sociale-e-il-core-business-di-fondazione-amplifon\\\/#primaryimage\"},\"thumbnailUrl\":\"https:\\\/\\\/h2biz.net\\\/images\\\/Plats\\\/crop_min_20230112151048.jpg\",\"datePublished\":\"2023-09-21T13:32:20+00:00\",\"author\":{\"@id\":\"https:\\\/\\\/www.article-marketing.eu\\\/comunicatistampa\\\/#\\\/schema\\\/person\\\/2fcaf8f8f3a9eef9eb7f27532d3ca458\"},\"breadcrumb\":{\"@id\":\"https:\\\/\\\/www.article-marketing.eu\\\/comunicatistampa\\\/susan-carol-holland-linclusione-sociale-e-il-core-business-di-fondazione-amplifon\\\/#breadcrumb\"},\"inLanguage\":\"it-IT\",\"potentialAction\":[{\"@type\":\"ReadAction\",\"target\":[\"https:\\\/\\\/www.article-marketing.eu\\\/comunicatistampa\\\/susan-carol-holland-linclusione-sociale-e-il-core-business-di-fondazione-amplifon\\\/\"]}]},{\"@type\":\"ImageObject\",\"inLanguage\":\"it-IT\",\"@id\":\"https:\\\/\\\/www.article-marketing.eu\\\/comunicatistampa\\\/susan-carol-holland-linclusione-sociale-e-il-core-business-di-fondazione-amplifon\\\/#primaryimage\",\"url\":\"https:\\\/\\\/h2biz.net\\\/images\\\/Plats\\\/crop_min_20230112151048.jpg\",\"contentUrl\":\"https:\\\/\\\/h2biz.net\\\/images\\\/Plats\\\/crop_min_20230112151048.jpg\"},{\"@type\":\"BreadcrumbList\",\"@id\":\"https:\\\/\\\/www.article-marketing.eu\\\/comunicatistampa\\\/susan-carol-holland-linclusione-sociale-e-il-core-business-di-fondazione-amplifon\\\/#breadcrumb\",\"itemListElement\":[{\"@type\":\"ListItem\",\"position\":1,\"name\":\"Home\",\"item\":\"https:\\\/\\\/www.article-marketing.eu\\\/comunicatistampa\\\/\"},{\"@type\":\"ListItem\",\"position\":2,\"name\":\"Susan Carol Holland: l\u2019inclusione sociale \u00e8 il core business di Fondazione Amplifon\"}]},{\"@type\":\"WebSite\",\"@id\":\"https:\\\/\\\/www.article-marketing.eu\\\/comunicatistampa\\\/#website\",\"url\":\"https:\\\/\\\/www.article-marketing.eu\\\/comunicatistampa\\\/\",\"name\":\"Article Marketing\",\"description\":\"article marketing &amp; press release\",\"potentialAction\":[{\"@type\":\"SearchAction\",\"target\":{\"@type\":\"EntryPoint\",\"urlTemplate\":\"https:\\\/\\\/www.article-marketing.eu\\\/comunicatistampa\\\/?s={search_term_string}\"},\"query-input\":{\"@type\":\"PropertyValueSpecification\",\"valueRequired\":true,\"valueName\":\"search_term_string\"}}],\"inLanguage\":\"it-IT\"},{\"@type\":\"Person\",\"@id\":\"https:\\\/\\\/www.article-marketing.eu\\\/comunicatistampa\\\/#\\\/schema\\\/person\\\/2fcaf8f8f3a9eef9eb7f27532d3ca458\",\"name\":\"articolinews\",\"image\":{\"@type\":\"ImageObject\",\"inLanguage\":\"it-IT\",\"@id\":\"https:\\\/\\\/secure.gravatar.com\\\/avatar\\\/9e2a264bab04e17dea24d937c9956304649a848cb73c46747a692ff1bdeb1cb7?s=96&d=mm&r=g\",\"url\":\"https:\\\/\\\/secure.gravatar.com\\\/avatar\\\/9e2a264bab04e17dea24d937c9956304649a848cb73c46747a692ff1bdeb1cb7?s=96&d=mm&r=g\",\"contentUrl\":\"https:\\\/\\\/secure.gravatar.com\\\/avatar\\\/9e2a264bab04e17dea24d937c9956304649a848cb73c46747a692ff1bdeb1cb7?s=96&d=mm&r=g\",\"caption\":\"articolinews\"},\"url\":\"https:\\\/\\\/www.article-marketing.eu\\\/comunicatistampa\\\/author\\\/articolinews\\\/\"}]}<\/script>\n<!-- \/ Yoast SEO plugin. -->","yoast_head_json":{"title":"Susan Carol Holland: l\u2019inclusione sociale \u00e8 il core business di Fondazione Amplifon","robots":{"index":"index","follow":"follow","max-snippet":"max-snippet:-1","max-image-preview":"max-image-preview:large","max-video-preview":"max-video-preview:-1"},"canonical":"https:\/\/www.article-marketing.eu\/comunicatistampa\/susan-carol-holland-linclusione-sociale-e-il-core-business-di-fondazione-amplifon\/","og_locale":"it_IT","og_type":"article","og_title":"Susan Carol Holland: l\u2019inclusione sociale \u00e8 il core business di Fondazione Amplifon","og_description":"Si chiamava Algernon Charles Holland il fondatore di Amplifon, primo gruppo mondiale dell\u2019hearing care, e l\u2019inclusione sociale di chi aveva subito danni all\u2019udito durante la guerra era il suo obiettivo. Oggi, la realt\u00e0 guidata da Enrico Vita e la fondazione presieduta da Susan Carol Holland continuano sullo stesso percorso intrapreso dal fondatore, lavorando parallelamente a progetti diversi ma accomunati dalla medesima aspirazione. Susan Carol Holland: l\u2019inclusione come mission sociale eContinue reading...","og_url":"https:\/\/www.article-marketing.eu\/comunicatistampa\/susan-carol-holland-linclusione-sociale-e-il-core-business-di-fondazione-amplifon\/","og_site_name":"Article Marketing","article_published_time":"2023-09-21T13:32:20+00:00","og_image":[{"url":"https:\/\/h2biz.net\/images\/Plats\/crop_min_20230112151048.jpg","type":"","width":"","height":""}],"author":"articolinews","twitter_card":"summary_large_image","twitter_misc":{"Scritto da":"articolinews","Tempo di lettura stimato":"3 minuti"},"schema":{"@context":"https:\/\/schema.org","@graph":[{"@type":"Article","@id":"https:\/\/www.article-marketing.eu\/comunicatistampa\/susan-carol-holland-linclusione-sociale-e-il-core-business-di-fondazione-amplifon\/#article","isPartOf":{"@id":"https:\/\/www.article-marketing.eu\/comunicatistampa\/susan-carol-holland-linclusione-sociale-e-il-core-business-di-fondazione-amplifon\/"},"author":{"name":"articolinews","@id":"https:\/\/www.article-marketing.eu\/comunicatistampa\/#\/schema\/person\/2fcaf8f8f3a9eef9eb7f27532d3ca458"},"headline":"Susan Carol Holland: l\u2019inclusione sociale \u00e8 il core business di Fondazione Amplifon","datePublished":"2023-09-21T13:32:20+00:00","mainEntityOfPage":{"@id":"https:\/\/www.article-marketing.eu\/comunicatistampa\/susan-carol-holland-linclusione-sociale-e-il-core-business-di-fondazione-amplifon\/"},"wordCount":487,"commentCount":0,"image":{"@id":"https:\/\/www.article-marketing.eu\/comunicatistampa\/susan-carol-holland-linclusione-sociale-e-il-core-business-di-fondazione-amplifon\/#primaryimage"},"thumbnailUrl":"https:\/\/h2biz.net\/images\/Plats\/crop_min_20230112151048.jpg","keywords":["Susan Carol Holland"],"articleSection":["Societ\u00e0"],"inLanguage":"it-IT","potentialAction":[{"@type":"CommentAction","name":"Comment","target":["https:\/\/www.article-marketing.eu\/comunicatistampa\/susan-carol-holland-linclusione-sociale-e-il-core-business-di-fondazione-amplifon\/#respond"]}]},{"@type":"WebPage","@id":"https:\/\/www.article-marketing.eu\/comunicatistampa\/susan-carol-holland-linclusione-sociale-e-il-core-business-di-fondazione-amplifon\/","url":"https:\/\/www.article-marketing.eu\/comunicatistampa\/susan-carol-holland-linclusione-sociale-e-il-core-business-di-fondazione-amplifon\/","name":"Susan Carol Holland: l\u2019inclusione sociale \u00e8 il core business di Fondazione Amplifon","isPartOf":{"@id":"https:\/\/www.article-marketing.eu\/comunicatistampa\/#website"},"primaryImageOfPage":{"@id":"https:\/\/www.article-marketing.eu\/comunicatistampa\/susan-carol-holland-linclusione-sociale-e-il-core-business-di-fondazione-amplifon\/#primaryimage"},"image":{"@id":"https:\/\/www.article-marketing.eu\/comunicatistampa\/susan-carol-holland-linclusione-sociale-e-il-core-business-di-fondazione-amplifon\/#primaryimage"},"thumbnailUrl":"https:\/\/h2biz.net\/images\/Plats\/crop_min_20230112151048.jpg","datePublished":"2023-09-21T13:32:20+00:00","author":{"@id":"https:\/\/www.article-marketing.eu\/comunicatistampa\/#\/schema\/person\/2fcaf8f8f3a9eef9eb7f27532d3ca458"},"breadcrumb":{"@id":"https:\/\/www.article-marketing.eu\/comunicatistampa\/susan-carol-holland-linclusione-sociale-e-il-core-business-di-fondazione-amplifon\/#breadcrumb"},"inLanguage":"it-IT","potentialAction":[{"@type":"ReadAction","target":["https:\/\/www.article-marketing.eu\/comunicatistampa\/susan-carol-holland-linclusione-sociale-e-il-core-business-di-fondazione-amplifon\/"]}]},{"@type":"ImageObject","inLanguage":"it-IT","@id":"https:\/\/www.article-marketing.eu\/comunicatistampa\/susan-carol-holland-linclusione-sociale-e-il-core-business-di-fondazione-amplifon\/#primaryimage","url":"https:\/\/h2biz.net\/images\/Plats\/crop_min_20230112151048.jpg","contentUrl":"https:\/\/h2biz.net\/images\/Plats\/crop_min_20230112151048.jpg"},{"@type":"BreadcrumbList","@id":"https:\/\/www.article-marketing.eu\/comunicatistampa\/susan-carol-holland-linclusione-sociale-e-il-core-business-di-fondazione-amplifon\/#breadcrumb","itemListElement":[{"@type":"ListItem","position":1,"name":"Home","item":"https:\/\/www.article-marketing.eu\/comunicatistampa\/"},{"@type":"ListItem","position":2,"name":"Susan Carol Holland: l\u2019inclusione sociale \u00e8 il core business di Fondazione Amplifon"}]},{"@type":"WebSite","@id":"https:\/\/www.article-marketing.eu\/comunicatistampa\/#website","url":"https:\/\/www.article-marketing.eu\/comunicatistampa\/","name":"Article Marketing","description":"article marketing &amp; press release","potentialAction":[{"@type":"SearchAction","target":{"@type":"EntryPoint","urlTemplate":"https:\/\/www.article-marketing.eu\/comunicatistampa\/?s={search_term_string}"},"query-input":{"@type":"PropertyValueSpecification","valueRequired":true,"valueName":"search_term_string"}}],"inLanguage":"it-IT"},{"@type":"Person","@id":"https:\/\/www.article-marketing.eu\/comunicatistampa\/#\/schema\/person\/2fcaf8f8f3a9eef9eb7f27532d3ca458","name":"articolinews","image":{"@type":"ImageObject","inLanguage":"it-IT","@id":"https:\/\/secure.gravatar.com\/avatar\/9e2a264bab04e17dea24d937c9956304649a848cb73c46747a692ff1bdeb1cb7?s=96&d=mm&r=g","url":"https:\/\/secure.gravatar.com\/avatar\/9e2a264bab04e17dea24d937c9956304649a848cb73c46747a692ff1bdeb1cb7?s=96&d=mm&r=g","contentUrl":"https:\/\/secure.gravatar.com\/avatar\/9e2a264bab04e17dea24d937c9956304649a848cb73c46747a692ff1bdeb1cb7?s=96&d=mm&r=g","caption":"articolinews"},"url":"https:\/\/www.article-marketing.eu\/comunicatistampa\/author\/articolinews\/"}]}},"_links":{"self":[{"href":"https:\/\/www.article-marketing.eu\/comunicatistampa\/wp-json\/wp\/v2\/posts\/28233","targetHints":{"allow":["GET"]}}],"collection":[{"href":"https:\/\/www.article-marketing.eu\/comunicatistampa\/wp-json\/wp\/v2\/posts"}],"about":[{"href":"https:\/\/www.article-marketing.eu\/comunicatistampa\/wp-json\/wp\/v2\/types\/post"}],"author":[{"embeddable":true,"href":"https:\/\/www.article-marketing.eu\/comunicatistampa\/wp-json\/wp\/v2\/users\/6477"}],"replies":[{"embeddable":true,"href":"https:\/\/www.article-marketing.eu\/comunicatistampa\/wp-json\/wp\/v2\/comments?post=28233"}],"version-history":[{"count":3,"href":"https:\/\/www.article-marketing.eu\/comunicatistampa\/wp-json\/wp\/v2\/posts\/28233\/revisions"}],"predecessor-version":[{"id":28367,"href":"https:\/\/www.article-marketing.eu\/comunicatistampa\/wp-json\/wp\/v2\/posts\/28233\/revisions\/28367"}],"wp:attachment":[{"href":"https:\/\/www.article-marketing.eu\/comunicatistampa\/wp-json\/wp\/v2\/media?parent=28233"}],"wp:term":[{"taxonomy":"category","embeddable":true,"href":"https:\/\/www.article-marketing.eu\/comunicatistampa\/wp-json\/wp\/v2\/categories?post=28233"},{"taxonomy":"post_tag","embeddable":true,"href":"https:\/\/www.article-marketing.eu\/comunicatistampa\/wp-json\/wp\/v2\/tags?post=28233"}],"curies":[{"name":"wp","href":"https:\/\/api.w.org\/{rel}","templated":true}]}}