{"id":28305,"date":"2023-09-21T15:33:08","date_gmt":"2023-09-21T13:33:08","guid":{"rendered":"https:\/\/www.article-marketing.eu\/comunicatistampa\/?p=28305"},"modified":"2023-09-21T15:33:08","modified_gmt":"2023-09-21T13:33:08","slug":"andrea-mascetti-formazione-e-biografia-dellavvocato","status":"publish","type":"post","link":"https:\/\/www.article-marketing.eu\/comunicatistampa\/andrea-mascetti-formazione-e-biografia-dellavvocato\/","title":{"rendered":"Andrea Mascetti, formazione e biografia dell\u2019avvocato"},"content":{"rendered":"<p><em><strong>Dal 2004, lo Studio Legale Mascetti fornisce servizi legali di qualit\u00e0. La biografia dell\u2019avvocato <a title=\"Il percorso professionale di Andrea Mascetti\" href=\"https:\/\/www.professionistiitaliani.it\/Profilo-utente\/434-Andrea-Mascetti.html\">Andrea Mascetti<\/a>, l\u2019uomo che l\u2019ha fondato.<\/strong><\/em><\/p>\n<p><a title=\"Professionisti italiani, focus sull'avvocato Andrea Mascetti\" href=\"https:\/\/www.professionistiitaliani.it\/Profilo-utente\/434-Andrea-Mascetti.html\"><img loading=\"lazy\" decoding=\"async\" src=\"https:\/\/www.professionistiitaliani.it\/images\/comprofiler\/0_52a20d90cf333.jpg\" alt=\"Andrea Mascetti\" width=\"100\" height=\"150\" \/><\/a><\/p>\n<h2>Andrea Mascetti, la formazione e le aree di specializzazione<\/h2>\n<p><strong>Andrea Mascetti<\/strong> nasce nel 1971 a Varese. In giovent\u00f9, si forma completando gli studi classici, che saranno fondamentali nel cementare il suo amore per la cultura. Nel 1996 si laurea in Giurisprudenza all\u2019Universit\u00e0 degli Studi di Milano. Terminato il praticantato, affronta con successo l\u2019esame di abilitazione alla professione di avvocato davanti alla Corte di Appello di Milano, entrando nell\u2019Ordine degli Avvocati di Varese. La sua prima esperienza professionale \u00e8 quella come avvocato presso lo Studio Legale Tributario di Ernst &amp; Young, che svolge fino al 2003 e che sar\u00e0 fondamentale nell\u2019assicuragli una solida base di competenze ed esperienza che infonder\u00e0 poi nella sua attivit\u00e0 in proprio. L\u2019anno successivo, decide infatti di fondare lo Studio Legale Mascetti, arricchitosi negli anni grazie alla collaborazione di diversi esperti nazionali. Come avvocato, Andrea Mascetti \u00e8 specializzato in diritto civile e in particolare in diritto societario e commerciale, nonch\u00e9 nella responsabilit\u00e0 civile e nel diritto del lavoro. \u00c8 tra i massimi esperti nazionali del decreto legislativo 231\/01, che stabilisce le responsabilit\u00e0 del datore di lavoro e dell\u2019azienda in caso di illeciti compiuti dai propri dipendenti.<\/p>\n<h2>Andrea Mascetti: le cariche e gli interessi<\/h2>\n<p>Oltre che un esperto in legge, <a title=\"La storia professionale di Andrea Mascetti\" href=\"https:\/\/www.professionistiitaliani.it\/Profilo-utente\/434-Andrea-Mascetti.html\"><strong>Andrea Mascetti<\/strong><\/a> \u00e8 un uomo dagli interessi numerosi e variegati. \u00c8 noto per essere bibliofilo e grande lettore: tra le sue maggiori passioni troviamo la storia e la geopolitica. \u00c8 anche un grande viaggiatore e promotore attivo di iniziative culturali: ha fatto parte della Commissione Centrale di Beneficenza di Fondazione Cariplo, dove ha coordinato la Commissione Arte e Cultura. Dal 2022, \u00e8 membro dell&#8217;Advisory Board di Valore Italia, Centro Internazionale di Formazione e Ricerca per il Restauro e la Valorizzazione del Patrimonio Culturale. \u00c8 anche consigliere indipendente nel Consiglio di Amministrazione di Italgas S.p.A. In questa veste, presiede il Comitato Nomine e Remunerazioni, contribuendo a orientare le decisioni chiave all&#8217;interno dell&#8217;azienda. Dal 2023, Andrea Mascetti opera in qualit\u00e0 di Presidente di Finlombarda S.p.A., societ\u00e0 finanziaria di Regione Lombardia e intermediario finanziario vigilato da Banca d&#8217;Italia.<\/p>\n","protected":false},"excerpt":{"rendered":"<p>Dal 2004, lo Studio Legale Mascetti fornisce servizi legali di qualit\u00e0. La biografia dell\u2019avvocato Andrea Mascetti, l\u2019uomo che l\u2019ha fondato. Andrea Mascetti, la formazione e le aree di specializzazione Andrea Mascetti nasce nel 1971 a Varese. In giovent\u00f9, si forma completando gli studi classici, che saranno fondamentali nel cementare il suo amore per la cultura. Nel 1996 si laurea in Giurisprudenza all\u2019Universit\u00e0 degli Studi di Milano. Terminato il praticantato, affronta<\/p>\n<p><a class=\"continue-reading\" href=\"https:\/\/www.article-marketing.eu\/comunicatistampa\/andrea-mascetti-formazione-e-biografia-dellavvocato\/\">Continue reading&#8230;<\/a><\/p>\n","protected":false},"author":6477,"featured_media":0,"comment_status":"open","ping_status":"open","sticky":false,"template":"","format":"standard","meta":{"_monsterinsights_skip_tracking":false,"_monsterinsights_sitenote_active":false,"_monsterinsights_sitenote_note":"","_monsterinsights_sitenote_category":0,"footnotes":""},"categories":[390],"tags":[9120],"class_list":["post-28305","post","type-post","status-publish","format-standard","hentry","category-professionisti","tag-andrea-mascetti"],"yoast_head":"<!-- This site is optimized with the Yoast SEO plugin v27.3 - https:\/\/yoast.com\/product\/yoast-seo-wordpress\/ -->\n<title>Andrea Mascetti, formazione e biografia dell\u2019avvocato - Article Marketing<\/title>\n<meta name=\"description\" content=\"Oltre alle competenze nel diritto del lavoro e commerciale, l\u2019avvocato Andrea Mascetti, fondatore e titolare dell\u2019omonimo Studio Legale, spicca per gli interessi culturali e i numerosi incarichi anche a livello istituzionale.\" \/>\n<meta name=\"robots\" content=\"index, follow, max-snippet:-1, max-image-preview:large, max-video-preview:-1\" \/>\n<link rel=\"canonical\" href=\"https:\/\/www.article-marketing.eu\/comunicatistampa\/andrea-mascetti-formazione-e-biografia-dellavvocato\/\" \/>\n<meta property=\"og:locale\" content=\"it_IT\" \/>\n<meta property=\"og:type\" content=\"article\" \/>\n<meta property=\"og:title\" content=\"Andrea Mascetti, formazione e biografia dell\u2019avvocato - Article Marketing\" \/>\n<meta property=\"og:description\" content=\"Oltre alle competenze nel diritto del lavoro e commerciale, l\u2019avvocato Andrea Mascetti, fondatore e titolare dell\u2019omonimo Studio Legale, spicca per gli interessi culturali e i numerosi incarichi anche a livello istituzionale.\" \/>\n<meta property=\"og:url\" content=\"https:\/\/www.article-marketing.eu\/comunicatistampa\/andrea-mascetti-formazione-e-biografia-dellavvocato\/\" \/>\n<meta property=\"og:site_name\" content=\"Article Marketing\" \/>\n<meta property=\"article:published_time\" content=\"2023-09-21T13:33:08+00:00\" \/>\n<meta property=\"og:image\" content=\"https:\/\/www.professionistiitaliani.it\/images\/comprofiler\/0_52a20d90cf333.jpg\" \/>\n<meta name=\"author\" content=\"articolinews\" \/>\n<meta name=\"twitter:card\" content=\"summary_large_image\" \/>\n<meta name=\"twitter:label1\" content=\"Scritto da\" \/>\n\t<meta name=\"twitter:data1\" content=\"articolinews\" \/>\n\t<meta name=\"twitter:label2\" content=\"Tempo di lettura stimato\" \/>\n\t<meta name=\"twitter:data2\" content=\"3 minuti\" \/>\n<script type=\"application\/ld+json\" class=\"yoast-schema-graph\">{\"@context\":\"https:\\\/\\\/schema.org\",\"@graph\":[{\"@type\":\"Article\",\"@id\":\"https:\\\/\\\/www.article-marketing.eu\\\/comunicatistampa\\\/andrea-mascetti-formazione-e-biografia-dellavvocato\\\/#article\",\"isPartOf\":{\"@id\":\"https:\\\/\\\/www.article-marketing.eu\\\/comunicatistampa\\\/andrea-mascetti-formazione-e-biografia-dellavvocato\\\/\"},\"author\":{\"name\":\"articolinews\",\"@id\":\"https:\\\/\\\/www.article-marketing.eu\\\/comunicatistampa\\\/#\\\/schema\\\/person\\\/2fcaf8f8f3a9eef9eb7f27532d3ca458\"},\"headline\":\"Andrea Mascetti, formazione e biografia dell\u2019avvocato\",\"datePublished\":\"2023-09-21T13:33:08+00:00\",\"mainEntityOfPage\":{\"@id\":\"https:\\\/\\\/www.article-marketing.eu\\\/comunicatistampa\\\/andrea-mascetti-formazione-e-biografia-dellavvocato\\\/\"},\"wordCount\":362,\"commentCount\":0,\"image\":{\"@id\":\"https:\\\/\\\/www.article-marketing.eu\\\/comunicatistampa\\\/andrea-mascetti-formazione-e-biografia-dellavvocato\\\/#primaryimage\"},\"thumbnailUrl\":\"https:\\\/\\\/www.professionistiitaliani.it\\\/images\\\/comprofiler\\\/0_52a20d90cf333.jpg\",\"keywords\":[\"Andrea Mascetti\"],\"articleSection\":[\"Professionisti\"],\"inLanguage\":\"it-IT\",\"potentialAction\":[{\"@type\":\"CommentAction\",\"name\":\"Comment\",\"target\":[\"https:\\\/\\\/www.article-marketing.eu\\\/comunicatistampa\\\/andrea-mascetti-formazione-e-biografia-dellavvocato\\\/#respond\"]}]},{\"@type\":\"WebPage\",\"@id\":\"https:\\\/\\\/www.article-marketing.eu\\\/comunicatistampa\\\/andrea-mascetti-formazione-e-biografia-dellavvocato\\\/\",\"url\":\"https:\\\/\\\/www.article-marketing.eu\\\/comunicatistampa\\\/andrea-mascetti-formazione-e-biografia-dellavvocato\\\/\",\"name\":\"Andrea Mascetti, formazione e biografia dell\u2019avvocato - Article Marketing\",\"isPartOf\":{\"@id\":\"https:\\\/\\\/www.article-marketing.eu\\\/comunicatistampa\\\/#website\"},\"primaryImageOfPage\":{\"@id\":\"https:\\\/\\\/www.article-marketing.eu\\\/comunicatistampa\\\/andrea-mascetti-formazione-e-biografia-dellavvocato\\\/#primaryimage\"},\"image\":{\"@id\":\"https:\\\/\\\/www.article-marketing.eu\\\/comunicatistampa\\\/andrea-mascetti-formazione-e-biografia-dellavvocato\\\/#primaryimage\"},\"thumbnailUrl\":\"https:\\\/\\\/www.professionistiitaliani.it\\\/images\\\/comprofiler\\\/0_52a20d90cf333.jpg\",\"datePublished\":\"2023-09-21T13:33:08+00:00\",\"author\":{\"@id\":\"https:\\\/\\\/www.article-marketing.eu\\\/comunicatistampa\\\/#\\\/schema\\\/person\\\/2fcaf8f8f3a9eef9eb7f27532d3ca458\"},\"description\":\"Oltre alle competenze nel diritto del lavoro e commerciale, l\u2019avvocato Andrea Mascetti, fondatore e titolare dell\u2019omonimo Studio Legale, spicca per gli interessi culturali e i numerosi incarichi anche a livello istituzionale.\",\"breadcrumb\":{\"@id\":\"https:\\\/\\\/www.article-marketing.eu\\\/comunicatistampa\\\/andrea-mascetti-formazione-e-biografia-dellavvocato\\\/#breadcrumb\"},\"inLanguage\":\"it-IT\",\"potentialAction\":[{\"@type\":\"ReadAction\",\"target\":[\"https:\\\/\\\/www.article-marketing.eu\\\/comunicatistampa\\\/andrea-mascetti-formazione-e-biografia-dellavvocato\\\/\"]}]},{\"@type\":\"ImageObject\",\"inLanguage\":\"it-IT\",\"@id\":\"https:\\\/\\\/www.article-marketing.eu\\\/comunicatistampa\\\/andrea-mascetti-formazione-e-biografia-dellavvocato\\\/#primaryimage\",\"url\":\"https:\\\/\\\/www.professionistiitaliani.it\\\/images\\\/comprofiler\\\/0_52a20d90cf333.jpg\",\"contentUrl\":\"https:\\\/\\\/www.professionistiitaliani.it\\\/images\\\/comprofiler\\\/0_52a20d90cf333.jpg\"},{\"@type\":\"BreadcrumbList\",\"@id\":\"https:\\\/\\\/www.article-marketing.eu\\\/comunicatistampa\\\/andrea-mascetti-formazione-e-biografia-dellavvocato\\\/#breadcrumb\",\"itemListElement\":[{\"@type\":\"ListItem\",\"position\":1,\"name\":\"Home\",\"item\":\"https:\\\/\\\/www.article-marketing.eu\\\/comunicatistampa\\\/\"},{\"@type\":\"ListItem\",\"position\":2,\"name\":\"Andrea Mascetti, formazione e biografia dell\u2019avvocato\"}]},{\"@type\":\"WebSite\",\"@id\":\"https:\\\/\\\/www.article-marketing.eu\\\/comunicatistampa\\\/#website\",\"url\":\"https:\\\/\\\/www.article-marketing.eu\\\/comunicatistampa\\\/\",\"name\":\"Article Marketing\",\"description\":\"article marketing &amp; press release\",\"potentialAction\":[{\"@type\":\"SearchAction\",\"target\":{\"@type\":\"EntryPoint\",\"urlTemplate\":\"https:\\\/\\\/www.article-marketing.eu\\\/comunicatistampa\\\/?s={search_term_string}\"},\"query-input\":{\"@type\":\"PropertyValueSpecification\",\"valueRequired\":true,\"valueName\":\"search_term_string\"}}],\"inLanguage\":\"it-IT\"},{\"@type\":\"Person\",\"@id\":\"https:\\\/\\\/www.article-marketing.eu\\\/comunicatistampa\\\/#\\\/schema\\\/person\\\/2fcaf8f8f3a9eef9eb7f27532d3ca458\",\"name\":\"articolinews\",\"image\":{\"@type\":\"ImageObject\",\"inLanguage\":\"it-IT\",\"@id\":\"https:\\\/\\\/secure.gravatar.com\\\/avatar\\\/9e2a264bab04e17dea24d937c9956304649a848cb73c46747a692ff1bdeb1cb7?s=96&d=mm&r=g\",\"url\":\"https:\\\/\\\/secure.gravatar.com\\\/avatar\\\/9e2a264bab04e17dea24d937c9956304649a848cb73c46747a692ff1bdeb1cb7?s=96&d=mm&r=g\",\"contentUrl\":\"https:\\\/\\\/secure.gravatar.com\\\/avatar\\\/9e2a264bab04e17dea24d937c9956304649a848cb73c46747a692ff1bdeb1cb7?s=96&d=mm&r=g\",\"caption\":\"articolinews\"},\"url\":\"https:\\\/\\\/www.article-marketing.eu\\\/comunicatistampa\\\/author\\\/articolinews\\\/\"}]}<\/script>\n<!-- \/ Yoast SEO plugin. -->","yoast_head_json":{"title":"Andrea Mascetti, formazione e biografia dell\u2019avvocato - Article Marketing","description":"Oltre alle competenze nel diritto del lavoro e commerciale, l\u2019avvocato Andrea Mascetti, fondatore e titolare dell\u2019omonimo Studio Legale, spicca per gli interessi culturali e i numerosi incarichi anche a livello istituzionale.","robots":{"index":"index","follow":"follow","max-snippet":"max-snippet:-1","max-image-preview":"max-image-preview:large","max-video-preview":"max-video-preview:-1"},"canonical":"https:\/\/www.article-marketing.eu\/comunicatistampa\/andrea-mascetti-formazione-e-biografia-dellavvocato\/","og_locale":"it_IT","og_type":"article","og_title":"Andrea Mascetti, formazione e biografia dell\u2019avvocato - Article Marketing","og_description":"Oltre alle competenze nel diritto del lavoro e commerciale, l\u2019avvocato Andrea Mascetti, fondatore e titolare dell\u2019omonimo Studio Legale, spicca per gli interessi culturali e i numerosi incarichi anche a livello istituzionale.","og_url":"https:\/\/www.article-marketing.eu\/comunicatistampa\/andrea-mascetti-formazione-e-biografia-dellavvocato\/","og_site_name":"Article Marketing","article_published_time":"2023-09-21T13:33:08+00:00","og_image":[{"url":"https:\/\/www.professionistiitaliani.it\/images\/comprofiler\/0_52a20d90cf333.jpg","type":"","width":"","height":""}],"author":"articolinews","twitter_card":"summary_large_image","twitter_misc":{"Scritto da":"articolinews","Tempo di lettura stimato":"3 minuti"},"schema":{"@context":"https:\/\/schema.org","@graph":[{"@type":"Article","@id":"https:\/\/www.article-marketing.eu\/comunicatistampa\/andrea-mascetti-formazione-e-biografia-dellavvocato\/#article","isPartOf":{"@id":"https:\/\/www.article-marketing.eu\/comunicatistampa\/andrea-mascetti-formazione-e-biografia-dellavvocato\/"},"author":{"name":"articolinews","@id":"https:\/\/www.article-marketing.eu\/comunicatistampa\/#\/schema\/person\/2fcaf8f8f3a9eef9eb7f27532d3ca458"},"headline":"Andrea Mascetti, formazione e biografia dell\u2019avvocato","datePublished":"2023-09-21T13:33:08+00:00","mainEntityOfPage":{"@id":"https:\/\/www.article-marketing.eu\/comunicatistampa\/andrea-mascetti-formazione-e-biografia-dellavvocato\/"},"wordCount":362,"commentCount":0,"image":{"@id":"https:\/\/www.article-marketing.eu\/comunicatistampa\/andrea-mascetti-formazione-e-biografia-dellavvocato\/#primaryimage"},"thumbnailUrl":"https:\/\/www.professionistiitaliani.it\/images\/comprofiler\/0_52a20d90cf333.jpg","keywords":["Andrea Mascetti"],"articleSection":["Professionisti"],"inLanguage":"it-IT","potentialAction":[{"@type":"CommentAction","name":"Comment","target":["https:\/\/www.article-marketing.eu\/comunicatistampa\/andrea-mascetti-formazione-e-biografia-dellavvocato\/#respond"]}]},{"@type":"WebPage","@id":"https:\/\/www.article-marketing.eu\/comunicatistampa\/andrea-mascetti-formazione-e-biografia-dellavvocato\/","url":"https:\/\/www.article-marketing.eu\/comunicatistampa\/andrea-mascetti-formazione-e-biografia-dellavvocato\/","name":"Andrea Mascetti, formazione e biografia dell\u2019avvocato - Article Marketing","isPartOf":{"@id":"https:\/\/www.article-marketing.eu\/comunicatistampa\/#website"},"primaryImageOfPage":{"@id":"https:\/\/www.article-marketing.eu\/comunicatistampa\/andrea-mascetti-formazione-e-biografia-dellavvocato\/#primaryimage"},"image":{"@id":"https:\/\/www.article-marketing.eu\/comunicatistampa\/andrea-mascetti-formazione-e-biografia-dellavvocato\/#primaryimage"},"thumbnailUrl":"https:\/\/www.professionistiitaliani.it\/images\/comprofiler\/0_52a20d90cf333.jpg","datePublished":"2023-09-21T13:33:08+00:00","author":{"@id":"https:\/\/www.article-marketing.eu\/comunicatistampa\/#\/schema\/person\/2fcaf8f8f3a9eef9eb7f27532d3ca458"},"description":"Oltre alle competenze nel diritto del lavoro e commerciale, l\u2019avvocato Andrea Mascetti, fondatore e titolare dell\u2019omonimo Studio Legale, spicca per gli interessi culturali e i numerosi incarichi anche a livello istituzionale.","breadcrumb":{"@id":"https:\/\/www.article-marketing.eu\/comunicatistampa\/andrea-mascetti-formazione-e-biografia-dellavvocato\/#breadcrumb"},"inLanguage":"it-IT","potentialAction":[{"@type":"ReadAction","target":["https:\/\/www.article-marketing.eu\/comunicatistampa\/andrea-mascetti-formazione-e-biografia-dellavvocato\/"]}]},{"@type":"ImageObject","inLanguage":"it-IT","@id":"https:\/\/www.article-marketing.eu\/comunicatistampa\/andrea-mascetti-formazione-e-biografia-dellavvocato\/#primaryimage","url":"https:\/\/www.professionistiitaliani.it\/images\/comprofiler\/0_52a20d90cf333.jpg","contentUrl":"https:\/\/www.professionistiitaliani.it\/images\/comprofiler\/0_52a20d90cf333.jpg"},{"@type":"BreadcrumbList","@id":"https:\/\/www.article-marketing.eu\/comunicatistampa\/andrea-mascetti-formazione-e-biografia-dellavvocato\/#breadcrumb","itemListElement":[{"@type":"ListItem","position":1,"name":"Home","item":"https:\/\/www.article-marketing.eu\/comunicatistampa\/"},{"@type":"ListItem","position":2,"name":"Andrea Mascetti, formazione e biografia dell\u2019avvocato"}]},{"@type":"WebSite","@id":"https:\/\/www.article-marketing.eu\/comunicatistampa\/#website","url":"https:\/\/www.article-marketing.eu\/comunicatistampa\/","name":"Article Marketing","description":"article marketing &amp; press release","potentialAction":[{"@type":"SearchAction","target":{"@type":"EntryPoint","urlTemplate":"https:\/\/www.article-marketing.eu\/comunicatistampa\/?s={search_term_string}"},"query-input":{"@type":"PropertyValueSpecification","valueRequired":true,"valueName":"search_term_string"}}],"inLanguage":"it-IT"},{"@type":"Person","@id":"https:\/\/www.article-marketing.eu\/comunicatistampa\/#\/schema\/person\/2fcaf8f8f3a9eef9eb7f27532d3ca458","name":"articolinews","image":{"@type":"ImageObject","inLanguage":"it-IT","@id":"https:\/\/secure.gravatar.com\/avatar\/9e2a264bab04e17dea24d937c9956304649a848cb73c46747a692ff1bdeb1cb7?s=96&d=mm&r=g","url":"https:\/\/secure.gravatar.com\/avatar\/9e2a264bab04e17dea24d937c9956304649a848cb73c46747a692ff1bdeb1cb7?s=96&d=mm&r=g","contentUrl":"https:\/\/secure.gravatar.com\/avatar\/9e2a264bab04e17dea24d937c9956304649a848cb73c46747a692ff1bdeb1cb7?s=96&d=mm&r=g","caption":"articolinews"},"url":"https:\/\/www.article-marketing.eu\/comunicatistampa\/author\/articolinews\/"}]}},"_links":{"self":[{"href":"https:\/\/www.article-marketing.eu\/comunicatistampa\/wp-json\/wp\/v2\/posts\/28305","targetHints":{"allow":["GET"]}}],"collection":[{"href":"https:\/\/www.article-marketing.eu\/comunicatistampa\/wp-json\/wp\/v2\/posts"}],"about":[{"href":"https:\/\/www.article-marketing.eu\/comunicatistampa\/wp-json\/wp\/v2\/types\/post"}],"author":[{"embeddable":true,"href":"https:\/\/www.article-marketing.eu\/comunicatistampa\/wp-json\/wp\/v2\/users\/6477"}],"replies":[{"embeddable":true,"href":"https:\/\/www.article-marketing.eu\/comunicatistampa\/wp-json\/wp\/v2\/comments?post=28305"}],"version-history":[{"count":2,"href":"https:\/\/www.article-marketing.eu\/comunicatistampa\/wp-json\/wp\/v2\/posts\/28305\/revisions"}],"predecessor-version":[{"id":28369,"href":"https:\/\/www.article-marketing.eu\/comunicatistampa\/wp-json\/wp\/v2\/posts\/28305\/revisions\/28369"}],"wp:attachment":[{"href":"https:\/\/www.article-marketing.eu\/comunicatistampa\/wp-json\/wp\/v2\/media?parent=28305"}],"wp:term":[{"taxonomy":"category","embeddable":true,"href":"https:\/\/www.article-marketing.eu\/comunicatistampa\/wp-json\/wp\/v2\/categories?post=28305"},{"taxonomy":"post_tag","embeddable":true,"href":"https:\/\/www.article-marketing.eu\/comunicatistampa\/wp-json\/wp\/v2\/tags?post=28305"}],"curies":[{"name":"wp","href":"https:\/\/api.w.org\/{rel}","templated":true}]}}