{"id":28309,"date":"2023-09-21T15:33:42","date_gmt":"2023-09-21T13:33:42","guid":{"rendered":"https:\/\/www.article-marketing.eu\/comunicatistampa\/?p=28309"},"modified":"2023-09-21T15:33:42","modified_gmt":"2023-09-21T13:33:42","slug":"gli-eventi-aifos-al-salone-internazionale-dellemergenza-reas-2023","status":"publish","type":"post","link":"https:\/\/www.article-marketing.eu\/comunicatistampa\/gli-eventi-aifos-al-salone-internazionale-dellemergenza-reas-2023\/","title":{"rendered":"Gli eventi AiFOS al Salone Internazionale dell\u2019Emergenza REAS 2023"},"content":{"rendered":"<h1>Comunicato Stampa<\/h1>\n<h1>Gli eventi AiFOS al Salone Internazionale dell\u2019Emergenza REAS 2023<\/h1>\n<p><strong><em>\u00a0<\/em><\/strong><\/p>\n<p><strong><em>Al salone REAS dell\u2019emergenza che si terr\u00e0 dal 6 all\u20198 ottobre 2023 a Montichiari (BS) AiFOS organizza vari eventi per ragazzi e per adulti. Si parler\u00e0, ad esempio, di rischio sismico, di elicooperazione, di volontariato e sicurezza durante gli eventi.<\/em><\/strong><\/p>\n<p>&nbsp;<\/p>\n<p>Di fronte all\u2019aumento delle manifestazioni climatiche estreme, delle calamit\u00e0 naturali sul territorio (frane, alluvioni, incendi, terremoti, \u2026), delle difficolt\u00e0 di gestione della sicurezza e salute negli eventi e negli stabilimenti industriali \u00e8 sempre pi\u00f9 importante affrontare il <strong>tema delle emergenze<\/strong>. Non solo \u00e8 necessario migliorarne la <strong>gestione<\/strong> e la nostra <strong>capacit\u00e0 di intervento<\/strong>, ma c\u2019\u00e8 ancora molto da imparare e da fare nell\u2019ambito della \u201c<strong>prevenzione<\/strong>\u201d e della \u201c<strong>riduzione<\/strong>\u201d del disagio per le persone colpite.<\/p>\n<p>&nbsp;<\/p>\n<p>Per questo motivo, l&#8217;Associazione Italiana Formatori della Sicurezza di Volontariato per la Protezione Civile (<strong>AiFOS Protezione Civile<\/strong>), partecipa attivamente al <strong>22\u00b0 Salone Internazionale dell\u2019Emergenza \u2013 REAS<\/strong> che si svolger\u00e0 <strong>dal 6 all\u20198 ottobre 2023<\/strong> presso il Centro Fiera di <strong>Montichiari<\/strong> (Brescia).<\/p>\n<p>&nbsp;<\/p>\n<p>Il <strong>Salone REAS<\/strong> \u00e8 una importante fiera in Italia per il settore emergenza, primo soccorso e antincendio; un punto di riferimento grazie alla presenza delle principali realt\u00e0 produttive e commerciali del settore e al forte legame con le Istituzioni, i Corpi dello Stato, gli Enti e le Associazioni di volontariato.<\/p>\n<p>La fiera REAS, connessa con Hannover Fairs International GmbH e con Interschutz (fiera specializzata leader a livello mondiale), offre strumenti concreti per innovare e accrescere il bagaglio tecnico di operatori e volontari ed \u00e8 ricca di opportunit\u00e0 per i visitatori che operano ad ogni livello nel protocollo nazionale di gestione dell\u2019emergenza.<\/p>\n<p>&nbsp;<\/p>\n<p>Durante la fiera REAS l&#8217;associazione AiFOS Protezione Civile ha previsto <strong>quattro diverse iniziative<\/strong>.<\/p>\n<p>&nbsp;<\/p>\n<p>La prima \u00e8 un workshop a partecipazione gratuita che si terr\u00e0 il 6 ottobre 2023 e sar\u00e0 dedicato a bambini e ragazzi. Il workshop &#8211; dal titolo \u201c<strong>NON TI ALLARMARE. A REAS il progetto educativo di AiFOS dedicato a bambini e ragazzi<\/strong>\u201d \u2013 \u00e8 un progetto educativo curato da:<\/p>\n<ul>\n<li><strong>Stefano Farina<\/strong>: vicepresidente di AiFOS Protezione Civile e R.S.P.P. del Servizio prevenzione rischi e centrale unica di emergenza della Protezione Civile della Provincia Autonoma di Trento<\/li>\n<li><strong>Nicola Montiglioni<\/strong>: Responsabile Servizio Protezione Civile Castiglione dei Pepoli (Bologna).<\/li>\n<\/ul>\n<p>&nbsp;<\/p>\n<p>Il link per avere informazioni e iscriversi agli eventi di REAS:<\/p>\n<p><a href=\"https:\/\/aifos.org\/home\/eventi\/intev\/convegni_aifos\/reas-fiera-2023\">https:\/\/aifos.org\/home\/eventi\/intev\/convegni_aifos\/reas-fiera-2023<\/a><\/p>\n<p><strong>\u00a0<\/strong><\/p>\n<p><strong>Il workshop AiFOS per la sicurezza negli eventi e manifestazioni <\/strong><\/p>\n<p>Venerd\u00ec <strong>6 ottobre 2023<\/strong>, dalle ore 14.00 alle ore 16.00, si terr\u00e0 al Salone REAS a Montichiari il workshop a partecipazione gratuita, ma con necessit\u00e0 di iscrizione, \u201c<strong>IL VOLONTARIO TRA EVENTI E MANIFESTAZIONI. Safety, primo soccorso, antincendio, supporto, \u2026i volontari sono la colonna portante dell\u2019evento\u201d.<\/strong><\/p>\n<p>&nbsp;<\/p>\n<p>Durante l\u2019incontro, condotto da <strong>Stefano Farina<\/strong>, si ricorder\u00e0 che con la ripresa a pieno regime di eventi e manifestazioni i volontari vengono sempre pi\u00f9 coinvolti nei vari ruoli ed incombenze (<em>safety<\/em>, primo soccorso, antincendio, supporto, \u2026).<\/p>\n<p>Ma quali sono gli aspetti da conoscere e la necessaria formazione ed informazione?<\/p>\n<p>Nel workshop si faranno alcuni esempi di quello che si pu\u00f2 fare.<\/p>\n<p>&nbsp;<\/p>\n<p><em>A tutti i partecipanti verr\u00e0 consegnato un attestato di presenza valido per il rilascio di n. 2 <strong>crediti di aggiornamento<\/strong> per Formatori area tematica n.1 (normativa) e RSPP\/ASPP.<\/em><\/p>\n<p>&nbsp;<\/p>\n<p><strong>Il percorso informativo AIFOS per volontari laici: elicooperazione<\/strong><\/p>\n<p>Sabato <strong>7 ottobre 2023<\/strong>, dalle ore 09.30 alle ore 12.30, al Salone REAS a Montichiari <strong>AiFOS Protezione Civile<\/strong> organizza il percorso informativo &#8211; a partecipazione gratuita, ma con necessit\u00e0 di iscrizione &#8211; \u201c<strong>ELICOOPERAZIONE. Percorso informativo per volontari laici\u201d.<\/strong><\/p>\n<p>&nbsp;<\/p>\n<p>Questo il <strong>programma dell\u2019incontro<\/strong>:<\/p>\n<ul>\n<li>descrizione della macchina ad ala rotante;<\/li>\n<li>operazioni di volo e a terra;<\/li>\n<li>segnalazioni manuali al pilota;<\/li>\n<li>sicurezza degli operatori a terra.<\/li>\n<\/ul>\n<p>&nbsp;<\/p>\n<p>I relatori:<\/p>\n<ul>\n<li><strong> Col. Claudio Proietti<\/strong>: Comandante del 2\u00b0 Nucleo Elicotteri Carabinieri<\/li>\n<li><strong> Ten. Pietro Pinna<\/strong>: Capo Sezione Operazioni 2\u00b0 Nucleo Elicotteri Carabinieri<\/li>\n<\/ul>\n<p>&nbsp;<\/p>\n<p><strong>Il seminario AiFOS sul rischio sismico negli stabilimenti industriali<\/strong><\/p>\n<p>Infine, sabato <strong>7 ottobre 2023<\/strong>, dalle ore 14.00 alle ore 16.00, si terr\u00e0 al Salone REAS a Montichiari il seminario &#8211; a partecipazione gratuita, ma con necessit\u00e0 di iscrizione &#8211; \u201c<strong>RISCHIO SISMICO NEGLI STABILIMENTI INDUSTRIALI\u201d.<\/strong><\/p>\n<p>&nbsp;<\/p>\n<p>Il seminario affronta il tema del <strong>rischio sismico<\/strong> nelle attivit\u00e0 produttive, con particolare riferimento alle aziende a Rischio di Incidente Rilevante e alla valutazione di scenari NATECH per stabilimenti industriali.<\/p>\n<p>Durante la trattazione saranno considerati anche la sicurezza sismica delle scaffalature e dei serbatoi e i relativi rischi per evacuazione ed eventi incidentali indotti.<\/p>\n<p>&nbsp;<\/p>\n<p><em>A tutti i partecipanti verr\u00e0 consegnato un attestato di presenza valido per il rilascio di n. 2 <strong>crediti di aggiornamento<\/strong> per Formatori area tematica n.2 (rischi tecnici) e RSPP\/ASPP.<\/em><\/p>\n<p>&nbsp;<\/p>\n<p>Il relatore sar\u00e0 <strong>Lucio Fattori<\/strong>, Ingegnere e consulente, Consigliere Nazionale AiFOS.<\/p>\n<p>&nbsp;<\/p>\n<p>Il link per avere informazioni e iscriversi agli eventi di REAS:<\/p>\n<p><a href=\"https:\/\/aifos.org\/home\/eventi\/intev\/convegni_aifos\/reas-fiera-2023\">https:\/\/aifos.org\/home\/eventi\/intev\/convegni_aifos\/reas-fiera-2023<\/a><\/p>\n<p>&nbsp;<\/p>\n<p>Per informazioni:<\/p>\n<p><strong>AiFOS Protezione Civile<\/strong>: Silvana Bresciani &#8211; tel. 030.6595034 &#8211; protezionecivile@aifos.it<\/p>\n<p>&nbsp;<\/p>\n<p><em>14 settembre 2023<\/em><\/p>\n<p><em>\u00a0<\/em><\/p>\n<p>&nbsp;<\/p>\n<p>Ufficio Stampa di AiFOS<\/p>\n<p><a href=\"mailto:ufficiostampa@aifos.it\">ufficiostampa@aifos.it<\/a><\/p>\n<p>http:\/\/www.aifos.it\/<\/p>\n","protected":false},"excerpt":{"rendered":"<p>Comunicato Stampa Gli eventi AiFOS al Salone Internazionale dell\u2019Emergenza REAS 2023 \u00a0 Al salone REAS dell\u2019emergenza che si terr\u00e0 dal 6 all\u20198 ottobre 2023 a Montichiari (BS) AiFOS organizza vari eventi per ragazzi e per adulti. Si parler\u00e0, ad esempio, di rischio sismico, di elicooperazione, di volontariato e sicurezza durante gli eventi. &nbsp; Di fronte all\u2019aumento delle manifestazioni climatiche estreme, delle calamit\u00e0 naturali sul territorio (frane, alluvioni, incendi, terremoti, \u2026),<\/p>\n<p><a class=\"continue-reading\" href=\"https:\/\/www.article-marketing.eu\/comunicatistampa\/gli-eventi-aifos-al-salone-internazionale-dellemergenza-reas-2023\/\">Continue reading&#8230;<\/a><\/p>\n","protected":false},"author":881,"featured_media":0,"comment_status":"open","ping_status":"open","sticky":false,"template":"","format":"standard","meta":{"_monsterinsights_skip_tracking":false,"_monsterinsights_sitenote_active":false,"_monsterinsights_sitenote_note":"","_monsterinsights_sitenote_category":0,"footnotes":""},"categories":[78,392],"tags":[10824,4537,10817,3237,2952,3299,3238,10828,3235,10825,10819,10820,10823,10821,10822,4646,2902,10826,10818,10827],"class_list":["post-28309","post","type-post","status-publish","format-standard","hentry","category-comunicati-stampa","category-eventi","tag-i-volontari-sono-la-colonna-portante-dellevento","tag-supporto","tag-22-salone-internazionale-dellemergenza-reas","tag-aifos-protezione-civile","tag-antincendio","tag-associazione-aifos","tag-associazione-italiana-formatori-della-sicurezza-di-volontariato-per-la-protezione-civile","tag-aziende-a-rischio-di-incidente-rilevante","tag-brescia","tag-elicooperazione-percorso-informativo-per-volontari-laici","tag-fiera-reas","tag-hannover-fairs-international-gmbh","tag-il-volontario-tra-eventi-e-manifestazioni-safety","tag-interschutz","tag-non-ti-allarmare-a-reas-il-progetto-educativo-di-aifos-dedicato-a-bambini-e-ragazzi","tag-primo-soccorso","tag-rischio-sismico","tag-rischio-sismico-negli-stabilimenti-industriali","tag-salone-reas","tag-scenari-natech"],"yoast_head":"<!-- This site is optimized with the Yoast SEO plugin v27.3 - https:\/\/yoast.com\/product\/yoast-seo-wordpress\/ -->\n<title>Gli eventi AiFOS al Salone Internazionale dell\u2019Emergenza REAS 2023<\/title>\n<meta name=\"robots\" content=\"index, follow, max-snippet:-1, max-image-preview:large, max-video-preview:-1\" \/>\n<link rel=\"canonical\" href=\"https:\/\/www.article-marketing.eu\/comunicatistampa\/gli-eventi-aifos-al-salone-internazionale-dellemergenza-reas-2023\/\" \/>\n<meta property=\"og:locale\" content=\"it_IT\" \/>\n<meta property=\"og:type\" content=\"article\" \/>\n<meta property=\"og:title\" content=\"Gli eventi AiFOS al Salone Internazionale dell\u2019Emergenza REAS 2023\" \/>\n<meta property=\"og:description\" content=\"Comunicato Stampa Gli eventi AiFOS al Salone Internazionale dell\u2019Emergenza REAS 2023 \u00a0 Al salone REAS dell\u2019emergenza che si terr\u00e0 dal 6 all\u20198 ottobre 2023 a Montichiari (BS) AiFOS organizza vari eventi per ragazzi e per adulti. Si parler\u00e0, ad esempio, di rischio sismico, di elicooperazione, di volontariato e sicurezza durante gli eventi. &nbsp; Di fronte all\u2019aumento delle manifestazioni climatiche estreme, delle calamit\u00e0 naturali sul territorio (frane, alluvioni, incendi, terremoti, \u2026),Continue reading...\" \/>\n<meta property=\"og:url\" content=\"https:\/\/www.article-marketing.eu\/comunicatistampa\/gli-eventi-aifos-al-salone-internazionale-dellemergenza-reas-2023\/\" \/>\n<meta property=\"og:site_name\" content=\"Article Marketing\" \/>\n<meta property=\"article:published_time\" content=\"2023-09-21T13:33:42+00:00\" \/>\n<meta name=\"author\" content=\"AIFUS\" \/>\n<meta name=\"twitter:card\" content=\"summary_large_image\" \/>\n<meta name=\"twitter:label1\" content=\"Scritto da\" \/>\n\t<meta name=\"twitter:data1\" content=\"AIFUS\" \/>\n\t<meta name=\"twitter:label2\" content=\"Tempo di lettura stimato\" \/>\n\t<meta name=\"twitter:data2\" content=\"5 minuti\" \/>\n<script type=\"application\/ld+json\" class=\"yoast-schema-graph\">{\"@context\":\"https:\\\/\\\/schema.org\",\"@graph\":[{\"@type\":\"Article\",\"@id\":\"https:\\\/\\\/www.article-marketing.eu\\\/comunicatistampa\\\/gli-eventi-aifos-al-salone-internazionale-dellemergenza-reas-2023\\\/#article\",\"isPartOf\":{\"@id\":\"https:\\\/\\\/www.article-marketing.eu\\\/comunicatistampa\\\/gli-eventi-aifos-al-salone-internazionale-dellemergenza-reas-2023\\\/\"},\"author\":{\"name\":\"AIFUS\",\"@id\":\"https:\\\/\\\/www.article-marketing.eu\\\/comunicatistampa\\\/#\\\/schema\\\/person\\\/d1985c4955ff71a05f49d68e3034b3cd\"},\"headline\":\"Gli eventi AiFOS al Salone Internazionale dell\u2019Emergenza REAS 2023\",\"datePublished\":\"2023-09-21T13:33:42+00:00\",\"mainEntityOfPage\":{\"@id\":\"https:\\\/\\\/www.article-marketing.eu\\\/comunicatistampa\\\/gli-eventi-aifos-al-salone-internazionale-dellemergenza-reas-2023\\\/\"},\"wordCount\":812,\"commentCount\":0,\"keywords\":[\"\u2026i volontari sono la colonna portante dell\u2019evento\",\"#supporto\",\"22\u00b0 Salone Internazionale dell\u2019Emergenza \u2013 REAS\",\"AiFOS Protezione Civile\",\"antincendio\",\"Associazione AiFOS\",\"Associazione Italiana Formatori della Sicurezza di Volontariato per la Protezione Civile\",\"aziende a Rischio di Incidente Rilevante\",\"Brescia\",\"ELICOOPERAZIONE. Percorso informativo per volontari laici\",\"fiera REAS\",\"Hannover Fairs International GmbH\",\"IL VOLONTARIO TRA EVENTI E MANIFESTAZIONI. Safety\",\"Interschutz\",\"NON TI ALLARMARE. A REAS il progetto educativo di AiFOS dedicato a bambini e ragazzi\",\"primo soccorso\",\"Rischio sismico\",\"RISCHIO SISMICO NEGLI STABILIMENTI INDUSTRIALI\",\"Salone REAS\",\"scenari NATECH\"],\"articleSection\":[\"Comunicati stampa\",\"Eventi\"],\"inLanguage\":\"it-IT\",\"potentialAction\":[{\"@type\":\"CommentAction\",\"name\":\"Comment\",\"target\":[\"https:\\\/\\\/www.article-marketing.eu\\\/comunicatistampa\\\/gli-eventi-aifos-al-salone-internazionale-dellemergenza-reas-2023\\\/#respond\"]}]},{\"@type\":\"WebPage\",\"@id\":\"https:\\\/\\\/www.article-marketing.eu\\\/comunicatistampa\\\/gli-eventi-aifos-al-salone-internazionale-dellemergenza-reas-2023\\\/\",\"url\":\"https:\\\/\\\/www.article-marketing.eu\\\/comunicatistampa\\\/gli-eventi-aifos-al-salone-internazionale-dellemergenza-reas-2023\\\/\",\"name\":\"Gli eventi AiFOS al Salone Internazionale dell\u2019Emergenza REAS 2023\",\"isPartOf\":{\"@id\":\"https:\\\/\\\/www.article-marketing.eu\\\/comunicatistampa\\\/#website\"},\"datePublished\":\"2023-09-21T13:33:42+00:00\",\"author\":{\"@id\":\"https:\\\/\\\/www.article-marketing.eu\\\/comunicatistampa\\\/#\\\/schema\\\/person\\\/d1985c4955ff71a05f49d68e3034b3cd\"},\"breadcrumb\":{\"@id\":\"https:\\\/\\\/www.article-marketing.eu\\\/comunicatistampa\\\/gli-eventi-aifos-al-salone-internazionale-dellemergenza-reas-2023\\\/#breadcrumb\"},\"inLanguage\":\"it-IT\",\"potentialAction\":[{\"@type\":\"ReadAction\",\"target\":[\"https:\\\/\\\/www.article-marketing.eu\\\/comunicatistampa\\\/gli-eventi-aifos-al-salone-internazionale-dellemergenza-reas-2023\\\/\"]}]},{\"@type\":\"BreadcrumbList\",\"@id\":\"https:\\\/\\\/www.article-marketing.eu\\\/comunicatistampa\\\/gli-eventi-aifos-al-salone-internazionale-dellemergenza-reas-2023\\\/#breadcrumb\",\"itemListElement\":[{\"@type\":\"ListItem\",\"position\":1,\"name\":\"Home\",\"item\":\"https:\\\/\\\/www.article-marketing.eu\\\/comunicatistampa\\\/\"},{\"@type\":\"ListItem\",\"position\":2,\"name\":\"Gli eventi AiFOS al Salone Internazionale dell\u2019Emergenza REAS 2023\"}]},{\"@type\":\"WebSite\",\"@id\":\"https:\\\/\\\/www.article-marketing.eu\\\/comunicatistampa\\\/#website\",\"url\":\"https:\\\/\\\/www.article-marketing.eu\\\/comunicatistampa\\\/\",\"name\":\"Article Marketing\",\"description\":\"article marketing &amp; press release\",\"potentialAction\":[{\"@type\":\"SearchAction\",\"target\":{\"@type\":\"EntryPoint\",\"urlTemplate\":\"https:\\\/\\\/www.article-marketing.eu\\\/comunicatistampa\\\/?s={search_term_string}\"},\"query-input\":{\"@type\":\"PropertyValueSpecification\",\"valueRequired\":true,\"valueName\":\"search_term_string\"}}],\"inLanguage\":\"it-IT\"},{\"@type\":\"Person\",\"@id\":\"https:\\\/\\\/www.article-marketing.eu\\\/comunicatistampa\\\/#\\\/schema\\\/person\\\/d1985c4955ff71a05f49d68e3034b3cd\",\"name\":\"AIFUS\",\"image\":{\"@type\":\"ImageObject\",\"inLanguage\":\"it-IT\",\"@id\":\"https:\\\/\\\/secure.gravatar.com\\\/avatar\\\/05cf2a2ba057667571308b94c84f00ff48766ffac95710a87491a9b3ddcee484?s=96&d=mm&r=g\",\"url\":\"https:\\\/\\\/secure.gravatar.com\\\/avatar\\\/05cf2a2ba057667571308b94c84f00ff48766ffac95710a87491a9b3ddcee484?s=96&d=mm&r=g\",\"contentUrl\":\"https:\\\/\\\/secure.gravatar.com\\\/avatar\\\/05cf2a2ba057667571308b94c84f00ff48766ffac95710a87491a9b3ddcee484?s=96&d=mm&r=g\",\"caption\":\"AIFUS\"},\"url\":\"https:\\\/\\\/www.article-marketing.eu\\\/comunicatistampa\\\/author\\\/aifus\\\/\"}]}<\/script>\n<!-- \/ Yoast SEO plugin. -->","yoast_head_json":{"title":"Gli eventi AiFOS al Salone Internazionale dell\u2019Emergenza REAS 2023","robots":{"index":"index","follow":"follow","max-snippet":"max-snippet:-1","max-image-preview":"max-image-preview:large","max-video-preview":"max-video-preview:-1"},"canonical":"https:\/\/www.article-marketing.eu\/comunicatistampa\/gli-eventi-aifos-al-salone-internazionale-dellemergenza-reas-2023\/","og_locale":"it_IT","og_type":"article","og_title":"Gli eventi AiFOS al Salone Internazionale dell\u2019Emergenza REAS 2023","og_description":"Comunicato Stampa Gli eventi AiFOS al Salone Internazionale dell\u2019Emergenza REAS 2023 \u00a0 Al salone REAS dell\u2019emergenza che si terr\u00e0 dal 6 all\u20198 ottobre 2023 a Montichiari (BS) AiFOS organizza vari eventi per ragazzi e per adulti. Si parler\u00e0, ad esempio, di rischio sismico, di elicooperazione, di volontariato e sicurezza durante gli eventi. &nbsp; Di fronte all\u2019aumento delle manifestazioni climatiche estreme, delle calamit\u00e0 naturali sul territorio (frane, alluvioni, incendi, terremoti, \u2026),Continue reading...","og_url":"https:\/\/www.article-marketing.eu\/comunicatistampa\/gli-eventi-aifos-al-salone-internazionale-dellemergenza-reas-2023\/","og_site_name":"Article Marketing","article_published_time":"2023-09-21T13:33:42+00:00","author":"AIFUS","twitter_card":"summary_large_image","twitter_misc":{"Scritto da":"AIFUS","Tempo di lettura stimato":"5 minuti"},"schema":{"@context":"https:\/\/schema.org","@graph":[{"@type":"Article","@id":"https:\/\/www.article-marketing.eu\/comunicatistampa\/gli-eventi-aifos-al-salone-internazionale-dellemergenza-reas-2023\/#article","isPartOf":{"@id":"https:\/\/www.article-marketing.eu\/comunicatistampa\/gli-eventi-aifos-al-salone-internazionale-dellemergenza-reas-2023\/"},"author":{"name":"AIFUS","@id":"https:\/\/www.article-marketing.eu\/comunicatistampa\/#\/schema\/person\/d1985c4955ff71a05f49d68e3034b3cd"},"headline":"Gli eventi AiFOS al Salone Internazionale dell\u2019Emergenza REAS 2023","datePublished":"2023-09-21T13:33:42+00:00","mainEntityOfPage":{"@id":"https:\/\/www.article-marketing.eu\/comunicatistampa\/gli-eventi-aifos-al-salone-internazionale-dellemergenza-reas-2023\/"},"wordCount":812,"commentCount":0,"keywords":["\u2026i volontari sono la colonna portante dell\u2019evento","#supporto","22\u00b0 Salone Internazionale dell\u2019Emergenza \u2013 REAS","AiFOS Protezione Civile","antincendio","Associazione AiFOS","Associazione Italiana Formatori della Sicurezza di Volontariato per la Protezione Civile","aziende a Rischio di Incidente Rilevante","Brescia","ELICOOPERAZIONE. Percorso informativo per volontari laici","fiera REAS","Hannover Fairs International GmbH","IL VOLONTARIO TRA EVENTI E MANIFESTAZIONI. Safety","Interschutz","NON TI ALLARMARE. A REAS il progetto educativo di AiFOS dedicato a bambini e ragazzi","primo soccorso","Rischio sismico","RISCHIO SISMICO NEGLI STABILIMENTI INDUSTRIALI","Salone REAS","scenari NATECH"],"articleSection":["Comunicati stampa","Eventi"],"inLanguage":"it-IT","potentialAction":[{"@type":"CommentAction","name":"Comment","target":["https:\/\/www.article-marketing.eu\/comunicatistampa\/gli-eventi-aifos-al-salone-internazionale-dellemergenza-reas-2023\/#respond"]}]},{"@type":"WebPage","@id":"https:\/\/www.article-marketing.eu\/comunicatistampa\/gli-eventi-aifos-al-salone-internazionale-dellemergenza-reas-2023\/","url":"https:\/\/www.article-marketing.eu\/comunicatistampa\/gli-eventi-aifos-al-salone-internazionale-dellemergenza-reas-2023\/","name":"Gli eventi AiFOS al Salone Internazionale dell\u2019Emergenza REAS 2023","isPartOf":{"@id":"https:\/\/www.article-marketing.eu\/comunicatistampa\/#website"},"datePublished":"2023-09-21T13:33:42+00:00","author":{"@id":"https:\/\/www.article-marketing.eu\/comunicatistampa\/#\/schema\/person\/d1985c4955ff71a05f49d68e3034b3cd"},"breadcrumb":{"@id":"https:\/\/www.article-marketing.eu\/comunicatistampa\/gli-eventi-aifos-al-salone-internazionale-dellemergenza-reas-2023\/#breadcrumb"},"inLanguage":"it-IT","potentialAction":[{"@type":"ReadAction","target":["https:\/\/www.article-marketing.eu\/comunicatistampa\/gli-eventi-aifos-al-salone-internazionale-dellemergenza-reas-2023\/"]}]},{"@type":"BreadcrumbList","@id":"https:\/\/www.article-marketing.eu\/comunicatistampa\/gli-eventi-aifos-al-salone-internazionale-dellemergenza-reas-2023\/#breadcrumb","itemListElement":[{"@type":"ListItem","position":1,"name":"Home","item":"https:\/\/www.article-marketing.eu\/comunicatistampa\/"},{"@type":"ListItem","position":2,"name":"Gli eventi AiFOS al Salone Internazionale dell\u2019Emergenza REAS 2023"}]},{"@type":"WebSite","@id":"https:\/\/www.article-marketing.eu\/comunicatistampa\/#website","url":"https:\/\/www.article-marketing.eu\/comunicatistampa\/","name":"Article Marketing","description":"article marketing &amp; press release","potentialAction":[{"@type":"SearchAction","target":{"@type":"EntryPoint","urlTemplate":"https:\/\/www.article-marketing.eu\/comunicatistampa\/?s={search_term_string}"},"query-input":{"@type":"PropertyValueSpecification","valueRequired":true,"valueName":"search_term_string"}}],"inLanguage":"it-IT"},{"@type":"Person","@id":"https:\/\/www.article-marketing.eu\/comunicatistampa\/#\/schema\/person\/d1985c4955ff71a05f49d68e3034b3cd","name":"AIFUS","image":{"@type":"ImageObject","inLanguage":"it-IT","@id":"https:\/\/secure.gravatar.com\/avatar\/05cf2a2ba057667571308b94c84f00ff48766ffac95710a87491a9b3ddcee484?s=96&d=mm&r=g","url":"https:\/\/secure.gravatar.com\/avatar\/05cf2a2ba057667571308b94c84f00ff48766ffac95710a87491a9b3ddcee484?s=96&d=mm&r=g","contentUrl":"https:\/\/secure.gravatar.com\/avatar\/05cf2a2ba057667571308b94c84f00ff48766ffac95710a87491a9b3ddcee484?s=96&d=mm&r=g","caption":"AIFUS"},"url":"https:\/\/www.article-marketing.eu\/comunicatistampa\/author\/aifus\/"}]}},"_links":{"self":[{"href":"https:\/\/www.article-marketing.eu\/comunicatistampa\/wp-json\/wp\/v2\/posts\/28309","targetHints":{"allow":["GET"]}}],"collection":[{"href":"https:\/\/www.article-marketing.eu\/comunicatistampa\/wp-json\/wp\/v2\/posts"}],"about":[{"href":"https:\/\/www.article-marketing.eu\/comunicatistampa\/wp-json\/wp\/v2\/types\/post"}],"author":[{"embeddable":true,"href":"https:\/\/www.article-marketing.eu\/comunicatistampa\/wp-json\/wp\/v2\/users\/881"}],"replies":[{"embeddable":true,"href":"https:\/\/www.article-marketing.eu\/comunicatistampa\/wp-json\/wp\/v2\/comments?post=28309"}],"version-history":[{"count":3,"href":"https:\/\/www.article-marketing.eu\/comunicatistampa\/wp-json\/wp\/v2\/posts\/28309\/revisions"}],"predecessor-version":[{"id":28372,"href":"https:\/\/www.article-marketing.eu\/comunicatistampa\/wp-json\/wp\/v2\/posts\/28309\/revisions\/28372"}],"wp:attachment":[{"href":"https:\/\/www.article-marketing.eu\/comunicatistampa\/wp-json\/wp\/v2\/media?parent=28309"}],"wp:term":[{"taxonomy":"category","embeddable":true,"href":"https:\/\/www.article-marketing.eu\/comunicatistampa\/wp-json\/wp\/v2\/categories?post=28309"},{"taxonomy":"post_tag","embeddable":true,"href":"https:\/\/www.article-marketing.eu\/comunicatistampa\/wp-json\/wp\/v2\/tags?post=28309"}],"curies":[{"name":"wp","href":"https:\/\/api.w.org\/{rel}","templated":true}]}}