{"id":28316,"date":"2023-09-26T07:31:24","date_gmt":"2023-09-26T05:31:24","guid":{"rendered":"https:\/\/www.article-marketing.eu\/comunicatistampa\/?p=28316"},"modified":"2023-09-25T15:32:58","modified_gmt":"2023-09-25T13:32:58","slug":"federico-motta-editore-dagli-anni-30-ad-oggi-la-storia-tutta-italiana-di-una-straordinaria-casa-editrice","status":"publish","type":"post","link":"https:\/\/www.article-marketing.eu\/comunicatistampa\/federico-motta-editore-dagli-anni-30-ad-oggi-la-storia-tutta-italiana-di-una-straordinaria-casa-editrice\/","title":{"rendered":"Federico Motta Editore, dagli anni \u201930 ad oggi: la storia tutta italiana di una straordinaria Casa Editrice"},"content":{"rendered":"<p><em><strong>Grande attenzione alla qualit\u00e0 e ricerca continua di nuove soluzioni e innovazioni tecniche: questi sono gli ingredienti che hanno reso grande <a title=\"La storia di Federico Motta Editore: oltre 90 anni di attivit\u00e0\" href=\"https:\/\/www.informazione.it\/c\/0EFFDB49-15F3-4C8E-A0BC-DC28F47D3660\/La-storia-della-Casa-Editrice-Federico-Motta-Editore\">Federico Motta Editore<\/a> nella sua storia, dal 1929 ad oggi.<\/strong><\/em><\/p>\n<p><a title=\"Federico Motta Editore: la storia e l'offerta culturale della Casa Editrice\" href=\"https:\/\/www.informazione.it\/c\/0EFFDB49-15F3-4C8E-A0BC-DC28F47D3660\/La-storia-della-Casa-Editrice-Federico-Motta-Editore\"><img loading=\"lazy\" decoding=\"async\" src=\"https:\/\/federicomottaeditore.it\/wp-content\/uploads\/2017\/06\/federico-motta-editore-torcoliere-logo-300x222.jpg\" alt=\"Federico Motta Editore, simbolo di qualit\u00e0 e autorevolezza\" width=\"203\" height=\"150\" \/><\/a><\/p>\n<h2>Federico Motta Editore: la storia quasi secolare della Casa Editrice<\/h2>\n<p>La storia dell\u2019origine di <a title=\"La storia di Federico Motta Editore tra innovazione e cultura\" href=\"https:\/\/www.informazione.it\/c\/0EFFDB49-15F3-4C8E-A0BC-DC28F47D3660\/La-storia-della-Casa-Editrice-Federico-Motta-Editore\"><strong>Federico Motta Editore<\/strong><\/a> nasce dalla volont\u00e0 dell\u2019omonimo fondatore. A 14 anni, il piccolo Federico era gi\u00e0 un apprendista incisore, arte in cui diventer\u00e0 maestro in pochissimo tempo. Durante la Grande Guerra, fa amicizia con un prigioniero ungherese che condivide il suo mestiere: la <em>Fotoincisione Sociale<\/em> sar\u00e0 il primo seme di quello che diventer\u00e0 Federico Motta Editore. Pochi anni dopo, da solo, Federico fonda infatti la <em>Clich\u00e9 Motta<\/em>, adottando l\u2019iconico marchio del torcoliere che tutt\u2019ora appare in tutte le opere dell\u2019azienda. La <em>Clich\u00e9<\/em> <em>Motta <\/em>diventa famosa per la qualit\u00e0 dei manifesti, le primissime figurine dei calciatori, e la stampa di fumetti leggendari come <em>Dick Fulmine<\/em>, <em>Tony<\/em> <em>Falco<\/em>, <em>Zambo<\/em>. Dopo la Seconda Guerra Mondiale, <strong>Federico Motta Editore<\/strong> ha una nuova missione, contribuire alla scolarizzazione del Paese in ricostruzione: attraverso la vendita diretta, entra nelle case di milioni di italiani con la sua celebre enciclopedia a fascicoli. Con la seconda generazione dei Motta, Anselmo e Virginio, il catalogo si espande toccando sociologia, psicologia, storia, botanica, geologia. Negli anni \u201980, nascer\u00e0 ufficialmente il gruppo editoriale Motta.<\/p>\n<h2>Federico Motta Editore, innovazione al servizio della cultura<\/h2>\n<p>Ci\u00f2 che distingue realmente <strong>Federico Motta Editore<\/strong> dagli altri editori \u00e8 la sua lunghissima storia di ricerca e innovazione, verso soluzioni tecniche originali e i nuovi media. Dalla macchina per la fotoriproduzione montata su un carrello scorrevole (che Federico monta ingegnosamente su dei binari del tram dimessi), alla prima Enciclopedia Multimediale Italiana, Motta ha sempre sperimentato per cercare di diffondere la cultura nel modo pi\u00f9 efficace possibile. Altri traguardi di Federico Motta Editore nell\u2019innovazione sono le tavole Transvision (che permettono l\u2019effetto 3D sulla carta attraverso lenti specifiche), la sperimentazione con il Sonobox (antenato del CD-Rom negli anni \u201990), e a partire dal \u201998, una delle prime enciclopedie online. Non a caso, la Casa Editrice \u00e8 stata insignita di diversi premi di grande prestigio: l\u2019Ambrogino d\u2019Oro, Pirelli InterNETional Awards, il Premio Speciale per la Cultura della Presidenza del Consiglio dei Ministri, e il Premio Cenacolo. Attestazioni dell\u2019affascinante paradosso incarnato da <strong>Federico Motta Editore<\/strong>: una Casa Editrice al servizio della tradizione, ma sempre in grado di essere avanti sui tempi.<\/p>\n","protected":false},"excerpt":{"rendered":"<p>Grande attenzione alla qualit\u00e0 e ricerca continua di nuove soluzioni e innovazioni tecniche: questi sono gli ingredienti che hanno reso grande Federico Motta Editore nella sua storia, dal 1929 ad oggi. Federico Motta Editore: la storia quasi secolare della Casa Editrice La storia dell\u2019origine di Federico Motta Editore nasce dalla volont\u00e0 dell\u2019omonimo fondatore. A 14 anni, il piccolo Federico era gi\u00e0 un apprendista incisore, arte in cui diventer\u00e0 maestro in<\/p>\n<p><a class=\"continue-reading\" href=\"https:\/\/www.article-marketing.eu\/comunicatistampa\/federico-motta-editore-dagli-anni-30-ad-oggi-la-storia-tutta-italiana-di-una-straordinaria-casa-editrice\/\">Continue reading&#8230;<\/a><\/p>\n","protected":false},"author":6477,"featured_media":0,"comment_status":"open","ping_status":"open","sticky":false,"template":"","format":"standard","meta":{"_monsterinsights_skip_tracking":false,"_monsterinsights_sitenote_active":false,"_monsterinsights_sitenote_note":"","_monsterinsights_sitenote_category":0,"footnotes":""},"categories":[410],"tags":[9413],"class_list":["post-28316","post","type-post","status-publish","format-standard","hentry","category-libri","tag-federico-motta-editore"],"yoast_head":"<!-- This site is optimized with the Yoast SEO plugin v27.3 - https:\/\/yoast.com\/product\/yoast-seo-wordpress\/ -->\n<title>Federico Motta Editore, dagli anni \u201930 ad oggi: la storia tutta italiana di una straordinaria Casa Editrice<\/title>\n<meta name=\"description\" content=\"Dai primissimi fumetti a colori alle monumentali Enciclopedie a cura di Umberto Eco: quella di Federico Motta Editore \u00e8 una storia straordinaria di innovazione tecnologica, crescita aziendale e amore per il libro.\" \/>\n<meta name=\"robots\" content=\"index, follow, max-snippet:-1, max-image-preview:large, max-video-preview:-1\" \/>\n<link rel=\"canonical\" href=\"https:\/\/www.article-marketing.eu\/comunicatistampa\/federico-motta-editore-dagli-anni-30-ad-oggi-la-storia-tutta-italiana-di-una-straordinaria-casa-editrice\/\" \/>\n<meta property=\"og:locale\" content=\"it_IT\" \/>\n<meta property=\"og:type\" content=\"article\" \/>\n<meta property=\"og:title\" content=\"Federico Motta Editore, dagli anni \u201930 ad oggi: la storia tutta italiana di una straordinaria Casa Editrice\" \/>\n<meta property=\"og:description\" content=\"Dai primissimi fumetti a colori alle monumentali Enciclopedie a cura di Umberto Eco: quella di Federico Motta Editore \u00e8 una storia straordinaria di innovazione tecnologica, crescita aziendale e amore per il libro.\" \/>\n<meta property=\"og:url\" content=\"https:\/\/www.article-marketing.eu\/comunicatistampa\/federico-motta-editore-dagli-anni-30-ad-oggi-la-storia-tutta-italiana-di-una-straordinaria-casa-editrice\/\" \/>\n<meta property=\"og:site_name\" content=\"Article Marketing\" \/>\n<meta property=\"article:published_time\" content=\"2023-09-26T05:31:24+00:00\" \/>\n<meta property=\"og:image\" content=\"https:\/\/federicomottaeditore.it\/wp-content\/uploads\/2017\/06\/federico-motta-editore-torcoliere-logo-300x222.jpg\" \/>\n<meta name=\"author\" content=\"articolinews\" \/>\n<meta name=\"twitter:card\" content=\"summary_large_image\" \/>\n<meta name=\"twitter:label1\" content=\"Scritto da\" \/>\n\t<meta name=\"twitter:data1\" content=\"articolinews\" \/>\n\t<meta name=\"twitter:label2\" content=\"Tempo di lettura stimato\" \/>\n\t<meta name=\"twitter:data2\" content=\"3 minuti\" \/>\n<script type=\"application\/ld+json\" class=\"yoast-schema-graph\">{\"@context\":\"https:\\\/\\\/schema.org\",\"@graph\":[{\"@type\":\"Article\",\"@id\":\"https:\\\/\\\/www.article-marketing.eu\\\/comunicatistampa\\\/federico-motta-editore-dagli-anni-30-ad-oggi-la-storia-tutta-italiana-di-una-straordinaria-casa-editrice\\\/#article\",\"isPartOf\":{\"@id\":\"https:\\\/\\\/www.article-marketing.eu\\\/comunicatistampa\\\/federico-motta-editore-dagli-anni-30-ad-oggi-la-storia-tutta-italiana-di-una-straordinaria-casa-editrice\\\/\"},\"author\":{\"name\":\"articolinews\",\"@id\":\"https:\\\/\\\/www.article-marketing.eu\\\/comunicatistampa\\\/#\\\/schema\\\/person\\\/2fcaf8f8f3a9eef9eb7f27532d3ca458\"},\"headline\":\"Federico Motta Editore, dagli anni \u201930 ad oggi: la storia tutta italiana di una straordinaria Casa Editrice\",\"datePublished\":\"2023-09-26T05:31:24+00:00\",\"mainEntityOfPage\":{\"@id\":\"https:\\\/\\\/www.article-marketing.eu\\\/comunicatistampa\\\/federico-motta-editore-dagli-anni-30-ad-oggi-la-storia-tutta-italiana-di-una-straordinaria-casa-editrice\\\/\"},\"wordCount\":412,\"commentCount\":0,\"image\":{\"@id\":\"https:\\\/\\\/www.article-marketing.eu\\\/comunicatistampa\\\/federico-motta-editore-dagli-anni-30-ad-oggi-la-storia-tutta-italiana-di-una-straordinaria-casa-editrice\\\/#primaryimage\"},\"thumbnailUrl\":\"https:\\\/\\\/federicomottaeditore.it\\\/wp-content\\\/uploads\\\/2017\\\/06\\\/federico-motta-editore-torcoliere-logo-300x222.jpg\",\"keywords\":[\"Federico Motta Editore\"],\"articleSection\":[\"Libri\"],\"inLanguage\":\"it-IT\",\"potentialAction\":[{\"@type\":\"CommentAction\",\"name\":\"Comment\",\"target\":[\"https:\\\/\\\/www.article-marketing.eu\\\/comunicatistampa\\\/federico-motta-editore-dagli-anni-30-ad-oggi-la-storia-tutta-italiana-di-una-straordinaria-casa-editrice\\\/#respond\"]}]},{\"@type\":\"WebPage\",\"@id\":\"https:\\\/\\\/www.article-marketing.eu\\\/comunicatistampa\\\/federico-motta-editore-dagli-anni-30-ad-oggi-la-storia-tutta-italiana-di-una-straordinaria-casa-editrice\\\/\",\"url\":\"https:\\\/\\\/www.article-marketing.eu\\\/comunicatistampa\\\/federico-motta-editore-dagli-anni-30-ad-oggi-la-storia-tutta-italiana-di-una-straordinaria-casa-editrice\\\/\",\"name\":\"Federico Motta Editore, dagli anni \u201930 ad oggi: la storia tutta italiana di una straordinaria Casa Editrice\",\"isPartOf\":{\"@id\":\"https:\\\/\\\/www.article-marketing.eu\\\/comunicatistampa\\\/#website\"},\"primaryImageOfPage\":{\"@id\":\"https:\\\/\\\/www.article-marketing.eu\\\/comunicatistampa\\\/federico-motta-editore-dagli-anni-30-ad-oggi-la-storia-tutta-italiana-di-una-straordinaria-casa-editrice\\\/#primaryimage\"},\"image\":{\"@id\":\"https:\\\/\\\/www.article-marketing.eu\\\/comunicatistampa\\\/federico-motta-editore-dagli-anni-30-ad-oggi-la-storia-tutta-italiana-di-una-straordinaria-casa-editrice\\\/#primaryimage\"},\"thumbnailUrl\":\"https:\\\/\\\/federicomottaeditore.it\\\/wp-content\\\/uploads\\\/2017\\\/06\\\/federico-motta-editore-torcoliere-logo-300x222.jpg\",\"datePublished\":\"2023-09-26T05:31:24+00:00\",\"author\":{\"@id\":\"https:\\\/\\\/www.article-marketing.eu\\\/comunicatistampa\\\/#\\\/schema\\\/person\\\/2fcaf8f8f3a9eef9eb7f27532d3ca458\"},\"description\":\"Dai primissimi fumetti a colori alle monumentali Enciclopedie a cura di Umberto Eco: quella di Federico Motta Editore \u00e8 una storia straordinaria di innovazione tecnologica, crescita aziendale e amore per il libro.\",\"breadcrumb\":{\"@id\":\"https:\\\/\\\/www.article-marketing.eu\\\/comunicatistampa\\\/federico-motta-editore-dagli-anni-30-ad-oggi-la-storia-tutta-italiana-di-una-straordinaria-casa-editrice\\\/#breadcrumb\"},\"inLanguage\":\"it-IT\",\"potentialAction\":[{\"@type\":\"ReadAction\",\"target\":[\"https:\\\/\\\/www.article-marketing.eu\\\/comunicatistampa\\\/federico-motta-editore-dagli-anni-30-ad-oggi-la-storia-tutta-italiana-di-una-straordinaria-casa-editrice\\\/\"]}]},{\"@type\":\"ImageObject\",\"inLanguage\":\"it-IT\",\"@id\":\"https:\\\/\\\/www.article-marketing.eu\\\/comunicatistampa\\\/federico-motta-editore-dagli-anni-30-ad-oggi-la-storia-tutta-italiana-di-una-straordinaria-casa-editrice\\\/#primaryimage\",\"url\":\"https:\\\/\\\/federicomottaeditore.it\\\/wp-content\\\/uploads\\\/2017\\\/06\\\/federico-motta-editore-torcoliere-logo-300x222.jpg\",\"contentUrl\":\"https:\\\/\\\/federicomottaeditore.it\\\/wp-content\\\/uploads\\\/2017\\\/06\\\/federico-motta-editore-torcoliere-logo-300x222.jpg\"},{\"@type\":\"BreadcrumbList\",\"@id\":\"https:\\\/\\\/www.article-marketing.eu\\\/comunicatistampa\\\/federico-motta-editore-dagli-anni-30-ad-oggi-la-storia-tutta-italiana-di-una-straordinaria-casa-editrice\\\/#breadcrumb\",\"itemListElement\":[{\"@type\":\"ListItem\",\"position\":1,\"name\":\"Home\",\"item\":\"https:\\\/\\\/www.article-marketing.eu\\\/comunicatistampa\\\/\"},{\"@type\":\"ListItem\",\"position\":2,\"name\":\"Federico Motta Editore, dagli anni \u201930 ad oggi: la storia tutta italiana di una straordinaria Casa Editrice\"}]},{\"@type\":\"WebSite\",\"@id\":\"https:\\\/\\\/www.article-marketing.eu\\\/comunicatistampa\\\/#website\",\"url\":\"https:\\\/\\\/www.article-marketing.eu\\\/comunicatistampa\\\/\",\"name\":\"Article Marketing\",\"description\":\"article marketing &amp; press release\",\"potentialAction\":[{\"@type\":\"SearchAction\",\"target\":{\"@type\":\"EntryPoint\",\"urlTemplate\":\"https:\\\/\\\/www.article-marketing.eu\\\/comunicatistampa\\\/?s={search_term_string}\"},\"query-input\":{\"@type\":\"PropertyValueSpecification\",\"valueRequired\":true,\"valueName\":\"search_term_string\"}}],\"inLanguage\":\"it-IT\"},{\"@type\":\"Person\",\"@id\":\"https:\\\/\\\/www.article-marketing.eu\\\/comunicatistampa\\\/#\\\/schema\\\/person\\\/2fcaf8f8f3a9eef9eb7f27532d3ca458\",\"name\":\"articolinews\",\"image\":{\"@type\":\"ImageObject\",\"inLanguage\":\"it-IT\",\"@id\":\"https:\\\/\\\/secure.gravatar.com\\\/avatar\\\/9e2a264bab04e17dea24d937c9956304649a848cb73c46747a692ff1bdeb1cb7?s=96&d=mm&r=g\",\"url\":\"https:\\\/\\\/secure.gravatar.com\\\/avatar\\\/9e2a264bab04e17dea24d937c9956304649a848cb73c46747a692ff1bdeb1cb7?s=96&d=mm&r=g\",\"contentUrl\":\"https:\\\/\\\/secure.gravatar.com\\\/avatar\\\/9e2a264bab04e17dea24d937c9956304649a848cb73c46747a692ff1bdeb1cb7?s=96&d=mm&r=g\",\"caption\":\"articolinews\"},\"url\":\"https:\\\/\\\/www.article-marketing.eu\\\/comunicatistampa\\\/author\\\/articolinews\\\/\"}]}<\/script>\n<!-- \/ Yoast SEO plugin. -->","yoast_head_json":{"title":"Federico Motta Editore, dagli anni \u201930 ad oggi: la storia tutta italiana di una straordinaria Casa Editrice","description":"Dai primissimi fumetti a colori alle monumentali Enciclopedie a cura di Umberto Eco: quella di Federico Motta Editore \u00e8 una storia straordinaria di innovazione tecnologica, crescita aziendale e amore per il libro.","robots":{"index":"index","follow":"follow","max-snippet":"max-snippet:-1","max-image-preview":"max-image-preview:large","max-video-preview":"max-video-preview:-1"},"canonical":"https:\/\/www.article-marketing.eu\/comunicatistampa\/federico-motta-editore-dagli-anni-30-ad-oggi-la-storia-tutta-italiana-di-una-straordinaria-casa-editrice\/","og_locale":"it_IT","og_type":"article","og_title":"Federico Motta Editore, dagli anni \u201930 ad oggi: la storia tutta italiana di una straordinaria Casa Editrice","og_description":"Dai primissimi fumetti a colori alle monumentali Enciclopedie a cura di Umberto Eco: quella di Federico Motta Editore \u00e8 una storia straordinaria di innovazione tecnologica, crescita aziendale e amore per il libro.","og_url":"https:\/\/www.article-marketing.eu\/comunicatistampa\/federico-motta-editore-dagli-anni-30-ad-oggi-la-storia-tutta-italiana-di-una-straordinaria-casa-editrice\/","og_site_name":"Article Marketing","article_published_time":"2023-09-26T05:31:24+00:00","og_image":[{"url":"https:\/\/federicomottaeditore.it\/wp-content\/uploads\/2017\/06\/federico-motta-editore-torcoliere-logo-300x222.jpg","type":"","width":"","height":""}],"author":"articolinews","twitter_card":"summary_large_image","twitter_misc":{"Scritto da":"articolinews","Tempo di lettura stimato":"3 minuti"},"schema":{"@context":"https:\/\/schema.org","@graph":[{"@type":"Article","@id":"https:\/\/www.article-marketing.eu\/comunicatistampa\/federico-motta-editore-dagli-anni-30-ad-oggi-la-storia-tutta-italiana-di-una-straordinaria-casa-editrice\/#article","isPartOf":{"@id":"https:\/\/www.article-marketing.eu\/comunicatistampa\/federico-motta-editore-dagli-anni-30-ad-oggi-la-storia-tutta-italiana-di-una-straordinaria-casa-editrice\/"},"author":{"name":"articolinews","@id":"https:\/\/www.article-marketing.eu\/comunicatistampa\/#\/schema\/person\/2fcaf8f8f3a9eef9eb7f27532d3ca458"},"headline":"Federico Motta Editore, dagli anni \u201930 ad oggi: la storia tutta italiana di una straordinaria Casa Editrice","datePublished":"2023-09-26T05:31:24+00:00","mainEntityOfPage":{"@id":"https:\/\/www.article-marketing.eu\/comunicatistampa\/federico-motta-editore-dagli-anni-30-ad-oggi-la-storia-tutta-italiana-di-una-straordinaria-casa-editrice\/"},"wordCount":412,"commentCount":0,"image":{"@id":"https:\/\/www.article-marketing.eu\/comunicatistampa\/federico-motta-editore-dagli-anni-30-ad-oggi-la-storia-tutta-italiana-di-una-straordinaria-casa-editrice\/#primaryimage"},"thumbnailUrl":"https:\/\/federicomottaeditore.it\/wp-content\/uploads\/2017\/06\/federico-motta-editore-torcoliere-logo-300x222.jpg","keywords":["Federico Motta Editore"],"articleSection":["Libri"],"inLanguage":"it-IT","potentialAction":[{"@type":"CommentAction","name":"Comment","target":["https:\/\/www.article-marketing.eu\/comunicatistampa\/federico-motta-editore-dagli-anni-30-ad-oggi-la-storia-tutta-italiana-di-una-straordinaria-casa-editrice\/#respond"]}]},{"@type":"WebPage","@id":"https:\/\/www.article-marketing.eu\/comunicatistampa\/federico-motta-editore-dagli-anni-30-ad-oggi-la-storia-tutta-italiana-di-una-straordinaria-casa-editrice\/","url":"https:\/\/www.article-marketing.eu\/comunicatistampa\/federico-motta-editore-dagli-anni-30-ad-oggi-la-storia-tutta-italiana-di-una-straordinaria-casa-editrice\/","name":"Federico Motta Editore, dagli anni \u201930 ad oggi: la storia tutta italiana di una straordinaria Casa Editrice","isPartOf":{"@id":"https:\/\/www.article-marketing.eu\/comunicatistampa\/#website"},"primaryImageOfPage":{"@id":"https:\/\/www.article-marketing.eu\/comunicatistampa\/federico-motta-editore-dagli-anni-30-ad-oggi-la-storia-tutta-italiana-di-una-straordinaria-casa-editrice\/#primaryimage"},"image":{"@id":"https:\/\/www.article-marketing.eu\/comunicatistampa\/federico-motta-editore-dagli-anni-30-ad-oggi-la-storia-tutta-italiana-di-una-straordinaria-casa-editrice\/#primaryimage"},"thumbnailUrl":"https:\/\/federicomottaeditore.it\/wp-content\/uploads\/2017\/06\/federico-motta-editore-torcoliere-logo-300x222.jpg","datePublished":"2023-09-26T05:31:24+00:00","author":{"@id":"https:\/\/www.article-marketing.eu\/comunicatistampa\/#\/schema\/person\/2fcaf8f8f3a9eef9eb7f27532d3ca458"},"description":"Dai primissimi fumetti a colori alle monumentali Enciclopedie a cura di Umberto Eco: quella di Federico Motta Editore \u00e8 una storia straordinaria di innovazione tecnologica, crescita aziendale e amore per il libro.","breadcrumb":{"@id":"https:\/\/www.article-marketing.eu\/comunicatistampa\/federico-motta-editore-dagli-anni-30-ad-oggi-la-storia-tutta-italiana-di-una-straordinaria-casa-editrice\/#breadcrumb"},"inLanguage":"it-IT","potentialAction":[{"@type":"ReadAction","target":["https:\/\/www.article-marketing.eu\/comunicatistampa\/federico-motta-editore-dagli-anni-30-ad-oggi-la-storia-tutta-italiana-di-una-straordinaria-casa-editrice\/"]}]},{"@type":"ImageObject","inLanguage":"it-IT","@id":"https:\/\/www.article-marketing.eu\/comunicatistampa\/federico-motta-editore-dagli-anni-30-ad-oggi-la-storia-tutta-italiana-di-una-straordinaria-casa-editrice\/#primaryimage","url":"https:\/\/federicomottaeditore.it\/wp-content\/uploads\/2017\/06\/federico-motta-editore-torcoliere-logo-300x222.jpg","contentUrl":"https:\/\/federicomottaeditore.it\/wp-content\/uploads\/2017\/06\/federico-motta-editore-torcoliere-logo-300x222.jpg"},{"@type":"BreadcrumbList","@id":"https:\/\/www.article-marketing.eu\/comunicatistampa\/federico-motta-editore-dagli-anni-30-ad-oggi-la-storia-tutta-italiana-di-una-straordinaria-casa-editrice\/#breadcrumb","itemListElement":[{"@type":"ListItem","position":1,"name":"Home","item":"https:\/\/www.article-marketing.eu\/comunicatistampa\/"},{"@type":"ListItem","position":2,"name":"Federico Motta Editore, dagli anni \u201930 ad oggi: la storia tutta italiana di una straordinaria Casa Editrice"}]},{"@type":"WebSite","@id":"https:\/\/www.article-marketing.eu\/comunicatistampa\/#website","url":"https:\/\/www.article-marketing.eu\/comunicatistampa\/","name":"Article Marketing","description":"article marketing &amp; press release","potentialAction":[{"@type":"SearchAction","target":{"@type":"EntryPoint","urlTemplate":"https:\/\/www.article-marketing.eu\/comunicatistampa\/?s={search_term_string}"},"query-input":{"@type":"PropertyValueSpecification","valueRequired":true,"valueName":"search_term_string"}}],"inLanguage":"it-IT"},{"@type":"Person","@id":"https:\/\/www.article-marketing.eu\/comunicatistampa\/#\/schema\/person\/2fcaf8f8f3a9eef9eb7f27532d3ca458","name":"articolinews","image":{"@type":"ImageObject","inLanguage":"it-IT","@id":"https:\/\/secure.gravatar.com\/avatar\/9e2a264bab04e17dea24d937c9956304649a848cb73c46747a692ff1bdeb1cb7?s=96&d=mm&r=g","url":"https:\/\/secure.gravatar.com\/avatar\/9e2a264bab04e17dea24d937c9956304649a848cb73c46747a692ff1bdeb1cb7?s=96&d=mm&r=g","contentUrl":"https:\/\/secure.gravatar.com\/avatar\/9e2a264bab04e17dea24d937c9956304649a848cb73c46747a692ff1bdeb1cb7?s=96&d=mm&r=g","caption":"articolinews"},"url":"https:\/\/www.article-marketing.eu\/comunicatistampa\/author\/articolinews\/"}]}},"_links":{"self":[{"href":"https:\/\/www.article-marketing.eu\/comunicatistampa\/wp-json\/wp\/v2\/posts\/28316","targetHints":{"allow":["GET"]}}],"collection":[{"href":"https:\/\/www.article-marketing.eu\/comunicatistampa\/wp-json\/wp\/v2\/posts"}],"about":[{"href":"https:\/\/www.article-marketing.eu\/comunicatistampa\/wp-json\/wp\/v2\/types\/post"}],"author":[{"embeddable":true,"href":"https:\/\/www.article-marketing.eu\/comunicatistampa\/wp-json\/wp\/v2\/users\/6477"}],"replies":[{"embeddable":true,"href":"https:\/\/www.article-marketing.eu\/comunicatistampa\/wp-json\/wp\/v2\/comments?post=28316"}],"version-history":[{"count":2,"href":"https:\/\/www.article-marketing.eu\/comunicatistampa\/wp-json\/wp\/v2\/posts\/28316\/revisions"}],"predecessor-version":[{"id":28437,"href":"https:\/\/www.article-marketing.eu\/comunicatistampa\/wp-json\/wp\/v2\/posts\/28316\/revisions\/28437"}],"wp:attachment":[{"href":"https:\/\/www.article-marketing.eu\/comunicatistampa\/wp-json\/wp\/v2\/media?parent=28316"}],"wp:term":[{"taxonomy":"category","embeddable":true,"href":"https:\/\/www.article-marketing.eu\/comunicatistampa\/wp-json\/wp\/v2\/categories?post=28316"},{"taxonomy":"post_tag","embeddable":true,"href":"https:\/\/www.article-marketing.eu\/comunicatistampa\/wp-json\/wp\/v2\/tags?post=28316"}],"curies":[{"name":"wp","href":"https:\/\/api.w.org\/{rel}","templated":true}]}}