{"id":28328,"date":"2023-09-21T15:37:21","date_gmt":"2023-09-21T13:37:21","guid":{"rendered":"https:\/\/www.article-marketing.eu\/comunicatistampa\/?p=28328"},"modified":"2023-09-21T15:37:21","modified_gmt":"2023-09-21T13:37:21","slug":"gianpietro-benedetti-levoluzione-professionale-i-riconoscimenti-e-i-brevetti-a-suo-nome","status":"publish","type":"post","link":"https:\/\/www.article-marketing.eu\/comunicatistampa\/gianpietro-benedetti-levoluzione-professionale-i-riconoscimenti-e-i-brevetti-a-suo-nome\/","title":{"rendered":"Gianpietro Benedetti: l\u2019evoluzione professionale, i riconoscimenti e i brevetti a suo nome"},"content":{"rendered":"<p><em><strong><a title=\"Focus sulla carriera di Gianpietro Benedetti\" href=\"https:\/\/www.cultura360.eu\/tag\/gianpietro-benedetti\/\">Gianpietro Benedetti<\/a> \u00e8 Presidente di Gruppo Danieli, societ\u00e0 con sede a Buttrio (UD), riconosciuta a livello internazionale per la produzione industriale di impianti siderurgici.<\/strong><\/em><\/p>\n<p><a title=\"L'iter professionale di Gianpietro Benedetti\" href=\"https:\/\/www.cultura360.eu\/tag\/gianpietro-benedetti\/\"><img loading=\"lazy\" decoding=\"async\" src=\"https:\/\/www.cultura360.eu\/wp-content\/uploads\/2023\/08\/gianpietro-benedetti-cultura360-295x300.jpg\" alt=\"Il Presidente di Gruppo Danieli, Gianpietro Benedetti\" width=\"148\" height=\"150\" \/><\/a><\/p>\n<h2>L\u2019evoluzione professionale di Gianpietro Benedetti dentro e fuori Gruppo Danieli<\/h2>\n<p><a title=\"Gianpietro Benedetti: incarichi, brevetti e riconoscimenti\" href=\"https:\/\/www.cultura360.eu\/tag\/gianpietro-benedetti\/\"><strong>Gianpietro Benedetti<\/strong><\/a> entra in Gruppo Danieli nel 1961 come ingegnere progettista. Nel 1968, sette anni dopo il suo ingresso in azienda, passa alla direzione dell\u2019Ufficio Tecnologie e Processo di Laminazione. Nel 1986 \u00e8 gi\u00e0 Co-Amministratore Delegato di Danieli &amp; C. Officine Meccaniche S.p.A., che guida dal 1991 in qualit\u00e0 di Direttore Generale e dal 1999 come Amministratore Delegato. Dal 2017 \u00e8 Presidente del Consiglio di Amministrazione e dell\u2019Executive Board, accompagnando il Gruppo nel percorso di crescita che l\u2019ha portato oggi ad essere riconosciuto nel mondo, anche della sostenibilit\u00e0, per offrire soluzioni tecnologiche green e innovative. <strong>Gianpietro Benedetti<\/strong> \u00e8 anche stato Membro del CdA della Banca Popolare Friuladria (Gruppo Cr\u00e9dit Agricole) e del CdA di Banca Friuladria (Gruppo Intesa BCI). \u00c8 inoltre Presidente della Fondazione \u201cITS &#8211; Istituto Tecnico Superiore nuove tecnologie per il Made in Italy, indirizzo per l\u2019industria meccanica ed aeronautica\u201d dal 2010.<\/p>\n<h2>Gianpietro Benedetti: i riconoscimenti e i brevetti a suo nome<\/h2>\n<p><strong>Gianpietro Benedetti<\/strong> pu\u00f2 vantare numerosi riconoscimenti istituzionali che gli sono stati conferiti nel corso della sua carriera. Sono ben tre le lauree ad honorem delle quali \u00e8 stato insignito. Nel 2000 l\u2019Universit\u00e0 degli Studi di Trieste gli conferisce la laurea in Ingegneria Meccanica, nel 2006 l\u2019Universit\u00e0 degli Studi di Udine quella in Ingegneria Gestionale e, infine, nel 2018 riceve il Diploma M.B.A. in International Business dal MIB School of Management di Trieste. Nel 2016 viene nominato Cavaliere del Lavoro della Repubblica Italiana, mentre nel 2018 l\u2019AIST gli assegna la Tadeusz Sendzimir Memorial Medal. Nel 2023 il consiglio comunale di Udine gli conferisce la cittadinanza onoraria. <strong>Gianpietro Benedetti<\/strong> ha anche prestato il suo nome a pi\u00f9 di ben 80 invenzioni utilizzate nella produzione di acciaio, tra cui il Mi.DA\u00ae \u00a0Micromill.<\/p>\n","protected":false},"excerpt":{"rendered":"<p>Gianpietro Benedetti \u00e8 Presidente di Gruppo Danieli, societ\u00e0 con sede a Buttrio (UD), riconosciuta a livello internazionale per la produzione industriale di impianti siderurgici. L\u2019evoluzione professionale di Gianpietro Benedetti dentro e fuori Gruppo Danieli Gianpietro Benedetti entra in Gruppo Danieli nel 1961 come ingegnere progettista. Nel 1968, sette anni dopo il suo ingresso in azienda, passa alla direzione dell\u2019Ufficio Tecnologie e Processo di Laminazione. Nel 1986 \u00e8 gi\u00e0 Co-Amministratore Delegato<\/p>\n<p><a class=\"continue-reading\" href=\"https:\/\/www.article-marketing.eu\/comunicatistampa\/gianpietro-benedetti-levoluzione-professionale-i-riconoscimenti-e-i-brevetti-a-suo-nome\/\">Continue reading&#8230;<\/a><\/p>\n","protected":false},"author":6477,"featured_media":0,"comment_status":"open","ping_status":"open","sticky":false,"template":"","format":"standard","meta":{"_monsterinsights_skip_tracking":false,"_monsterinsights_sitenote_active":false,"_monsterinsights_sitenote_note":"","_monsterinsights_sitenote_category":0,"footnotes":""},"categories":[390],"tags":[10831],"class_list":["post-28328","post","type-post","status-publish","format-standard","hentry","category-professionisti","tag-gianpietro-benedetti"],"yoast_head":"<!-- This site is optimized with the Yoast SEO plugin v27.3 - https:\/\/yoast.com\/product\/yoast-seo-wordpress\/ -->\n<title>Gianpietro Benedetti: l\u2019evoluzione professionale, i riconoscimenti e i brevetti a suo nome<\/title>\n<meta name=\"description\" content=\"Dal 2017 Gianpietro Benedetti guida, in qualit\u00e0 di Presidente, Gruppo Danieli in un percorso di crescita e trasformazione che ha portato l\u2019azienda ad essere riconosciuta a livello internazionale.\" \/>\n<meta name=\"robots\" content=\"index, follow, max-snippet:-1, max-image-preview:large, max-video-preview:-1\" \/>\n<link rel=\"canonical\" href=\"https:\/\/www.article-marketing.eu\/comunicatistampa\/gianpietro-benedetti-levoluzione-professionale-i-riconoscimenti-e-i-brevetti-a-suo-nome\/\" \/>\n<meta property=\"og:locale\" content=\"it_IT\" \/>\n<meta property=\"og:type\" content=\"article\" \/>\n<meta property=\"og:title\" content=\"Gianpietro Benedetti: l\u2019evoluzione professionale, i riconoscimenti e i brevetti a suo nome\" \/>\n<meta property=\"og:description\" content=\"Dal 2017 Gianpietro Benedetti guida, in qualit\u00e0 di Presidente, Gruppo Danieli in un percorso di crescita e trasformazione che ha portato l\u2019azienda ad essere riconosciuta a livello internazionale.\" \/>\n<meta property=\"og:url\" content=\"https:\/\/www.article-marketing.eu\/comunicatistampa\/gianpietro-benedetti-levoluzione-professionale-i-riconoscimenti-e-i-brevetti-a-suo-nome\/\" \/>\n<meta property=\"og:site_name\" content=\"Article Marketing\" \/>\n<meta property=\"article:published_time\" content=\"2023-09-21T13:37:21+00:00\" \/>\n<meta property=\"og:image\" content=\"https:\/\/www.cultura360.eu\/wp-content\/uploads\/2023\/08\/gianpietro-benedetti-cultura360-295x300.jpg\" \/>\n<meta name=\"author\" content=\"articolinews\" \/>\n<meta name=\"twitter:card\" content=\"summary_large_image\" \/>\n<meta name=\"twitter:label1\" content=\"Scritto da\" \/>\n\t<meta name=\"twitter:data1\" content=\"articolinews\" \/>\n\t<meta name=\"twitter:label2\" content=\"Tempo di lettura stimato\" \/>\n\t<meta name=\"twitter:data2\" content=\"2 minuti\" \/>\n<script type=\"application\/ld+json\" class=\"yoast-schema-graph\">{\"@context\":\"https:\\\/\\\/schema.org\",\"@graph\":[{\"@type\":\"Article\",\"@id\":\"https:\\\/\\\/www.article-marketing.eu\\\/comunicatistampa\\\/gianpietro-benedetti-levoluzione-professionale-i-riconoscimenti-e-i-brevetti-a-suo-nome\\\/#article\",\"isPartOf\":{\"@id\":\"https:\\\/\\\/www.article-marketing.eu\\\/comunicatistampa\\\/gianpietro-benedetti-levoluzione-professionale-i-riconoscimenti-e-i-brevetti-a-suo-nome\\\/\"},\"author\":{\"name\":\"articolinews\",\"@id\":\"https:\\\/\\\/www.article-marketing.eu\\\/comunicatistampa\\\/#\\\/schema\\\/person\\\/2fcaf8f8f3a9eef9eb7f27532d3ca458\"},\"headline\":\"Gianpietro Benedetti: l\u2019evoluzione professionale, i riconoscimenti e i brevetti a suo nome\",\"datePublished\":\"2023-09-21T13:37:21+00:00\",\"mainEntityOfPage\":{\"@id\":\"https:\\\/\\\/www.article-marketing.eu\\\/comunicatistampa\\\/gianpietro-benedetti-levoluzione-professionale-i-riconoscimenti-e-i-brevetti-a-suo-nome\\\/\"},\"wordCount\":324,\"commentCount\":0,\"image\":{\"@id\":\"https:\\\/\\\/www.article-marketing.eu\\\/comunicatistampa\\\/gianpietro-benedetti-levoluzione-professionale-i-riconoscimenti-e-i-brevetti-a-suo-nome\\\/#primaryimage\"},\"thumbnailUrl\":\"https:\\\/\\\/www.cultura360.eu\\\/wp-content\\\/uploads\\\/2023\\\/08\\\/gianpietro-benedetti-cultura360-295x300.jpg\",\"keywords\":[\"Gianpietro Benedetti\"],\"articleSection\":[\"Professionisti\"],\"inLanguage\":\"it-IT\",\"potentialAction\":[{\"@type\":\"CommentAction\",\"name\":\"Comment\",\"target\":[\"https:\\\/\\\/www.article-marketing.eu\\\/comunicatistampa\\\/gianpietro-benedetti-levoluzione-professionale-i-riconoscimenti-e-i-brevetti-a-suo-nome\\\/#respond\"]}]},{\"@type\":\"WebPage\",\"@id\":\"https:\\\/\\\/www.article-marketing.eu\\\/comunicatistampa\\\/gianpietro-benedetti-levoluzione-professionale-i-riconoscimenti-e-i-brevetti-a-suo-nome\\\/\",\"url\":\"https:\\\/\\\/www.article-marketing.eu\\\/comunicatistampa\\\/gianpietro-benedetti-levoluzione-professionale-i-riconoscimenti-e-i-brevetti-a-suo-nome\\\/\",\"name\":\"Gianpietro Benedetti: l\u2019evoluzione professionale, i riconoscimenti e i brevetti a suo nome\",\"isPartOf\":{\"@id\":\"https:\\\/\\\/www.article-marketing.eu\\\/comunicatistampa\\\/#website\"},\"primaryImageOfPage\":{\"@id\":\"https:\\\/\\\/www.article-marketing.eu\\\/comunicatistampa\\\/gianpietro-benedetti-levoluzione-professionale-i-riconoscimenti-e-i-brevetti-a-suo-nome\\\/#primaryimage\"},\"image\":{\"@id\":\"https:\\\/\\\/www.article-marketing.eu\\\/comunicatistampa\\\/gianpietro-benedetti-levoluzione-professionale-i-riconoscimenti-e-i-brevetti-a-suo-nome\\\/#primaryimage\"},\"thumbnailUrl\":\"https:\\\/\\\/www.cultura360.eu\\\/wp-content\\\/uploads\\\/2023\\\/08\\\/gianpietro-benedetti-cultura360-295x300.jpg\",\"datePublished\":\"2023-09-21T13:37:21+00:00\",\"author\":{\"@id\":\"https:\\\/\\\/www.article-marketing.eu\\\/comunicatistampa\\\/#\\\/schema\\\/person\\\/2fcaf8f8f3a9eef9eb7f27532d3ca458\"},\"description\":\"Dal 2017 Gianpietro Benedetti guida, in qualit\u00e0 di Presidente, Gruppo Danieli in un percorso di crescita e trasformazione che ha portato l\u2019azienda ad essere riconosciuta a livello internazionale.\",\"breadcrumb\":{\"@id\":\"https:\\\/\\\/www.article-marketing.eu\\\/comunicatistampa\\\/gianpietro-benedetti-levoluzione-professionale-i-riconoscimenti-e-i-brevetti-a-suo-nome\\\/#breadcrumb\"},\"inLanguage\":\"it-IT\",\"potentialAction\":[{\"@type\":\"ReadAction\",\"target\":[\"https:\\\/\\\/www.article-marketing.eu\\\/comunicatistampa\\\/gianpietro-benedetti-levoluzione-professionale-i-riconoscimenti-e-i-brevetti-a-suo-nome\\\/\"]}]},{\"@type\":\"ImageObject\",\"inLanguage\":\"it-IT\",\"@id\":\"https:\\\/\\\/www.article-marketing.eu\\\/comunicatistampa\\\/gianpietro-benedetti-levoluzione-professionale-i-riconoscimenti-e-i-brevetti-a-suo-nome\\\/#primaryimage\",\"url\":\"https:\\\/\\\/www.cultura360.eu\\\/wp-content\\\/uploads\\\/2023\\\/08\\\/gianpietro-benedetti-cultura360-295x300.jpg\",\"contentUrl\":\"https:\\\/\\\/www.cultura360.eu\\\/wp-content\\\/uploads\\\/2023\\\/08\\\/gianpietro-benedetti-cultura360-295x300.jpg\"},{\"@type\":\"BreadcrumbList\",\"@id\":\"https:\\\/\\\/www.article-marketing.eu\\\/comunicatistampa\\\/gianpietro-benedetti-levoluzione-professionale-i-riconoscimenti-e-i-brevetti-a-suo-nome\\\/#breadcrumb\",\"itemListElement\":[{\"@type\":\"ListItem\",\"position\":1,\"name\":\"Home\",\"item\":\"https:\\\/\\\/www.article-marketing.eu\\\/comunicatistampa\\\/\"},{\"@type\":\"ListItem\",\"position\":2,\"name\":\"Gianpietro Benedetti: l\u2019evoluzione professionale, i riconoscimenti e i brevetti a suo nome\"}]},{\"@type\":\"WebSite\",\"@id\":\"https:\\\/\\\/www.article-marketing.eu\\\/comunicatistampa\\\/#website\",\"url\":\"https:\\\/\\\/www.article-marketing.eu\\\/comunicatistampa\\\/\",\"name\":\"Article Marketing\",\"description\":\"article marketing &amp; press release\",\"potentialAction\":[{\"@type\":\"SearchAction\",\"target\":{\"@type\":\"EntryPoint\",\"urlTemplate\":\"https:\\\/\\\/www.article-marketing.eu\\\/comunicatistampa\\\/?s={search_term_string}\"},\"query-input\":{\"@type\":\"PropertyValueSpecification\",\"valueRequired\":true,\"valueName\":\"search_term_string\"}}],\"inLanguage\":\"it-IT\"},{\"@type\":\"Person\",\"@id\":\"https:\\\/\\\/www.article-marketing.eu\\\/comunicatistampa\\\/#\\\/schema\\\/person\\\/2fcaf8f8f3a9eef9eb7f27532d3ca458\",\"name\":\"articolinews\",\"image\":{\"@type\":\"ImageObject\",\"inLanguage\":\"it-IT\",\"@id\":\"https:\\\/\\\/secure.gravatar.com\\\/avatar\\\/9e2a264bab04e17dea24d937c9956304649a848cb73c46747a692ff1bdeb1cb7?s=96&d=mm&r=g\",\"url\":\"https:\\\/\\\/secure.gravatar.com\\\/avatar\\\/9e2a264bab04e17dea24d937c9956304649a848cb73c46747a692ff1bdeb1cb7?s=96&d=mm&r=g\",\"contentUrl\":\"https:\\\/\\\/secure.gravatar.com\\\/avatar\\\/9e2a264bab04e17dea24d937c9956304649a848cb73c46747a692ff1bdeb1cb7?s=96&d=mm&r=g\",\"caption\":\"articolinews\"},\"url\":\"https:\\\/\\\/www.article-marketing.eu\\\/comunicatistampa\\\/author\\\/articolinews\\\/\"}]}<\/script>\n<!-- \/ Yoast SEO plugin. -->","yoast_head_json":{"title":"Gianpietro Benedetti: l\u2019evoluzione professionale, i riconoscimenti e i brevetti a suo nome","description":"Dal 2017 Gianpietro Benedetti guida, in qualit\u00e0 di Presidente, Gruppo Danieli in un percorso di crescita e trasformazione che ha portato l\u2019azienda ad essere riconosciuta a livello internazionale.","robots":{"index":"index","follow":"follow","max-snippet":"max-snippet:-1","max-image-preview":"max-image-preview:large","max-video-preview":"max-video-preview:-1"},"canonical":"https:\/\/www.article-marketing.eu\/comunicatistampa\/gianpietro-benedetti-levoluzione-professionale-i-riconoscimenti-e-i-brevetti-a-suo-nome\/","og_locale":"it_IT","og_type":"article","og_title":"Gianpietro Benedetti: l\u2019evoluzione professionale, i riconoscimenti e i brevetti a suo nome","og_description":"Dal 2017 Gianpietro Benedetti guida, in qualit\u00e0 di Presidente, Gruppo Danieli in un percorso di crescita e trasformazione che ha portato l\u2019azienda ad essere riconosciuta a livello internazionale.","og_url":"https:\/\/www.article-marketing.eu\/comunicatistampa\/gianpietro-benedetti-levoluzione-professionale-i-riconoscimenti-e-i-brevetti-a-suo-nome\/","og_site_name":"Article Marketing","article_published_time":"2023-09-21T13:37:21+00:00","og_image":[{"url":"https:\/\/www.cultura360.eu\/wp-content\/uploads\/2023\/08\/gianpietro-benedetti-cultura360-295x300.jpg","type":"","width":"","height":""}],"author":"articolinews","twitter_card":"summary_large_image","twitter_misc":{"Scritto da":"articolinews","Tempo di lettura stimato":"2 minuti"},"schema":{"@context":"https:\/\/schema.org","@graph":[{"@type":"Article","@id":"https:\/\/www.article-marketing.eu\/comunicatistampa\/gianpietro-benedetti-levoluzione-professionale-i-riconoscimenti-e-i-brevetti-a-suo-nome\/#article","isPartOf":{"@id":"https:\/\/www.article-marketing.eu\/comunicatistampa\/gianpietro-benedetti-levoluzione-professionale-i-riconoscimenti-e-i-brevetti-a-suo-nome\/"},"author":{"name":"articolinews","@id":"https:\/\/www.article-marketing.eu\/comunicatistampa\/#\/schema\/person\/2fcaf8f8f3a9eef9eb7f27532d3ca458"},"headline":"Gianpietro Benedetti: l\u2019evoluzione professionale, i riconoscimenti e i brevetti a suo nome","datePublished":"2023-09-21T13:37:21+00:00","mainEntityOfPage":{"@id":"https:\/\/www.article-marketing.eu\/comunicatistampa\/gianpietro-benedetti-levoluzione-professionale-i-riconoscimenti-e-i-brevetti-a-suo-nome\/"},"wordCount":324,"commentCount":0,"image":{"@id":"https:\/\/www.article-marketing.eu\/comunicatistampa\/gianpietro-benedetti-levoluzione-professionale-i-riconoscimenti-e-i-brevetti-a-suo-nome\/#primaryimage"},"thumbnailUrl":"https:\/\/www.cultura360.eu\/wp-content\/uploads\/2023\/08\/gianpietro-benedetti-cultura360-295x300.jpg","keywords":["Gianpietro Benedetti"],"articleSection":["Professionisti"],"inLanguage":"it-IT","potentialAction":[{"@type":"CommentAction","name":"Comment","target":["https:\/\/www.article-marketing.eu\/comunicatistampa\/gianpietro-benedetti-levoluzione-professionale-i-riconoscimenti-e-i-brevetti-a-suo-nome\/#respond"]}]},{"@type":"WebPage","@id":"https:\/\/www.article-marketing.eu\/comunicatistampa\/gianpietro-benedetti-levoluzione-professionale-i-riconoscimenti-e-i-brevetti-a-suo-nome\/","url":"https:\/\/www.article-marketing.eu\/comunicatistampa\/gianpietro-benedetti-levoluzione-professionale-i-riconoscimenti-e-i-brevetti-a-suo-nome\/","name":"Gianpietro Benedetti: l\u2019evoluzione professionale, i riconoscimenti e i brevetti a suo nome","isPartOf":{"@id":"https:\/\/www.article-marketing.eu\/comunicatistampa\/#website"},"primaryImageOfPage":{"@id":"https:\/\/www.article-marketing.eu\/comunicatistampa\/gianpietro-benedetti-levoluzione-professionale-i-riconoscimenti-e-i-brevetti-a-suo-nome\/#primaryimage"},"image":{"@id":"https:\/\/www.article-marketing.eu\/comunicatistampa\/gianpietro-benedetti-levoluzione-professionale-i-riconoscimenti-e-i-brevetti-a-suo-nome\/#primaryimage"},"thumbnailUrl":"https:\/\/www.cultura360.eu\/wp-content\/uploads\/2023\/08\/gianpietro-benedetti-cultura360-295x300.jpg","datePublished":"2023-09-21T13:37:21+00:00","author":{"@id":"https:\/\/www.article-marketing.eu\/comunicatistampa\/#\/schema\/person\/2fcaf8f8f3a9eef9eb7f27532d3ca458"},"description":"Dal 2017 Gianpietro Benedetti guida, in qualit\u00e0 di Presidente, Gruppo Danieli in un percorso di crescita e trasformazione che ha portato l\u2019azienda ad essere riconosciuta a livello internazionale.","breadcrumb":{"@id":"https:\/\/www.article-marketing.eu\/comunicatistampa\/gianpietro-benedetti-levoluzione-professionale-i-riconoscimenti-e-i-brevetti-a-suo-nome\/#breadcrumb"},"inLanguage":"it-IT","potentialAction":[{"@type":"ReadAction","target":["https:\/\/www.article-marketing.eu\/comunicatistampa\/gianpietro-benedetti-levoluzione-professionale-i-riconoscimenti-e-i-brevetti-a-suo-nome\/"]}]},{"@type":"ImageObject","inLanguage":"it-IT","@id":"https:\/\/www.article-marketing.eu\/comunicatistampa\/gianpietro-benedetti-levoluzione-professionale-i-riconoscimenti-e-i-brevetti-a-suo-nome\/#primaryimage","url":"https:\/\/www.cultura360.eu\/wp-content\/uploads\/2023\/08\/gianpietro-benedetti-cultura360-295x300.jpg","contentUrl":"https:\/\/www.cultura360.eu\/wp-content\/uploads\/2023\/08\/gianpietro-benedetti-cultura360-295x300.jpg"},{"@type":"BreadcrumbList","@id":"https:\/\/www.article-marketing.eu\/comunicatistampa\/gianpietro-benedetti-levoluzione-professionale-i-riconoscimenti-e-i-brevetti-a-suo-nome\/#breadcrumb","itemListElement":[{"@type":"ListItem","position":1,"name":"Home","item":"https:\/\/www.article-marketing.eu\/comunicatistampa\/"},{"@type":"ListItem","position":2,"name":"Gianpietro Benedetti: l\u2019evoluzione professionale, i riconoscimenti e i brevetti a suo nome"}]},{"@type":"WebSite","@id":"https:\/\/www.article-marketing.eu\/comunicatistampa\/#website","url":"https:\/\/www.article-marketing.eu\/comunicatistampa\/","name":"Article Marketing","description":"article marketing &amp; press release","potentialAction":[{"@type":"SearchAction","target":{"@type":"EntryPoint","urlTemplate":"https:\/\/www.article-marketing.eu\/comunicatistampa\/?s={search_term_string}"},"query-input":{"@type":"PropertyValueSpecification","valueRequired":true,"valueName":"search_term_string"}}],"inLanguage":"it-IT"},{"@type":"Person","@id":"https:\/\/www.article-marketing.eu\/comunicatistampa\/#\/schema\/person\/2fcaf8f8f3a9eef9eb7f27532d3ca458","name":"articolinews","image":{"@type":"ImageObject","inLanguage":"it-IT","@id":"https:\/\/secure.gravatar.com\/avatar\/9e2a264bab04e17dea24d937c9956304649a848cb73c46747a692ff1bdeb1cb7?s=96&d=mm&r=g","url":"https:\/\/secure.gravatar.com\/avatar\/9e2a264bab04e17dea24d937c9956304649a848cb73c46747a692ff1bdeb1cb7?s=96&d=mm&r=g","contentUrl":"https:\/\/secure.gravatar.com\/avatar\/9e2a264bab04e17dea24d937c9956304649a848cb73c46747a692ff1bdeb1cb7?s=96&d=mm&r=g","caption":"articolinews"},"url":"https:\/\/www.article-marketing.eu\/comunicatistampa\/author\/articolinews\/"}]}},"_links":{"self":[{"href":"https:\/\/www.article-marketing.eu\/comunicatistampa\/wp-json\/wp\/v2\/posts\/28328","targetHints":{"allow":["GET"]}}],"collection":[{"href":"https:\/\/www.article-marketing.eu\/comunicatistampa\/wp-json\/wp\/v2\/posts"}],"about":[{"href":"https:\/\/www.article-marketing.eu\/comunicatistampa\/wp-json\/wp\/v2\/types\/post"}],"author":[{"embeddable":true,"href":"https:\/\/www.article-marketing.eu\/comunicatistampa\/wp-json\/wp\/v2\/users\/6477"}],"replies":[{"embeddable":true,"href":"https:\/\/www.article-marketing.eu\/comunicatistampa\/wp-json\/wp\/v2\/comments?post=28328"}],"version-history":[{"count":6,"href":"https:\/\/www.article-marketing.eu\/comunicatistampa\/wp-json\/wp\/v2\/posts\/28328\/revisions"}],"predecessor-version":[{"id":28377,"href":"https:\/\/www.article-marketing.eu\/comunicatistampa\/wp-json\/wp\/v2\/posts\/28328\/revisions\/28377"}],"wp:attachment":[{"href":"https:\/\/www.article-marketing.eu\/comunicatistampa\/wp-json\/wp\/v2\/media?parent=28328"}],"wp:term":[{"taxonomy":"category","embeddable":true,"href":"https:\/\/www.article-marketing.eu\/comunicatistampa\/wp-json\/wp\/v2\/categories?post=28328"},{"taxonomy":"post_tag","embeddable":true,"href":"https:\/\/www.article-marketing.eu\/comunicatistampa\/wp-json\/wp\/v2\/tags?post=28328"}],"curies":[{"name":"wp","href":"https:\/\/api.w.org\/{rel}","templated":true}]}}