{"id":28398,"date":"2023-09-23T14:47:21","date_gmt":"2023-09-23T12:47:21","guid":{"rendered":"https:\/\/www.article-marketing.eu\/comunicatistampa\/?p=28398"},"modified":"2023-09-23T14:47:21","modified_gmt":"2023-09-23T12:47:21","slug":"stefano-venier-snam-insieme-a-eni-nel-primo-progetto-di-ccs-a-ravenna-intervista-allad","status":"publish","type":"post","link":"https:\/\/www.article-marketing.eu\/comunicatistampa\/stefano-venier-snam-insieme-a-eni-nel-primo-progetto-di-ccs-a-ravenna-intervista-allad\/","title":{"rendered":"Stefano Venier: Snam insieme a Eni nel primo progetto di CCS a Ravenna, intervista all\u2019AD"},"content":{"rendered":"<p><em><strong>L\u2019AD di Snam <a title=\"Snam ed Eni, Stefano Venier illustra i dettagli dell'hub della Ccs\" href=\"https:\/\/www.portaleconomia.net\/stefano-venier-al-corriere-della-sera-ccs-a-ravenna-lhub-del-sud-europa-con-snam-ed-eni\/\">Stefano Venier<\/a>: \u201cNel nostro ruolo di operatore infrastrutturale di trasporto molecole per il Paese, abbiamo raccolto con convinzione la sfida di essere parte del primo progetto italiano di CCS su scala industriale, legato all\u2019Hub di Ravenna\u201d.<\/strong><\/em><\/p>\n<p><strong>\u00a0<a title=\"Stefano Venier spiega i dettagli del nuovo hub per la Ccs targato Snam ed Eni\" href=\"https:\/\/www.portaleconomia.net\/stefano-venier-al-corriere-della-sera-ccs-a-ravenna-lhub-del-sud-europa-con-snam-ed-eni\/\"><img loading=\"lazy\" decoding=\"async\" src=\"https:\/\/www.portaleconomia.net\/wp-content\/uploads\/2023\/09\/stefano-venier-snam-2-2.jpg\" alt=\"Stefano Venier\" width=\"150\" height=\"150\" \/><\/a><\/strong><\/p>\n<h2>Stefano Venier: CCS, Snam ed Eni al lavoro su \u201cun\u2019infrastruttura essenziale per la competitivit\u00e0 del tessuto industriale\u201d<\/h2>\n<p>L\u2019AD di Snam <a title=\"Hub Eni-Snam per la Co2, il commento di Stefano Venier\" href=\"https:\/\/www.portaleconomia.net\/stefano-venier-al-corriere-della-sera-ccs-a-ravenna-lhub-del-sud-europa-con-snam-ed-eni\/\"><strong>Stefano Venier<\/strong><\/a>, intervenuto nel corso del 49\u00b0 Forum di Cernobbio, ha preso parte alla presentazione dello studio strategico sulla Carbon Capture &amp; Storage (CCS) sviluppato da The European House-Ambrosetti con il contributo di Snam ed Eni. \u201c<em>Il potenziale legato allo sviluppo delle attivit\u00e0 di CCS a supporto del sistema industriale di base pu\u00f2 essere concreto e importante<\/em>\u201d, scrive in merito su LinkedIn rifacendosi ai risultati: la CCS, come emerge dallo studio, \u00e8 infatti \u201c<em>una tecnologia matura e consolidata, sicura e soprattutto utile per tutti quei processi industriali che prevedono la produzione di CO2 in quantit\u00e0 rilevanti e che non trovano risposta in altre clean tech<\/em>\u201d. Una sfida che Snam ha deciso di raccogliere \u201c<em>con convinzione<\/em>\u201d, come spiega l\u2019AD Stefano Venier nell\u2019articolo che \u201cL\u2019Economia\u201d, la voce economica del \u201cCorriere della Sera\u201d, ha dedicato al primo progetto italiano di CCS su scala industriale legato all\u2019Hub di Ravenna \u201c<em>attorno al quale svilupperemo un\u2019infrastruttura essenziale per la competitivit\u00e0 del tessuto industriale esistente e potenzialmente capace di giocare un ruolo chiave nell&#8217;intero Mediterraneo<\/em>\u201d.<\/p>\n<h2>Stefano Venier a \u201cL\u2019Economia\u201d: CCS, il progetto Snam-Eni \u201cun\u2019occasione anche per le industrie straniere\u201d<\/h2>\n<p>L\u2019Italia, come spiega l\u2019AD di Snam <strong>Stefano Venier<\/strong> nell\u2019articolo, pu\u00f2 diventare l\u2019hub della CCS per il Sud Europa: \u201c<em>Le potenzialit\u00e0 ci sono.<\/em> <em>Abbiamo il vantaggio di disporre di giacimenti esauriti di gas al largo dell\u2019Adriatico di fronte alla Pianura Padana, dove si concentra la maggior parte delle industrie ad alta intensit\u00e0 di energia e di emissioni. Un vantaggio che potr\u00e0 andare a beneficio dell\u2019intero bacino del Mediterraneo, per esempio delle industrie francesi, per cui sar\u00e0 pi\u00f9 conveniente stoccare la CO2 a Ravenna e non trasportarla fino in Norvegia<\/em>\u201d. Sar\u00e0 quindi \u201c<em>un\u2019occasione anche per le industrie straniere<\/em>\u201d. A giocare a favore di Ravenna diversi fattori tra cui la posizione strategica, il porto, la cultura di impresa ma anche la presenza di realt\u00e0 manifatturiere industriali che hanno la necessit\u00e0 di decarbonizzare le loro attivit\u00e0: nell\u2019ottica di Snam ed Eni si traducono come condizioni funzionali allo sviluppo di progetti di cattura e stoccaggio della Co2 da realizzare con costi competitivi e in tempi brevi. Per quanto riguarda il trasporto, Snam ha intenzione di puntare su una strategia di soft infrastructure. \u201c<em>Miriamo a utilizzare parte delle condotte gi\u00e0 esistenti in una logica di operatore multi-molecola: nei nostri tubi pu\u00f2 scorrere gas naturale, ma anche biometano, idrogeno e, appunto, anidride carbonica<\/em>\u201d, precisa l\u2019AD di Snam Stefano Venier a \u201cL\u2019Economia\u201d.<\/p>\n","protected":false},"excerpt":{"rendered":"<p>L\u2019AD di Snam Stefano Venier: \u201cNel nostro ruolo di operatore infrastrutturale di trasporto molecole per il Paese, abbiamo raccolto con convinzione la sfida di essere parte del primo progetto italiano di CCS su scala industriale, legato all\u2019Hub di Ravenna\u201d. \u00a0 Stefano Venier: CCS, Snam ed Eni al lavoro su \u201cun\u2019infrastruttura essenziale per la competitivit\u00e0 del tessuto industriale\u201d L\u2019AD di Snam Stefano Venier, intervenuto nel corso del 49\u00b0 Forum di Cernobbio,<\/p>\n<p><a class=\"continue-reading\" href=\"https:\/\/www.article-marketing.eu\/comunicatistampa\/stefano-venier-snam-insieme-a-eni-nel-primo-progetto-di-ccs-a-ravenna-intervista-allad\/\">Continue reading&#8230;<\/a><\/p>\n","protected":false},"author":7204,"featured_media":0,"comment_status":"open","ping_status":"open","sticky":false,"template":"","format":"standard","meta":{"_monsterinsights_skip_tracking":false,"_monsterinsights_sitenote_active":false,"_monsterinsights_sitenote_note":"","_monsterinsights_sitenote_category":0,"footnotes":""},"categories":[417],"tags":[10792],"class_list":["post-28398","post","type-post","status-publish","format-standard","hentry","category-fonti-rinnovabili","tag-stefano-venier"],"yoast_head":"<!-- This site is optimized with the Yoast SEO plugin v27.3 - https:\/\/yoast.com\/product\/yoast-seo-wordpress\/ -->\n<title>Stefano Venier: Snam insieme a Eni nel primo progetto di CCS a Ravenna, intervista all\u2019AD<\/title>\n<meta name=\"description\" content=\"CCS, l\u2019Italia pu\u00f2 giocare un ruolo chiave nel Mediterraneo con il progetto Snam-Eni in sviluppo a Ravenna: il punto dell\u2019AD Stefano Venier\" \/>\n<meta name=\"robots\" content=\"index, follow, max-snippet:-1, max-image-preview:large, max-video-preview:-1\" \/>\n<link rel=\"canonical\" href=\"https:\/\/www.article-marketing.eu\/comunicatistampa\/stefano-venier-snam-insieme-a-eni-nel-primo-progetto-di-ccs-a-ravenna-intervista-allad\/\" \/>\n<meta property=\"og:locale\" content=\"it_IT\" \/>\n<meta property=\"og:type\" content=\"article\" \/>\n<meta property=\"og:title\" content=\"Stefano Venier: Snam insieme a Eni nel primo progetto di CCS a Ravenna, intervista all\u2019AD\" \/>\n<meta property=\"og:description\" content=\"CCS, l\u2019Italia pu\u00f2 giocare un ruolo chiave nel Mediterraneo con il progetto Snam-Eni in sviluppo a Ravenna: il punto dell\u2019AD Stefano Venier\" \/>\n<meta property=\"og:url\" content=\"https:\/\/www.article-marketing.eu\/comunicatistampa\/stefano-venier-snam-insieme-a-eni-nel-primo-progetto-di-ccs-a-ravenna-intervista-allad\/\" \/>\n<meta property=\"og:site_name\" content=\"Article Marketing\" \/>\n<meta property=\"article:published_time\" content=\"2023-09-23T12:47:21+00:00\" \/>\n<meta property=\"og:image\" content=\"https:\/\/www.portaleconomia.net\/wp-content\/uploads\/2023\/09\/stefano-venier-snam-2-2.jpg\" \/>\n<meta name=\"author\" content=\"agencyscweb\" \/>\n<meta name=\"twitter:card\" content=\"summary_large_image\" \/>\n<meta name=\"twitter:label1\" content=\"Scritto da\" \/>\n\t<meta name=\"twitter:data1\" content=\"agencyscweb\" \/>\n\t<meta name=\"twitter:label2\" content=\"Tempo di lettura stimato\" \/>\n\t<meta name=\"twitter:data2\" content=\"3 minuti\" \/>\n<script type=\"application\/ld+json\" class=\"yoast-schema-graph\">{\"@context\":\"https:\\\/\\\/schema.org\",\"@graph\":[{\"@type\":\"Article\",\"@id\":\"https:\\\/\\\/www.article-marketing.eu\\\/comunicatistampa\\\/stefano-venier-snam-insieme-a-eni-nel-primo-progetto-di-ccs-a-ravenna-intervista-allad\\\/#article\",\"isPartOf\":{\"@id\":\"https:\\\/\\\/www.article-marketing.eu\\\/comunicatistampa\\\/stefano-venier-snam-insieme-a-eni-nel-primo-progetto-di-ccs-a-ravenna-intervista-allad\\\/\"},\"author\":{\"name\":\"agencyscweb\",\"@id\":\"https:\\\/\\\/www.article-marketing.eu\\\/comunicatistampa\\\/#\\\/schema\\\/person\\\/c7ad72f600617f1bd334a0a835ce7131\"},\"headline\":\"Stefano Venier: Snam insieme a Eni nel primo progetto di CCS a Ravenna, intervista all\u2019AD\",\"datePublished\":\"2023-09-23T12:47:21+00:00\",\"mainEntityOfPage\":{\"@id\":\"https:\\\/\\\/www.article-marketing.eu\\\/comunicatistampa\\\/stefano-venier-snam-insieme-a-eni-nel-primo-progetto-di-ccs-a-ravenna-intervista-allad\\\/\"},\"wordCount\":490,\"commentCount\":0,\"image\":{\"@id\":\"https:\\\/\\\/www.article-marketing.eu\\\/comunicatistampa\\\/stefano-venier-snam-insieme-a-eni-nel-primo-progetto-di-ccs-a-ravenna-intervista-allad\\\/#primaryimage\"},\"thumbnailUrl\":\"https:\\\/\\\/www.portaleconomia.net\\\/wp-content\\\/uploads\\\/2023\\\/09\\\/stefano-venier-snam-2-2.jpg\",\"keywords\":[\"Stefano Venier\"],\"articleSection\":[\"Fonti rinnovabili\"],\"inLanguage\":\"it-IT\",\"potentialAction\":[{\"@type\":\"CommentAction\",\"name\":\"Comment\",\"target\":[\"https:\\\/\\\/www.article-marketing.eu\\\/comunicatistampa\\\/stefano-venier-snam-insieme-a-eni-nel-primo-progetto-di-ccs-a-ravenna-intervista-allad\\\/#respond\"]}]},{\"@type\":\"WebPage\",\"@id\":\"https:\\\/\\\/www.article-marketing.eu\\\/comunicatistampa\\\/stefano-venier-snam-insieme-a-eni-nel-primo-progetto-di-ccs-a-ravenna-intervista-allad\\\/\",\"url\":\"https:\\\/\\\/www.article-marketing.eu\\\/comunicatistampa\\\/stefano-venier-snam-insieme-a-eni-nel-primo-progetto-di-ccs-a-ravenna-intervista-allad\\\/\",\"name\":\"Stefano Venier: Snam insieme a Eni nel primo progetto di CCS a Ravenna, intervista all\u2019AD\",\"isPartOf\":{\"@id\":\"https:\\\/\\\/www.article-marketing.eu\\\/comunicatistampa\\\/#website\"},\"primaryImageOfPage\":{\"@id\":\"https:\\\/\\\/www.article-marketing.eu\\\/comunicatistampa\\\/stefano-venier-snam-insieme-a-eni-nel-primo-progetto-di-ccs-a-ravenna-intervista-allad\\\/#primaryimage\"},\"image\":{\"@id\":\"https:\\\/\\\/www.article-marketing.eu\\\/comunicatistampa\\\/stefano-venier-snam-insieme-a-eni-nel-primo-progetto-di-ccs-a-ravenna-intervista-allad\\\/#primaryimage\"},\"thumbnailUrl\":\"https:\\\/\\\/www.portaleconomia.net\\\/wp-content\\\/uploads\\\/2023\\\/09\\\/stefano-venier-snam-2-2.jpg\",\"datePublished\":\"2023-09-23T12:47:21+00:00\",\"author\":{\"@id\":\"https:\\\/\\\/www.article-marketing.eu\\\/comunicatistampa\\\/#\\\/schema\\\/person\\\/c7ad72f600617f1bd334a0a835ce7131\"},\"description\":\"CCS, l\u2019Italia pu\u00f2 giocare un ruolo chiave nel Mediterraneo con il progetto Snam-Eni in sviluppo a Ravenna: il punto dell\u2019AD Stefano Venier\",\"breadcrumb\":{\"@id\":\"https:\\\/\\\/www.article-marketing.eu\\\/comunicatistampa\\\/stefano-venier-snam-insieme-a-eni-nel-primo-progetto-di-ccs-a-ravenna-intervista-allad\\\/#breadcrumb\"},\"inLanguage\":\"it-IT\",\"potentialAction\":[{\"@type\":\"ReadAction\",\"target\":[\"https:\\\/\\\/www.article-marketing.eu\\\/comunicatistampa\\\/stefano-venier-snam-insieme-a-eni-nel-primo-progetto-di-ccs-a-ravenna-intervista-allad\\\/\"]}]},{\"@type\":\"ImageObject\",\"inLanguage\":\"it-IT\",\"@id\":\"https:\\\/\\\/www.article-marketing.eu\\\/comunicatistampa\\\/stefano-venier-snam-insieme-a-eni-nel-primo-progetto-di-ccs-a-ravenna-intervista-allad\\\/#primaryimage\",\"url\":\"https:\\\/\\\/www.portaleconomia.net\\\/wp-content\\\/uploads\\\/2023\\\/09\\\/stefano-venier-snam-2-2.jpg\",\"contentUrl\":\"https:\\\/\\\/www.portaleconomia.net\\\/wp-content\\\/uploads\\\/2023\\\/09\\\/stefano-venier-snam-2-2.jpg\"},{\"@type\":\"BreadcrumbList\",\"@id\":\"https:\\\/\\\/www.article-marketing.eu\\\/comunicatistampa\\\/stefano-venier-snam-insieme-a-eni-nel-primo-progetto-di-ccs-a-ravenna-intervista-allad\\\/#breadcrumb\",\"itemListElement\":[{\"@type\":\"ListItem\",\"position\":1,\"name\":\"Home\",\"item\":\"https:\\\/\\\/www.article-marketing.eu\\\/comunicatistampa\\\/\"},{\"@type\":\"ListItem\",\"position\":2,\"name\":\"Stefano Venier: Snam insieme a Eni nel primo progetto di CCS a Ravenna, intervista all\u2019AD\"}]},{\"@type\":\"WebSite\",\"@id\":\"https:\\\/\\\/www.article-marketing.eu\\\/comunicatistampa\\\/#website\",\"url\":\"https:\\\/\\\/www.article-marketing.eu\\\/comunicatistampa\\\/\",\"name\":\"Article Marketing\",\"description\":\"article marketing &amp; press release\",\"potentialAction\":[{\"@type\":\"SearchAction\",\"target\":{\"@type\":\"EntryPoint\",\"urlTemplate\":\"https:\\\/\\\/www.article-marketing.eu\\\/comunicatistampa\\\/?s={search_term_string}\"},\"query-input\":{\"@type\":\"PropertyValueSpecification\",\"valueRequired\":true,\"valueName\":\"search_term_string\"}}],\"inLanguage\":\"it-IT\"},{\"@type\":\"Person\",\"@id\":\"https:\\\/\\\/www.article-marketing.eu\\\/comunicatistampa\\\/#\\\/schema\\\/person\\\/c7ad72f600617f1bd334a0a835ce7131\",\"name\":\"agencyscweb\",\"image\":{\"@type\":\"ImageObject\",\"inLanguage\":\"it-IT\",\"@id\":\"https:\\\/\\\/secure.gravatar.com\\\/avatar\\\/ef87e6d6407d88323c4057e29f8eaeab72d1edb72d78969fdac60fdc60f38ab5?s=96&d=mm&r=g\",\"url\":\"https:\\\/\\\/secure.gravatar.com\\\/avatar\\\/ef87e6d6407d88323c4057e29f8eaeab72d1edb72d78969fdac60fdc60f38ab5?s=96&d=mm&r=g\",\"contentUrl\":\"https:\\\/\\\/secure.gravatar.com\\\/avatar\\\/ef87e6d6407d88323c4057e29f8eaeab72d1edb72d78969fdac60fdc60f38ab5?s=96&d=mm&r=g\",\"caption\":\"agencyscweb\"},\"url\":\"https:\\\/\\\/www.article-marketing.eu\\\/comunicatistampa\\\/author\\\/agencyscweb\\\/\"}]}<\/script>\n<!-- \/ Yoast SEO plugin. -->","yoast_head_json":{"title":"Stefano Venier: Snam insieme a Eni nel primo progetto di CCS a Ravenna, intervista all\u2019AD","description":"CCS, l\u2019Italia pu\u00f2 giocare un ruolo chiave nel Mediterraneo con il progetto Snam-Eni in sviluppo a Ravenna: il punto dell\u2019AD Stefano Venier","robots":{"index":"index","follow":"follow","max-snippet":"max-snippet:-1","max-image-preview":"max-image-preview:large","max-video-preview":"max-video-preview:-1"},"canonical":"https:\/\/www.article-marketing.eu\/comunicatistampa\/stefano-venier-snam-insieme-a-eni-nel-primo-progetto-di-ccs-a-ravenna-intervista-allad\/","og_locale":"it_IT","og_type":"article","og_title":"Stefano Venier: Snam insieme a Eni nel primo progetto di CCS a Ravenna, intervista all\u2019AD","og_description":"CCS, l\u2019Italia pu\u00f2 giocare un ruolo chiave nel Mediterraneo con il progetto Snam-Eni in sviluppo a Ravenna: il punto dell\u2019AD Stefano Venier","og_url":"https:\/\/www.article-marketing.eu\/comunicatistampa\/stefano-venier-snam-insieme-a-eni-nel-primo-progetto-di-ccs-a-ravenna-intervista-allad\/","og_site_name":"Article Marketing","article_published_time":"2023-09-23T12:47:21+00:00","og_image":[{"url":"https:\/\/www.portaleconomia.net\/wp-content\/uploads\/2023\/09\/stefano-venier-snam-2-2.jpg","type":"","width":"","height":""}],"author":"agencyscweb","twitter_card":"summary_large_image","twitter_misc":{"Scritto da":"agencyscweb","Tempo di lettura stimato":"3 minuti"},"schema":{"@context":"https:\/\/schema.org","@graph":[{"@type":"Article","@id":"https:\/\/www.article-marketing.eu\/comunicatistampa\/stefano-venier-snam-insieme-a-eni-nel-primo-progetto-di-ccs-a-ravenna-intervista-allad\/#article","isPartOf":{"@id":"https:\/\/www.article-marketing.eu\/comunicatistampa\/stefano-venier-snam-insieme-a-eni-nel-primo-progetto-di-ccs-a-ravenna-intervista-allad\/"},"author":{"name":"agencyscweb","@id":"https:\/\/www.article-marketing.eu\/comunicatistampa\/#\/schema\/person\/c7ad72f600617f1bd334a0a835ce7131"},"headline":"Stefano Venier: Snam insieme a Eni nel primo progetto di CCS a Ravenna, intervista all\u2019AD","datePublished":"2023-09-23T12:47:21+00:00","mainEntityOfPage":{"@id":"https:\/\/www.article-marketing.eu\/comunicatistampa\/stefano-venier-snam-insieme-a-eni-nel-primo-progetto-di-ccs-a-ravenna-intervista-allad\/"},"wordCount":490,"commentCount":0,"image":{"@id":"https:\/\/www.article-marketing.eu\/comunicatistampa\/stefano-venier-snam-insieme-a-eni-nel-primo-progetto-di-ccs-a-ravenna-intervista-allad\/#primaryimage"},"thumbnailUrl":"https:\/\/www.portaleconomia.net\/wp-content\/uploads\/2023\/09\/stefano-venier-snam-2-2.jpg","keywords":["Stefano Venier"],"articleSection":["Fonti rinnovabili"],"inLanguage":"it-IT","potentialAction":[{"@type":"CommentAction","name":"Comment","target":["https:\/\/www.article-marketing.eu\/comunicatistampa\/stefano-venier-snam-insieme-a-eni-nel-primo-progetto-di-ccs-a-ravenna-intervista-allad\/#respond"]}]},{"@type":"WebPage","@id":"https:\/\/www.article-marketing.eu\/comunicatistampa\/stefano-venier-snam-insieme-a-eni-nel-primo-progetto-di-ccs-a-ravenna-intervista-allad\/","url":"https:\/\/www.article-marketing.eu\/comunicatistampa\/stefano-venier-snam-insieme-a-eni-nel-primo-progetto-di-ccs-a-ravenna-intervista-allad\/","name":"Stefano Venier: Snam insieme a Eni nel primo progetto di CCS a Ravenna, intervista all\u2019AD","isPartOf":{"@id":"https:\/\/www.article-marketing.eu\/comunicatistampa\/#website"},"primaryImageOfPage":{"@id":"https:\/\/www.article-marketing.eu\/comunicatistampa\/stefano-venier-snam-insieme-a-eni-nel-primo-progetto-di-ccs-a-ravenna-intervista-allad\/#primaryimage"},"image":{"@id":"https:\/\/www.article-marketing.eu\/comunicatistampa\/stefano-venier-snam-insieme-a-eni-nel-primo-progetto-di-ccs-a-ravenna-intervista-allad\/#primaryimage"},"thumbnailUrl":"https:\/\/www.portaleconomia.net\/wp-content\/uploads\/2023\/09\/stefano-venier-snam-2-2.jpg","datePublished":"2023-09-23T12:47:21+00:00","author":{"@id":"https:\/\/www.article-marketing.eu\/comunicatistampa\/#\/schema\/person\/c7ad72f600617f1bd334a0a835ce7131"},"description":"CCS, l\u2019Italia pu\u00f2 giocare un ruolo chiave nel Mediterraneo con il progetto Snam-Eni in sviluppo a Ravenna: il punto dell\u2019AD Stefano Venier","breadcrumb":{"@id":"https:\/\/www.article-marketing.eu\/comunicatistampa\/stefano-venier-snam-insieme-a-eni-nel-primo-progetto-di-ccs-a-ravenna-intervista-allad\/#breadcrumb"},"inLanguage":"it-IT","potentialAction":[{"@type":"ReadAction","target":["https:\/\/www.article-marketing.eu\/comunicatistampa\/stefano-venier-snam-insieme-a-eni-nel-primo-progetto-di-ccs-a-ravenna-intervista-allad\/"]}]},{"@type":"ImageObject","inLanguage":"it-IT","@id":"https:\/\/www.article-marketing.eu\/comunicatistampa\/stefano-venier-snam-insieme-a-eni-nel-primo-progetto-di-ccs-a-ravenna-intervista-allad\/#primaryimage","url":"https:\/\/www.portaleconomia.net\/wp-content\/uploads\/2023\/09\/stefano-venier-snam-2-2.jpg","contentUrl":"https:\/\/www.portaleconomia.net\/wp-content\/uploads\/2023\/09\/stefano-venier-snam-2-2.jpg"},{"@type":"BreadcrumbList","@id":"https:\/\/www.article-marketing.eu\/comunicatistampa\/stefano-venier-snam-insieme-a-eni-nel-primo-progetto-di-ccs-a-ravenna-intervista-allad\/#breadcrumb","itemListElement":[{"@type":"ListItem","position":1,"name":"Home","item":"https:\/\/www.article-marketing.eu\/comunicatistampa\/"},{"@type":"ListItem","position":2,"name":"Stefano Venier: Snam insieme a Eni nel primo progetto di CCS a Ravenna, intervista all\u2019AD"}]},{"@type":"WebSite","@id":"https:\/\/www.article-marketing.eu\/comunicatistampa\/#website","url":"https:\/\/www.article-marketing.eu\/comunicatistampa\/","name":"Article Marketing","description":"article marketing &amp; press release","potentialAction":[{"@type":"SearchAction","target":{"@type":"EntryPoint","urlTemplate":"https:\/\/www.article-marketing.eu\/comunicatistampa\/?s={search_term_string}"},"query-input":{"@type":"PropertyValueSpecification","valueRequired":true,"valueName":"search_term_string"}}],"inLanguage":"it-IT"},{"@type":"Person","@id":"https:\/\/www.article-marketing.eu\/comunicatistampa\/#\/schema\/person\/c7ad72f600617f1bd334a0a835ce7131","name":"agencyscweb","image":{"@type":"ImageObject","inLanguage":"it-IT","@id":"https:\/\/secure.gravatar.com\/avatar\/ef87e6d6407d88323c4057e29f8eaeab72d1edb72d78969fdac60fdc60f38ab5?s=96&d=mm&r=g","url":"https:\/\/secure.gravatar.com\/avatar\/ef87e6d6407d88323c4057e29f8eaeab72d1edb72d78969fdac60fdc60f38ab5?s=96&d=mm&r=g","contentUrl":"https:\/\/secure.gravatar.com\/avatar\/ef87e6d6407d88323c4057e29f8eaeab72d1edb72d78969fdac60fdc60f38ab5?s=96&d=mm&r=g","caption":"agencyscweb"},"url":"https:\/\/www.article-marketing.eu\/comunicatistampa\/author\/agencyscweb\/"}]}},"_links":{"self":[{"href":"https:\/\/www.article-marketing.eu\/comunicatistampa\/wp-json\/wp\/v2\/posts\/28398","targetHints":{"allow":["GET"]}}],"collection":[{"href":"https:\/\/www.article-marketing.eu\/comunicatistampa\/wp-json\/wp\/v2\/posts"}],"about":[{"href":"https:\/\/www.article-marketing.eu\/comunicatistampa\/wp-json\/wp\/v2\/types\/post"}],"author":[{"embeddable":true,"href":"https:\/\/www.article-marketing.eu\/comunicatistampa\/wp-json\/wp\/v2\/users\/7204"}],"replies":[{"embeddable":true,"href":"https:\/\/www.article-marketing.eu\/comunicatistampa\/wp-json\/wp\/v2\/comments?post=28398"}],"version-history":[{"count":2,"href":"https:\/\/www.article-marketing.eu\/comunicatistampa\/wp-json\/wp\/v2\/posts\/28398\/revisions"}],"predecessor-version":[{"id":28404,"href":"https:\/\/www.article-marketing.eu\/comunicatistampa\/wp-json\/wp\/v2\/posts\/28398\/revisions\/28404"}],"wp:attachment":[{"href":"https:\/\/www.article-marketing.eu\/comunicatistampa\/wp-json\/wp\/v2\/media?parent=28398"}],"wp:term":[{"taxonomy":"category","embeddable":true,"href":"https:\/\/www.article-marketing.eu\/comunicatistampa\/wp-json\/wp\/v2\/categories?post=28398"},{"taxonomy":"post_tag","embeddable":true,"href":"https:\/\/www.article-marketing.eu\/comunicatistampa\/wp-json\/wp\/v2\/tags?post=28398"}],"curies":[{"name":"wp","href":"https:\/\/api.w.org\/{rel}","templated":true}]}}