{"id":2843,"date":"2017-05-27T23:12:17","date_gmt":"2017-05-27T21:12:17","guid":{"rendered":"http:\/\/www.article-marketing.eu\/comunicatistampa\/?p=2843"},"modified":"2017-05-27T23:12:17","modified_gmt":"2017-05-27T21:12:17","slug":"lalaska-into-the-wild-nel-nuovo-libro-della-milandri-in-anteprima-nazionale","status":"publish","type":"post","link":"https:\/\/www.article-marketing.eu\/comunicatistampa\/lalaska-into-the-wild-nel-nuovo-libro-della-milandri-in-anteprima-nazionale\/","title":{"rendered":"L\u2019Alaska \u201cinto the wild\u201d nel nuovo libro della Milandri, in anteprima nazionale"},"content":{"rendered":"<p>Il quarto libro di <a href=\"https:\/\/www.facebook.com\/raffaella.milandri\">Raffaella Milandri<\/a> ha un filo comune coi precedenti: la narrazione di un avventuroso viaggio in solitaria, la storia di un popolo indigeno da salvare, in questo caso gli \u201ceschimesi\u201d Inupiaq, e il racconto dell\u2019 incredibile abisso che separa ormai l\u2019uomo \u201cglobalizzato\u201d dalla natura e dalla essenza stessa dell\u2019essere umano.<\/p>\n<p>Dice Raffaella Milandri: \u201cIn realt\u00e0 \u00e8 un libro di protesta, e di riflessione. La parola libert\u00e0 non \u00e8 mai stata cos\u00ec distante dal nostro stile di vita. Siamo inquadrati, catalogati, monitorati. In Alaska ho incontrato persone fantastiche che insegnano che la loro libert\u00e0 ha un prezzo molto salato, come il cercatore d\u2019oro John. \u201c<a href=\"http:\/\/www.librerie.it\/libri\/geografia-e-viaggi\/in-alaska.html\">In Alaska. Il Paese degli Uomini Liberi<\/a>\u201d \u00e8 un libro contro le discriminazioni, contro il consumismo\u201d. Scrive Daniela D\u2019Angelo, la direttrice della collana della casa editrice Ponte Sisto: &#8220;Bellissimo, coinvolgente, un libro dove si spazia dal reportage alla narrativa di viaggio senza rinunciare al motto di spirito. Tra le pagine un messaggio pi\u00f9 ampio e pi\u00f9 alto,\u00a0 che poi \u00e8 quello che ogni viaggio &#8211; compreso il viaggio della lettura &#8211; dovrebbe dare&#8221;. E\u2019 un libro pi\u00f9 intimista dei precedenti della Milandri, che racconta l\u2019avventura di chi vive in un contesto \u201cmoderno\u201d dove non si \u00e8 abituati a usare i cinque sensi per sopravvivere. E\u2019 un viaggio \u201cinto the wild\u201d, nel pericolo della natura, ma anche dentro se stessi. Chiediamo alla Milandri i suoi prossimi progetti. \u201cUltimamente ho dovuto ridurre i viaggi in solitaria, sia per un problema alla spalla, causato dallo zaino troppo pesante, sia per gli impegni a favore di Arquata del Tronto con la Omnibus Omnes, di cui sono presidente. Sto meditando il prossimo viaggio, un ritorno all\u2019Africa, e un nuovo libro sull\u2019anticonsumismo, che \u00e8 un manifesto dell\u2019uomo libero\u2026\u201d<\/p>\n<p><strong>L\u2019autrice<\/strong><\/p>\n<p>Scrittrice, fotografa umanitaria e viaggiatrice in solitaria, Raffaella Milandri, attivista per i diritti umani dei popoli indigeni, \u00e8 membro adottivo della trib\u00f9 Crow, in Montana. E\u2019 presidente fondatrice della Omnibus Omnes Onlus. Dice Raffaella Milandri: &#8220;Viaggiare non vuol dire visitare luoghi, ma percepire l&#8217;animo<\/p>\n<p>dei popoli&#8221;. Come viaggiatrice solitaria \u00e8 stata accolta da trib\u00f9 nei pi\u00f9 remoti angoli di mondo. Si dedica alla scrittura, alla fotografia e ai reportage, intesi come strumento di sensibilizzazione e divulgazione sul tema dei diritti umani e delle problematiche sociali, attraverso campagne di informazione, appelli, petizioni e<\/p>\n<p>conferenze, e diffondendo filmati e interviste su media e social network. Varie le partecipazioni televisive e radiofoniche in Italia, numerosi gli articoli sui suoi viaggi, su quotidiani e riviste. Tra le mete dei suoi viaggi, ricordiamo la Papua Nuova Guinea, l&#8217;Alaska, il deserto del Kalahari, il Tibet, il Kimberly in Australia. Tra i Popoli Indigeni oggetto delle sue campagne per i diritti umani, i Nativi Americani, i Pigmei, i Boscimani, gli Adivasi dell&#8217;Orissa.<\/p>\n<p>Libri pubblicati:<\/p>\n<p><em>Io e i Pigmei. Cronache di una donna nella Foresta<\/em>, Polaris 2011; <em>La mia Trib\u00f9. Storie autentiche di Indiani d&#8217;America<\/em>, Polaris 2013; <em>In India. Cronache per veri viaggiatori, <\/em>Ponte Sisto 2014.<\/p>\n","protected":false},"excerpt":{"rendered":"<p>Il quarto libro di Raffaella Milandri ha un filo comune coi precedenti: la narrazione di un avventuroso viaggio in solitaria, la storia di un popolo indigeno da salvare, in questo caso gli \u201ceschimesi\u201d Inupiaq, e il racconto dell\u2019 incredibile abisso che separa ormai l\u2019uomo \u201cglobalizzato\u201d dalla natura e dalla essenza stessa dell\u2019essere umano. Dice Raffaella Milandri: \u201cIn realt\u00e0 \u00e8 un libro di protesta, e di riflessione. La parola libert\u00e0 non<\/p>\n<p><a class=\"continue-reading\" href=\"https:\/\/www.article-marketing.eu\/comunicatistampa\/lalaska-into-the-wild-nel-nuovo-libro-della-milandri-in-anteprima-nazionale\/\">Continue reading&#8230;<\/a><\/p>\n","protected":false},"author":347,"featured_media":0,"comment_status":"open","ping_status":"open","sticky":false,"template":"","format":"standard","meta":{"_monsterinsights_skip_tracking":false,"_monsterinsights_sitenote_active":false,"_monsterinsights_sitenote_note":"","_monsterinsights_sitenote_category":0,"footnotes":""},"categories":[407,410,346],"tags":[1643,569,1642,1644],"class_list":["post-2843","post","type-post","status-publish","format-standard","hentry","category-arte-e-cultura","category-libri","category-viaggi-e-turismo","tag-alaska","tag-libri","tag-milandri","tag-popoli-indigeni"],"yoast_head":"<!-- This site is optimized with the Yoast SEO plugin v27.3 - https:\/\/yoast.com\/product\/yoast-seo-wordpress\/ -->\n<title>L\u2019Alaska \u201cinto the wild\u201d nel nuovo libro della Milandri, in anteprima nazionale - Article Marketing<\/title>\n<meta name=\"robots\" content=\"index, follow, max-snippet:-1, max-image-preview:large, max-video-preview:-1\" \/>\n<link rel=\"canonical\" href=\"https:\/\/www.article-marketing.eu\/comunicatistampa\/lalaska-into-the-wild-nel-nuovo-libro-della-milandri-in-anteprima-nazionale\/\" \/>\n<meta property=\"og:locale\" content=\"it_IT\" \/>\n<meta property=\"og:type\" content=\"article\" \/>\n<meta property=\"og:title\" content=\"L\u2019Alaska \u201cinto the wild\u201d nel nuovo libro della Milandri, in anteprima nazionale - Article Marketing\" \/>\n<meta property=\"og:description\" content=\"Il quarto libro di Raffaella Milandri ha un filo comune coi precedenti: la narrazione di un avventuroso viaggio in solitaria, la storia di un popolo indigeno da salvare, in questo caso gli \u201ceschimesi\u201d Inupiaq, e il racconto dell\u2019 incredibile abisso che separa ormai l\u2019uomo \u201cglobalizzato\u201d dalla natura e dalla essenza stessa dell\u2019essere umano. Dice Raffaella Milandri: \u201cIn realt\u00e0 \u00e8 un libro di protesta, e di riflessione. La parola libert\u00e0 nonContinue reading...\" \/>\n<meta property=\"og:url\" content=\"https:\/\/www.article-marketing.eu\/comunicatistampa\/lalaska-into-the-wild-nel-nuovo-libro-della-milandri-in-anteprima-nazionale\/\" \/>\n<meta property=\"og:site_name\" content=\"Article Marketing\" \/>\n<meta property=\"article:published_time\" content=\"2017-05-27T21:12:17+00:00\" \/>\n<meta name=\"author\" content=\"europrinters\" \/>\n<meta name=\"twitter:card\" content=\"summary_large_image\" \/>\n<meta name=\"twitter:label1\" content=\"Scritto da\" \/>\n\t<meta name=\"twitter:data1\" content=\"europrinters\" \/>\n\t<meta name=\"twitter:label2\" content=\"Tempo di lettura stimato\" \/>\n\t<meta name=\"twitter:data2\" content=\"2 minuti\" \/>\n<script type=\"application\/ld+json\" class=\"yoast-schema-graph\">{\"@context\":\"https:\\\/\\\/schema.org\",\"@graph\":[{\"@type\":\"Article\",\"@id\":\"https:\\\/\\\/www.article-marketing.eu\\\/comunicatistampa\\\/lalaska-into-the-wild-nel-nuovo-libro-della-milandri-in-anteprima-nazionale\\\/#article\",\"isPartOf\":{\"@id\":\"https:\\\/\\\/www.article-marketing.eu\\\/comunicatistampa\\\/lalaska-into-the-wild-nel-nuovo-libro-della-milandri-in-anteprima-nazionale\\\/\"},\"author\":{\"name\":\"europrinters\",\"@id\":\"https:\\\/\\\/www.article-marketing.eu\\\/comunicatistampa\\\/#\\\/schema\\\/person\\\/1ee704ba6ccd36156c382237113c050d\"},\"headline\":\"L\u2019Alaska \u201cinto the wild\u201d nel nuovo libro della Milandri, in anteprima nazionale\",\"datePublished\":\"2017-05-27T21:12:17+00:00\",\"mainEntityOfPage\":{\"@id\":\"https:\\\/\\\/www.article-marketing.eu\\\/comunicatistampa\\\/lalaska-into-the-wild-nel-nuovo-libro-della-milandri-in-anteprima-nazionale\\\/\"},\"wordCount\":498,\"commentCount\":0,\"keywords\":[\"alaska\",\"Libri\",\"milandri\",\"popoli indigeni\"],\"articleSection\":[\"Arte e cultura\",\"Libri\",\"Viaggi e turismo\"],\"inLanguage\":\"it-IT\",\"potentialAction\":[{\"@type\":\"CommentAction\",\"name\":\"Comment\",\"target\":[\"https:\\\/\\\/www.article-marketing.eu\\\/comunicatistampa\\\/lalaska-into-the-wild-nel-nuovo-libro-della-milandri-in-anteprima-nazionale\\\/#respond\"]}]},{\"@type\":\"WebPage\",\"@id\":\"https:\\\/\\\/www.article-marketing.eu\\\/comunicatistampa\\\/lalaska-into-the-wild-nel-nuovo-libro-della-milandri-in-anteprima-nazionale\\\/\",\"url\":\"https:\\\/\\\/www.article-marketing.eu\\\/comunicatistampa\\\/lalaska-into-the-wild-nel-nuovo-libro-della-milandri-in-anteprima-nazionale\\\/\",\"name\":\"L\u2019Alaska \u201cinto the wild\u201d nel nuovo libro della Milandri, in anteprima nazionale - Article Marketing\",\"isPartOf\":{\"@id\":\"https:\\\/\\\/www.article-marketing.eu\\\/comunicatistampa\\\/#website\"},\"datePublished\":\"2017-05-27T21:12:17+00:00\",\"author\":{\"@id\":\"https:\\\/\\\/www.article-marketing.eu\\\/comunicatistampa\\\/#\\\/schema\\\/person\\\/1ee704ba6ccd36156c382237113c050d\"},\"breadcrumb\":{\"@id\":\"https:\\\/\\\/www.article-marketing.eu\\\/comunicatistampa\\\/lalaska-into-the-wild-nel-nuovo-libro-della-milandri-in-anteprima-nazionale\\\/#breadcrumb\"},\"inLanguage\":\"it-IT\",\"potentialAction\":[{\"@type\":\"ReadAction\",\"target\":[\"https:\\\/\\\/www.article-marketing.eu\\\/comunicatistampa\\\/lalaska-into-the-wild-nel-nuovo-libro-della-milandri-in-anteprima-nazionale\\\/\"]}]},{\"@type\":\"BreadcrumbList\",\"@id\":\"https:\\\/\\\/www.article-marketing.eu\\\/comunicatistampa\\\/lalaska-into-the-wild-nel-nuovo-libro-della-milandri-in-anteprima-nazionale\\\/#breadcrumb\",\"itemListElement\":[{\"@type\":\"ListItem\",\"position\":1,\"name\":\"Home\",\"item\":\"https:\\\/\\\/www.article-marketing.eu\\\/comunicatistampa\\\/\"},{\"@type\":\"ListItem\",\"position\":2,\"name\":\"L\u2019Alaska \u201cinto the wild\u201d nel nuovo libro della Milandri, in anteprima nazionale\"}]},{\"@type\":\"WebSite\",\"@id\":\"https:\\\/\\\/www.article-marketing.eu\\\/comunicatistampa\\\/#website\",\"url\":\"https:\\\/\\\/www.article-marketing.eu\\\/comunicatistampa\\\/\",\"name\":\"Article Marketing\",\"description\":\"article marketing &amp; press release\",\"potentialAction\":[{\"@type\":\"SearchAction\",\"target\":{\"@type\":\"EntryPoint\",\"urlTemplate\":\"https:\\\/\\\/www.article-marketing.eu\\\/comunicatistampa\\\/?s={search_term_string}\"},\"query-input\":{\"@type\":\"PropertyValueSpecification\",\"valueRequired\":true,\"valueName\":\"search_term_string\"}}],\"inLanguage\":\"it-IT\"},{\"@type\":\"Person\",\"@id\":\"https:\\\/\\\/www.article-marketing.eu\\\/comunicatistampa\\\/#\\\/schema\\\/person\\\/1ee704ba6ccd36156c382237113c050d\",\"name\":\"europrinters\",\"image\":{\"@type\":\"ImageObject\",\"inLanguage\":\"it-IT\",\"@id\":\"https:\\\/\\\/secure.gravatar.com\\\/avatar\\\/03b3a8947654550924af096db894c088aff5351ddb3f1972a9be0896e7bdd16d?s=96&d=mm&r=g\",\"url\":\"https:\\\/\\\/secure.gravatar.com\\\/avatar\\\/03b3a8947654550924af096db894c088aff5351ddb3f1972a9be0896e7bdd16d?s=96&d=mm&r=g\",\"contentUrl\":\"https:\\\/\\\/secure.gravatar.com\\\/avatar\\\/03b3a8947654550924af096db894c088aff5351ddb3f1972a9be0896e7bdd16d?s=96&d=mm&r=g\",\"caption\":\"europrinters\"},\"url\":\"https:\\\/\\\/www.article-marketing.eu\\\/comunicatistampa\\\/author\\\/europrinters\\\/\"}]}<\/script>\n<!-- \/ Yoast SEO plugin. -->","yoast_head_json":{"title":"L\u2019Alaska \u201cinto the wild\u201d nel nuovo libro della Milandri, in anteprima nazionale - Article Marketing","robots":{"index":"index","follow":"follow","max-snippet":"max-snippet:-1","max-image-preview":"max-image-preview:large","max-video-preview":"max-video-preview:-1"},"canonical":"https:\/\/www.article-marketing.eu\/comunicatistampa\/lalaska-into-the-wild-nel-nuovo-libro-della-milandri-in-anteprima-nazionale\/","og_locale":"it_IT","og_type":"article","og_title":"L\u2019Alaska \u201cinto the wild\u201d nel nuovo libro della Milandri, in anteprima nazionale - Article Marketing","og_description":"Il quarto libro di Raffaella Milandri ha un filo comune coi precedenti: la narrazione di un avventuroso viaggio in solitaria, la storia di un popolo indigeno da salvare, in questo caso gli \u201ceschimesi\u201d Inupiaq, e il racconto dell\u2019 incredibile abisso che separa ormai l\u2019uomo \u201cglobalizzato\u201d dalla natura e dalla essenza stessa dell\u2019essere umano. Dice Raffaella Milandri: \u201cIn realt\u00e0 \u00e8 un libro di protesta, e di riflessione. La parola libert\u00e0 nonContinue reading...","og_url":"https:\/\/www.article-marketing.eu\/comunicatistampa\/lalaska-into-the-wild-nel-nuovo-libro-della-milandri-in-anteprima-nazionale\/","og_site_name":"Article Marketing","article_published_time":"2017-05-27T21:12:17+00:00","author":"europrinters","twitter_card":"summary_large_image","twitter_misc":{"Scritto da":"europrinters","Tempo di lettura stimato":"2 minuti"},"schema":{"@context":"https:\/\/schema.org","@graph":[{"@type":"Article","@id":"https:\/\/www.article-marketing.eu\/comunicatistampa\/lalaska-into-the-wild-nel-nuovo-libro-della-milandri-in-anteprima-nazionale\/#article","isPartOf":{"@id":"https:\/\/www.article-marketing.eu\/comunicatistampa\/lalaska-into-the-wild-nel-nuovo-libro-della-milandri-in-anteprima-nazionale\/"},"author":{"name":"europrinters","@id":"https:\/\/www.article-marketing.eu\/comunicatistampa\/#\/schema\/person\/1ee704ba6ccd36156c382237113c050d"},"headline":"L\u2019Alaska \u201cinto the wild\u201d nel nuovo libro della Milandri, in anteprima nazionale","datePublished":"2017-05-27T21:12:17+00:00","mainEntityOfPage":{"@id":"https:\/\/www.article-marketing.eu\/comunicatistampa\/lalaska-into-the-wild-nel-nuovo-libro-della-milandri-in-anteprima-nazionale\/"},"wordCount":498,"commentCount":0,"keywords":["alaska","Libri","milandri","popoli indigeni"],"articleSection":["Arte e cultura","Libri","Viaggi e turismo"],"inLanguage":"it-IT","potentialAction":[{"@type":"CommentAction","name":"Comment","target":["https:\/\/www.article-marketing.eu\/comunicatistampa\/lalaska-into-the-wild-nel-nuovo-libro-della-milandri-in-anteprima-nazionale\/#respond"]}]},{"@type":"WebPage","@id":"https:\/\/www.article-marketing.eu\/comunicatistampa\/lalaska-into-the-wild-nel-nuovo-libro-della-milandri-in-anteprima-nazionale\/","url":"https:\/\/www.article-marketing.eu\/comunicatistampa\/lalaska-into-the-wild-nel-nuovo-libro-della-milandri-in-anteprima-nazionale\/","name":"L\u2019Alaska \u201cinto the wild\u201d nel nuovo libro della Milandri, in anteprima nazionale - Article Marketing","isPartOf":{"@id":"https:\/\/www.article-marketing.eu\/comunicatistampa\/#website"},"datePublished":"2017-05-27T21:12:17+00:00","author":{"@id":"https:\/\/www.article-marketing.eu\/comunicatistampa\/#\/schema\/person\/1ee704ba6ccd36156c382237113c050d"},"breadcrumb":{"@id":"https:\/\/www.article-marketing.eu\/comunicatistampa\/lalaska-into-the-wild-nel-nuovo-libro-della-milandri-in-anteprima-nazionale\/#breadcrumb"},"inLanguage":"it-IT","potentialAction":[{"@type":"ReadAction","target":["https:\/\/www.article-marketing.eu\/comunicatistampa\/lalaska-into-the-wild-nel-nuovo-libro-della-milandri-in-anteprima-nazionale\/"]}]},{"@type":"BreadcrumbList","@id":"https:\/\/www.article-marketing.eu\/comunicatistampa\/lalaska-into-the-wild-nel-nuovo-libro-della-milandri-in-anteprima-nazionale\/#breadcrumb","itemListElement":[{"@type":"ListItem","position":1,"name":"Home","item":"https:\/\/www.article-marketing.eu\/comunicatistampa\/"},{"@type":"ListItem","position":2,"name":"L\u2019Alaska \u201cinto the wild\u201d nel nuovo libro della Milandri, in anteprima nazionale"}]},{"@type":"WebSite","@id":"https:\/\/www.article-marketing.eu\/comunicatistampa\/#website","url":"https:\/\/www.article-marketing.eu\/comunicatistampa\/","name":"Article Marketing","description":"article marketing &amp; press release","potentialAction":[{"@type":"SearchAction","target":{"@type":"EntryPoint","urlTemplate":"https:\/\/www.article-marketing.eu\/comunicatistampa\/?s={search_term_string}"},"query-input":{"@type":"PropertyValueSpecification","valueRequired":true,"valueName":"search_term_string"}}],"inLanguage":"it-IT"},{"@type":"Person","@id":"https:\/\/www.article-marketing.eu\/comunicatistampa\/#\/schema\/person\/1ee704ba6ccd36156c382237113c050d","name":"europrinters","image":{"@type":"ImageObject","inLanguage":"it-IT","@id":"https:\/\/secure.gravatar.com\/avatar\/03b3a8947654550924af096db894c088aff5351ddb3f1972a9be0896e7bdd16d?s=96&d=mm&r=g","url":"https:\/\/secure.gravatar.com\/avatar\/03b3a8947654550924af096db894c088aff5351ddb3f1972a9be0896e7bdd16d?s=96&d=mm&r=g","contentUrl":"https:\/\/secure.gravatar.com\/avatar\/03b3a8947654550924af096db894c088aff5351ddb3f1972a9be0896e7bdd16d?s=96&d=mm&r=g","caption":"europrinters"},"url":"https:\/\/www.article-marketing.eu\/comunicatistampa\/author\/europrinters\/"}]}},"_links":{"self":[{"href":"https:\/\/www.article-marketing.eu\/comunicatistampa\/wp-json\/wp\/v2\/posts\/2843","targetHints":{"allow":["GET"]}}],"collection":[{"href":"https:\/\/www.article-marketing.eu\/comunicatistampa\/wp-json\/wp\/v2\/posts"}],"about":[{"href":"https:\/\/www.article-marketing.eu\/comunicatistampa\/wp-json\/wp\/v2\/types\/post"}],"author":[{"embeddable":true,"href":"https:\/\/www.article-marketing.eu\/comunicatistampa\/wp-json\/wp\/v2\/users\/347"}],"replies":[{"embeddable":true,"href":"https:\/\/www.article-marketing.eu\/comunicatistampa\/wp-json\/wp\/v2\/comments?post=2843"}],"version-history":[{"count":2,"href":"https:\/\/www.article-marketing.eu\/comunicatistampa\/wp-json\/wp\/v2\/posts\/2843\/revisions"}],"predecessor-version":[{"id":2850,"href":"https:\/\/www.article-marketing.eu\/comunicatistampa\/wp-json\/wp\/v2\/posts\/2843\/revisions\/2850"}],"wp:attachment":[{"href":"https:\/\/www.article-marketing.eu\/comunicatistampa\/wp-json\/wp\/v2\/media?parent=2843"}],"wp:term":[{"taxonomy":"category","embeddable":true,"href":"https:\/\/www.article-marketing.eu\/comunicatistampa\/wp-json\/wp\/v2\/categories?post=2843"},{"taxonomy":"post_tag","embeddable":true,"href":"https:\/\/www.article-marketing.eu\/comunicatistampa\/wp-json\/wp\/v2\/tags?post=2843"}],"curies":[{"name":"wp","href":"https:\/\/api.w.org\/{rel}","templated":true}]}}