{"id":28445,"date":"2023-10-05T11:37:34","date_gmt":"2023-10-05T09:37:34","guid":{"rendered":"https:\/\/www.article-marketing.eu\/comunicatistampa\/?p=28445"},"modified":"2023-10-05T11:37:34","modified_gmt":"2023-10-05T09:37:34","slug":"lintervento-del-presidente-di-iren-luca-dal-fabbro-al-senato-sui-materiali-rari","status":"publish","type":"post","link":"https:\/\/www.article-marketing.eu\/comunicatistampa\/lintervento-del-presidente-di-iren-luca-dal-fabbro-al-senato-sui-materiali-rari\/","title":{"rendered":"L\u2019intervento del Presidente di Iren Luca Dal Fabbro al Senato sui materiali rari"},"content":{"rendered":"<p><em><strong>Il Presidente di Iren <a title=\"Luca Dal Fabbro, la carriera\" href=\"https:\/\/businessschool.luiss.it\/faculty-research\/faculty-index\/adjunct-faculty\/dal-fabbro-luca\/\">Luca Dal Fabbro<\/a> \u00e8 intervenuto in Commissione Industria al Senato per parlare di materiali rari, tema del quale la multiutility si occupa gi\u00e0 da tempo.<\/strong><\/em><\/p>\n<p><a title=\"Luca Dal Fabbro: il profilo \" href=\"https:\/\/businessschool.luiss.it\/faculty-research\/faculty-index\/adjunct-faculty\/dal-fabbro-luca\/\"><em><strong><img loading=\"lazy\" decoding=\"async\" src=\"https:\/\/www.lucadalfabbro.it\/wp-content\/themes\/luca-dalfabbro\/assets\/imgs\/header_luca_dal_fabbro.jpg\" alt=\"Luca Dal Fabbro\" width=\"225\" height=\"150\" \/><\/strong><\/em><\/a><\/p>\n<h2>Luca Dal Fabbro: il riciclo \u00e8 essenziale per il recupero delle materie prime<\/h2>\n<p>Iren \u00e8 stata tra le prime multiutility ad interessarsi al tema dei materiali rari. A ricordarlo \u00e8 stato il Presidente di Iren Luca Dal Fabbro, chiamato ad intervenire al Senato in Commissione Industria. \u201c<em>Le materie critiche sono 34, quelle strategiche 16. Per quanto riguarda l\u2019industria italiana, dagli studi che abbiamo fatto, emerge che ce ne sono 4-5 che sono pivotali<\/em>\u201d, ha evidenziato il Presidente, riportando i dati dello studio realizzato in collaborazione con Ambrosetti e presentato lo scorso maggio. \u201c<em>L\u2019aspetto importante \u00e8 che il potenziale del riciclo \u00e8 essenziale per recuperare quanto possibile<\/em>\u201d, ha sottolineato Luca Dal Fabbro, rimarcando inoltre che \u201c<em>oggi l\u2019Italia manca della capacit\u00e0 impiantistica quasi totalmente per poter estrarre materie prime strategiche<\/em>\u201d. Attualmente, oltre il 90% di materie recuperate dai Raee (i rifiuti da apparecchiature elettriche ed elettroniche) viene esportato. Questo significa che nel nostro Paese ci si ferma al disassemblaggio anzich\u00e9 proseguire con la ri-estrazione. In Italia, la raccolta Raee \u00e8 anche inferiore rispetto alla media europea: si parla di 34% contro 47%.<\/p>\n<h2>Luca Dal Fabbro: necessari interventi su end of waste e autorizzazioni<\/h2>\n<p>Il Presidente di Iren, che nel frattempo sta investendo su alcuni impianti specializzati nel recupero di materiali rari mediante idrometallurgia e AI ad Arezzo e in Piemonte, ha messo in evidenza quali sono le principali criticit\u00e0. La prima \u00e8 da individuare nelle tempistiche autorizzative estremamente lunghe. \u201c<em>Ci vogliono in media 4, 5 anni per autorizzare un impianto, dove il 60% del tempo \u00e8 assorbito dall\u2019iter autorizzativo<\/em>\u201d, ha puntualizzato <a title=\"Il profilo professionale di Luca Dal Fabbro\" href=\"https:\/\/businessschool.luiss.it\/faculty-research\/faculty-index\/adjunct-faculty\/dal-fabbro-luca\/\"><strong>Luca Dal Fabbro<\/strong><\/a>. C\u2019\u00e8 poi il discorso relativo alla qualifica dell\u2019end of waste. \u201c<em>Spesso mancano specifiche norme che lo caratterizzano, cio\u00e8 cosa fare del prodotto lavorato<\/em>\u201d, ha fatto notare il Presidente di Iren, aggiungendo che sarebbe utile prevedere incentivi dei sistemi di raccolta e sostenere la ricerca. Infine, sono ovviamente necessarie le giuste risorse. \u201c<em>Per quanta richiesta c\u2019\u00e8, il progetto Faro per il recupero dei Raee ha visto stanziati 150 milioni e richieste per 500<\/em>\u201d, ha evidenziato Luca Dal Fabbro, prima di mettere in luce il problema della dismissione dei pannelli fotovoltaici, \u201c<em>ricchi di materie prime<\/em>\u201d, cha a breve si dovr\u00e0 affrontare. \u201c<em>Nei prossimi 10 anni, il fabbisogno raddoppier\u00e0 ogni anno per diventare una delle crisi maggiori<\/em>\u201d, ha avvertito.<\/p>\n","protected":false},"excerpt":{"rendered":"<p>Il Presidente di Iren Luca Dal Fabbro \u00e8 intervenuto in Commissione Industria al Senato per parlare di materiali rari, tema del quale la multiutility si occupa gi\u00e0 da tempo. Luca Dal Fabbro: il riciclo \u00e8 essenziale per il recupero delle materie prime Iren \u00e8 stata tra le prime multiutility ad interessarsi al tema dei materiali rari. A ricordarlo \u00e8 stato il Presidente di Iren Luca Dal Fabbro, chiamato ad intervenire<\/p>\n<p><a class=\"continue-reading\" href=\"https:\/\/www.article-marketing.eu\/comunicatistampa\/lintervento-del-presidente-di-iren-luca-dal-fabbro-al-senato-sui-materiali-rari\/\">Continue reading&#8230;<\/a><\/p>\n","protected":false},"author":6477,"featured_media":0,"comment_status":"open","ping_status":"open","sticky":false,"template":"","format":"standard","meta":{"_monsterinsights_skip_tracking":false,"_monsterinsights_sitenote_active":false,"_monsterinsights_sitenote_note":"","_monsterinsights_sitenote_category":0,"footnotes":""},"categories":[390],"tags":[10361],"class_list":["post-28445","post","type-post","status-publish","format-standard","hentry","category-professionisti","tag-luca-dal-fabbro"],"yoast_head":"<!-- This site is optimized with the Yoast SEO plugin v27.3 - https:\/\/yoast.com\/product\/yoast-seo-wordpress\/ -->\n<title>L\u2019intervento del Presidente di Iren Luca Dal Fabbro al Senato sui materiali rari<\/title>\n<meta name=\"description\" content=\"Luca Dal Fabbro (Iren) in Commissione Industria al Senato: \u201cDobbiamo concentrarci sulle nostre priorit\u00e0 e sulla filiera industriale del Paese\u201d.\" \/>\n<meta name=\"robots\" content=\"index, follow, max-snippet:-1, max-image-preview:large, max-video-preview:-1\" \/>\n<link rel=\"canonical\" href=\"https:\/\/www.article-marketing.eu\/comunicatistampa\/lintervento-del-presidente-di-iren-luca-dal-fabbro-al-senato-sui-materiali-rari\/\" \/>\n<meta property=\"og:locale\" content=\"it_IT\" \/>\n<meta property=\"og:type\" content=\"article\" \/>\n<meta property=\"og:title\" content=\"L\u2019intervento del Presidente di Iren Luca Dal Fabbro al Senato sui materiali rari\" \/>\n<meta property=\"og:description\" content=\"Luca Dal Fabbro (Iren) in Commissione Industria al Senato: \u201cDobbiamo concentrarci sulle nostre priorit\u00e0 e sulla filiera industriale del Paese\u201d.\" \/>\n<meta property=\"og:url\" content=\"https:\/\/www.article-marketing.eu\/comunicatistampa\/lintervento-del-presidente-di-iren-luca-dal-fabbro-al-senato-sui-materiali-rari\/\" \/>\n<meta property=\"og:site_name\" content=\"Article Marketing\" \/>\n<meta property=\"article:published_time\" content=\"2023-10-05T09:37:34+00:00\" \/>\n<meta property=\"og:image\" content=\"https:\/\/www.lucadalfabbro.it\/wp-content\/themes\/luca-dalfabbro\/assets\/imgs\/header_luca_dal_fabbro.jpg\" \/>\n<meta name=\"author\" content=\"articolinews\" \/>\n<meta name=\"twitter:card\" content=\"summary_large_image\" \/>\n<meta name=\"twitter:label1\" content=\"Scritto da\" \/>\n\t<meta name=\"twitter:data1\" content=\"articolinews\" \/>\n\t<meta name=\"twitter:label2\" content=\"Tempo di lettura stimato\" \/>\n\t<meta name=\"twitter:data2\" content=\"3 minuti\" \/>\n<script type=\"application\/ld+json\" class=\"yoast-schema-graph\">{\"@context\":\"https:\\\/\\\/schema.org\",\"@graph\":[{\"@type\":\"Article\",\"@id\":\"https:\\\/\\\/www.article-marketing.eu\\\/comunicatistampa\\\/lintervento-del-presidente-di-iren-luca-dal-fabbro-al-senato-sui-materiali-rari\\\/#article\",\"isPartOf\":{\"@id\":\"https:\\\/\\\/www.article-marketing.eu\\\/comunicatistampa\\\/lintervento-del-presidente-di-iren-luca-dal-fabbro-al-senato-sui-materiali-rari\\\/\"},\"author\":{\"name\":\"articolinews\",\"@id\":\"https:\\\/\\\/www.article-marketing.eu\\\/comunicatistampa\\\/#\\\/schema\\\/person\\\/2fcaf8f8f3a9eef9eb7f27532d3ca458\"},\"headline\":\"L\u2019intervento del Presidente di Iren Luca Dal Fabbro al Senato sui materiali rari\",\"datePublished\":\"2023-10-05T09:37:34+00:00\",\"mainEntityOfPage\":{\"@id\":\"https:\\\/\\\/www.article-marketing.eu\\\/comunicatistampa\\\/lintervento-del-presidente-di-iren-luca-dal-fabbro-al-senato-sui-materiali-rari\\\/\"},\"wordCount\":406,\"commentCount\":0,\"image\":{\"@id\":\"https:\\\/\\\/www.article-marketing.eu\\\/comunicatistampa\\\/lintervento-del-presidente-di-iren-luca-dal-fabbro-al-senato-sui-materiali-rari\\\/#primaryimage\"},\"thumbnailUrl\":\"https:\\\/\\\/www.lucadalfabbro.it\\\/wp-content\\\/themes\\\/luca-dalfabbro\\\/assets\\\/imgs\\\/header_luca_dal_fabbro.jpg\",\"keywords\":[\"Luca Dal Fabbro\"],\"articleSection\":[\"Professionisti\"],\"inLanguage\":\"it-IT\",\"potentialAction\":[{\"@type\":\"CommentAction\",\"name\":\"Comment\",\"target\":[\"https:\\\/\\\/www.article-marketing.eu\\\/comunicatistampa\\\/lintervento-del-presidente-di-iren-luca-dal-fabbro-al-senato-sui-materiali-rari\\\/#respond\"]}]},{\"@type\":\"WebPage\",\"@id\":\"https:\\\/\\\/www.article-marketing.eu\\\/comunicatistampa\\\/lintervento-del-presidente-di-iren-luca-dal-fabbro-al-senato-sui-materiali-rari\\\/\",\"url\":\"https:\\\/\\\/www.article-marketing.eu\\\/comunicatistampa\\\/lintervento-del-presidente-di-iren-luca-dal-fabbro-al-senato-sui-materiali-rari\\\/\",\"name\":\"L\u2019intervento del Presidente di Iren Luca Dal Fabbro al Senato sui materiali rari\",\"isPartOf\":{\"@id\":\"https:\\\/\\\/www.article-marketing.eu\\\/comunicatistampa\\\/#website\"},\"primaryImageOfPage\":{\"@id\":\"https:\\\/\\\/www.article-marketing.eu\\\/comunicatistampa\\\/lintervento-del-presidente-di-iren-luca-dal-fabbro-al-senato-sui-materiali-rari\\\/#primaryimage\"},\"image\":{\"@id\":\"https:\\\/\\\/www.article-marketing.eu\\\/comunicatistampa\\\/lintervento-del-presidente-di-iren-luca-dal-fabbro-al-senato-sui-materiali-rari\\\/#primaryimage\"},\"thumbnailUrl\":\"https:\\\/\\\/www.lucadalfabbro.it\\\/wp-content\\\/themes\\\/luca-dalfabbro\\\/assets\\\/imgs\\\/header_luca_dal_fabbro.jpg\",\"datePublished\":\"2023-10-05T09:37:34+00:00\",\"author\":{\"@id\":\"https:\\\/\\\/www.article-marketing.eu\\\/comunicatistampa\\\/#\\\/schema\\\/person\\\/2fcaf8f8f3a9eef9eb7f27532d3ca458\"},\"description\":\"Luca Dal Fabbro (Iren) in Commissione Industria al Senato: \u201cDobbiamo concentrarci sulle nostre priorit\u00e0 e sulla filiera industriale del Paese\u201d.\",\"breadcrumb\":{\"@id\":\"https:\\\/\\\/www.article-marketing.eu\\\/comunicatistampa\\\/lintervento-del-presidente-di-iren-luca-dal-fabbro-al-senato-sui-materiali-rari\\\/#breadcrumb\"},\"inLanguage\":\"it-IT\",\"potentialAction\":[{\"@type\":\"ReadAction\",\"target\":[\"https:\\\/\\\/www.article-marketing.eu\\\/comunicatistampa\\\/lintervento-del-presidente-di-iren-luca-dal-fabbro-al-senato-sui-materiali-rari\\\/\"]}]},{\"@type\":\"ImageObject\",\"inLanguage\":\"it-IT\",\"@id\":\"https:\\\/\\\/www.article-marketing.eu\\\/comunicatistampa\\\/lintervento-del-presidente-di-iren-luca-dal-fabbro-al-senato-sui-materiali-rari\\\/#primaryimage\",\"url\":\"https:\\\/\\\/www.lucadalfabbro.it\\\/wp-content\\\/themes\\\/luca-dalfabbro\\\/assets\\\/imgs\\\/header_luca_dal_fabbro.jpg\",\"contentUrl\":\"https:\\\/\\\/www.lucadalfabbro.it\\\/wp-content\\\/themes\\\/luca-dalfabbro\\\/assets\\\/imgs\\\/header_luca_dal_fabbro.jpg\"},{\"@type\":\"BreadcrumbList\",\"@id\":\"https:\\\/\\\/www.article-marketing.eu\\\/comunicatistampa\\\/lintervento-del-presidente-di-iren-luca-dal-fabbro-al-senato-sui-materiali-rari\\\/#breadcrumb\",\"itemListElement\":[{\"@type\":\"ListItem\",\"position\":1,\"name\":\"Home\",\"item\":\"https:\\\/\\\/www.article-marketing.eu\\\/comunicatistampa\\\/\"},{\"@type\":\"ListItem\",\"position\":2,\"name\":\"L\u2019intervento del Presidente di Iren Luca Dal Fabbro al Senato sui materiali rari\"}]},{\"@type\":\"WebSite\",\"@id\":\"https:\\\/\\\/www.article-marketing.eu\\\/comunicatistampa\\\/#website\",\"url\":\"https:\\\/\\\/www.article-marketing.eu\\\/comunicatistampa\\\/\",\"name\":\"Article Marketing\",\"description\":\"article marketing &amp; press release\",\"potentialAction\":[{\"@type\":\"SearchAction\",\"target\":{\"@type\":\"EntryPoint\",\"urlTemplate\":\"https:\\\/\\\/www.article-marketing.eu\\\/comunicatistampa\\\/?s={search_term_string}\"},\"query-input\":{\"@type\":\"PropertyValueSpecification\",\"valueRequired\":true,\"valueName\":\"search_term_string\"}}],\"inLanguage\":\"it-IT\"},{\"@type\":\"Person\",\"@id\":\"https:\\\/\\\/www.article-marketing.eu\\\/comunicatistampa\\\/#\\\/schema\\\/person\\\/2fcaf8f8f3a9eef9eb7f27532d3ca458\",\"name\":\"articolinews\",\"image\":{\"@type\":\"ImageObject\",\"inLanguage\":\"it-IT\",\"@id\":\"https:\\\/\\\/secure.gravatar.com\\\/avatar\\\/9e2a264bab04e17dea24d937c9956304649a848cb73c46747a692ff1bdeb1cb7?s=96&d=mm&r=g\",\"url\":\"https:\\\/\\\/secure.gravatar.com\\\/avatar\\\/9e2a264bab04e17dea24d937c9956304649a848cb73c46747a692ff1bdeb1cb7?s=96&d=mm&r=g\",\"contentUrl\":\"https:\\\/\\\/secure.gravatar.com\\\/avatar\\\/9e2a264bab04e17dea24d937c9956304649a848cb73c46747a692ff1bdeb1cb7?s=96&d=mm&r=g\",\"caption\":\"articolinews\"},\"url\":\"https:\\\/\\\/www.article-marketing.eu\\\/comunicatistampa\\\/author\\\/articolinews\\\/\"}]}<\/script>\n<!-- \/ Yoast SEO plugin. -->","yoast_head_json":{"title":"L\u2019intervento del Presidente di Iren Luca Dal Fabbro al Senato sui materiali rari","description":"Luca Dal Fabbro (Iren) in Commissione Industria al Senato: \u201cDobbiamo concentrarci sulle nostre priorit\u00e0 e sulla filiera industriale del Paese\u201d.","robots":{"index":"index","follow":"follow","max-snippet":"max-snippet:-1","max-image-preview":"max-image-preview:large","max-video-preview":"max-video-preview:-1"},"canonical":"https:\/\/www.article-marketing.eu\/comunicatistampa\/lintervento-del-presidente-di-iren-luca-dal-fabbro-al-senato-sui-materiali-rari\/","og_locale":"it_IT","og_type":"article","og_title":"L\u2019intervento del Presidente di Iren Luca Dal Fabbro al Senato sui materiali rari","og_description":"Luca Dal Fabbro (Iren) in Commissione Industria al Senato: \u201cDobbiamo concentrarci sulle nostre priorit\u00e0 e sulla filiera industriale del Paese\u201d.","og_url":"https:\/\/www.article-marketing.eu\/comunicatistampa\/lintervento-del-presidente-di-iren-luca-dal-fabbro-al-senato-sui-materiali-rari\/","og_site_name":"Article Marketing","article_published_time":"2023-10-05T09:37:34+00:00","og_image":[{"url":"https:\/\/www.lucadalfabbro.it\/wp-content\/themes\/luca-dalfabbro\/assets\/imgs\/header_luca_dal_fabbro.jpg","type":"","width":"","height":""}],"author":"articolinews","twitter_card":"summary_large_image","twitter_misc":{"Scritto da":"articolinews","Tempo di lettura stimato":"3 minuti"},"schema":{"@context":"https:\/\/schema.org","@graph":[{"@type":"Article","@id":"https:\/\/www.article-marketing.eu\/comunicatistampa\/lintervento-del-presidente-di-iren-luca-dal-fabbro-al-senato-sui-materiali-rari\/#article","isPartOf":{"@id":"https:\/\/www.article-marketing.eu\/comunicatistampa\/lintervento-del-presidente-di-iren-luca-dal-fabbro-al-senato-sui-materiali-rari\/"},"author":{"name":"articolinews","@id":"https:\/\/www.article-marketing.eu\/comunicatistampa\/#\/schema\/person\/2fcaf8f8f3a9eef9eb7f27532d3ca458"},"headline":"L\u2019intervento del Presidente di Iren Luca Dal Fabbro al Senato sui materiali rari","datePublished":"2023-10-05T09:37:34+00:00","mainEntityOfPage":{"@id":"https:\/\/www.article-marketing.eu\/comunicatistampa\/lintervento-del-presidente-di-iren-luca-dal-fabbro-al-senato-sui-materiali-rari\/"},"wordCount":406,"commentCount":0,"image":{"@id":"https:\/\/www.article-marketing.eu\/comunicatistampa\/lintervento-del-presidente-di-iren-luca-dal-fabbro-al-senato-sui-materiali-rari\/#primaryimage"},"thumbnailUrl":"https:\/\/www.lucadalfabbro.it\/wp-content\/themes\/luca-dalfabbro\/assets\/imgs\/header_luca_dal_fabbro.jpg","keywords":["Luca Dal Fabbro"],"articleSection":["Professionisti"],"inLanguage":"it-IT","potentialAction":[{"@type":"CommentAction","name":"Comment","target":["https:\/\/www.article-marketing.eu\/comunicatistampa\/lintervento-del-presidente-di-iren-luca-dal-fabbro-al-senato-sui-materiali-rari\/#respond"]}]},{"@type":"WebPage","@id":"https:\/\/www.article-marketing.eu\/comunicatistampa\/lintervento-del-presidente-di-iren-luca-dal-fabbro-al-senato-sui-materiali-rari\/","url":"https:\/\/www.article-marketing.eu\/comunicatistampa\/lintervento-del-presidente-di-iren-luca-dal-fabbro-al-senato-sui-materiali-rari\/","name":"L\u2019intervento del Presidente di Iren Luca Dal Fabbro al Senato sui materiali rari","isPartOf":{"@id":"https:\/\/www.article-marketing.eu\/comunicatistampa\/#website"},"primaryImageOfPage":{"@id":"https:\/\/www.article-marketing.eu\/comunicatistampa\/lintervento-del-presidente-di-iren-luca-dal-fabbro-al-senato-sui-materiali-rari\/#primaryimage"},"image":{"@id":"https:\/\/www.article-marketing.eu\/comunicatistampa\/lintervento-del-presidente-di-iren-luca-dal-fabbro-al-senato-sui-materiali-rari\/#primaryimage"},"thumbnailUrl":"https:\/\/www.lucadalfabbro.it\/wp-content\/themes\/luca-dalfabbro\/assets\/imgs\/header_luca_dal_fabbro.jpg","datePublished":"2023-10-05T09:37:34+00:00","author":{"@id":"https:\/\/www.article-marketing.eu\/comunicatistampa\/#\/schema\/person\/2fcaf8f8f3a9eef9eb7f27532d3ca458"},"description":"Luca Dal Fabbro (Iren) in Commissione Industria al Senato: \u201cDobbiamo concentrarci sulle nostre priorit\u00e0 e sulla filiera industriale del Paese\u201d.","breadcrumb":{"@id":"https:\/\/www.article-marketing.eu\/comunicatistampa\/lintervento-del-presidente-di-iren-luca-dal-fabbro-al-senato-sui-materiali-rari\/#breadcrumb"},"inLanguage":"it-IT","potentialAction":[{"@type":"ReadAction","target":["https:\/\/www.article-marketing.eu\/comunicatistampa\/lintervento-del-presidente-di-iren-luca-dal-fabbro-al-senato-sui-materiali-rari\/"]}]},{"@type":"ImageObject","inLanguage":"it-IT","@id":"https:\/\/www.article-marketing.eu\/comunicatistampa\/lintervento-del-presidente-di-iren-luca-dal-fabbro-al-senato-sui-materiali-rari\/#primaryimage","url":"https:\/\/www.lucadalfabbro.it\/wp-content\/themes\/luca-dalfabbro\/assets\/imgs\/header_luca_dal_fabbro.jpg","contentUrl":"https:\/\/www.lucadalfabbro.it\/wp-content\/themes\/luca-dalfabbro\/assets\/imgs\/header_luca_dal_fabbro.jpg"},{"@type":"BreadcrumbList","@id":"https:\/\/www.article-marketing.eu\/comunicatistampa\/lintervento-del-presidente-di-iren-luca-dal-fabbro-al-senato-sui-materiali-rari\/#breadcrumb","itemListElement":[{"@type":"ListItem","position":1,"name":"Home","item":"https:\/\/www.article-marketing.eu\/comunicatistampa\/"},{"@type":"ListItem","position":2,"name":"L\u2019intervento del Presidente di Iren Luca Dal Fabbro al Senato sui materiali rari"}]},{"@type":"WebSite","@id":"https:\/\/www.article-marketing.eu\/comunicatistampa\/#website","url":"https:\/\/www.article-marketing.eu\/comunicatistampa\/","name":"Article Marketing","description":"article marketing &amp; press release","potentialAction":[{"@type":"SearchAction","target":{"@type":"EntryPoint","urlTemplate":"https:\/\/www.article-marketing.eu\/comunicatistampa\/?s={search_term_string}"},"query-input":{"@type":"PropertyValueSpecification","valueRequired":true,"valueName":"search_term_string"}}],"inLanguage":"it-IT"},{"@type":"Person","@id":"https:\/\/www.article-marketing.eu\/comunicatistampa\/#\/schema\/person\/2fcaf8f8f3a9eef9eb7f27532d3ca458","name":"articolinews","image":{"@type":"ImageObject","inLanguage":"it-IT","@id":"https:\/\/secure.gravatar.com\/avatar\/9e2a264bab04e17dea24d937c9956304649a848cb73c46747a692ff1bdeb1cb7?s=96&d=mm&r=g","url":"https:\/\/secure.gravatar.com\/avatar\/9e2a264bab04e17dea24d937c9956304649a848cb73c46747a692ff1bdeb1cb7?s=96&d=mm&r=g","contentUrl":"https:\/\/secure.gravatar.com\/avatar\/9e2a264bab04e17dea24d937c9956304649a848cb73c46747a692ff1bdeb1cb7?s=96&d=mm&r=g","caption":"articolinews"},"url":"https:\/\/www.article-marketing.eu\/comunicatistampa\/author\/articolinews\/"}]}},"_links":{"self":[{"href":"https:\/\/www.article-marketing.eu\/comunicatistampa\/wp-json\/wp\/v2\/posts\/28445","targetHints":{"allow":["GET"]}}],"collection":[{"href":"https:\/\/www.article-marketing.eu\/comunicatistampa\/wp-json\/wp\/v2\/posts"}],"about":[{"href":"https:\/\/www.article-marketing.eu\/comunicatistampa\/wp-json\/wp\/v2\/types\/post"}],"author":[{"embeddable":true,"href":"https:\/\/www.article-marketing.eu\/comunicatistampa\/wp-json\/wp\/v2\/users\/6477"}],"replies":[{"embeddable":true,"href":"https:\/\/www.article-marketing.eu\/comunicatistampa\/wp-json\/wp\/v2\/comments?post=28445"}],"version-history":[{"count":2,"href":"https:\/\/www.article-marketing.eu\/comunicatistampa\/wp-json\/wp\/v2\/posts\/28445\/revisions"}],"predecessor-version":[{"id":28517,"href":"https:\/\/www.article-marketing.eu\/comunicatistampa\/wp-json\/wp\/v2\/posts\/28445\/revisions\/28517"}],"wp:attachment":[{"href":"https:\/\/www.article-marketing.eu\/comunicatistampa\/wp-json\/wp\/v2\/media?parent=28445"}],"wp:term":[{"taxonomy":"category","embeddable":true,"href":"https:\/\/www.article-marketing.eu\/comunicatistampa\/wp-json\/wp\/v2\/categories?post=28445"},{"taxonomy":"post_tag","embeddable":true,"href":"https:\/\/www.article-marketing.eu\/comunicatistampa\/wp-json\/wp\/v2\/tags?post=28445"}],"curies":[{"name":"wp","href":"https:\/\/api.w.org\/{rel}","templated":true}]}}