{"id":28469,"date":"2023-10-08T09:15:19","date_gmt":"2023-10-08T07:15:19","guid":{"rendered":"https:\/\/www.article-marketing.eu\/comunicatistampa\/?p=28469"},"modified":"2023-10-05T11:57:51","modified_gmt":"2023-10-05T09:57:51","slug":"la-valutazione-del-rischio-fulmini-ai-sensi-del-decreto-81","status":"publish","type":"post","link":"https:\/\/www.article-marketing.eu\/comunicatistampa\/la-valutazione-del-rischio-fulmini-ai-sensi-del-decreto-81\/","title":{"rendered":"La valutazione del rischio fulmini ai sensi del decreto 81"},"content":{"rendered":"<h1>Comunicato Stampa<\/h1>\n<h1>La valutazione del rischio fulmini ai sensi del decreto 81<\/h1>\n<h1><em>\u00a0<\/em><\/h1>\n<p><strong><em>Il 21 novembre 2023 un corso in videoconferenza permetter\u00e0 di conoscere le misure di protezione da adottare contro le scariche atmosferiche e fornir\u00e0 gli strumenti per valutare il rischio in conformit\u00e0 con quanto richiesto dal D.Lgs. 81\/2008.<\/em><\/strong><\/p>\n<p>&nbsp;<\/p>\n<p>In Italia ogni anno cadono circa un milione di <strong>fulmini<\/strong> e se dalla fine degli anni \u201880 si \u00e8 registrato un calo dei morti connessi ai fulmini, dovuto probabilmente all\u2019evoluzione tecnologica che ha permesso di migliorare i sistemi di isolamento, gli impianti parafulmine ed i dispositivi per la protezione degli impianti, questi fenomeni atmosferici stanno diventando sempre pi\u00f9 frequenti ed intensi.<\/p>\n<p>&nbsp;<\/p>\n<p>Il mese di luglio 2023 \u00e8 stato il terzo mese con il maggior numero di fulmini mai rilevato in Italia: 206.584 fulmini rilevati in un mese. Solo nel 2022 \u2013 secondo l\u2019Annuario statistico del corpo nazionale dei Vigili del Fuoco &#8211; sono stati 763 gli interventi dei vigili del fuoco per spegnere incendi innescati dai fulmini. E le <strong>scariche atmosferiche sono previste in aumento<\/strong> nei prossimi anni a causa del cambiamento climatico in atto in tutto il mondo.<\/p>\n<p>&nbsp;<\/p>\n<p>Le conoscenze e le tecnologie, ad oggi disponibili, ci consentono di eseguire accurate valutazioni dei rischi e di adottare specifiche misure di protezione per ridurre i rischi sia per le persone che i danni economici causati dai fulmini. Tuttavia, allo stato attuale, questo tipo di rischio \u00e8 molto sottovalutato o addirittura ignorato e non sempre si hanno le competenze idonee per valutare il rischio e mettere in atto un\u2019idonea protezione.<\/p>\n<p><strong>\u00a0<\/strong><\/p>\n<p><strong>Esistono percorsi formativi per conoscere le misure di protezione per le scariche atmosferiche? Ci sono corsi che danno indicazioni per la valutazione del rischio in conformit\u00e0 alla normativa sulla salute e sicurezza nei luoghi di lavoro?<\/strong><\/p>\n<p>&nbsp;<\/p>\n<p><strong>Il nuovo corso in videoconferenza sulla valutazione del rischio fulmini<\/strong><\/p>\n<p>Proprio per migliorare la protezione dal rischio fulmini nel mondo del lavoro, l\u2019<strong>Associazione Italiana Formatori ed Operatori della Sicurezza sul Lavoro<\/strong> (AiFOS) organizza per il <strong>21 novembre 2023 <\/strong>un <strong>corso in videoconferenza<\/strong> di 2 ore dal titolo \u201c<strong>La valutazione del rischio fulmini ai sensi degli artt. 81-84 del D.Lgs. 81\/08<\/strong>\u201d.<\/p>\n<p>&nbsp;<\/p>\n<p>Il corso si propone l\u2019obiettivo di fornire a tutti gli addetti ai lavori nel campo della sicurezza (datori di lavoro, RSPP, ASPP, consulenti) le nozioni normative di base \u00a0per sapere quando \u00e8 necessario e obbligatorio eseguire la <strong>valutazione del rischio da scariche atmosferiche<\/strong>, quali tipi di rischi occorre valutare (R1 &#8211; morte di persone, R2 &#8211; perdita di servizio pubblico, R3 &#8211; perdita di patrimonio culturale, R4 &#8211; danno economico, FT &#8211; frequenza di danno) e ogni quanto tempo aggiornare il documento.<\/p>\n<p>&nbsp;<\/p>\n<p>Inoltre il percorso formativo vuole essere un utile strumento di aiuto per capire quali sono i dati chiave di una valutazione del rischio da scariche atmosferiche, valutarne la correttezza dei dati di ingresso, interpretare i risultati finali e valutare se un impianto di protezione gi\u00e0 esistente (LPS \u2013 <em>Lightening Protection System<\/em>) \u00e8 veramente efficace.<\/p>\n<p>&nbsp;<\/p>\n<p>Il docente del corso \u00e8 <strong>Manuela Marzadori<\/strong>, ingegnera esperta in valutazione del rischio e impianti di protezione da scariche atmosferiche.<\/p>\n<p><strong>\u00a0<\/strong><\/p>\n<p><strong>La valutazione del rischio fulmini e la normativa<\/strong><\/p>\n<p>Il <strong>Decreto legislativo 81\/2008<\/strong> agli artt. 80 e 84 pone in capo al Datore di Lavoro l\u2019obbligo di eseguire la valutazione del rischio da scariche atmosferiche e di adottare tutte le misure necessarie per salvaguardare la vita dei propri lavoratori e la protezione degli edifici, degli impianti, delle strutture e delle attrezzature.<\/p>\n<p>In particolare l\u2019<strong>articolo 84<\/strong> (Protezioni dai fulmini) indica che il datore di lavoro \u2018<em>provvede affinch\u00e9 gli edifici, gli impianti, le strutture, le attrezzature, siano protetti dagli effetti dei fulmini realizzati secondo le norme tecniche<\/em>\u2019.<\/p>\n<p>&nbsp;<\/p>\n<p>Il riferimento normativo secondo cui eseguire la valutazione del rischio \u00e8 la serie di <strong>norme CEI EN 62305<\/strong>.<\/p>\n<p>&nbsp;<\/p>\n<p>Nel corso si far\u00e0 un accenno anche alla norma <strong>CEI EN 62793<\/strong> che riguarda i rilevatori di temporali (TWS \u2013 <em>Thunderstorm Warning System<\/em>) suggeriti in contesti esterni proprio per la salvaguardia della vita delle persone che si trovano ad operare in ambienti esterni.<\/p>\n<p>&nbsp;<\/p>\n<p><strong>I contenuti del corso e le informazioni per iscriversi<\/strong><\/p>\n<p>Il corso di 2 ore \u201c<strong>La valutazione del rischio fulmini ai sensi degli artt. 81-84 del D.Lgs. 81\/08<\/strong>\u201d si svolger\u00e0, dunque, il <strong>21 novembre 2023<\/strong>, dalle 14.00 alle 16.00, in videoconferenza.<\/p>\n<p>&nbsp;<\/p>\n<p>Durante il corso verranno affrontati i seguenti <strong>argomenti<\/strong>:<\/p>\n<ul>\n<li>Quadro normativo applicabile: D.Lgs. 81\/08; CEI EN 62305-2, CEI 81-29, CEI 64-8<\/li>\n<li>Valore Ng e aggiornamento della valutazione del rischio<\/li>\n<li>Correlazione tra sorgenti di danno, danni, perdite e rischi<\/li>\n<li>I rischi calcolabili: perdita di vite umane, perdita di servizio pubblico, perdita di patrimonio culturale<\/li>\n<li>La frequenza di danno e il rischio economico<\/li>\n<li>Analisi dei principali dati di ingresso alla valutazione del rischio<\/li>\n<li>La valutazione del rischio fulmini e il rischio incendio e la valutazione del rischio fulmini e le aree Atex<\/li>\n<li>Correlazione tra rischio e protezione<\/li>\n<li>Come valutare se un impianto di protezione \u00e8 efficiente<\/li>\n<\/ul>\n<p>&nbsp;<\/p>\n<p>La partecipazione al corso vale come <strong>2 ore <\/strong>di <strong>aggiornamento<\/strong> per RSPP\/ASPP, per Coordinatori alla sicurezza, per formatori qualificati seconda area tematica. Il corso \u00e8 valido anche ai fini della formazione prevista per il Manager HSE (area tecnica in materia di sicurezza sul lavoro) e ai fini della formazione necessaria per l&#8217;iscrizione al Registro Consulenti AiFOS (ambito salute e sicurezza sul lavoro).<\/p>\n<p>&nbsp;<\/p>\n<p>Per avere ulteriori dettagli sul corso e iscriversi, \u00e8 possibile utilizzare questo link: <a href=\"https:\/\/aifos.org\/home\/formazione\/corsi\/corsi-in-programma\/corsi-in-programma\/la-valutazione-del-rischio-fulmini\">https:\/\/aifos.org\/home\/formazione\/corsi\/corsi-in-programma\/corsi-in-programma\/la-valutazione-del-rischio-fulmini<\/a><\/p>\n<p>&nbsp;<\/p>\n<p>Per informazioni:<\/p>\n<p><strong>Sede nazionale AiFOS<\/strong> &#8211; via Branze, 45 &#8211; 25123 Brescia c\/o CSMT, Universit\u00e0 degli Studi di Brescia &#8211; tel. 030.6595035 &#8211; fax 030.6595040 &#8211; <a href=\"mailto:formarsi@aifos.it\">formarsi@aifos.it<\/a> &#8211; \u00a0<a href=\"mailto:videoconferenze@aifos.it\">videoconferenze@aifos.it<\/a><\/p>\n<p><em>\u00a0<\/em><\/p>\n<p><em>28 settembre 2023<\/em><\/p>\n<p><em>\u00a0<\/em><\/p>\n<p>&nbsp;<\/p>\n<p>Ufficio Stampa di AiFOS<\/p>\n<p>ufficiostampa@aifos.it<\/p>\n<p>http:\/\/www.aifos.it\/<\/p>\n","protected":false},"excerpt":{"rendered":"<p>Comunicato Stampa La valutazione del rischio fulmini ai sensi del decreto 81 \u00a0 Il 21 novembre 2023 un corso in videoconferenza permetter\u00e0 di conoscere le misure di protezione da adottare contro le scariche atmosferiche e fornir\u00e0 gli strumenti per valutare il rischio in conformit\u00e0 con quanto richiesto dal D.Lgs. 81\/2008. &nbsp; In Italia ogni anno cadono circa un milione di fulmini e se dalla fine degli anni \u201880 si \u00e8<\/p>\n<p><a class=\"continue-reading\" href=\"https:\/\/www.article-marketing.eu\/comunicatistampa\/la-valutazione-del-rischio-fulmini-ai-sensi-del-decreto-81\/\">Continue reading&#8230;<\/a><\/p>\n","protected":false},"author":881,"featured_media":0,"comment_status":"open","ping_status":"open","sticky":false,"template":"","format":"standard","meta":{"_monsterinsights_skip_tracking":false,"_monsterinsights_sitenote_active":false,"_monsterinsights_sitenote_note":"","_monsterinsights_sitenote_category":0,"footnotes":""},"categories":[78,379,386,392,378,390],"tags":[3299,3235,10866,10865,10864,10862,4166,9281,10858,10860,10861,10859,10863,6023],"class_list":["post-28469","post","type-post","status-publish","format-standard","hentry","category-comunicati-stampa","category-corsi","category-economia-e-lavoro","category-eventi","category-istruzione","category-professionisti","tag-associazione-aifos","tag-brescia","tag-cei-64-8","tag-cei-81-29","tag-cei-en-62305-2","tag-cei-en-62793","tag-corso-formazione","tag-decreto-legislativo-81-2008","tag-la-valutazione-del-rischio-fulmini-ai-sensi-degli-artt-81-84-del-d-lgs-81-08","tag-lps-lightening-protection-system","tag-norme-cei-en-62305","tag-scariche-atmosferiche","tag-tws-thunderstorm-warning-system","tag-videoconferenza"],"yoast_head":"<!-- This site is optimized with the Yoast SEO plugin v27.3 - https:\/\/yoast.com\/product\/yoast-seo-wordpress\/ -->\n<title>La valutazione del rischio fulmini ai sensi del decreto 81 - Article Marketing<\/title>\n<meta name=\"robots\" content=\"index, follow, max-snippet:-1, max-image-preview:large, max-video-preview:-1\" \/>\n<link rel=\"canonical\" href=\"https:\/\/www.article-marketing.eu\/comunicatistampa\/la-valutazione-del-rischio-fulmini-ai-sensi-del-decreto-81\/\" \/>\n<meta property=\"og:locale\" content=\"it_IT\" \/>\n<meta property=\"og:type\" content=\"article\" \/>\n<meta property=\"og:title\" content=\"La valutazione del rischio fulmini ai sensi del decreto 81 - Article Marketing\" \/>\n<meta property=\"og:description\" content=\"Comunicato Stampa La valutazione del rischio fulmini ai sensi del decreto 81 \u00a0 Il 21 novembre 2023 un corso in videoconferenza permetter\u00e0 di conoscere le misure di protezione da adottare contro le scariche atmosferiche e fornir\u00e0 gli strumenti per valutare il rischio in conformit\u00e0 con quanto richiesto dal D.Lgs. 81\/2008. &nbsp; In Italia ogni anno cadono circa un milione di fulmini e se dalla fine degli anni \u201880 si \u00e8Continue reading...\" \/>\n<meta property=\"og:url\" content=\"https:\/\/www.article-marketing.eu\/comunicatistampa\/la-valutazione-del-rischio-fulmini-ai-sensi-del-decreto-81\/\" \/>\n<meta property=\"og:site_name\" content=\"Article Marketing\" \/>\n<meta property=\"article:published_time\" content=\"2023-10-08T07:15:19+00:00\" \/>\n<meta name=\"author\" content=\"AIFUS\" \/>\n<meta name=\"twitter:card\" content=\"summary_large_image\" \/>\n<meta name=\"twitter:label1\" content=\"Scritto da\" \/>\n\t<meta name=\"twitter:data1\" content=\"AIFUS\" \/>\n\t<meta name=\"twitter:label2\" content=\"Tempo di lettura stimato\" \/>\n\t<meta name=\"twitter:data2\" content=\"5 minuti\" \/>\n<script type=\"application\/ld+json\" class=\"yoast-schema-graph\">{\"@context\":\"https:\\\/\\\/schema.org\",\"@graph\":[{\"@type\":\"Article\",\"@id\":\"https:\\\/\\\/www.article-marketing.eu\\\/comunicatistampa\\\/la-valutazione-del-rischio-fulmini-ai-sensi-del-decreto-81\\\/#article\",\"isPartOf\":{\"@id\":\"https:\\\/\\\/www.article-marketing.eu\\\/comunicatistampa\\\/la-valutazione-del-rischio-fulmini-ai-sensi-del-decreto-81\\\/\"},\"author\":{\"name\":\"AIFUS\",\"@id\":\"https:\\\/\\\/www.article-marketing.eu\\\/comunicatistampa\\\/#\\\/schema\\\/person\\\/d1985c4955ff71a05f49d68e3034b3cd\"},\"headline\":\"La valutazione del rischio fulmini ai sensi del decreto 81\",\"datePublished\":\"2023-10-08T07:15:19+00:00\",\"mainEntityOfPage\":{\"@id\":\"https:\\\/\\\/www.article-marketing.eu\\\/comunicatistampa\\\/la-valutazione-del-rischio-fulmini-ai-sensi-del-decreto-81\\\/\"},\"wordCount\":930,\"commentCount\":0,\"keywords\":[\"Associazione AiFOS\",\"Brescia\",\"CEI 64-8\",\"CEI 81-29\",\"CEI EN 62305-2\",\"CEI EN 62793\",\"corso formazione\",\"Decreto legislativo 81\\\/2008\",\"La valutazione del rischio fulmini ai sensi degli artt. 81-84 del D.Lgs. 81\\\/08\",\"LPS \u2013 Lightening Protection System\",\"norme CEI EN 62305\",\"scariche atmosferiche\",\"TWS \u2013 Thunderstorm Warning System\",\"videoconferenza\"],\"articleSection\":[\"Comunicati stampa\",\"Corsi\",\"Economia e lavoro\",\"Eventi\",\"Istruzione\",\"Professionisti\"],\"inLanguage\":\"it-IT\",\"potentialAction\":[{\"@type\":\"CommentAction\",\"name\":\"Comment\",\"target\":[\"https:\\\/\\\/www.article-marketing.eu\\\/comunicatistampa\\\/la-valutazione-del-rischio-fulmini-ai-sensi-del-decreto-81\\\/#respond\"]}]},{\"@type\":\"WebPage\",\"@id\":\"https:\\\/\\\/www.article-marketing.eu\\\/comunicatistampa\\\/la-valutazione-del-rischio-fulmini-ai-sensi-del-decreto-81\\\/\",\"url\":\"https:\\\/\\\/www.article-marketing.eu\\\/comunicatistampa\\\/la-valutazione-del-rischio-fulmini-ai-sensi-del-decreto-81\\\/\",\"name\":\"La valutazione del rischio fulmini ai sensi del decreto 81 - Article Marketing\",\"isPartOf\":{\"@id\":\"https:\\\/\\\/www.article-marketing.eu\\\/comunicatistampa\\\/#website\"},\"datePublished\":\"2023-10-08T07:15:19+00:00\",\"author\":{\"@id\":\"https:\\\/\\\/www.article-marketing.eu\\\/comunicatistampa\\\/#\\\/schema\\\/person\\\/d1985c4955ff71a05f49d68e3034b3cd\"},\"breadcrumb\":{\"@id\":\"https:\\\/\\\/www.article-marketing.eu\\\/comunicatistampa\\\/la-valutazione-del-rischio-fulmini-ai-sensi-del-decreto-81\\\/#breadcrumb\"},\"inLanguage\":\"it-IT\",\"potentialAction\":[{\"@type\":\"ReadAction\",\"target\":[\"https:\\\/\\\/www.article-marketing.eu\\\/comunicatistampa\\\/la-valutazione-del-rischio-fulmini-ai-sensi-del-decreto-81\\\/\"]}]},{\"@type\":\"BreadcrumbList\",\"@id\":\"https:\\\/\\\/www.article-marketing.eu\\\/comunicatistampa\\\/la-valutazione-del-rischio-fulmini-ai-sensi-del-decreto-81\\\/#breadcrumb\",\"itemListElement\":[{\"@type\":\"ListItem\",\"position\":1,\"name\":\"Home\",\"item\":\"https:\\\/\\\/www.article-marketing.eu\\\/comunicatistampa\\\/\"},{\"@type\":\"ListItem\",\"position\":2,\"name\":\"La valutazione del rischio fulmini ai sensi del decreto 81\"}]},{\"@type\":\"WebSite\",\"@id\":\"https:\\\/\\\/www.article-marketing.eu\\\/comunicatistampa\\\/#website\",\"url\":\"https:\\\/\\\/www.article-marketing.eu\\\/comunicatistampa\\\/\",\"name\":\"Article Marketing\",\"description\":\"article marketing &amp; press release\",\"potentialAction\":[{\"@type\":\"SearchAction\",\"target\":{\"@type\":\"EntryPoint\",\"urlTemplate\":\"https:\\\/\\\/www.article-marketing.eu\\\/comunicatistampa\\\/?s={search_term_string}\"},\"query-input\":{\"@type\":\"PropertyValueSpecification\",\"valueRequired\":true,\"valueName\":\"search_term_string\"}}],\"inLanguage\":\"it-IT\"},{\"@type\":\"Person\",\"@id\":\"https:\\\/\\\/www.article-marketing.eu\\\/comunicatistampa\\\/#\\\/schema\\\/person\\\/d1985c4955ff71a05f49d68e3034b3cd\",\"name\":\"AIFUS\",\"image\":{\"@type\":\"ImageObject\",\"inLanguage\":\"it-IT\",\"@id\":\"https:\\\/\\\/secure.gravatar.com\\\/avatar\\\/05cf2a2ba057667571308b94c84f00ff48766ffac95710a87491a9b3ddcee484?s=96&d=mm&r=g\",\"url\":\"https:\\\/\\\/secure.gravatar.com\\\/avatar\\\/05cf2a2ba057667571308b94c84f00ff48766ffac95710a87491a9b3ddcee484?s=96&d=mm&r=g\",\"contentUrl\":\"https:\\\/\\\/secure.gravatar.com\\\/avatar\\\/05cf2a2ba057667571308b94c84f00ff48766ffac95710a87491a9b3ddcee484?s=96&d=mm&r=g\",\"caption\":\"AIFUS\"},\"url\":\"https:\\\/\\\/www.article-marketing.eu\\\/comunicatistampa\\\/author\\\/aifus\\\/\"}]}<\/script>\n<!-- \/ Yoast SEO plugin. -->","yoast_head_json":{"title":"La valutazione del rischio fulmini ai sensi del decreto 81 - Article Marketing","robots":{"index":"index","follow":"follow","max-snippet":"max-snippet:-1","max-image-preview":"max-image-preview:large","max-video-preview":"max-video-preview:-1"},"canonical":"https:\/\/www.article-marketing.eu\/comunicatistampa\/la-valutazione-del-rischio-fulmini-ai-sensi-del-decreto-81\/","og_locale":"it_IT","og_type":"article","og_title":"La valutazione del rischio fulmini ai sensi del decreto 81 - Article Marketing","og_description":"Comunicato Stampa La valutazione del rischio fulmini ai sensi del decreto 81 \u00a0 Il 21 novembre 2023 un corso in videoconferenza permetter\u00e0 di conoscere le misure di protezione da adottare contro le scariche atmosferiche e fornir\u00e0 gli strumenti per valutare il rischio in conformit\u00e0 con quanto richiesto dal D.Lgs. 81\/2008. &nbsp; In Italia ogni anno cadono circa un milione di fulmini e se dalla fine degli anni \u201880 si \u00e8Continue reading...","og_url":"https:\/\/www.article-marketing.eu\/comunicatistampa\/la-valutazione-del-rischio-fulmini-ai-sensi-del-decreto-81\/","og_site_name":"Article Marketing","article_published_time":"2023-10-08T07:15:19+00:00","author":"AIFUS","twitter_card":"summary_large_image","twitter_misc":{"Scritto da":"AIFUS","Tempo di lettura stimato":"5 minuti"},"schema":{"@context":"https:\/\/schema.org","@graph":[{"@type":"Article","@id":"https:\/\/www.article-marketing.eu\/comunicatistampa\/la-valutazione-del-rischio-fulmini-ai-sensi-del-decreto-81\/#article","isPartOf":{"@id":"https:\/\/www.article-marketing.eu\/comunicatistampa\/la-valutazione-del-rischio-fulmini-ai-sensi-del-decreto-81\/"},"author":{"name":"AIFUS","@id":"https:\/\/www.article-marketing.eu\/comunicatistampa\/#\/schema\/person\/d1985c4955ff71a05f49d68e3034b3cd"},"headline":"La valutazione del rischio fulmini ai sensi del decreto 81","datePublished":"2023-10-08T07:15:19+00:00","mainEntityOfPage":{"@id":"https:\/\/www.article-marketing.eu\/comunicatistampa\/la-valutazione-del-rischio-fulmini-ai-sensi-del-decreto-81\/"},"wordCount":930,"commentCount":0,"keywords":["Associazione AiFOS","Brescia","CEI 64-8","CEI 81-29","CEI EN 62305-2","CEI EN 62793","corso formazione","Decreto legislativo 81\/2008","La valutazione del rischio fulmini ai sensi degli artt. 81-84 del D.Lgs. 81\/08","LPS \u2013 Lightening Protection System","norme CEI EN 62305","scariche atmosferiche","TWS \u2013 Thunderstorm Warning System","videoconferenza"],"articleSection":["Comunicati stampa","Corsi","Economia e lavoro","Eventi","Istruzione","Professionisti"],"inLanguage":"it-IT","potentialAction":[{"@type":"CommentAction","name":"Comment","target":["https:\/\/www.article-marketing.eu\/comunicatistampa\/la-valutazione-del-rischio-fulmini-ai-sensi-del-decreto-81\/#respond"]}]},{"@type":"WebPage","@id":"https:\/\/www.article-marketing.eu\/comunicatistampa\/la-valutazione-del-rischio-fulmini-ai-sensi-del-decreto-81\/","url":"https:\/\/www.article-marketing.eu\/comunicatistampa\/la-valutazione-del-rischio-fulmini-ai-sensi-del-decreto-81\/","name":"La valutazione del rischio fulmini ai sensi del decreto 81 - Article Marketing","isPartOf":{"@id":"https:\/\/www.article-marketing.eu\/comunicatistampa\/#website"},"datePublished":"2023-10-08T07:15:19+00:00","author":{"@id":"https:\/\/www.article-marketing.eu\/comunicatistampa\/#\/schema\/person\/d1985c4955ff71a05f49d68e3034b3cd"},"breadcrumb":{"@id":"https:\/\/www.article-marketing.eu\/comunicatistampa\/la-valutazione-del-rischio-fulmini-ai-sensi-del-decreto-81\/#breadcrumb"},"inLanguage":"it-IT","potentialAction":[{"@type":"ReadAction","target":["https:\/\/www.article-marketing.eu\/comunicatistampa\/la-valutazione-del-rischio-fulmini-ai-sensi-del-decreto-81\/"]}]},{"@type":"BreadcrumbList","@id":"https:\/\/www.article-marketing.eu\/comunicatistampa\/la-valutazione-del-rischio-fulmini-ai-sensi-del-decreto-81\/#breadcrumb","itemListElement":[{"@type":"ListItem","position":1,"name":"Home","item":"https:\/\/www.article-marketing.eu\/comunicatistampa\/"},{"@type":"ListItem","position":2,"name":"La valutazione del rischio fulmini ai sensi del decreto 81"}]},{"@type":"WebSite","@id":"https:\/\/www.article-marketing.eu\/comunicatistampa\/#website","url":"https:\/\/www.article-marketing.eu\/comunicatistampa\/","name":"Article Marketing","description":"article marketing &amp; press release","potentialAction":[{"@type":"SearchAction","target":{"@type":"EntryPoint","urlTemplate":"https:\/\/www.article-marketing.eu\/comunicatistampa\/?s={search_term_string}"},"query-input":{"@type":"PropertyValueSpecification","valueRequired":true,"valueName":"search_term_string"}}],"inLanguage":"it-IT"},{"@type":"Person","@id":"https:\/\/www.article-marketing.eu\/comunicatistampa\/#\/schema\/person\/d1985c4955ff71a05f49d68e3034b3cd","name":"AIFUS","image":{"@type":"ImageObject","inLanguage":"it-IT","@id":"https:\/\/secure.gravatar.com\/avatar\/05cf2a2ba057667571308b94c84f00ff48766ffac95710a87491a9b3ddcee484?s=96&d=mm&r=g","url":"https:\/\/secure.gravatar.com\/avatar\/05cf2a2ba057667571308b94c84f00ff48766ffac95710a87491a9b3ddcee484?s=96&d=mm&r=g","contentUrl":"https:\/\/secure.gravatar.com\/avatar\/05cf2a2ba057667571308b94c84f00ff48766ffac95710a87491a9b3ddcee484?s=96&d=mm&r=g","caption":"AIFUS"},"url":"https:\/\/www.article-marketing.eu\/comunicatistampa\/author\/aifus\/"}]}},"_links":{"self":[{"href":"https:\/\/www.article-marketing.eu\/comunicatistampa\/wp-json\/wp\/v2\/posts\/28469","targetHints":{"allow":["GET"]}}],"collection":[{"href":"https:\/\/www.article-marketing.eu\/comunicatistampa\/wp-json\/wp\/v2\/posts"}],"about":[{"href":"https:\/\/www.article-marketing.eu\/comunicatistampa\/wp-json\/wp\/v2\/types\/post"}],"author":[{"embeddable":true,"href":"https:\/\/www.article-marketing.eu\/comunicatistampa\/wp-json\/wp\/v2\/users\/881"}],"replies":[{"embeddable":true,"href":"https:\/\/www.article-marketing.eu\/comunicatistampa\/wp-json\/wp\/v2\/comments?post=28469"}],"version-history":[{"count":2,"href":"https:\/\/www.article-marketing.eu\/comunicatistampa\/wp-json\/wp\/v2\/posts\/28469\/revisions"}],"predecessor-version":[{"id":28539,"href":"https:\/\/www.article-marketing.eu\/comunicatistampa\/wp-json\/wp\/v2\/posts\/28469\/revisions\/28539"}],"wp:attachment":[{"href":"https:\/\/www.article-marketing.eu\/comunicatistampa\/wp-json\/wp\/v2\/media?parent=28469"}],"wp:term":[{"taxonomy":"category","embeddable":true,"href":"https:\/\/www.article-marketing.eu\/comunicatistampa\/wp-json\/wp\/v2\/categories?post=28469"},{"taxonomy":"post_tag","embeddable":true,"href":"https:\/\/www.article-marketing.eu\/comunicatistampa\/wp-json\/wp\/v2\/tags?post=28469"}],"curies":[{"name":"wp","href":"https:\/\/api.w.org\/{rel}","templated":true}]}}