{"id":28480,"date":"2023-10-09T07:42:08","date_gmt":"2023-10-09T05:42:08","guid":{"rendered":"https:\/\/www.article-marketing.eu\/comunicatistampa\/?p=28480"},"modified":"2023-10-05T12:00:15","modified_gmt":"2023-10-05T10:00:15","slug":"luca-dal-fabbro-iren-cambiare-il-modello-energetico-e-velocizzare-le-autorizzazioni","status":"publish","type":"post","link":"https:\/\/www.article-marketing.eu\/comunicatistampa\/luca-dal-fabbro-iren-cambiare-il-modello-energetico-e-velocizzare-le-autorizzazioni\/","title":{"rendered":"Luca Dal Fabbro (Iren): cambiare il modello energetico e velocizzare le autorizzazioni"},"content":{"rendered":"<p><em><strong>Anche il Presidente di Iren, <a title=\"L'intervento di Luca Dal Fabbro al Forum Ambrosetti\" href=\"https:\/\/video.milanofinanza.it\/video\/forum-ambrosetti-dal-fabbro-DKAaNZUa8XN4\">Luca Dal Fabbro<\/a>, \u00e8 intervenuto a Cernobbio per prendere parte al Forum The European House &#8211; Ambrosetti e discutere dei passi da compiere per uscire dalla crisi energetica che si \u00e8 sviluppata ormai pi\u00f9 di un anno fa. Cambiare il modello energetico del Paese \u00e8 uno step fondamentale, cos\u00ec come lo \u00e8 velocizzare le autorizzazioni.<\/strong><\/em><\/p>\n<p><a title=\"Il Presidente di Iren Luca Dal Fabbro tra i protagonisti del Forum Ambrosetti\" href=\"https:\/\/video.milanofinanza.it\/video\/forum-ambrosetti-dal-fabbro-DKAaNZUa8XN4\"><img loading=\"lazy\" decoding=\"async\" src=\"https:\/\/webtools-859c1818ed614cc5b0047439470927b0.msvdn.net\/image\/DKAaNZUa8XN4\/poster?t=1693563205\" alt=\"Luca Dal Fabbro\" width=\"267\" height=\"150\" \/><\/a><\/p>\n<h2>Luca Dal Fabbro: l\u2019emergenza non \u00e8 finita, bisogna pensare al futuro con un nuovo modello energetico<\/h2>\n<p>Sono trascorsi 12 mesi dallo scoppio della guerra tra Russia e Ucraina, la stessa che ha scatenato una delle crisi energetiche pi\u00f9 drammatiche della storia. Oggi, mentre il conflitto \u00e8 ancora in atto, il mondo dell\u2019energia sembra essere entrato in una nuova fase. \u201c<em>L\u2019emergenza non \u00e8 finita<\/em>\u201d, ci tiene subito a chiarire <a title=\"Energia, il punto di Luca Dal Fabbro a margine del Forum Ambrosetti\" href=\"https:\/\/video.milanofinanza.it\/video\/forum-ambrosetti-dal-fabbro-DKAaNZUa8XN4\"><strong>Luca Dal Fabbro<\/strong><\/a>, nel corso dell\u2019intervento nell\u2019ambito del Forum The European House &#8211; Ambrosetti. Sebbene l\u2019opera di istituzioni e aziende primarie come Eni e Snam abbia reso il sistema italiano pi\u00f9 resiliente rispetto allo scorso anno, con le multiutility come Iren che hanno contribuito a far calmierare i prezzi, \u201c<em>non bisogna dimenticare che il futuro continua a essere incerto<\/em>\u201d. Secondo il Presidente di Iren, sarebbe opportuno approfittare di questo \u201c<em>momento di calma piatta<\/em>\u201d per \u201c<em>cominciare a ragionare sul futuro per rendere il nostro sistema energetico pi\u00f9 resiliente<\/em>\u201d. Un sistema che dovr\u00e0 essere in grado di resistere anche alle guerre, da disegnare attraverso un lavoro sinergico che veda coinvolte istituzioni, aziende dello stato e multiutility, e che si basi su tre pilastri fondamentali: la sicurezza dell\u2019approvvigionamento, la competitivit\u00e0 delle fonti e la sostenibilit\u00e0.<\/p>\n<h2>Luca Dal Fabbro: indispensabile la collaborazione con le istituzioni per velocizzare le autorizzazioni<\/h2>\n<p>In questo contesto di incertezza e con la minaccia del cambiamento climatico che diventa sempre pi\u00f9 forte, si esige un cambio di passo che pu\u00f2 essere effettuato soltanto attraverso la collaborazione tra istituzioni e operatori. \u201c<em>L\u2019Italia ha due fattori di grande forza: gli operatori, come le multiutility e le grandi aziende come Snam e Terna, e un\u2019autorit\u00e0 per l\u2019energia molto avanzata dal punto di vista normativo e di comprensione dei fenomeni<\/em>\u201d, ha sottolineato <strong>Luca Dal Fabbro<\/strong>. \u201c<em>Questi due pilastri devono per\u00f2 avere delle regole che permettano di scaricare a terra questa forza<\/em>\u201d. In altri termini, il Presidente di Iren ritiene che per sviluppare un mix energetico pi\u00f9 sostenibile sia necessario che le istituzioni intervengano per velocizzare il processo delle autorizzazioni negli interessi della comunit\u00e0, magari attraverso \u201c<em>un corpus di leggi veloci<\/em>\u201d. Con il biogas, ad esempio, \u201c<em>potremmo produrre 10 miliardi di metri cubi di gas in pi\u00f9, green e a costi bassi, attraverso i biodigestori<\/em>\u201d, ma il processo di autorizzazione richiede davvero molto tempo. \u201c<em>Non \u00e8 possibile che noi installiamo un impianto fotovoltaico in cinque anni, quando in Francia si fa in un anno e mezzo, in Germania in un anno. Non \u00e8 possibile che, di fronte a una crisi energetica come quella dell\u2019altro anno, noi impieghiamo tre anni a fare un rigassificatore<\/em>\u201d, ha ribadito <strong>Luca Dal Fabbro<\/strong>, per il quale bisogna \u201c<em>continuare a lavorare in questo senso<\/em>\u201d.<\/p>\n","protected":false},"excerpt":{"rendered":"<p>Anche il Presidente di Iren, Luca Dal Fabbro, \u00e8 intervenuto a Cernobbio per prendere parte al Forum The European House &#8211; Ambrosetti e discutere dei passi da compiere per uscire dalla crisi energetica che si \u00e8 sviluppata ormai pi\u00f9 di un anno fa. Cambiare il modello energetico del Paese \u00e8 uno step fondamentale, cos\u00ec come lo \u00e8 velocizzare le autorizzazioni. Luca Dal Fabbro: l\u2019emergenza non \u00e8 finita, bisogna pensare al<\/p>\n<p><a class=\"continue-reading\" href=\"https:\/\/www.article-marketing.eu\/comunicatistampa\/luca-dal-fabbro-iren-cambiare-il-modello-energetico-e-velocizzare-le-autorizzazioni\/\">Continue reading&#8230;<\/a><\/p>\n","protected":false},"author":6477,"featured_media":0,"comment_status":"open","ping_status":"open","sticky":false,"template":"","format":"standard","meta":{"_monsterinsights_skip_tracking":false,"_monsterinsights_sitenote_active":false,"_monsterinsights_sitenote_note":"","_monsterinsights_sitenote_category":0,"footnotes":""},"categories":[386],"tags":[10361],"class_list":["post-28480","post","type-post","status-publish","format-standard","hentry","category-economia-e-lavoro","tag-luca-dal-fabbro"],"yoast_head":"<!-- This site is optimized with the Yoast SEO plugin v27.3 - https:\/\/yoast.com\/product\/yoast-seo-wordpress\/ -->\n<title>Luca Dal Fabbro (Iren): cambiare il modello energetico e velocizzare le autorizzazioni<\/title>\n<meta name=\"robots\" content=\"index, follow, max-snippet:-1, max-image-preview:large, max-video-preview:-1\" \/>\n<link rel=\"canonical\" href=\"https:\/\/www.article-marketing.eu\/comunicatistampa\/luca-dal-fabbro-iren-cambiare-il-modello-energetico-e-velocizzare-le-autorizzazioni\/\" \/>\n<meta property=\"og:locale\" content=\"it_IT\" \/>\n<meta property=\"og:type\" content=\"article\" \/>\n<meta property=\"og:title\" content=\"Luca Dal Fabbro (Iren): cambiare il modello energetico e velocizzare le autorizzazioni\" \/>\n<meta property=\"og:description\" content=\"Anche il Presidente di Iren, Luca Dal Fabbro, \u00e8 intervenuto a Cernobbio per prendere parte al Forum The European House &#8211; Ambrosetti e discutere dei passi da compiere per uscire dalla crisi energetica che si \u00e8 sviluppata ormai pi\u00f9 di un anno fa. Cambiare il modello energetico del Paese \u00e8 uno step fondamentale, cos\u00ec come lo \u00e8 velocizzare le autorizzazioni. Luca Dal Fabbro: l\u2019emergenza non \u00e8 finita, bisogna pensare alContinue reading...\" \/>\n<meta property=\"og:url\" content=\"https:\/\/www.article-marketing.eu\/comunicatistampa\/luca-dal-fabbro-iren-cambiare-il-modello-energetico-e-velocizzare-le-autorizzazioni\/\" \/>\n<meta property=\"og:site_name\" content=\"Article Marketing\" \/>\n<meta property=\"article:published_time\" content=\"2023-10-09T05:42:08+00:00\" \/>\n<meta property=\"og:image\" content=\"https:\/\/webtools-859c1818ed614cc5b0047439470927b0.msvdn.net\/image\/DKAaNZUa8XN4\/poster?t=1693563205\" \/>\n<meta name=\"author\" content=\"articolinews\" \/>\n<meta name=\"twitter:card\" content=\"summary_large_image\" \/>\n<meta name=\"twitter:label1\" content=\"Scritto da\" \/>\n\t<meta name=\"twitter:data1\" content=\"articolinews\" \/>\n\t<meta name=\"twitter:label2\" content=\"Tempo di lettura stimato\" \/>\n\t<meta name=\"twitter:data2\" content=\"3 minuti\" \/>\n<script type=\"application\/ld+json\" class=\"yoast-schema-graph\">{\"@context\":\"https:\\\/\\\/schema.org\",\"@graph\":[{\"@type\":\"Article\",\"@id\":\"https:\\\/\\\/www.article-marketing.eu\\\/comunicatistampa\\\/luca-dal-fabbro-iren-cambiare-il-modello-energetico-e-velocizzare-le-autorizzazioni\\\/#article\",\"isPartOf\":{\"@id\":\"https:\\\/\\\/www.article-marketing.eu\\\/comunicatistampa\\\/luca-dal-fabbro-iren-cambiare-il-modello-energetico-e-velocizzare-le-autorizzazioni\\\/\"},\"author\":{\"name\":\"articolinews\",\"@id\":\"https:\\\/\\\/www.article-marketing.eu\\\/comunicatistampa\\\/#\\\/schema\\\/person\\\/2fcaf8f8f3a9eef9eb7f27532d3ca458\"},\"headline\":\"Luca Dal Fabbro (Iren): cambiare il modello energetico e velocizzare le autorizzazioni\",\"datePublished\":\"2023-10-09T05:42:08+00:00\",\"mainEntityOfPage\":{\"@id\":\"https:\\\/\\\/www.article-marketing.eu\\\/comunicatistampa\\\/luca-dal-fabbro-iren-cambiare-il-modello-energetico-e-velocizzare-le-autorizzazioni\\\/\"},\"wordCount\":513,\"commentCount\":0,\"image\":{\"@id\":\"https:\\\/\\\/www.article-marketing.eu\\\/comunicatistampa\\\/luca-dal-fabbro-iren-cambiare-il-modello-energetico-e-velocizzare-le-autorizzazioni\\\/#primaryimage\"},\"thumbnailUrl\":\"https:\\\/\\\/webtools-859c1818ed614cc5b0047439470927b0.msvdn.net\\\/image\\\/DKAaNZUa8XN4\\\/poster?t=1693563205\",\"keywords\":[\"Luca Dal Fabbro\"],\"articleSection\":[\"Economia e lavoro\"],\"inLanguage\":\"it-IT\",\"potentialAction\":[{\"@type\":\"CommentAction\",\"name\":\"Comment\",\"target\":[\"https:\\\/\\\/www.article-marketing.eu\\\/comunicatistampa\\\/luca-dal-fabbro-iren-cambiare-il-modello-energetico-e-velocizzare-le-autorizzazioni\\\/#respond\"]}]},{\"@type\":\"WebPage\",\"@id\":\"https:\\\/\\\/www.article-marketing.eu\\\/comunicatistampa\\\/luca-dal-fabbro-iren-cambiare-il-modello-energetico-e-velocizzare-le-autorizzazioni\\\/\",\"url\":\"https:\\\/\\\/www.article-marketing.eu\\\/comunicatistampa\\\/luca-dal-fabbro-iren-cambiare-il-modello-energetico-e-velocizzare-le-autorizzazioni\\\/\",\"name\":\"Luca Dal Fabbro (Iren): cambiare il modello energetico e velocizzare le autorizzazioni\",\"isPartOf\":{\"@id\":\"https:\\\/\\\/www.article-marketing.eu\\\/comunicatistampa\\\/#website\"},\"primaryImageOfPage\":{\"@id\":\"https:\\\/\\\/www.article-marketing.eu\\\/comunicatistampa\\\/luca-dal-fabbro-iren-cambiare-il-modello-energetico-e-velocizzare-le-autorizzazioni\\\/#primaryimage\"},\"image\":{\"@id\":\"https:\\\/\\\/www.article-marketing.eu\\\/comunicatistampa\\\/luca-dal-fabbro-iren-cambiare-il-modello-energetico-e-velocizzare-le-autorizzazioni\\\/#primaryimage\"},\"thumbnailUrl\":\"https:\\\/\\\/webtools-859c1818ed614cc5b0047439470927b0.msvdn.net\\\/image\\\/DKAaNZUa8XN4\\\/poster?t=1693563205\",\"datePublished\":\"2023-10-09T05:42:08+00:00\",\"author\":{\"@id\":\"https:\\\/\\\/www.article-marketing.eu\\\/comunicatistampa\\\/#\\\/schema\\\/person\\\/2fcaf8f8f3a9eef9eb7f27532d3ca458\"},\"breadcrumb\":{\"@id\":\"https:\\\/\\\/www.article-marketing.eu\\\/comunicatistampa\\\/luca-dal-fabbro-iren-cambiare-il-modello-energetico-e-velocizzare-le-autorizzazioni\\\/#breadcrumb\"},\"inLanguage\":\"it-IT\",\"potentialAction\":[{\"@type\":\"ReadAction\",\"target\":[\"https:\\\/\\\/www.article-marketing.eu\\\/comunicatistampa\\\/luca-dal-fabbro-iren-cambiare-il-modello-energetico-e-velocizzare-le-autorizzazioni\\\/\"]}]},{\"@type\":\"ImageObject\",\"inLanguage\":\"it-IT\",\"@id\":\"https:\\\/\\\/www.article-marketing.eu\\\/comunicatistampa\\\/luca-dal-fabbro-iren-cambiare-il-modello-energetico-e-velocizzare-le-autorizzazioni\\\/#primaryimage\",\"url\":\"https:\\\/\\\/webtools-859c1818ed614cc5b0047439470927b0.msvdn.net\\\/image\\\/DKAaNZUa8XN4\\\/poster?t=1693563205\",\"contentUrl\":\"https:\\\/\\\/webtools-859c1818ed614cc5b0047439470927b0.msvdn.net\\\/image\\\/DKAaNZUa8XN4\\\/poster?t=1693563205\"},{\"@type\":\"BreadcrumbList\",\"@id\":\"https:\\\/\\\/www.article-marketing.eu\\\/comunicatistampa\\\/luca-dal-fabbro-iren-cambiare-il-modello-energetico-e-velocizzare-le-autorizzazioni\\\/#breadcrumb\",\"itemListElement\":[{\"@type\":\"ListItem\",\"position\":1,\"name\":\"Home\",\"item\":\"https:\\\/\\\/www.article-marketing.eu\\\/comunicatistampa\\\/\"},{\"@type\":\"ListItem\",\"position\":2,\"name\":\"Luca Dal Fabbro (Iren): cambiare il modello energetico e velocizzare le autorizzazioni\"}]},{\"@type\":\"WebSite\",\"@id\":\"https:\\\/\\\/www.article-marketing.eu\\\/comunicatistampa\\\/#website\",\"url\":\"https:\\\/\\\/www.article-marketing.eu\\\/comunicatistampa\\\/\",\"name\":\"Article Marketing\",\"description\":\"article marketing &amp; press release\",\"potentialAction\":[{\"@type\":\"SearchAction\",\"target\":{\"@type\":\"EntryPoint\",\"urlTemplate\":\"https:\\\/\\\/www.article-marketing.eu\\\/comunicatistampa\\\/?s={search_term_string}\"},\"query-input\":{\"@type\":\"PropertyValueSpecification\",\"valueRequired\":true,\"valueName\":\"search_term_string\"}}],\"inLanguage\":\"it-IT\"},{\"@type\":\"Person\",\"@id\":\"https:\\\/\\\/www.article-marketing.eu\\\/comunicatistampa\\\/#\\\/schema\\\/person\\\/2fcaf8f8f3a9eef9eb7f27532d3ca458\",\"name\":\"articolinews\",\"image\":{\"@type\":\"ImageObject\",\"inLanguage\":\"it-IT\",\"@id\":\"https:\\\/\\\/secure.gravatar.com\\\/avatar\\\/9e2a264bab04e17dea24d937c9956304649a848cb73c46747a692ff1bdeb1cb7?s=96&d=mm&r=g\",\"url\":\"https:\\\/\\\/secure.gravatar.com\\\/avatar\\\/9e2a264bab04e17dea24d937c9956304649a848cb73c46747a692ff1bdeb1cb7?s=96&d=mm&r=g\",\"contentUrl\":\"https:\\\/\\\/secure.gravatar.com\\\/avatar\\\/9e2a264bab04e17dea24d937c9956304649a848cb73c46747a692ff1bdeb1cb7?s=96&d=mm&r=g\",\"caption\":\"articolinews\"},\"url\":\"https:\\\/\\\/www.article-marketing.eu\\\/comunicatistampa\\\/author\\\/articolinews\\\/\"}]}<\/script>\n<!-- \/ Yoast SEO plugin. -->","yoast_head_json":{"title":"Luca Dal Fabbro (Iren): cambiare il modello energetico e velocizzare le autorizzazioni","robots":{"index":"index","follow":"follow","max-snippet":"max-snippet:-1","max-image-preview":"max-image-preview:large","max-video-preview":"max-video-preview:-1"},"canonical":"https:\/\/www.article-marketing.eu\/comunicatistampa\/luca-dal-fabbro-iren-cambiare-il-modello-energetico-e-velocizzare-le-autorizzazioni\/","og_locale":"it_IT","og_type":"article","og_title":"Luca Dal Fabbro (Iren): cambiare il modello energetico e velocizzare le autorizzazioni","og_description":"Anche il Presidente di Iren, Luca Dal Fabbro, \u00e8 intervenuto a Cernobbio per prendere parte al Forum The European House &#8211; Ambrosetti e discutere dei passi da compiere per uscire dalla crisi energetica che si \u00e8 sviluppata ormai pi\u00f9 di un anno fa. Cambiare il modello energetico del Paese \u00e8 uno step fondamentale, cos\u00ec come lo \u00e8 velocizzare le autorizzazioni. Luca Dal Fabbro: l\u2019emergenza non \u00e8 finita, bisogna pensare alContinue reading...","og_url":"https:\/\/www.article-marketing.eu\/comunicatistampa\/luca-dal-fabbro-iren-cambiare-il-modello-energetico-e-velocizzare-le-autorizzazioni\/","og_site_name":"Article Marketing","article_published_time":"2023-10-09T05:42:08+00:00","og_image":[{"url":"https:\/\/webtools-859c1818ed614cc5b0047439470927b0.msvdn.net\/image\/DKAaNZUa8XN4\/poster?t=1693563205","type":"","width":"","height":""}],"author":"articolinews","twitter_card":"summary_large_image","twitter_misc":{"Scritto da":"articolinews","Tempo di lettura stimato":"3 minuti"},"schema":{"@context":"https:\/\/schema.org","@graph":[{"@type":"Article","@id":"https:\/\/www.article-marketing.eu\/comunicatistampa\/luca-dal-fabbro-iren-cambiare-il-modello-energetico-e-velocizzare-le-autorizzazioni\/#article","isPartOf":{"@id":"https:\/\/www.article-marketing.eu\/comunicatistampa\/luca-dal-fabbro-iren-cambiare-il-modello-energetico-e-velocizzare-le-autorizzazioni\/"},"author":{"name":"articolinews","@id":"https:\/\/www.article-marketing.eu\/comunicatistampa\/#\/schema\/person\/2fcaf8f8f3a9eef9eb7f27532d3ca458"},"headline":"Luca Dal Fabbro (Iren): cambiare il modello energetico e velocizzare le autorizzazioni","datePublished":"2023-10-09T05:42:08+00:00","mainEntityOfPage":{"@id":"https:\/\/www.article-marketing.eu\/comunicatistampa\/luca-dal-fabbro-iren-cambiare-il-modello-energetico-e-velocizzare-le-autorizzazioni\/"},"wordCount":513,"commentCount":0,"image":{"@id":"https:\/\/www.article-marketing.eu\/comunicatistampa\/luca-dal-fabbro-iren-cambiare-il-modello-energetico-e-velocizzare-le-autorizzazioni\/#primaryimage"},"thumbnailUrl":"https:\/\/webtools-859c1818ed614cc5b0047439470927b0.msvdn.net\/image\/DKAaNZUa8XN4\/poster?t=1693563205","keywords":["Luca Dal Fabbro"],"articleSection":["Economia e lavoro"],"inLanguage":"it-IT","potentialAction":[{"@type":"CommentAction","name":"Comment","target":["https:\/\/www.article-marketing.eu\/comunicatistampa\/luca-dal-fabbro-iren-cambiare-il-modello-energetico-e-velocizzare-le-autorizzazioni\/#respond"]}]},{"@type":"WebPage","@id":"https:\/\/www.article-marketing.eu\/comunicatistampa\/luca-dal-fabbro-iren-cambiare-il-modello-energetico-e-velocizzare-le-autorizzazioni\/","url":"https:\/\/www.article-marketing.eu\/comunicatistampa\/luca-dal-fabbro-iren-cambiare-il-modello-energetico-e-velocizzare-le-autorizzazioni\/","name":"Luca Dal Fabbro (Iren): cambiare il modello energetico e velocizzare le autorizzazioni","isPartOf":{"@id":"https:\/\/www.article-marketing.eu\/comunicatistampa\/#website"},"primaryImageOfPage":{"@id":"https:\/\/www.article-marketing.eu\/comunicatistampa\/luca-dal-fabbro-iren-cambiare-il-modello-energetico-e-velocizzare-le-autorizzazioni\/#primaryimage"},"image":{"@id":"https:\/\/www.article-marketing.eu\/comunicatistampa\/luca-dal-fabbro-iren-cambiare-il-modello-energetico-e-velocizzare-le-autorizzazioni\/#primaryimage"},"thumbnailUrl":"https:\/\/webtools-859c1818ed614cc5b0047439470927b0.msvdn.net\/image\/DKAaNZUa8XN4\/poster?t=1693563205","datePublished":"2023-10-09T05:42:08+00:00","author":{"@id":"https:\/\/www.article-marketing.eu\/comunicatistampa\/#\/schema\/person\/2fcaf8f8f3a9eef9eb7f27532d3ca458"},"breadcrumb":{"@id":"https:\/\/www.article-marketing.eu\/comunicatistampa\/luca-dal-fabbro-iren-cambiare-il-modello-energetico-e-velocizzare-le-autorizzazioni\/#breadcrumb"},"inLanguage":"it-IT","potentialAction":[{"@type":"ReadAction","target":["https:\/\/www.article-marketing.eu\/comunicatistampa\/luca-dal-fabbro-iren-cambiare-il-modello-energetico-e-velocizzare-le-autorizzazioni\/"]}]},{"@type":"ImageObject","inLanguage":"it-IT","@id":"https:\/\/www.article-marketing.eu\/comunicatistampa\/luca-dal-fabbro-iren-cambiare-il-modello-energetico-e-velocizzare-le-autorizzazioni\/#primaryimage","url":"https:\/\/webtools-859c1818ed614cc5b0047439470927b0.msvdn.net\/image\/DKAaNZUa8XN4\/poster?t=1693563205","contentUrl":"https:\/\/webtools-859c1818ed614cc5b0047439470927b0.msvdn.net\/image\/DKAaNZUa8XN4\/poster?t=1693563205"},{"@type":"BreadcrumbList","@id":"https:\/\/www.article-marketing.eu\/comunicatistampa\/luca-dal-fabbro-iren-cambiare-il-modello-energetico-e-velocizzare-le-autorizzazioni\/#breadcrumb","itemListElement":[{"@type":"ListItem","position":1,"name":"Home","item":"https:\/\/www.article-marketing.eu\/comunicatistampa\/"},{"@type":"ListItem","position":2,"name":"Luca Dal Fabbro (Iren): cambiare il modello energetico e velocizzare le autorizzazioni"}]},{"@type":"WebSite","@id":"https:\/\/www.article-marketing.eu\/comunicatistampa\/#website","url":"https:\/\/www.article-marketing.eu\/comunicatistampa\/","name":"Article Marketing","description":"article marketing &amp; press release","potentialAction":[{"@type":"SearchAction","target":{"@type":"EntryPoint","urlTemplate":"https:\/\/www.article-marketing.eu\/comunicatistampa\/?s={search_term_string}"},"query-input":{"@type":"PropertyValueSpecification","valueRequired":true,"valueName":"search_term_string"}}],"inLanguage":"it-IT"},{"@type":"Person","@id":"https:\/\/www.article-marketing.eu\/comunicatistampa\/#\/schema\/person\/2fcaf8f8f3a9eef9eb7f27532d3ca458","name":"articolinews","image":{"@type":"ImageObject","inLanguage":"it-IT","@id":"https:\/\/secure.gravatar.com\/avatar\/9e2a264bab04e17dea24d937c9956304649a848cb73c46747a692ff1bdeb1cb7?s=96&d=mm&r=g","url":"https:\/\/secure.gravatar.com\/avatar\/9e2a264bab04e17dea24d937c9956304649a848cb73c46747a692ff1bdeb1cb7?s=96&d=mm&r=g","contentUrl":"https:\/\/secure.gravatar.com\/avatar\/9e2a264bab04e17dea24d937c9956304649a848cb73c46747a692ff1bdeb1cb7?s=96&d=mm&r=g","caption":"articolinews"},"url":"https:\/\/www.article-marketing.eu\/comunicatistampa\/author\/articolinews\/"}]}},"_links":{"self":[{"href":"https:\/\/www.article-marketing.eu\/comunicatistampa\/wp-json\/wp\/v2\/posts\/28480","targetHints":{"allow":["GET"]}}],"collection":[{"href":"https:\/\/www.article-marketing.eu\/comunicatistampa\/wp-json\/wp\/v2\/posts"}],"about":[{"href":"https:\/\/www.article-marketing.eu\/comunicatistampa\/wp-json\/wp\/v2\/types\/post"}],"author":[{"embeddable":true,"href":"https:\/\/www.article-marketing.eu\/comunicatistampa\/wp-json\/wp\/v2\/users\/6477"}],"replies":[{"embeddable":true,"href":"https:\/\/www.article-marketing.eu\/comunicatistampa\/wp-json\/wp\/v2\/comments?post=28480"}],"version-history":[{"count":2,"href":"https:\/\/www.article-marketing.eu\/comunicatistampa\/wp-json\/wp\/v2\/posts\/28480\/revisions"}],"predecessor-version":[{"id":28542,"href":"https:\/\/www.article-marketing.eu\/comunicatistampa\/wp-json\/wp\/v2\/posts\/28480\/revisions\/28542"}],"wp:attachment":[{"href":"https:\/\/www.article-marketing.eu\/comunicatistampa\/wp-json\/wp\/v2\/media?parent=28480"}],"wp:term":[{"taxonomy":"category","embeddable":true,"href":"https:\/\/www.article-marketing.eu\/comunicatistampa\/wp-json\/wp\/v2\/categories?post=28480"},{"taxonomy":"post_tag","embeddable":true,"href":"https:\/\/www.article-marketing.eu\/comunicatistampa\/wp-json\/wp\/v2\/tags?post=28480"}],"curies":[{"name":"wp","href":"https:\/\/api.w.org\/{rel}","templated":true}]}}