{"id":28498,"date":"2023-10-07T10:22:31","date_gmt":"2023-10-07T08:22:31","guid":{"rendered":"https:\/\/www.article-marketing.eu\/comunicatistampa\/?p=28498"},"modified":"2023-10-05T11:52:07","modified_gmt":"2023-10-05T09:52:07","slug":"gruppo-fs-lambizioso-piano-dellad-luigi-ferraris-per-investire-125-miliardi-in-dieci-anni","status":"publish","type":"post","link":"https:\/\/www.article-marketing.eu\/comunicatistampa\/gruppo-fs-lambizioso-piano-dellad-luigi-ferraris-per-investire-125-miliardi-in-dieci-anni\/","title":{"rendered":"Gruppo FS, l\u2019ambizioso piano dell\u2019AD Luigi Ferraris per investire 125 miliardi in dieci anni"},"content":{"rendered":"<p><strong><em>L\u2019AD del Gruppo FS <a title=\"Luigi Ferraris, i prossimi investimenti del Gruppo FS\" href=\"https:\/\/www.milanofinanza.it\/news\/ferrovie-l-ad-fs-ferraris-protagonisti-in-europa-e-annuncia-interventi-per-125-miliardi-in-10-anni-202308231725537367\">Luigi Ferraris<\/a> rivendica il primato del Belpaese nei trasporti di ultima generazione: \u201cChi ha la vera rete alta velocit\u00e0 siamo noi, i francesi e gli spagnoli\u201d<\/em><\/strong><\/p>\n<p><a title=\"Luigi Ferraris al Meeting di Rimini\" href=\"https:\/\/www.milanofinanza.it\/news\/ferrovie-l-ad-fs-ferraris-protagonisti-in-europa-e-annuncia-interventi-per-125-miliardi-in-10-anni-202308231725537367\"><img loading=\"lazy\" decoding=\"async\" src=\"https:\/\/www.riflettorisu.it\/wp-content\/uploads\/2023\/04\/luigi_ferraris-400x494.jpg\" alt=\"Luigi Ferraris\" width=\"122\" height=\"150\" \/><\/a><\/p>\n<h2>Luigi Ferraris: \u201cGli investimenti del Gruppo FS hanno un impatto importante sul PIL\u201d<\/h2>\n<p>Un piano di investimenti che mobiliter\u00e0 oltre 125 miliardi di euro, creer\u00e0 lavoro per 200-300mila persone (tra dipendenti diretti e collaboratori esterni), alimenter\u00e0 4.000 cantieri (tra RFI e Anas) e avr\u00e0 un impatto misurabile sul PIL italiano di almeno 2 punti percentuale (in virt\u00f9 della spesa annuale tra i 12 e i 15 miliardi). I soli cantieri avranno un valore d\u2019opera complessivo di 50 miliardi, in quella che si configura come una operazione economica di portata storica. L\u2019AD del Gruppo FS <a title=\"Luigi Ferraris, gli obiettivi del Gruppo FS in Europa\" href=\"https:\/\/www.milanofinanza.it\/news\/ferrovie-l-ad-fs-ferraris-protagonisti-in-europa-e-annuncia-interventi-per-125-miliardi-in-10-anni-202308231725537367\"><strong>Luigi Ferraris<\/strong><\/a> mette in rilievo come le risorse del PNRR verranno utilizzate per creare non solo un poderoso potenziamento delle infrastrutture, ma anche un consistente effetto di ritorno sull\u2019economia. Il PNRR, nello specifico, contribuisce per circa 25 miliardi, mentre il resto viene da altre fonti di finanziamento pubblico. Secondo <strong>Luigi Ferraris<\/strong>, per due terzi della somma ci sono gi\u00e0 le necessarie coperture.<\/p>\n<h2>Gruppo FS, non solo in Italia: il piano di Luigi Ferraris per rendere la societ\u00e0 leader in Europa<\/h2>\n<p>Secondo l\u2019AD del Gruppo FS, l\u2019Italia \u00e8 uno dei pochi Paesi ad avere gi\u00e0 una rete integrata di treni ad alta velocit\u00e0 sul territorio nazionale. Tuttavia, uno degli obiettivi tracciati dall\u2019Unione Europea \u00e8 quello di creare una rete integrata a livello europeo, con collegamenti ad alta velocit\u00e0 tra le maggiori citt\u00e0 del continente. Gruppo FS si sta gi\u00e0 impegnando in importanti progetti in questa direzione: <strong>Luigi Ferraris<\/strong> ha annunciato, ad esempio, la costruzione di una flotta di 20 treni ad alta velocit\u00e0 per la Spagna, dove la societ\u00e0 \u00e8 il terzo operatore privato pi\u00f9 importante (assieme alla Francia). L\u2019AD ha anticipato la costruzione di un collegamento diretto Parigi-Barcellona in entrambe le direzioni. Un altro progetto ambizioso \u00e8 la tratta Milano-Monaco, che sar\u00e0 coperta nientemeno che dal Frecciarossa. <strong>Luigi Ferraris<\/strong> non si dimentica, in ogni caso, del Belpaese e annuncia che presto saranno trovati nuovi fondi per la tratta Roma-Pescara.<\/p>\n","protected":false},"excerpt":{"rendered":"<p>L\u2019AD del Gruppo FS Luigi Ferraris rivendica il primato del Belpaese nei trasporti di ultima generazione: \u201cChi ha la vera rete alta velocit\u00e0 siamo noi, i francesi e gli spagnoli\u201d Luigi Ferraris: \u201cGli investimenti del Gruppo FS hanno un impatto importante sul PIL\u201d Un piano di investimenti che mobiliter\u00e0 oltre 125 miliardi di euro, creer\u00e0 lavoro per 200-300mila persone (tra dipendenti diretti e collaboratori esterni), alimenter\u00e0 4.000 cantieri (tra RFI<\/p>\n<p><a class=\"continue-reading\" href=\"https:\/\/www.article-marketing.eu\/comunicatistampa\/gruppo-fs-lambizioso-piano-dellad-luigi-ferraris-per-investire-125-miliardi-in-dieci-anni\/\">Continue reading&#8230;<\/a><\/p>\n","protected":false},"author":7203,"featured_media":0,"comment_status":"open","ping_status":"open","sticky":false,"template":"","format":"standard","meta":{"_monsterinsights_skip_tracking":false,"_monsterinsights_sitenote_active":false,"_monsterinsights_sitenote_note":"","_monsterinsights_sitenote_category":0,"footnotes":""},"categories":[386],"tags":[10013,9540],"class_list":["post-28498","post","type-post","status-publish","format-standard","hentry","category-economia-e-lavoro","tag-gruppo-fs","tag-luigi-ferraris"],"yoast_head":"<!-- This site is optimized with the Yoast SEO plugin v27.3 - https:\/\/yoast.com\/product\/yoast-seo-wordpress\/ -->\n<title>Gruppo FS, l\u2019ambizioso piano dell\u2019AD Luigi Ferraris per investire 125 miliardi in dieci anni<\/title>\n<meta name=\"description\" content=\"Un piano di investimenti da 125 miliardi con un impatto minimo del 2% sul PIL: l\u2019ambizioso progetto di Gruppo FS illustrato da Luigi Ferraris\" \/>\n<meta name=\"robots\" content=\"index, follow, max-snippet:-1, max-image-preview:large, max-video-preview:-1\" \/>\n<link rel=\"canonical\" href=\"https:\/\/www.article-marketing.eu\/comunicatistampa\/gruppo-fs-lambizioso-piano-dellad-luigi-ferraris-per-investire-125-miliardi-in-dieci-anni\/\" \/>\n<meta property=\"og:locale\" content=\"it_IT\" \/>\n<meta property=\"og:type\" content=\"article\" \/>\n<meta property=\"og:title\" content=\"Gruppo FS, l\u2019ambizioso piano dell\u2019AD Luigi Ferraris per investire 125 miliardi in dieci anni\" \/>\n<meta property=\"og:description\" content=\"Un piano di investimenti da 125 miliardi con un impatto minimo del 2% sul PIL: l\u2019ambizioso progetto di Gruppo FS illustrato da Luigi Ferraris\" \/>\n<meta property=\"og:url\" content=\"https:\/\/www.article-marketing.eu\/comunicatistampa\/gruppo-fs-lambizioso-piano-dellad-luigi-ferraris-per-investire-125-miliardi-in-dieci-anni\/\" \/>\n<meta property=\"og:site_name\" content=\"Article Marketing\" \/>\n<meta property=\"article:published_time\" content=\"2023-10-07T08:22:31+00:00\" \/>\n<meta property=\"og:image\" content=\"https:\/\/www.riflettorisu.it\/wp-content\/uploads\/2023\/04\/luigi_ferraris-400x494.jpg\" \/>\n<meta name=\"author\" content=\"gbofficeprnews\" \/>\n<meta name=\"twitter:card\" content=\"summary_large_image\" \/>\n<meta name=\"twitter:label1\" content=\"Scritto da\" \/>\n\t<meta name=\"twitter:data1\" content=\"gbofficeprnews\" \/>\n\t<meta name=\"twitter:label2\" content=\"Tempo di lettura stimato\" \/>\n\t<meta name=\"twitter:data2\" content=\"3 minuti\" \/>\n<script type=\"application\/ld+json\" class=\"yoast-schema-graph\">{\"@context\":\"https:\\\/\\\/schema.org\",\"@graph\":[{\"@type\":\"Article\",\"@id\":\"https:\\\/\\\/www.article-marketing.eu\\\/comunicatistampa\\\/gruppo-fs-lambizioso-piano-dellad-luigi-ferraris-per-investire-125-miliardi-in-dieci-anni\\\/#article\",\"isPartOf\":{\"@id\":\"https:\\\/\\\/www.article-marketing.eu\\\/comunicatistampa\\\/gruppo-fs-lambizioso-piano-dellad-luigi-ferraris-per-investire-125-miliardi-in-dieci-anni\\\/\"},\"author\":{\"name\":\"gbofficeprnews\",\"@id\":\"https:\\\/\\\/www.article-marketing.eu\\\/comunicatistampa\\\/#\\\/schema\\\/person\\\/00c541681af1a376511ed63d59ca096f\"},\"headline\":\"Gruppo FS, l\u2019ambizioso piano dell\u2019AD Luigi Ferraris per investire 125 miliardi in dieci anni\",\"datePublished\":\"2023-10-07T08:22:31+00:00\",\"mainEntityOfPage\":{\"@id\":\"https:\\\/\\\/www.article-marketing.eu\\\/comunicatistampa\\\/gruppo-fs-lambizioso-piano-dellad-luigi-ferraris-per-investire-125-miliardi-in-dieci-anni\\\/\"},\"wordCount\":365,\"commentCount\":0,\"image\":{\"@id\":\"https:\\\/\\\/www.article-marketing.eu\\\/comunicatistampa\\\/gruppo-fs-lambizioso-piano-dellad-luigi-ferraris-per-investire-125-miliardi-in-dieci-anni\\\/#primaryimage\"},\"thumbnailUrl\":\"https:\\\/\\\/www.riflettorisu.it\\\/wp-content\\\/uploads\\\/2023\\\/04\\\/luigi_ferraris-400x494.jpg\",\"keywords\":[\"Gruppo FS\",\"Luigi Ferraris\"],\"articleSection\":[\"Economia e lavoro\"],\"inLanguage\":\"it-IT\",\"potentialAction\":[{\"@type\":\"CommentAction\",\"name\":\"Comment\",\"target\":[\"https:\\\/\\\/www.article-marketing.eu\\\/comunicatistampa\\\/gruppo-fs-lambizioso-piano-dellad-luigi-ferraris-per-investire-125-miliardi-in-dieci-anni\\\/#respond\"]}]},{\"@type\":\"WebPage\",\"@id\":\"https:\\\/\\\/www.article-marketing.eu\\\/comunicatistampa\\\/gruppo-fs-lambizioso-piano-dellad-luigi-ferraris-per-investire-125-miliardi-in-dieci-anni\\\/\",\"url\":\"https:\\\/\\\/www.article-marketing.eu\\\/comunicatistampa\\\/gruppo-fs-lambizioso-piano-dellad-luigi-ferraris-per-investire-125-miliardi-in-dieci-anni\\\/\",\"name\":\"Gruppo FS, l\u2019ambizioso piano dell\u2019AD Luigi Ferraris per investire 125 miliardi in dieci anni\",\"isPartOf\":{\"@id\":\"https:\\\/\\\/www.article-marketing.eu\\\/comunicatistampa\\\/#website\"},\"primaryImageOfPage\":{\"@id\":\"https:\\\/\\\/www.article-marketing.eu\\\/comunicatistampa\\\/gruppo-fs-lambizioso-piano-dellad-luigi-ferraris-per-investire-125-miliardi-in-dieci-anni\\\/#primaryimage\"},\"image\":{\"@id\":\"https:\\\/\\\/www.article-marketing.eu\\\/comunicatistampa\\\/gruppo-fs-lambizioso-piano-dellad-luigi-ferraris-per-investire-125-miliardi-in-dieci-anni\\\/#primaryimage\"},\"thumbnailUrl\":\"https:\\\/\\\/www.riflettorisu.it\\\/wp-content\\\/uploads\\\/2023\\\/04\\\/luigi_ferraris-400x494.jpg\",\"datePublished\":\"2023-10-07T08:22:31+00:00\",\"author\":{\"@id\":\"https:\\\/\\\/www.article-marketing.eu\\\/comunicatistampa\\\/#\\\/schema\\\/person\\\/00c541681af1a376511ed63d59ca096f\"},\"description\":\"Un piano di investimenti da 125 miliardi con un impatto minimo del 2% sul PIL: l\u2019ambizioso progetto di Gruppo FS illustrato da Luigi Ferraris\",\"breadcrumb\":{\"@id\":\"https:\\\/\\\/www.article-marketing.eu\\\/comunicatistampa\\\/gruppo-fs-lambizioso-piano-dellad-luigi-ferraris-per-investire-125-miliardi-in-dieci-anni\\\/#breadcrumb\"},\"inLanguage\":\"it-IT\",\"potentialAction\":[{\"@type\":\"ReadAction\",\"target\":[\"https:\\\/\\\/www.article-marketing.eu\\\/comunicatistampa\\\/gruppo-fs-lambizioso-piano-dellad-luigi-ferraris-per-investire-125-miliardi-in-dieci-anni\\\/\"]}]},{\"@type\":\"ImageObject\",\"inLanguage\":\"it-IT\",\"@id\":\"https:\\\/\\\/www.article-marketing.eu\\\/comunicatistampa\\\/gruppo-fs-lambizioso-piano-dellad-luigi-ferraris-per-investire-125-miliardi-in-dieci-anni\\\/#primaryimage\",\"url\":\"https:\\\/\\\/www.riflettorisu.it\\\/wp-content\\\/uploads\\\/2023\\\/04\\\/luigi_ferraris-400x494.jpg\",\"contentUrl\":\"https:\\\/\\\/www.riflettorisu.it\\\/wp-content\\\/uploads\\\/2023\\\/04\\\/luigi_ferraris-400x494.jpg\"},{\"@type\":\"BreadcrumbList\",\"@id\":\"https:\\\/\\\/www.article-marketing.eu\\\/comunicatistampa\\\/gruppo-fs-lambizioso-piano-dellad-luigi-ferraris-per-investire-125-miliardi-in-dieci-anni\\\/#breadcrumb\",\"itemListElement\":[{\"@type\":\"ListItem\",\"position\":1,\"name\":\"Home\",\"item\":\"https:\\\/\\\/www.article-marketing.eu\\\/comunicatistampa\\\/\"},{\"@type\":\"ListItem\",\"position\":2,\"name\":\"Gruppo FS, l\u2019ambizioso piano dell\u2019AD Luigi Ferraris per investire 125 miliardi in dieci anni\"}]},{\"@type\":\"WebSite\",\"@id\":\"https:\\\/\\\/www.article-marketing.eu\\\/comunicatistampa\\\/#website\",\"url\":\"https:\\\/\\\/www.article-marketing.eu\\\/comunicatistampa\\\/\",\"name\":\"Article Marketing\",\"description\":\"article marketing &amp; press release\",\"potentialAction\":[{\"@type\":\"SearchAction\",\"target\":{\"@type\":\"EntryPoint\",\"urlTemplate\":\"https:\\\/\\\/www.article-marketing.eu\\\/comunicatistampa\\\/?s={search_term_string}\"},\"query-input\":{\"@type\":\"PropertyValueSpecification\",\"valueRequired\":true,\"valueName\":\"search_term_string\"}}],\"inLanguage\":\"it-IT\"},{\"@type\":\"Person\",\"@id\":\"https:\\\/\\\/www.article-marketing.eu\\\/comunicatistampa\\\/#\\\/schema\\\/person\\\/00c541681af1a376511ed63d59ca096f\",\"name\":\"gbofficeprnews\",\"image\":{\"@type\":\"ImageObject\",\"inLanguage\":\"it-IT\",\"@id\":\"https:\\\/\\\/secure.gravatar.com\\\/avatar\\\/6c895f4b9cd59fffe899c25f76b85bf0d427605c1f0d3b07c81e155c001265cf?s=96&d=mm&r=g\",\"url\":\"https:\\\/\\\/secure.gravatar.com\\\/avatar\\\/6c895f4b9cd59fffe899c25f76b85bf0d427605c1f0d3b07c81e155c001265cf?s=96&d=mm&r=g\",\"contentUrl\":\"https:\\\/\\\/secure.gravatar.com\\\/avatar\\\/6c895f4b9cd59fffe899c25f76b85bf0d427605c1f0d3b07c81e155c001265cf?s=96&d=mm&r=g\",\"caption\":\"gbofficeprnews\"},\"url\":\"https:\\\/\\\/www.article-marketing.eu\\\/comunicatistampa\\\/author\\\/gbofficeprnews\\\/\"}]}<\/script>\n<!-- \/ Yoast SEO plugin. -->","yoast_head_json":{"title":"Gruppo FS, l\u2019ambizioso piano dell\u2019AD Luigi Ferraris per investire 125 miliardi in dieci anni","description":"Un piano di investimenti da 125 miliardi con un impatto minimo del 2% sul PIL: l\u2019ambizioso progetto di Gruppo FS illustrato da Luigi Ferraris","robots":{"index":"index","follow":"follow","max-snippet":"max-snippet:-1","max-image-preview":"max-image-preview:large","max-video-preview":"max-video-preview:-1"},"canonical":"https:\/\/www.article-marketing.eu\/comunicatistampa\/gruppo-fs-lambizioso-piano-dellad-luigi-ferraris-per-investire-125-miliardi-in-dieci-anni\/","og_locale":"it_IT","og_type":"article","og_title":"Gruppo FS, l\u2019ambizioso piano dell\u2019AD Luigi Ferraris per investire 125 miliardi in dieci anni","og_description":"Un piano di investimenti da 125 miliardi con un impatto minimo del 2% sul PIL: l\u2019ambizioso progetto di Gruppo FS illustrato da Luigi Ferraris","og_url":"https:\/\/www.article-marketing.eu\/comunicatistampa\/gruppo-fs-lambizioso-piano-dellad-luigi-ferraris-per-investire-125-miliardi-in-dieci-anni\/","og_site_name":"Article Marketing","article_published_time":"2023-10-07T08:22:31+00:00","og_image":[{"url":"https:\/\/www.riflettorisu.it\/wp-content\/uploads\/2023\/04\/luigi_ferraris-400x494.jpg","type":"","width":"","height":""}],"author":"gbofficeprnews","twitter_card":"summary_large_image","twitter_misc":{"Scritto da":"gbofficeprnews","Tempo di lettura stimato":"3 minuti"},"schema":{"@context":"https:\/\/schema.org","@graph":[{"@type":"Article","@id":"https:\/\/www.article-marketing.eu\/comunicatistampa\/gruppo-fs-lambizioso-piano-dellad-luigi-ferraris-per-investire-125-miliardi-in-dieci-anni\/#article","isPartOf":{"@id":"https:\/\/www.article-marketing.eu\/comunicatistampa\/gruppo-fs-lambizioso-piano-dellad-luigi-ferraris-per-investire-125-miliardi-in-dieci-anni\/"},"author":{"name":"gbofficeprnews","@id":"https:\/\/www.article-marketing.eu\/comunicatistampa\/#\/schema\/person\/00c541681af1a376511ed63d59ca096f"},"headline":"Gruppo FS, l\u2019ambizioso piano dell\u2019AD Luigi Ferraris per investire 125 miliardi in dieci anni","datePublished":"2023-10-07T08:22:31+00:00","mainEntityOfPage":{"@id":"https:\/\/www.article-marketing.eu\/comunicatistampa\/gruppo-fs-lambizioso-piano-dellad-luigi-ferraris-per-investire-125-miliardi-in-dieci-anni\/"},"wordCount":365,"commentCount":0,"image":{"@id":"https:\/\/www.article-marketing.eu\/comunicatistampa\/gruppo-fs-lambizioso-piano-dellad-luigi-ferraris-per-investire-125-miliardi-in-dieci-anni\/#primaryimage"},"thumbnailUrl":"https:\/\/www.riflettorisu.it\/wp-content\/uploads\/2023\/04\/luigi_ferraris-400x494.jpg","keywords":["Gruppo FS","Luigi Ferraris"],"articleSection":["Economia e lavoro"],"inLanguage":"it-IT","potentialAction":[{"@type":"CommentAction","name":"Comment","target":["https:\/\/www.article-marketing.eu\/comunicatistampa\/gruppo-fs-lambizioso-piano-dellad-luigi-ferraris-per-investire-125-miliardi-in-dieci-anni\/#respond"]}]},{"@type":"WebPage","@id":"https:\/\/www.article-marketing.eu\/comunicatistampa\/gruppo-fs-lambizioso-piano-dellad-luigi-ferraris-per-investire-125-miliardi-in-dieci-anni\/","url":"https:\/\/www.article-marketing.eu\/comunicatistampa\/gruppo-fs-lambizioso-piano-dellad-luigi-ferraris-per-investire-125-miliardi-in-dieci-anni\/","name":"Gruppo FS, l\u2019ambizioso piano dell\u2019AD Luigi Ferraris per investire 125 miliardi in dieci anni","isPartOf":{"@id":"https:\/\/www.article-marketing.eu\/comunicatistampa\/#website"},"primaryImageOfPage":{"@id":"https:\/\/www.article-marketing.eu\/comunicatistampa\/gruppo-fs-lambizioso-piano-dellad-luigi-ferraris-per-investire-125-miliardi-in-dieci-anni\/#primaryimage"},"image":{"@id":"https:\/\/www.article-marketing.eu\/comunicatistampa\/gruppo-fs-lambizioso-piano-dellad-luigi-ferraris-per-investire-125-miliardi-in-dieci-anni\/#primaryimage"},"thumbnailUrl":"https:\/\/www.riflettorisu.it\/wp-content\/uploads\/2023\/04\/luigi_ferraris-400x494.jpg","datePublished":"2023-10-07T08:22:31+00:00","author":{"@id":"https:\/\/www.article-marketing.eu\/comunicatistampa\/#\/schema\/person\/00c541681af1a376511ed63d59ca096f"},"description":"Un piano di investimenti da 125 miliardi con un impatto minimo del 2% sul PIL: l\u2019ambizioso progetto di Gruppo FS illustrato da Luigi Ferraris","breadcrumb":{"@id":"https:\/\/www.article-marketing.eu\/comunicatistampa\/gruppo-fs-lambizioso-piano-dellad-luigi-ferraris-per-investire-125-miliardi-in-dieci-anni\/#breadcrumb"},"inLanguage":"it-IT","potentialAction":[{"@type":"ReadAction","target":["https:\/\/www.article-marketing.eu\/comunicatistampa\/gruppo-fs-lambizioso-piano-dellad-luigi-ferraris-per-investire-125-miliardi-in-dieci-anni\/"]}]},{"@type":"ImageObject","inLanguage":"it-IT","@id":"https:\/\/www.article-marketing.eu\/comunicatistampa\/gruppo-fs-lambizioso-piano-dellad-luigi-ferraris-per-investire-125-miliardi-in-dieci-anni\/#primaryimage","url":"https:\/\/www.riflettorisu.it\/wp-content\/uploads\/2023\/04\/luigi_ferraris-400x494.jpg","contentUrl":"https:\/\/www.riflettorisu.it\/wp-content\/uploads\/2023\/04\/luigi_ferraris-400x494.jpg"},{"@type":"BreadcrumbList","@id":"https:\/\/www.article-marketing.eu\/comunicatistampa\/gruppo-fs-lambizioso-piano-dellad-luigi-ferraris-per-investire-125-miliardi-in-dieci-anni\/#breadcrumb","itemListElement":[{"@type":"ListItem","position":1,"name":"Home","item":"https:\/\/www.article-marketing.eu\/comunicatistampa\/"},{"@type":"ListItem","position":2,"name":"Gruppo FS, l\u2019ambizioso piano dell\u2019AD Luigi Ferraris per investire 125 miliardi in dieci anni"}]},{"@type":"WebSite","@id":"https:\/\/www.article-marketing.eu\/comunicatistampa\/#website","url":"https:\/\/www.article-marketing.eu\/comunicatistampa\/","name":"Article Marketing","description":"article marketing &amp; press release","potentialAction":[{"@type":"SearchAction","target":{"@type":"EntryPoint","urlTemplate":"https:\/\/www.article-marketing.eu\/comunicatistampa\/?s={search_term_string}"},"query-input":{"@type":"PropertyValueSpecification","valueRequired":true,"valueName":"search_term_string"}}],"inLanguage":"it-IT"},{"@type":"Person","@id":"https:\/\/www.article-marketing.eu\/comunicatistampa\/#\/schema\/person\/00c541681af1a376511ed63d59ca096f","name":"gbofficeprnews","image":{"@type":"ImageObject","inLanguage":"it-IT","@id":"https:\/\/secure.gravatar.com\/avatar\/6c895f4b9cd59fffe899c25f76b85bf0d427605c1f0d3b07c81e155c001265cf?s=96&d=mm&r=g","url":"https:\/\/secure.gravatar.com\/avatar\/6c895f4b9cd59fffe899c25f76b85bf0d427605c1f0d3b07c81e155c001265cf?s=96&d=mm&r=g","contentUrl":"https:\/\/secure.gravatar.com\/avatar\/6c895f4b9cd59fffe899c25f76b85bf0d427605c1f0d3b07c81e155c001265cf?s=96&d=mm&r=g","caption":"gbofficeprnews"},"url":"https:\/\/www.article-marketing.eu\/comunicatistampa\/author\/gbofficeprnews\/"}]}},"_links":{"self":[{"href":"https:\/\/www.article-marketing.eu\/comunicatistampa\/wp-json\/wp\/v2\/posts\/28498","targetHints":{"allow":["GET"]}}],"collection":[{"href":"https:\/\/www.article-marketing.eu\/comunicatistampa\/wp-json\/wp\/v2\/posts"}],"about":[{"href":"https:\/\/www.article-marketing.eu\/comunicatistampa\/wp-json\/wp\/v2\/types\/post"}],"author":[{"embeddable":true,"href":"https:\/\/www.article-marketing.eu\/comunicatistampa\/wp-json\/wp\/v2\/users\/7203"}],"replies":[{"embeddable":true,"href":"https:\/\/www.article-marketing.eu\/comunicatistampa\/wp-json\/wp\/v2\/comments?post=28498"}],"version-history":[{"count":2,"href":"https:\/\/www.article-marketing.eu\/comunicatistampa\/wp-json\/wp\/v2\/posts\/28498\/revisions"}],"predecessor-version":[{"id":28531,"href":"https:\/\/www.article-marketing.eu\/comunicatistampa\/wp-json\/wp\/v2\/posts\/28498\/revisions\/28531"}],"wp:attachment":[{"href":"https:\/\/www.article-marketing.eu\/comunicatistampa\/wp-json\/wp\/v2\/media?parent=28498"}],"wp:term":[{"taxonomy":"category","embeddable":true,"href":"https:\/\/www.article-marketing.eu\/comunicatistampa\/wp-json\/wp\/v2\/categories?post=28498"},{"taxonomy":"post_tag","embeddable":true,"href":"https:\/\/www.article-marketing.eu\/comunicatistampa\/wp-json\/wp\/v2\/tags?post=28498"}],"curies":[{"name":"wp","href":"https:\/\/api.w.org\/{rel}","templated":true}]}}