{"id":28500,"date":"2023-10-07T08:33:37","date_gmt":"2023-10-07T06:33:37","guid":{"rendered":"https:\/\/www.article-marketing.eu\/comunicatistampa\/?p=28500"},"modified":"2023-10-05T11:51:45","modified_gmt":"2023-10-05T09:51:45","slug":"fondazione-amplifon-la-onlus-presieduta-da-susan-carol-holland-supera-i-tre-anni-di-attivita","status":"publish","type":"post","link":"https:\/\/www.article-marketing.eu\/comunicatistampa\/fondazione-amplifon-la-onlus-presieduta-da-susan-carol-holland-supera-i-tre-anni-di-attivita\/","title":{"rendered":"Fondazione Amplifon: la Onlus presieduta da Susan Carol Holland supera i tre anni di attivit\u00e0"},"content":{"rendered":"<p><em><strong>Fondazione Amplifon, Onlus presieduta da <a title=\"Susan Carol Holland: gli ultimi tre anni di Fondazione Amplifon\" href=\"https:\/\/reportculture.com\/2023\/06\/29\/fondazione-amplifon-susan-carol-holland-tre-anni-di-iniziative-per-riportare-al-centro-gli-anziani\/\">Susan Carol Holland<\/a>, ha festeggiato il suo terzo compleanno e pu\u00f2 gi\u00e0 celebrare un numero importante di iniziative promosse a favore degli anziani.<\/strong><\/em><\/p>\n<p><a title=\"Fondazione Amplifon, Susan Carol Holland: tre anni di iniziative per gli anziani\" href=\"https:\/\/reportculture.com\/2023\/06\/29\/fondazione-amplifon-susan-carol-holland-tre-anni-di-iniziative-per-riportare-al-centro-gli-anziani\/\"><img loading=\"lazy\" decoding=\"async\" src=\"https:\/\/h2biz.net\/images\/Plats\/crop_min_20230112151048.jpg\" alt=\"Susan Carol Holland\" width=\"150\" height=\"150\" \/><\/a><\/p>\n<h2>Susan Carol Holland: Fondazione Amplifon ha gi\u00e0 compiuto tre anni<\/h2>\n<p>Tre anni di iniziative e progetti per rimettere al centro gli anziani e ridare loro la qualit\u00e0 di vita che si meritano: Fondazione Amplifon ha gi\u00e0 superato il suo terzo anno di attivit\u00e0. Nata in seno al leader mondiale dell\u2019hearing care Amplifon, che annunci\u00f2 la sua creazione in occasione del 70esimo compleanno del Gruppo, la Onlus si propone di aiutare la silver age a raggiungere il massimo potenziale nella vita. La mission \u00e8 stata anche esplicitata diverse volte dalla Presidente <strong><a title=\"Le iniziative della Onlus presieduta da Susan Carol Holland\" href=\"https:\/\/reportculture.com\/2023\/06\/29\/fondazione-amplifon-susan-carol-holland-tre-anni-di-iniziative-per-riportare-al-centro-gli-anziani\/\">Susan Carol Holland<\/a><\/strong>, la quale ha spesso spiegato: \u201c<em>Fondazione Amplifon lavora per garantire l\u2019inclusione a tutti coloro che rischiano di rimanere indietro, con attenzione particolare agli anziani nelle loro comunit\u00e0. Aggregando le migliori energie, idee e professionalit\u00e0 del mondo pubblico e privato, la Fondazione mira a riportare al centro il ruolo e il patrimonio di vita e conoscenza degli anziani, in un\u2019ottica di condivisione intergenerazionale<\/em>\u201d.<\/p>\n<h2>Le principali iniziative portate avanti finora dalla Onlus presieduta da Susan Carol Holland<\/h2>\n<p>In cima alla lista delle iniziative promosse da Fondazione Amplifon troviamo Ciao!. Con il coinvolgimento di 200 RSA italiane, l\u2019iniziativa consiste nell\u2019utilizzare la tecnologia come strumento per migliorare il livello di benessere e di inclusione sociale degli anziani. Come? Attraverso attivit\u00e0 di intrattenimento di varia natura: si va dallo yoga ai viaggi digitali, dall\u2019arteterapia alla musica. Nel 2020 la Onlus presieduta da <strong>Susan Carol Holland<\/strong> ha promosso \u201cViva gli Anziani\u201d, un progetto sviluppato dalla Comunit\u00e0 di Sant\u2019Egidio che da quell\u2019anno fornisce supporto e assistenza agli anziani delle citt\u00e0 italiane, e che ha probabilmente ispirato un\u2019iniziativa analoga a Milano. Dare la possibilit\u00e0 agli ospiti delle RSA di realizzare i propri sogni \u00e8 invece l\u2019obiettivo di \u201cLet\u2019s Dream\u201d, la quale ha permesso, tra le tante cose, di trasformare una RSA nel palcoscenico di un concerto di Bobby Solo.<\/p>\n","protected":false},"excerpt":{"rendered":"<p>Fondazione Amplifon, Onlus presieduta da Susan Carol Holland, ha festeggiato il suo terzo compleanno e pu\u00f2 gi\u00e0 celebrare un numero importante di iniziative promosse a favore degli anziani. Susan Carol Holland: Fondazione Amplifon ha gi\u00e0 compiuto tre anni Tre anni di iniziative e progetti per rimettere al centro gli anziani e ridare loro la qualit\u00e0 di vita che si meritano: Fondazione Amplifon ha gi\u00e0 superato il suo terzo anno di<\/p>\n<p><a class=\"continue-reading\" href=\"https:\/\/www.article-marketing.eu\/comunicatistampa\/fondazione-amplifon-la-onlus-presieduta-da-susan-carol-holland-supera-i-tre-anni-di-attivita\/\">Continue reading&#8230;<\/a><\/p>\n","protected":false},"author":7203,"featured_media":0,"comment_status":"open","ping_status":"open","sticky":false,"template":"","format":"standard","meta":{"_monsterinsights_skip_tracking":false,"_monsterinsights_sitenote_active":false,"_monsterinsights_sitenote_note":"","_monsterinsights_sitenote_category":0,"footnotes":""},"categories":[369],"tags":[10799],"class_list":["post-28500","post","type-post","status-publish","format-standard","hentry","category-salute-e-benessere","tag-susan-carol-holland"],"yoast_head":"<!-- This site is optimized with the Yoast SEO plugin v27.3 - https:\/\/yoast.com\/product\/yoast-seo-wordpress\/ -->\n<title>Fondazione Amplifon: la Onlus presieduta da Susan Carol Holland supera i tre anni di attivit\u00e0<\/title>\n<meta name=\"description\" content=\"Susan Carol Holland: Fondazione Amplifon promuove da pi\u00f9 di tre anni l\u2019inclusione degli anziani con iniziative per una degna qualit\u00e0 di vita\" \/>\n<meta name=\"robots\" content=\"index, follow, max-snippet:-1, max-image-preview:large, max-video-preview:-1\" \/>\n<link rel=\"canonical\" href=\"https:\/\/www.article-marketing.eu\/comunicatistampa\/fondazione-amplifon-la-onlus-presieduta-da-susan-carol-holland-supera-i-tre-anni-di-attivita\/\" \/>\n<meta property=\"og:locale\" content=\"it_IT\" \/>\n<meta property=\"og:type\" content=\"article\" \/>\n<meta property=\"og:title\" content=\"Fondazione Amplifon: la Onlus presieduta da Susan Carol Holland supera i tre anni di attivit\u00e0\" \/>\n<meta property=\"og:description\" content=\"Susan Carol Holland: Fondazione Amplifon promuove da pi\u00f9 di tre anni l\u2019inclusione degli anziani con iniziative per una degna qualit\u00e0 di vita\" \/>\n<meta property=\"og:url\" content=\"https:\/\/www.article-marketing.eu\/comunicatistampa\/fondazione-amplifon-la-onlus-presieduta-da-susan-carol-holland-supera-i-tre-anni-di-attivita\/\" \/>\n<meta property=\"og:site_name\" content=\"Article Marketing\" \/>\n<meta property=\"article:published_time\" content=\"2023-10-07T06:33:37+00:00\" \/>\n<meta property=\"og:image\" content=\"https:\/\/h2biz.net\/images\/Plats\/crop_min_20230112151048.jpg\" \/>\n<meta name=\"author\" content=\"gbofficeprnews\" \/>\n<meta name=\"twitter:card\" content=\"summary_large_image\" \/>\n<meta name=\"twitter:label1\" content=\"Scritto da\" \/>\n\t<meta name=\"twitter:data1\" content=\"gbofficeprnews\" \/>\n\t<meta name=\"twitter:label2\" content=\"Tempo di lettura stimato\" \/>\n\t<meta name=\"twitter:data2\" content=\"2 minuti\" \/>\n<script type=\"application\/ld+json\" class=\"yoast-schema-graph\">{\"@context\":\"https:\\\/\\\/schema.org\",\"@graph\":[{\"@type\":\"Article\",\"@id\":\"https:\\\/\\\/www.article-marketing.eu\\\/comunicatistampa\\\/fondazione-amplifon-la-onlus-presieduta-da-susan-carol-holland-supera-i-tre-anni-di-attivita\\\/#article\",\"isPartOf\":{\"@id\":\"https:\\\/\\\/www.article-marketing.eu\\\/comunicatistampa\\\/fondazione-amplifon-la-onlus-presieduta-da-susan-carol-holland-supera-i-tre-anni-di-attivita\\\/\"},\"author\":{\"name\":\"gbofficeprnews\",\"@id\":\"https:\\\/\\\/www.article-marketing.eu\\\/comunicatistampa\\\/#\\\/schema\\\/person\\\/00c541681af1a376511ed63d59ca096f\"},\"headline\":\"Fondazione Amplifon: la Onlus presieduta da Susan Carol Holland supera i tre anni di attivit\u00e0\",\"datePublished\":\"2023-10-07T06:33:37+00:00\",\"mainEntityOfPage\":{\"@id\":\"https:\\\/\\\/www.article-marketing.eu\\\/comunicatistampa\\\/fondazione-amplifon-la-onlus-presieduta-da-susan-carol-holland-supera-i-tre-anni-di-attivita\\\/\"},\"wordCount\":354,\"commentCount\":0,\"image\":{\"@id\":\"https:\\\/\\\/www.article-marketing.eu\\\/comunicatistampa\\\/fondazione-amplifon-la-onlus-presieduta-da-susan-carol-holland-supera-i-tre-anni-di-attivita\\\/#primaryimage\"},\"thumbnailUrl\":\"https:\\\/\\\/h2biz.net\\\/images\\\/Plats\\\/crop_min_20230112151048.jpg\",\"keywords\":[\"Susan Carol Holland\"],\"articleSection\":[\"Salute e benessere\"],\"inLanguage\":\"it-IT\",\"potentialAction\":[{\"@type\":\"CommentAction\",\"name\":\"Comment\",\"target\":[\"https:\\\/\\\/www.article-marketing.eu\\\/comunicatistampa\\\/fondazione-amplifon-la-onlus-presieduta-da-susan-carol-holland-supera-i-tre-anni-di-attivita\\\/#respond\"]}]},{\"@type\":\"WebPage\",\"@id\":\"https:\\\/\\\/www.article-marketing.eu\\\/comunicatistampa\\\/fondazione-amplifon-la-onlus-presieduta-da-susan-carol-holland-supera-i-tre-anni-di-attivita\\\/\",\"url\":\"https:\\\/\\\/www.article-marketing.eu\\\/comunicatistampa\\\/fondazione-amplifon-la-onlus-presieduta-da-susan-carol-holland-supera-i-tre-anni-di-attivita\\\/\",\"name\":\"Fondazione Amplifon: la Onlus presieduta da Susan Carol Holland supera i tre anni di attivit\u00e0\",\"isPartOf\":{\"@id\":\"https:\\\/\\\/www.article-marketing.eu\\\/comunicatistampa\\\/#website\"},\"primaryImageOfPage\":{\"@id\":\"https:\\\/\\\/www.article-marketing.eu\\\/comunicatistampa\\\/fondazione-amplifon-la-onlus-presieduta-da-susan-carol-holland-supera-i-tre-anni-di-attivita\\\/#primaryimage\"},\"image\":{\"@id\":\"https:\\\/\\\/www.article-marketing.eu\\\/comunicatistampa\\\/fondazione-amplifon-la-onlus-presieduta-da-susan-carol-holland-supera-i-tre-anni-di-attivita\\\/#primaryimage\"},\"thumbnailUrl\":\"https:\\\/\\\/h2biz.net\\\/images\\\/Plats\\\/crop_min_20230112151048.jpg\",\"datePublished\":\"2023-10-07T06:33:37+00:00\",\"author\":{\"@id\":\"https:\\\/\\\/www.article-marketing.eu\\\/comunicatistampa\\\/#\\\/schema\\\/person\\\/00c541681af1a376511ed63d59ca096f\"},\"description\":\"Susan Carol Holland: Fondazione Amplifon promuove da pi\u00f9 di tre anni l\u2019inclusione degli anziani con iniziative per una degna qualit\u00e0 di vita\",\"breadcrumb\":{\"@id\":\"https:\\\/\\\/www.article-marketing.eu\\\/comunicatistampa\\\/fondazione-amplifon-la-onlus-presieduta-da-susan-carol-holland-supera-i-tre-anni-di-attivita\\\/#breadcrumb\"},\"inLanguage\":\"it-IT\",\"potentialAction\":[{\"@type\":\"ReadAction\",\"target\":[\"https:\\\/\\\/www.article-marketing.eu\\\/comunicatistampa\\\/fondazione-amplifon-la-onlus-presieduta-da-susan-carol-holland-supera-i-tre-anni-di-attivita\\\/\"]}]},{\"@type\":\"ImageObject\",\"inLanguage\":\"it-IT\",\"@id\":\"https:\\\/\\\/www.article-marketing.eu\\\/comunicatistampa\\\/fondazione-amplifon-la-onlus-presieduta-da-susan-carol-holland-supera-i-tre-anni-di-attivita\\\/#primaryimage\",\"url\":\"https:\\\/\\\/h2biz.net\\\/images\\\/Plats\\\/crop_min_20230112151048.jpg\",\"contentUrl\":\"https:\\\/\\\/h2biz.net\\\/images\\\/Plats\\\/crop_min_20230112151048.jpg\"},{\"@type\":\"BreadcrumbList\",\"@id\":\"https:\\\/\\\/www.article-marketing.eu\\\/comunicatistampa\\\/fondazione-amplifon-la-onlus-presieduta-da-susan-carol-holland-supera-i-tre-anni-di-attivita\\\/#breadcrumb\",\"itemListElement\":[{\"@type\":\"ListItem\",\"position\":1,\"name\":\"Home\",\"item\":\"https:\\\/\\\/www.article-marketing.eu\\\/comunicatistampa\\\/\"},{\"@type\":\"ListItem\",\"position\":2,\"name\":\"Fondazione Amplifon: la Onlus presieduta da Susan Carol Holland supera i tre anni di attivit\u00e0\"}]},{\"@type\":\"WebSite\",\"@id\":\"https:\\\/\\\/www.article-marketing.eu\\\/comunicatistampa\\\/#website\",\"url\":\"https:\\\/\\\/www.article-marketing.eu\\\/comunicatistampa\\\/\",\"name\":\"Article Marketing\",\"description\":\"article marketing &amp; press release\",\"potentialAction\":[{\"@type\":\"SearchAction\",\"target\":{\"@type\":\"EntryPoint\",\"urlTemplate\":\"https:\\\/\\\/www.article-marketing.eu\\\/comunicatistampa\\\/?s={search_term_string}\"},\"query-input\":{\"@type\":\"PropertyValueSpecification\",\"valueRequired\":true,\"valueName\":\"search_term_string\"}}],\"inLanguage\":\"it-IT\"},{\"@type\":\"Person\",\"@id\":\"https:\\\/\\\/www.article-marketing.eu\\\/comunicatistampa\\\/#\\\/schema\\\/person\\\/00c541681af1a376511ed63d59ca096f\",\"name\":\"gbofficeprnews\",\"image\":{\"@type\":\"ImageObject\",\"inLanguage\":\"it-IT\",\"@id\":\"https:\\\/\\\/secure.gravatar.com\\\/avatar\\\/6c895f4b9cd59fffe899c25f76b85bf0d427605c1f0d3b07c81e155c001265cf?s=96&d=mm&r=g\",\"url\":\"https:\\\/\\\/secure.gravatar.com\\\/avatar\\\/6c895f4b9cd59fffe899c25f76b85bf0d427605c1f0d3b07c81e155c001265cf?s=96&d=mm&r=g\",\"contentUrl\":\"https:\\\/\\\/secure.gravatar.com\\\/avatar\\\/6c895f4b9cd59fffe899c25f76b85bf0d427605c1f0d3b07c81e155c001265cf?s=96&d=mm&r=g\",\"caption\":\"gbofficeprnews\"},\"url\":\"https:\\\/\\\/www.article-marketing.eu\\\/comunicatistampa\\\/author\\\/gbofficeprnews\\\/\"}]}<\/script>\n<!-- \/ Yoast SEO plugin. -->","yoast_head_json":{"title":"Fondazione Amplifon: la Onlus presieduta da Susan Carol Holland supera i tre anni di attivit\u00e0","description":"Susan Carol Holland: Fondazione Amplifon promuove da pi\u00f9 di tre anni l\u2019inclusione degli anziani con iniziative per una degna qualit\u00e0 di vita","robots":{"index":"index","follow":"follow","max-snippet":"max-snippet:-1","max-image-preview":"max-image-preview:large","max-video-preview":"max-video-preview:-1"},"canonical":"https:\/\/www.article-marketing.eu\/comunicatistampa\/fondazione-amplifon-la-onlus-presieduta-da-susan-carol-holland-supera-i-tre-anni-di-attivita\/","og_locale":"it_IT","og_type":"article","og_title":"Fondazione Amplifon: la Onlus presieduta da Susan Carol Holland supera i tre anni di attivit\u00e0","og_description":"Susan Carol Holland: Fondazione Amplifon promuove da pi\u00f9 di tre anni l\u2019inclusione degli anziani con iniziative per una degna qualit\u00e0 di vita","og_url":"https:\/\/www.article-marketing.eu\/comunicatistampa\/fondazione-amplifon-la-onlus-presieduta-da-susan-carol-holland-supera-i-tre-anni-di-attivita\/","og_site_name":"Article Marketing","article_published_time":"2023-10-07T06:33:37+00:00","og_image":[{"url":"https:\/\/h2biz.net\/images\/Plats\/crop_min_20230112151048.jpg","type":"","width":"","height":""}],"author":"gbofficeprnews","twitter_card":"summary_large_image","twitter_misc":{"Scritto da":"gbofficeprnews","Tempo di lettura stimato":"2 minuti"},"schema":{"@context":"https:\/\/schema.org","@graph":[{"@type":"Article","@id":"https:\/\/www.article-marketing.eu\/comunicatistampa\/fondazione-amplifon-la-onlus-presieduta-da-susan-carol-holland-supera-i-tre-anni-di-attivita\/#article","isPartOf":{"@id":"https:\/\/www.article-marketing.eu\/comunicatistampa\/fondazione-amplifon-la-onlus-presieduta-da-susan-carol-holland-supera-i-tre-anni-di-attivita\/"},"author":{"name":"gbofficeprnews","@id":"https:\/\/www.article-marketing.eu\/comunicatistampa\/#\/schema\/person\/00c541681af1a376511ed63d59ca096f"},"headline":"Fondazione Amplifon: la Onlus presieduta da Susan Carol Holland supera i tre anni di attivit\u00e0","datePublished":"2023-10-07T06:33:37+00:00","mainEntityOfPage":{"@id":"https:\/\/www.article-marketing.eu\/comunicatistampa\/fondazione-amplifon-la-onlus-presieduta-da-susan-carol-holland-supera-i-tre-anni-di-attivita\/"},"wordCount":354,"commentCount":0,"image":{"@id":"https:\/\/www.article-marketing.eu\/comunicatistampa\/fondazione-amplifon-la-onlus-presieduta-da-susan-carol-holland-supera-i-tre-anni-di-attivita\/#primaryimage"},"thumbnailUrl":"https:\/\/h2biz.net\/images\/Plats\/crop_min_20230112151048.jpg","keywords":["Susan Carol Holland"],"articleSection":["Salute e benessere"],"inLanguage":"it-IT","potentialAction":[{"@type":"CommentAction","name":"Comment","target":["https:\/\/www.article-marketing.eu\/comunicatistampa\/fondazione-amplifon-la-onlus-presieduta-da-susan-carol-holland-supera-i-tre-anni-di-attivita\/#respond"]}]},{"@type":"WebPage","@id":"https:\/\/www.article-marketing.eu\/comunicatistampa\/fondazione-amplifon-la-onlus-presieduta-da-susan-carol-holland-supera-i-tre-anni-di-attivita\/","url":"https:\/\/www.article-marketing.eu\/comunicatistampa\/fondazione-amplifon-la-onlus-presieduta-da-susan-carol-holland-supera-i-tre-anni-di-attivita\/","name":"Fondazione Amplifon: la Onlus presieduta da Susan Carol Holland supera i tre anni di attivit\u00e0","isPartOf":{"@id":"https:\/\/www.article-marketing.eu\/comunicatistampa\/#website"},"primaryImageOfPage":{"@id":"https:\/\/www.article-marketing.eu\/comunicatistampa\/fondazione-amplifon-la-onlus-presieduta-da-susan-carol-holland-supera-i-tre-anni-di-attivita\/#primaryimage"},"image":{"@id":"https:\/\/www.article-marketing.eu\/comunicatistampa\/fondazione-amplifon-la-onlus-presieduta-da-susan-carol-holland-supera-i-tre-anni-di-attivita\/#primaryimage"},"thumbnailUrl":"https:\/\/h2biz.net\/images\/Plats\/crop_min_20230112151048.jpg","datePublished":"2023-10-07T06:33:37+00:00","author":{"@id":"https:\/\/www.article-marketing.eu\/comunicatistampa\/#\/schema\/person\/00c541681af1a376511ed63d59ca096f"},"description":"Susan Carol Holland: Fondazione Amplifon promuove da pi\u00f9 di tre anni l\u2019inclusione degli anziani con iniziative per una degna qualit\u00e0 di vita","breadcrumb":{"@id":"https:\/\/www.article-marketing.eu\/comunicatistampa\/fondazione-amplifon-la-onlus-presieduta-da-susan-carol-holland-supera-i-tre-anni-di-attivita\/#breadcrumb"},"inLanguage":"it-IT","potentialAction":[{"@type":"ReadAction","target":["https:\/\/www.article-marketing.eu\/comunicatistampa\/fondazione-amplifon-la-onlus-presieduta-da-susan-carol-holland-supera-i-tre-anni-di-attivita\/"]}]},{"@type":"ImageObject","inLanguage":"it-IT","@id":"https:\/\/www.article-marketing.eu\/comunicatistampa\/fondazione-amplifon-la-onlus-presieduta-da-susan-carol-holland-supera-i-tre-anni-di-attivita\/#primaryimage","url":"https:\/\/h2biz.net\/images\/Plats\/crop_min_20230112151048.jpg","contentUrl":"https:\/\/h2biz.net\/images\/Plats\/crop_min_20230112151048.jpg"},{"@type":"BreadcrumbList","@id":"https:\/\/www.article-marketing.eu\/comunicatistampa\/fondazione-amplifon-la-onlus-presieduta-da-susan-carol-holland-supera-i-tre-anni-di-attivita\/#breadcrumb","itemListElement":[{"@type":"ListItem","position":1,"name":"Home","item":"https:\/\/www.article-marketing.eu\/comunicatistampa\/"},{"@type":"ListItem","position":2,"name":"Fondazione Amplifon: la Onlus presieduta da Susan Carol Holland supera i tre anni di attivit\u00e0"}]},{"@type":"WebSite","@id":"https:\/\/www.article-marketing.eu\/comunicatistampa\/#website","url":"https:\/\/www.article-marketing.eu\/comunicatistampa\/","name":"Article Marketing","description":"article marketing &amp; press release","potentialAction":[{"@type":"SearchAction","target":{"@type":"EntryPoint","urlTemplate":"https:\/\/www.article-marketing.eu\/comunicatistampa\/?s={search_term_string}"},"query-input":{"@type":"PropertyValueSpecification","valueRequired":true,"valueName":"search_term_string"}}],"inLanguage":"it-IT"},{"@type":"Person","@id":"https:\/\/www.article-marketing.eu\/comunicatistampa\/#\/schema\/person\/00c541681af1a376511ed63d59ca096f","name":"gbofficeprnews","image":{"@type":"ImageObject","inLanguage":"it-IT","@id":"https:\/\/secure.gravatar.com\/avatar\/6c895f4b9cd59fffe899c25f76b85bf0d427605c1f0d3b07c81e155c001265cf?s=96&d=mm&r=g","url":"https:\/\/secure.gravatar.com\/avatar\/6c895f4b9cd59fffe899c25f76b85bf0d427605c1f0d3b07c81e155c001265cf?s=96&d=mm&r=g","contentUrl":"https:\/\/secure.gravatar.com\/avatar\/6c895f4b9cd59fffe899c25f76b85bf0d427605c1f0d3b07c81e155c001265cf?s=96&d=mm&r=g","caption":"gbofficeprnews"},"url":"https:\/\/www.article-marketing.eu\/comunicatistampa\/author\/gbofficeprnews\/"}]}},"_links":{"self":[{"href":"https:\/\/www.article-marketing.eu\/comunicatistampa\/wp-json\/wp\/v2\/posts\/28500","targetHints":{"allow":["GET"]}}],"collection":[{"href":"https:\/\/www.article-marketing.eu\/comunicatistampa\/wp-json\/wp\/v2\/posts"}],"about":[{"href":"https:\/\/www.article-marketing.eu\/comunicatistampa\/wp-json\/wp\/v2\/types\/post"}],"author":[{"embeddable":true,"href":"https:\/\/www.article-marketing.eu\/comunicatistampa\/wp-json\/wp\/v2\/users\/7203"}],"replies":[{"embeddable":true,"href":"https:\/\/www.article-marketing.eu\/comunicatistampa\/wp-json\/wp\/v2\/comments?post=28500"}],"version-history":[{"count":2,"href":"https:\/\/www.article-marketing.eu\/comunicatistampa\/wp-json\/wp\/v2\/posts\/28500\/revisions"}],"predecessor-version":[{"id":28530,"href":"https:\/\/www.article-marketing.eu\/comunicatistampa\/wp-json\/wp\/v2\/posts\/28500\/revisions\/28530"}],"wp:attachment":[{"href":"https:\/\/www.article-marketing.eu\/comunicatistampa\/wp-json\/wp\/v2\/media?parent=28500"}],"wp:term":[{"taxonomy":"category","embeddable":true,"href":"https:\/\/www.article-marketing.eu\/comunicatistampa\/wp-json\/wp\/v2\/categories?post=28500"},{"taxonomy":"post_tag","embeddable":true,"href":"https:\/\/www.article-marketing.eu\/comunicatistampa\/wp-json\/wp\/v2\/tags?post=28500"}],"curies":[{"name":"wp","href":"https:\/\/api.w.org\/{rel}","templated":true}]}}