{"id":28510,"date":"2023-10-05T11:38:28","date_gmt":"2023-10-05T09:38:28","guid":{"rendered":"https:\/\/www.article-marketing.eu\/comunicatistampa\/?p=28510"},"modified":"2023-10-05T11:38:28","modified_gmt":"2023-10-05T09:38:28","slug":"institutional-advisor-premia-enrico-vita-e-il-team-di-amplifon","status":"publish","type":"post","link":"https:\/\/www.article-marketing.eu\/comunicatistampa\/institutional-advisor-premia-enrico-vita-e-il-team-di-amplifon\/","title":{"rendered":"Institutional Advisor premia Enrico Vita e il team di Amplifon"},"content":{"rendered":"<p><em><strong>Il ranking di Institutional Advisor riconosce i notevoli traguardi conseguiti da Amplifon sotto la guida di <a title=\"Enrico Vita nominato migliore CEO nel settore MedTech in Europa\" href=\"https:\/\/www.ripartelitalia.it\/enrico-vita-di-amplifon-nominato-migliore-ceo-nel-settore-medtech-in-europa\/\">Enrico Vita<\/a>: oltre al primato nella categoria \u201cBest Ceo 2023\u201d per il settore MedTech, il riconoscimento \u201cBest IR Professionals\u201d e il secondo posto per \u201cBest CFO\u201d, il Gruppo si \u00e8 posizionato nella parte alta della classifica per aspetti ESG, programmi di Investor Relations e IR team.<\/strong><\/em><\/p>\n<p><a title=\"Institutional Advisor premia Enrico Vita come miglior CEO\" href=\"https:\/\/www.ripartelitalia.it\/enrico-vita-di-amplifon-nominato-migliore-ceo-nel-settore-medtech-in-europa\/\"><img loading=\"lazy\" decoding=\"async\" src=\"https:\/\/www.ripartelitalia.it\/wp-content\/uploads\/2023\/09\/Enrico-Vita.jpg\" alt=\"Enrico Vita, CEO del Gruppo Amplifon\" width=\"267\" height=\"150\" \/><\/a><\/p>\n<h2>Institutional Advisor premia Enrico Vita e il team di Amplifon nella sua classifica<\/h2>\n<p><strong>Enrico Vita<\/strong> \u201cMiglior Ceo 2023\u201d in Europa nella categoria Medical Technology &amp; Services: il riconoscimento viene dall\u2019istituto di ricerca indipendente Institutional Advisor, che ha posizionato al primo posto l\u2019AD e DG di Amplifon nella sua classifica <em>All-Developed Europe Executive<\/em>, che individua i migliori manager del continente. Amplifon ha ricevuto altri riconoscimenti nel prestigioso <em>ranking<\/em>: il Direttore Finanziario Gabriele Galli si \u00e8 infatti posizionato al secondo posto per la categoria \u201cBest CFO\u201d, mentre Francesca Rimbaudi, Investor Relations &amp; Sustainability Sr Director, ha ottenuto il primato nel compartimento \u201cBest IR Professionals\u201d. Nel complesso, Amplifon si \u00e8 distinta con ottime posizioni in classifica anche per quanto concerne aspetti ESG, Investor Relations e IR team. La classifica di Institutional Advisor, basata sulle analisi di oltre 1.600 professionisti, esperti di finanza, analisti e investitori istituzionali, \u00e8 considerata tra le pi\u00f9 prestigiose e oggettive del mondo, ed \u00e8 dunque una importantissima attestazione degli importanti risultati ottenuti da Amplifon sotto la guida di <a title=\"Enrico Vita premiato da Institutional Investor come miglior CEO nel settore MedTech\" href=\"https:\/\/www.ripartelitalia.it\/enrico-vita-di-amplifon-nominato-migliore-ceo-nel-settore-medtech-in-europa\/\"><strong>Enrico Vita<\/strong><\/a>.<\/p>\n<h2>I buoni risultati di Enrico Vita nella gestione di Amplifon<\/h2>\n<p>Ma quali sono gli aspetti del <em>management<\/em> di Amplifon che hanno valso a <strong>Enrico Vita <\/strong>un riconoscimento tanto prestigioso? Innanzitutto, i risultati sul piano finanziario: a partire dalla sua nomina come AD, nel 2015, ha portato Amplifon a un fatturato di 2,119 miliardi di euro, che non ha precedenti nella storia aziendale del Gruppo. Nel corso del suo mandato come Amministratore Delegato, il valore di titolo \u00e8 aumentato di ben 7 volte, passando dai 4,5 euro ai circa 30 di adesso. Il segreto di questo successo sta nella particolare strategia adottata da <strong>Enrico Vita<\/strong>, che punta a fornire al cliente un servizio al 100% personalizzato valendosi di una analisi capillare del prodotto. Il <em>ranking <\/em>di Institutional Advisor ha inoltre premiato gli importanti investimenti nell\u2019innovazione. Attraverso la <em>partnership<\/em> con Next Age, principale \u201cacceleratore di start-up\u201d sul territorio europeo, Amplifon intende puntare ancora di pi\u00f9 su tale aspetto. Mentre la cosiddetta <em>Silver Economy<\/em> (i servizi dedicati alla Terza Et\u00e0) aumenta per importanza e volume d\u2019affari, Amplifon si accinge a conseguire risultati ancora pi\u00f9 eclatanti.<\/p>\n","protected":false},"excerpt":{"rendered":"<p>Il ranking di Institutional Advisor riconosce i notevoli traguardi conseguiti da Amplifon sotto la guida di Enrico Vita: oltre al primato nella categoria \u201cBest Ceo 2023\u201d per il settore MedTech, il riconoscimento \u201cBest IR Professionals\u201d e il secondo posto per \u201cBest CFO\u201d, il Gruppo si \u00e8 posizionato nella parte alta della classifica per aspetti ESG, programmi di Investor Relations e IR team. Institutional Advisor premia Enrico Vita e il team<\/p>\n<p><a class=\"continue-reading\" href=\"https:\/\/www.article-marketing.eu\/comunicatistampa\/institutional-advisor-premia-enrico-vita-e-il-team-di-amplifon\/\">Continue reading&#8230;<\/a><\/p>\n","protected":false},"author":7233,"featured_media":0,"comment_status":"open","ping_status":"open","sticky":false,"template":"","format":"standard","meta":{"_monsterinsights_skip_tracking":false,"_monsterinsights_sitenote_active":false,"_monsterinsights_sitenote_note":"","_monsterinsights_sitenote_category":0,"footnotes":""},"categories":[390],"tags":[10643],"class_list":["post-28510","post","type-post","status-publish","format-standard","hentry","category-professionisti","tag-enrico-vita"],"yoast_head":"<!-- This site is optimized with the Yoast SEO plugin v27.3 - https:\/\/yoast.com\/product\/yoast-seo-wordpress\/ -->\n<title>Institutional Advisor premia Enrico Vita e il team di Amplifon - Article Marketing<\/title>\n<meta name=\"description\" content=\"Importanti conferme per Amplifon da Institutional Advisor: l\u2019AD Enrico Vita \u00e8 stato nominato \u201cBest Ceo 2023\u201d nella categoria MedTech\" \/>\n<meta name=\"robots\" content=\"index, follow, max-snippet:-1, max-image-preview:large, max-video-preview:-1\" \/>\n<link rel=\"canonical\" href=\"https:\/\/www.article-marketing.eu\/comunicatistampa\/institutional-advisor-premia-enrico-vita-e-il-team-di-amplifon\/\" \/>\n<meta property=\"og:locale\" content=\"it_IT\" \/>\n<meta property=\"og:type\" content=\"article\" \/>\n<meta property=\"og:title\" content=\"Institutional Advisor premia Enrico Vita e il team di Amplifon - Article Marketing\" \/>\n<meta property=\"og:description\" content=\"Importanti conferme per Amplifon da Institutional Advisor: l\u2019AD Enrico Vita \u00e8 stato nominato \u201cBest Ceo 2023\u201d nella categoria MedTech\" \/>\n<meta property=\"og:url\" content=\"https:\/\/www.article-marketing.eu\/comunicatistampa\/institutional-advisor-premia-enrico-vita-e-il-team-di-amplifon\/\" \/>\n<meta property=\"og:site_name\" content=\"Article Marketing\" \/>\n<meta property=\"article:published_time\" content=\"2023-10-05T09:38:28+00:00\" \/>\n<meta property=\"og:image\" content=\"https:\/\/www.ripartelitalia.it\/wp-content\/uploads\/2023\/09\/Enrico-Vita.jpg\" \/>\n<meta name=\"author\" content=\"pressnewsmm\" \/>\n<meta name=\"twitter:card\" content=\"summary_large_image\" \/>\n<meta name=\"twitter:label1\" content=\"Scritto da\" \/>\n\t<meta name=\"twitter:data1\" content=\"pressnewsmm\" \/>\n\t<meta name=\"twitter:label2\" content=\"Tempo di lettura stimato\" \/>\n\t<meta name=\"twitter:data2\" content=\"3 minuti\" \/>\n<script type=\"application\/ld+json\" class=\"yoast-schema-graph\">{\"@context\":\"https:\\\/\\\/schema.org\",\"@graph\":[{\"@type\":\"Article\",\"@id\":\"https:\\\/\\\/www.article-marketing.eu\\\/comunicatistampa\\\/institutional-advisor-premia-enrico-vita-e-il-team-di-amplifon\\\/#article\",\"isPartOf\":{\"@id\":\"https:\\\/\\\/www.article-marketing.eu\\\/comunicatistampa\\\/institutional-advisor-premia-enrico-vita-e-il-team-di-amplifon\\\/\"},\"author\":{\"name\":\"pressnewsmm\",\"@id\":\"https:\\\/\\\/www.article-marketing.eu\\\/comunicatistampa\\\/#\\\/schema\\\/person\\\/ec712baba1e9398fa2b8d17f617a6739\"},\"headline\":\"Institutional Advisor premia Enrico Vita e il team di Amplifon\",\"datePublished\":\"2023-10-05T09:38:28+00:00\",\"mainEntityOfPage\":{\"@id\":\"https:\\\/\\\/www.article-marketing.eu\\\/comunicatistampa\\\/institutional-advisor-premia-enrico-vita-e-il-team-di-amplifon\\\/\"},\"wordCount\":414,\"commentCount\":0,\"image\":{\"@id\":\"https:\\\/\\\/www.article-marketing.eu\\\/comunicatistampa\\\/institutional-advisor-premia-enrico-vita-e-il-team-di-amplifon\\\/#primaryimage\"},\"thumbnailUrl\":\"https:\\\/\\\/www.ripartelitalia.it\\\/wp-content\\\/uploads\\\/2023\\\/09\\\/Enrico-Vita.jpg\",\"keywords\":[\"Enrico Vita\"],\"articleSection\":[\"Professionisti\"],\"inLanguage\":\"it-IT\",\"potentialAction\":[{\"@type\":\"CommentAction\",\"name\":\"Comment\",\"target\":[\"https:\\\/\\\/www.article-marketing.eu\\\/comunicatistampa\\\/institutional-advisor-premia-enrico-vita-e-il-team-di-amplifon\\\/#respond\"]}]},{\"@type\":\"WebPage\",\"@id\":\"https:\\\/\\\/www.article-marketing.eu\\\/comunicatistampa\\\/institutional-advisor-premia-enrico-vita-e-il-team-di-amplifon\\\/\",\"url\":\"https:\\\/\\\/www.article-marketing.eu\\\/comunicatistampa\\\/institutional-advisor-premia-enrico-vita-e-il-team-di-amplifon\\\/\",\"name\":\"Institutional Advisor premia Enrico Vita e il team di Amplifon - Article Marketing\",\"isPartOf\":{\"@id\":\"https:\\\/\\\/www.article-marketing.eu\\\/comunicatistampa\\\/#website\"},\"primaryImageOfPage\":{\"@id\":\"https:\\\/\\\/www.article-marketing.eu\\\/comunicatistampa\\\/institutional-advisor-premia-enrico-vita-e-il-team-di-amplifon\\\/#primaryimage\"},\"image\":{\"@id\":\"https:\\\/\\\/www.article-marketing.eu\\\/comunicatistampa\\\/institutional-advisor-premia-enrico-vita-e-il-team-di-amplifon\\\/#primaryimage\"},\"thumbnailUrl\":\"https:\\\/\\\/www.ripartelitalia.it\\\/wp-content\\\/uploads\\\/2023\\\/09\\\/Enrico-Vita.jpg\",\"datePublished\":\"2023-10-05T09:38:28+00:00\",\"author\":{\"@id\":\"https:\\\/\\\/www.article-marketing.eu\\\/comunicatistampa\\\/#\\\/schema\\\/person\\\/ec712baba1e9398fa2b8d17f617a6739\"},\"description\":\"Importanti conferme per Amplifon da Institutional Advisor: l\u2019AD Enrico Vita \u00e8 stato nominato \u201cBest Ceo 2023\u201d nella categoria MedTech\",\"breadcrumb\":{\"@id\":\"https:\\\/\\\/www.article-marketing.eu\\\/comunicatistampa\\\/institutional-advisor-premia-enrico-vita-e-il-team-di-amplifon\\\/#breadcrumb\"},\"inLanguage\":\"it-IT\",\"potentialAction\":[{\"@type\":\"ReadAction\",\"target\":[\"https:\\\/\\\/www.article-marketing.eu\\\/comunicatistampa\\\/institutional-advisor-premia-enrico-vita-e-il-team-di-amplifon\\\/\"]}]},{\"@type\":\"ImageObject\",\"inLanguage\":\"it-IT\",\"@id\":\"https:\\\/\\\/www.article-marketing.eu\\\/comunicatistampa\\\/institutional-advisor-premia-enrico-vita-e-il-team-di-amplifon\\\/#primaryimage\",\"url\":\"https:\\\/\\\/www.ripartelitalia.it\\\/wp-content\\\/uploads\\\/2023\\\/09\\\/Enrico-Vita.jpg\",\"contentUrl\":\"https:\\\/\\\/www.ripartelitalia.it\\\/wp-content\\\/uploads\\\/2023\\\/09\\\/Enrico-Vita.jpg\"},{\"@type\":\"BreadcrumbList\",\"@id\":\"https:\\\/\\\/www.article-marketing.eu\\\/comunicatistampa\\\/institutional-advisor-premia-enrico-vita-e-il-team-di-amplifon\\\/#breadcrumb\",\"itemListElement\":[{\"@type\":\"ListItem\",\"position\":1,\"name\":\"Home\",\"item\":\"https:\\\/\\\/www.article-marketing.eu\\\/comunicatistampa\\\/\"},{\"@type\":\"ListItem\",\"position\":2,\"name\":\"Institutional Advisor premia Enrico Vita e il team di Amplifon\"}]},{\"@type\":\"WebSite\",\"@id\":\"https:\\\/\\\/www.article-marketing.eu\\\/comunicatistampa\\\/#website\",\"url\":\"https:\\\/\\\/www.article-marketing.eu\\\/comunicatistampa\\\/\",\"name\":\"Article Marketing\",\"description\":\"article marketing &amp; press release\",\"potentialAction\":[{\"@type\":\"SearchAction\",\"target\":{\"@type\":\"EntryPoint\",\"urlTemplate\":\"https:\\\/\\\/www.article-marketing.eu\\\/comunicatistampa\\\/?s={search_term_string}\"},\"query-input\":{\"@type\":\"PropertyValueSpecification\",\"valueRequired\":true,\"valueName\":\"search_term_string\"}}],\"inLanguage\":\"it-IT\"},{\"@type\":\"Person\",\"@id\":\"https:\\\/\\\/www.article-marketing.eu\\\/comunicatistampa\\\/#\\\/schema\\\/person\\\/ec712baba1e9398fa2b8d17f617a6739\",\"name\":\"pressnewsmm\",\"image\":{\"@type\":\"ImageObject\",\"inLanguage\":\"it-IT\",\"@id\":\"https:\\\/\\\/secure.gravatar.com\\\/avatar\\\/5aba7ff1e07f8e7a9ea2320640e560855afc39d6d6ec9b3da82ff83db4225474?s=96&d=mm&r=g\",\"url\":\"https:\\\/\\\/secure.gravatar.com\\\/avatar\\\/5aba7ff1e07f8e7a9ea2320640e560855afc39d6d6ec9b3da82ff83db4225474?s=96&d=mm&r=g\",\"contentUrl\":\"https:\\\/\\\/secure.gravatar.com\\\/avatar\\\/5aba7ff1e07f8e7a9ea2320640e560855afc39d6d6ec9b3da82ff83db4225474?s=96&d=mm&r=g\",\"caption\":\"pressnewsmm\"},\"url\":\"https:\\\/\\\/www.article-marketing.eu\\\/comunicatistampa\\\/author\\\/pressnewsmm\\\/\"}]}<\/script>\n<!-- \/ Yoast SEO plugin. -->","yoast_head_json":{"title":"Institutional Advisor premia Enrico Vita e il team di Amplifon - Article Marketing","description":"Importanti conferme per Amplifon da Institutional Advisor: l\u2019AD Enrico Vita \u00e8 stato nominato \u201cBest Ceo 2023\u201d nella categoria MedTech","robots":{"index":"index","follow":"follow","max-snippet":"max-snippet:-1","max-image-preview":"max-image-preview:large","max-video-preview":"max-video-preview:-1"},"canonical":"https:\/\/www.article-marketing.eu\/comunicatistampa\/institutional-advisor-premia-enrico-vita-e-il-team-di-amplifon\/","og_locale":"it_IT","og_type":"article","og_title":"Institutional Advisor premia Enrico Vita e il team di Amplifon - Article Marketing","og_description":"Importanti conferme per Amplifon da Institutional Advisor: l\u2019AD Enrico Vita \u00e8 stato nominato \u201cBest Ceo 2023\u201d nella categoria MedTech","og_url":"https:\/\/www.article-marketing.eu\/comunicatistampa\/institutional-advisor-premia-enrico-vita-e-il-team-di-amplifon\/","og_site_name":"Article Marketing","article_published_time":"2023-10-05T09:38:28+00:00","og_image":[{"url":"https:\/\/www.ripartelitalia.it\/wp-content\/uploads\/2023\/09\/Enrico-Vita.jpg","type":"","width":"","height":""}],"author":"pressnewsmm","twitter_card":"summary_large_image","twitter_misc":{"Scritto da":"pressnewsmm","Tempo di lettura stimato":"3 minuti"},"schema":{"@context":"https:\/\/schema.org","@graph":[{"@type":"Article","@id":"https:\/\/www.article-marketing.eu\/comunicatistampa\/institutional-advisor-premia-enrico-vita-e-il-team-di-amplifon\/#article","isPartOf":{"@id":"https:\/\/www.article-marketing.eu\/comunicatistampa\/institutional-advisor-premia-enrico-vita-e-il-team-di-amplifon\/"},"author":{"name":"pressnewsmm","@id":"https:\/\/www.article-marketing.eu\/comunicatistampa\/#\/schema\/person\/ec712baba1e9398fa2b8d17f617a6739"},"headline":"Institutional Advisor premia Enrico Vita e il team di Amplifon","datePublished":"2023-10-05T09:38:28+00:00","mainEntityOfPage":{"@id":"https:\/\/www.article-marketing.eu\/comunicatistampa\/institutional-advisor-premia-enrico-vita-e-il-team-di-amplifon\/"},"wordCount":414,"commentCount":0,"image":{"@id":"https:\/\/www.article-marketing.eu\/comunicatistampa\/institutional-advisor-premia-enrico-vita-e-il-team-di-amplifon\/#primaryimage"},"thumbnailUrl":"https:\/\/www.ripartelitalia.it\/wp-content\/uploads\/2023\/09\/Enrico-Vita.jpg","keywords":["Enrico Vita"],"articleSection":["Professionisti"],"inLanguage":"it-IT","potentialAction":[{"@type":"CommentAction","name":"Comment","target":["https:\/\/www.article-marketing.eu\/comunicatistampa\/institutional-advisor-premia-enrico-vita-e-il-team-di-amplifon\/#respond"]}]},{"@type":"WebPage","@id":"https:\/\/www.article-marketing.eu\/comunicatistampa\/institutional-advisor-premia-enrico-vita-e-il-team-di-amplifon\/","url":"https:\/\/www.article-marketing.eu\/comunicatistampa\/institutional-advisor-premia-enrico-vita-e-il-team-di-amplifon\/","name":"Institutional Advisor premia Enrico Vita e il team di Amplifon - Article Marketing","isPartOf":{"@id":"https:\/\/www.article-marketing.eu\/comunicatistampa\/#website"},"primaryImageOfPage":{"@id":"https:\/\/www.article-marketing.eu\/comunicatistampa\/institutional-advisor-premia-enrico-vita-e-il-team-di-amplifon\/#primaryimage"},"image":{"@id":"https:\/\/www.article-marketing.eu\/comunicatistampa\/institutional-advisor-premia-enrico-vita-e-il-team-di-amplifon\/#primaryimage"},"thumbnailUrl":"https:\/\/www.ripartelitalia.it\/wp-content\/uploads\/2023\/09\/Enrico-Vita.jpg","datePublished":"2023-10-05T09:38:28+00:00","author":{"@id":"https:\/\/www.article-marketing.eu\/comunicatistampa\/#\/schema\/person\/ec712baba1e9398fa2b8d17f617a6739"},"description":"Importanti conferme per Amplifon da Institutional Advisor: l\u2019AD Enrico Vita \u00e8 stato nominato \u201cBest Ceo 2023\u201d nella categoria MedTech","breadcrumb":{"@id":"https:\/\/www.article-marketing.eu\/comunicatistampa\/institutional-advisor-premia-enrico-vita-e-il-team-di-amplifon\/#breadcrumb"},"inLanguage":"it-IT","potentialAction":[{"@type":"ReadAction","target":["https:\/\/www.article-marketing.eu\/comunicatistampa\/institutional-advisor-premia-enrico-vita-e-il-team-di-amplifon\/"]}]},{"@type":"ImageObject","inLanguage":"it-IT","@id":"https:\/\/www.article-marketing.eu\/comunicatistampa\/institutional-advisor-premia-enrico-vita-e-il-team-di-amplifon\/#primaryimage","url":"https:\/\/www.ripartelitalia.it\/wp-content\/uploads\/2023\/09\/Enrico-Vita.jpg","contentUrl":"https:\/\/www.ripartelitalia.it\/wp-content\/uploads\/2023\/09\/Enrico-Vita.jpg"},{"@type":"BreadcrumbList","@id":"https:\/\/www.article-marketing.eu\/comunicatistampa\/institutional-advisor-premia-enrico-vita-e-il-team-di-amplifon\/#breadcrumb","itemListElement":[{"@type":"ListItem","position":1,"name":"Home","item":"https:\/\/www.article-marketing.eu\/comunicatistampa\/"},{"@type":"ListItem","position":2,"name":"Institutional Advisor premia Enrico Vita e il team di Amplifon"}]},{"@type":"WebSite","@id":"https:\/\/www.article-marketing.eu\/comunicatistampa\/#website","url":"https:\/\/www.article-marketing.eu\/comunicatistampa\/","name":"Article Marketing","description":"article marketing &amp; press release","potentialAction":[{"@type":"SearchAction","target":{"@type":"EntryPoint","urlTemplate":"https:\/\/www.article-marketing.eu\/comunicatistampa\/?s={search_term_string}"},"query-input":{"@type":"PropertyValueSpecification","valueRequired":true,"valueName":"search_term_string"}}],"inLanguage":"it-IT"},{"@type":"Person","@id":"https:\/\/www.article-marketing.eu\/comunicatistampa\/#\/schema\/person\/ec712baba1e9398fa2b8d17f617a6739","name":"pressnewsmm","image":{"@type":"ImageObject","inLanguage":"it-IT","@id":"https:\/\/secure.gravatar.com\/avatar\/5aba7ff1e07f8e7a9ea2320640e560855afc39d6d6ec9b3da82ff83db4225474?s=96&d=mm&r=g","url":"https:\/\/secure.gravatar.com\/avatar\/5aba7ff1e07f8e7a9ea2320640e560855afc39d6d6ec9b3da82ff83db4225474?s=96&d=mm&r=g","contentUrl":"https:\/\/secure.gravatar.com\/avatar\/5aba7ff1e07f8e7a9ea2320640e560855afc39d6d6ec9b3da82ff83db4225474?s=96&d=mm&r=g","caption":"pressnewsmm"},"url":"https:\/\/www.article-marketing.eu\/comunicatistampa\/author\/pressnewsmm\/"}]}},"_links":{"self":[{"href":"https:\/\/www.article-marketing.eu\/comunicatistampa\/wp-json\/wp\/v2\/posts\/28510","targetHints":{"allow":["GET"]}}],"collection":[{"href":"https:\/\/www.article-marketing.eu\/comunicatistampa\/wp-json\/wp\/v2\/posts"}],"about":[{"href":"https:\/\/www.article-marketing.eu\/comunicatistampa\/wp-json\/wp\/v2\/types\/post"}],"author":[{"embeddable":true,"href":"https:\/\/www.article-marketing.eu\/comunicatistampa\/wp-json\/wp\/v2\/users\/7233"}],"replies":[{"embeddable":true,"href":"https:\/\/www.article-marketing.eu\/comunicatistampa\/wp-json\/wp\/v2\/comments?post=28510"}],"version-history":[{"count":2,"href":"https:\/\/www.article-marketing.eu\/comunicatistampa\/wp-json\/wp\/v2\/posts\/28510\/revisions"}],"predecessor-version":[{"id":28522,"href":"https:\/\/www.article-marketing.eu\/comunicatistampa\/wp-json\/wp\/v2\/posts\/28510\/revisions\/28522"}],"wp:attachment":[{"href":"https:\/\/www.article-marketing.eu\/comunicatistampa\/wp-json\/wp\/v2\/media?parent=28510"}],"wp:term":[{"taxonomy":"category","embeddable":true,"href":"https:\/\/www.article-marketing.eu\/comunicatistampa\/wp-json\/wp\/v2\/categories?post=28510"},{"taxonomy":"post_tag","embeddable":true,"href":"https:\/\/www.article-marketing.eu\/comunicatistampa\/wp-json\/wp\/v2\/tags?post=28510"}],"curies":[{"name":"wp","href":"https:\/\/api.w.org\/{rel}","templated":true}]}}