{"id":28514,"date":"2023-10-05T11:37:59","date_gmt":"2023-10-05T09:37:59","guid":{"rendered":"https:\/\/www.article-marketing.eu\/comunicatistampa\/?p=28514"},"modified":"2023-10-05T11:37:59","modified_gmt":"2023-10-05T09:37:59","slug":"aifos-il-ricco-programma-di-workshop-e-convegni-ad-ambiente-lavoro-2023","status":"publish","type":"post","link":"https:\/\/www.article-marketing.eu\/comunicatistampa\/aifos-il-ricco-programma-di-workshop-e-convegni-ad-ambiente-lavoro-2023\/","title":{"rendered":"AiFOS: il ricco programma di workshop e convegni ad Ambiente Lavoro 2023"},"content":{"rendered":"<h1>Comunicato Stampa<\/h1>\n<h1>AiFOS: il ricco programma di workshop e convegni ad Ambiente Lavoro 2023<\/h1>\n<h1><\/h1>\n<p><strong><em>Ancora pochi posti disponibili per gli eventi che AiFOS organizza ad Ambiente Lavoro 2023 a Bologna: sostanze pericolose, sistemi di ancoraggio, prevenzione degli errori, UNI ISO 45002, invecchiamento, sicurezza inclusiva e ruolo dell\u2019RSPP.<\/em><\/strong><\/p>\n<p>&nbsp;<\/p>\n<p>Mancano ormai pochi giorni all\u2019inizio di <strong>Ambiente Lavoro<\/strong>, la principale manifestazione di riferimento per chi si occupa di salute e sicurezza sul lavoro, che si terr\u00e0 a <strong>Bologna <\/strong>dal<strong> 10 al 12 ottobre 2023<\/strong>. E come ogni anno l\u2019<strong>Associazione Italiana Formatori ed Operatori della Sicurezza sul Lavoro<\/strong> (AiFOS) partecipa attivamente alla manifestazione con numerosi convegni, workshop e incontri.<\/p>\n<p>&nbsp;<\/p>\n<p>Durante <strong>Ambiente Lavoro<\/strong> l\u2019Associazione AiFOS ha previsto molte iniziative:<\/p>\n<ul>\n<li>il <strong>10 ottobre <\/strong>il workshop \u201c<strong>Rischi da inalazione di sostanze pericolose<\/strong>\u201d;<\/li>\n<li>il <strong>10 ottobre <\/strong>il convegno \u201c<strong>RSPP mediatore della sicurezza. Buone prassi in Edilizia e prospettive normative<\/strong>\u201d;<\/li>\n<li>l\u2019<strong>11 ottobre <\/strong>il workshop \u201c<strong>Il punto sui sistemi di ancoraggio in copertura<\/strong>\u201d;<\/li>\n<li>l\u2019<strong>11 ottobre <\/strong>il workshop \u201c<strong>Perch\u00e9 commettiamo errori senza accorgercene<\/strong>\u201d;<\/li>\n<li>l\u2019<strong>11 ottobre <\/strong>il convegno \u201c<strong>Disabilit\u00e0 e neurodiversit\u00e0. Nuovi orizzonti di sicurezza inclusiva<\/strong>\u201d;<\/li>\n<li>il <strong>12 ottobre <\/strong>il workshop \u201c<strong>Progettare e migliorare il sistema di gestione: la nuova UNI ISO 45002<\/strong>\u201d;<\/li>\n<li>il <strong>12 ottobre <\/strong>il workshop \u201c<strong>Invecchiamento e lavoro: il tradizionale tema delle tre et\u00e0 dell\u2019uomo<\/strong>\u201d.<\/li>\n<\/ul>\n<p>Nell\u2019ambito di Ambiente Lavoro l\u2019Associazione AiFOS parteciper\u00e0 anche alla \u201c<strong>Presentazione della Carta di Bologna<\/strong>\u201d.<\/p>\n<p>&nbsp;<\/p>\n<p>Il link per avere informazioni e iscriversi agli eventi di AiFOS ad Ambiente Lavoro 2023: <a href=\"https:\/\/aifos.org\/home\/eventi\/fiere\/ambiente_lavoro_2023\">https:\/\/aifos.org\/home\/eventi\/fiere\/ambiente_lavoro_2023<\/a><\/p>\n<p>&nbsp;<\/p>\n<p><strong>Convegni: l\u2019RSPP come mediatore della sicurezza, disabilit\u00e0 e neurodiversit\u00e0<\/strong><\/p>\n<p>Il <strong>10 ottobre 2023 <\/strong>si terr\u00e0 &#8211; dalle 14:00 alle 15:00 \u2013 il nuovo convegno, con partecipazione gratuita, \u201c<strong>RSPP mediatore della sicurezza. Buone prassi in Edilizia e prospettive normative<\/strong>\u201d.<\/p>\n<p>&nbsp;<\/p>\n<p>Un convegno, che permetter\u00e0 di riflettere sul ruolo di mediatore della sicurezza dell\u2019RSPP e sulle buone prassi in edilizia, organizzato in collaborazione con <strong>Inail \u2013 Direzione regionale Campania<\/strong> e <strong>CFS Napoli<\/strong> e che riguarder\u00e0 anche la <strong>firma dell\u2019intesa<\/strong> AiFOS &#8211; Inail Campania &#8211; CFS Napoli del \u201cForum nazionale permanente RSPP\u201d a Napoli.<\/p>\n<p>&nbsp;<\/p>\n<p><strong>Saluti iniziali<\/strong><\/p>\n<ul>\n<li>Rocco Vitale &#8211; Presidente AiFOS<\/li>\n<li>Adele Pomponio &#8211; Direttrice regionale vicaria Inail Campania<\/li>\n<li>Roberta Vitale &#8211; Presidente CFS Napoli<\/li>\n<\/ul>\n<p><strong>Interventi<\/strong><\/p>\n<ul>\n<li>Mattia D&#8217;Acunto &#8211; Direttore CFS Napoli &#8211; <em>Buone prassi in edilizia: l\u2019esperienza de \u201cI Gioved\u00ec della Sicurezza in edilizia\u201d INAIL Campania &#8211; CFS Napoli<\/em><\/li>\n<li>Carmine Piccolo &#8211; Primo Ricercatore Inail Campania &#8211; <em>RSPP manager della sicurezza: criticit\u00e0 nella gestione della sicurezza in azienda<\/em><\/li>\n<li>Mario Gallo &#8211; Esperto Ministero del Lavoro e delle Politiche Sociali &#8211; <em>RSPP mediatore della sicurezza: gli ultimi orientamenti giurisprudenziali e le prospettive di riforma del D.Lgs. n.81\/2008<\/em><\/li>\n<\/ul>\n<p>&nbsp;<\/p>\n<p><em>La partecipazione al convegno conferir\u00e0 un <strong>credito di aggiornamento<\/strong> per le seguenti figure professionali: Formatore (area 1), RSPP\/ASPP, CSP\/CSE, RLS.<\/em><\/p>\n<p>&nbsp;<\/p>\n<p>L\u2019<strong>11 ottobre 2023 <\/strong>si terr\u00e0 \u2013 dalle 14.30 alle 17.00 &#8211; anche il convegno, con partecipazione gratuita, \u201c<strong>Disabilit\u00e0 e neurodiversit\u00e0. Nuovi orizzonti di sicurezza inclusiva<\/strong>\u201d.<\/p>\n<p>&nbsp;<\/p>\n<p>Oggi, gli operatori della prevenzione devono sempre pi\u00f9 organizzare la <em>safety<\/em> in modo inclusivo, in ottica di <strong><em>diversity management<\/em><\/strong>, con particolare riferimento ai temi della disabilit\u00e0 e delle neurodiversit\u00e0. Come approcciare le emergenze? Come progettare una formazione efficace? Come garantire a tutti il diritto alla salute, sicurezza e benessere? Gli speech che si alterneranno durante l&#8217;evento affronteranno questi aspetti sotto diversi punti di vista.<\/p>\n<p>&nbsp;<\/p>\n<p><em>A tutti i partecipanti verr\u00e0 consegnato un attestato di presenza valido per il rilascio di due <strong>crediti<\/strong> per Formatori (area 1 &#8211; normativa\/organizzativa), RSPP\/ASPP, CSP\/CSE, RLS.<\/em><\/p>\n<p><strong>\u00a0<\/strong><\/p>\n<p><strong>Workshop AiFOS: sostanze pericolose e sistemi di ancoraggio<\/strong><\/p>\n<p>Il <strong>10 ottobre 2023 <\/strong>si terr\u00e0 ad <strong>Ambiente Lavoro<\/strong> a <strong>Bologna<\/strong> &#8211; dalle 10:00 alle 12:00 &#8211; il workshop \u201c<strong>Rischi da inalazione di sostanze pericolose (campionamenti e analisi dei risultati)<\/strong>\u201d<strong>.<\/strong><\/p>\n<p>&nbsp;<\/p>\n<p>Durante il workshop si affronter\u00e0 una parte importante del <strong>rischio chimico e cancerogeno<\/strong> che attiene l&#8217;inalazione di sostanze pericolose, tra cui le polveri. Il seminario intende affrontare il dettato normativo entrando nella disciplina tecnica per condividere la conoscenza dell&#8217;aerosol aeriforme, formulando indicazioni sulla valutazione del rischio in base alle frazioni granulometriche e ai limiti di legge (TLV) e tenendo a riferimento il principio di precauzione e le modalit\u00e0 di impiego con cui ogni valutatore deve sempre confrontarsi. Durante il seminario si discuter\u00e0 di esposizione al rischio e metodologie di campionamento.<\/p>\n<p><em>\u00a0<\/em><\/p>\n<p><em>La partecipazione al workshop conferir\u00e0 due <strong>crediti di aggiornamento<\/strong> per le seguenti figure professionali: Formatore (area 1), RSPP\/ASPP, CSP\/CSE, RLS.<\/em><\/p>\n<p>&nbsp;<\/p>\n<p>L\u2019<strong>11 ottobre 2023 <\/strong>si terr\u00e0 &#8211; dalle 09:15 alle 11:15 &#8211; il workshop \u201c<strong>Il punto sui sistemi di ancoraggio in copertura<\/strong>\u201d<strong>.<\/strong><\/p>\n<p>&nbsp;<\/p>\n<p>Durante il workshop si ricorder\u00e0 che la sicurezza nell\u2019utilizzo dei <strong>sistemi di ancoraggio<\/strong> non pu\u00f2 prescindere da un corretto montaggio e da una periodica ed efficace manutenzione.<\/p>\n<p>Nel corso del workshop si far\u00e0 il punto degli obblighi normativi (che in parte sono differenti tra regione e regione) e dei requisiti di installatori e manutentori anche alla luce della norma UNI 11900.<\/p>\n<p>&nbsp;<\/p>\n<p><em>La partecipazione al workshop conferir\u00e0 due <strong>crediti di aggiornamento<\/strong> per le seguenti figure professionali: Formatore (area 2), RSPP\/ASPP, CSP\/CSE, RLS.<\/em><\/p>\n<p>&nbsp;<\/p>\n<p><strong>Workshop AiFOS: prevenzione degli errori, UNI ISO 45002 e <\/strong><strong>invecchiamento<\/strong><\/p>\n<p>Sempre ad Ambiente Lavoro a Bologna l\u2019<strong>11 ottobre 2023 <\/strong>l\u2019Associazione AiFOS organizza \u2013 dalle 14.00 alle 16.00 \u2013 il workshop \u201c<strong>Perch\u00e9 commettiamo errori senza accorgercene<\/strong>\u201d<strong>.<\/strong><\/p>\n<p>&nbsp;<\/p>\n<p>Verr\u00e0 trattata la classificazione degli <strong>errori<\/strong> secondo la teoria dello \u201c<em>Swiss Cheese Model<\/em>&#8221; di James Reason utilizzando alcuni esempi di incidenti che vengono generati da errori grossolani in molti casi sottovalutati o addirittura assolutamente ignorati. Molto spesso formazione insufficiente e comunicazione inefficace sono gli anelli comuni a tanti di questi incidenti.<\/p>\n<p><em>\u00a0<\/em><\/p>\n<p><em>La partecipazione al workshop conferir\u00e0 due <strong>crediti di aggiornamento<\/strong> per le seguenti figure professionali: Formatore (area 3), RSPP\/ASPP, CSP\/CSE, RLS.<\/em><\/p>\n<p>&nbsp;<\/p>\n<p>Gioved\u00ec <strong>12 ottobre 2023 <\/strong>si terr\u00e0 &#8211; dalle 09:15 alle 11:15 &#8211; il workshop \u201c<strong>Progettare e migliorare il sistema di gestione: la nuova UNI ISO 45002<\/strong>\u201d.<\/p>\n<p>&nbsp;<\/p>\n<p>A qualche anno dall\u2019applicazione della <strong>ISO 45001<\/strong>, norma per la implementazione e certificazione di Sistemi di Gestione Sicurezza e Salute, \u00e8 stata pubblicata una guida, la <strong>ISO 45002<\/strong>, con l\u2019obiettivo di meglio esplicitare e rendere fruibili i punti maggiormente ostici della ISO 45001. La nuova guida \u00e8 strutturata in modo da dare esempi pratici per il raggiungimento della conformit\u00e0 dei singoli requisiti ed \u00e8 possibile considerarla come una ottima guida anche per le organizzazioni che intendono approcciare ad un sistema di gestione e progettarlo dall\u2019inizio.<\/p>\n<p>La finalit\u00e0 del workshop \u00e8 dare un primo sguardo rapido alla nuova norma ed affrontare alcuni punti della ISO 45002 in relazione alla ISO 45001.<\/p>\n<p><em>\u00a0<\/em><\/p>\n<p><em>La partecipazione al workshop conferir\u00e0 due <strong>crediti di aggiornamento<\/strong> per le seguenti figure professionali: Formatore (area 1), RSPP\/ASPP, CSP\/CSE, RLS.<\/em><\/p>\n<p><em>\u00a0<\/em><\/p>\n<p>Infine &#8211; l\u2019ultimo evento organizzato da AiFOS ad Ambiente Lavoro \u2013 il workshop \u201c<strong>Invecchiamento e lavoro: il tradizionale tema delle tre et\u00e0 dell\u2019uomo<\/strong>\u201d &#8211; si terr\u00e0 il <strong>12 ottobre 2023 <\/strong>dalle 11:30 alle 13:30.<\/p>\n<p>&nbsp;<\/p>\n<p>Si ricorda che in ambito lavorativo l\u2019allungamento dell\u2019et\u00e0 pensionabile genera nuove sfide in quanto ai dipendenti \u00e8 richiesto di lavorare pi\u00f9 a lungo, con il conseguente innalzamento delle probabilit\u00e0 di una maggiore esposizione ai rischi presenti nei luoghi di lavoro.<\/p>\n<p>Questa contingenza fisiologica determina, per il management aziendale, l\u2019inevitabile necessit\u00e0 di riorganizzare i processi produttivi per fronteggiare l\u2019<strong>avanzamento dell\u2019et\u00e0<\/strong> dei propri collaboratori e per cercare di mantenere inalterato il livello di competitivit\u00e0.<\/p>\n<p>L\u2019incontro si propone quale momento di confronto e di riflessione in merito alle tematiche relative all\u2019avanzamento dell\u2019et\u00e0 e agli stili di vita che generano ricadute sia in ambito lavorativo che extralavorativo ed altres\u00ec. Verr\u00e0, inoltre, presentato un percorso metodologico che consente di adattare \u201cil lavoro al lavoratore\u201d secondo l\u2019applicazione dei principi ispirati dallo studio dell\u2019ergonomia.<\/p>\n<p><em>\u00a0<\/em><\/p>\n<p><em>La partecipazione al workshop conferir\u00e0 due <strong>crediti di aggiornamento<\/strong> per le seguenti figure professionali: Formatore (area 2), RSPP\/ASPP, CSP\/CSE, RLS.<\/em><\/p>\n<p>&nbsp;<\/p>\n<p><strong>Ambiente Lavoro: la presentazione della Carta di Bologna<\/strong><\/p>\n<p>Alcune associazioni, consapevoli che la formazione rappresenta uno dei livelli pi\u00f9 importanti e qualificanti della prevenzione sulla salute e sicurezza sul lavoro, promuovono la \u201c<strong>Carta di Bologna<\/strong>\u201d che si basa sull\u2019etica del lavoro.<\/p>\n<p>&nbsp;<\/p>\n<p>\u201cLa Carta di Bologna\u201d si propone, nel rispetto dei principi di legge, di valorizzare tutti i temi che concorrono allo <strong>sviluppo dell\u2019importanza della vita umana e del lavoro attraverso la sicurezza e la salute negli ambienti di lavoro e della vita delle persone<\/strong>.<\/p>\n<p>&nbsp;<\/p>\n<p>Alla \u201cCarta di Bologna\u201d possono aderire altre associazioni ed enti, di qualsiasi natura, che ne faranno richiesta con l\u2019osservanza del codice etico, della carta dei valori e del codice di comportamento.<\/p>\n<p>&nbsp;<\/p>\n<p>La Carte di Bologna sar\u00e0 presentata, in un\u2019iniziativa aperta, marted\u00ec <strong>10 ottobre 2023<\/strong> dalle ore 16.00 alle ore 18.00.<\/p>\n<p>&nbsp;<\/p>\n<p>All\u2019iniziativa, moderata dall\u2019avvocato Lorenzo Fantini, partecipa anche l\u2019Associazione AiFOS.<\/p>\n<p>&nbsp;<\/p>\n<p>Il link per avere informazioni e iscriversi agli eventi di AiFOS ad Ambiente Lavoro 2023: <a href=\"https:\/\/aifos.org\/home\/eventi\/fiere\/ambiente_lavoro_2023\">https:\/\/aifos.org\/home\/eventi\/fiere\/ambiente_lavoro_2023<\/a><\/p>\n<p>&nbsp;<\/p>\n<p>Al 23\u00b0 salone della salute e sicurezza nei luoghi di lavoro <strong>AiFOS<\/strong> sar\u00e0 presente anche con uno <strong>stand espositivo<\/strong> (<strong>stand A20, Padiglione 22<\/strong>) dedicato ai soci, alle aziende, ai CFA (Centri di Formazione AiFOS) e a tutti coloro che vogliano conoscere le attivit\u00e0 di questa attiva realt\u00e0 associativa.<\/p>\n<p>&nbsp;<\/p>\n<p>Per informazioni:<\/p>\n<p><strong>Sede nazionale AiFOS<\/strong>: via Branze, 45 &#8211; 25123 Brescia c\/o CSMT, Universit\u00e0 degli Studi di Brescia tel.030.6595031 &#8211; fax 030.6595040 <a href=\"http:\/\/www.aifos.it\">www.aifos.it<\/a>\u00a0\u00a0 &#8211; info@aifos.it\u00a0 &#8211; convegni@aifos.it<\/p>\n<p>&nbsp;<\/p>\n<p><em>05 ottobre 2023<\/em><\/p>\n<p><em>\u00a0<\/em><\/p>\n<p>&nbsp;<\/p>\n<p>Ufficio Stampa di AiFOS<\/p>\n<p>ufficiostampa@aifos.it<\/p>\n<p>http:\/\/www.aifos.it\/<\/p>\n","protected":false},"excerpt":{"rendered":"<p>Comunicato Stampa AiFOS: il ricco programma di workshop e convegni ad Ambiente Lavoro 2023 Ancora pochi posti disponibili per gli eventi che AiFOS organizza ad Ambiente Lavoro 2023 a Bologna: sostanze pericolose, sistemi di ancoraggio, prevenzione degli errori, UNI ISO 45002, invecchiamento, sicurezza inclusiva e ruolo dell\u2019RSPP. &nbsp; Mancano ormai pochi giorni all\u2019inizio di Ambiente Lavoro, la principale manifestazione di riferimento per chi si occupa di salute e sicurezza sul<\/p>\n<p><a class=\"continue-reading\" href=\"https:\/\/www.article-marketing.eu\/comunicatistampa\/aifos-il-ricco-programma-di-workshop-e-convegni-ad-ambiente-lavoro-2023\/\">Continue reading&#8230;<\/a><\/p>\n","protected":false},"author":881,"featured_media":0,"comment_status":"open","ping_status":"open","sticky":false,"template":"","format":"standard","meta":{"_monsterinsights_skip_tracking":false,"_monsterinsights_sitenote_active":false,"_monsterinsights_sitenote_note":"","_monsterinsights_sitenote_category":0,"footnotes":""},"categories":[78,379,386,392],"tags":[4851,10803,3299,2074,3235,10871,10807,4996,10805,10809,10812,10806,10808,10804,10810,3951,10811,198],"class_list":["post-28514","post","type-post","status-publish","format-standard","hentry","category-comunicati-stampa","category-corsi","category-economia-e-lavoro","category-eventi","tag-ambiente-lavoro","tag-ambiente-lavoro-2023","tag-associazione-aifos","tag-bologna","tag-brescia","tag-carta-di-bologna","tag-disabilita-e-neurodiversita-nuovi-orizzonti-di-sicurezza-inclusiva","tag-diversity-management","tag-il-punto-sui-sistemi-di-ancoraggio-in-copertura","tag-invecchiamento-e-lavoro-il-tradizionale-tema-delle-tre-eta-delluomo","tag-iso-45001","tag-perche-commettiamo-errori-senza-accorgercene","tag-progettare-e-migliorare-il-sistema-di-gestione-la-nuova-uni-iso-45002","tag-rischi-da-inalazione-di-sostanze-pericolose","tag-rischio-chimico-e-cancerogeno","tag-rspp","tag-swiss-cheese-model","tag-workshop"],"yoast_head":"<!-- This site is optimized with the Yoast SEO plugin v27.3 - https:\/\/yoast.com\/product\/yoast-seo-wordpress\/ -->\n<title>AiFOS: il ricco programma di workshop e convegni ad Ambiente Lavoro 2023<\/title>\n<meta name=\"robots\" content=\"index, follow, max-snippet:-1, max-image-preview:large, max-video-preview:-1\" \/>\n<link rel=\"canonical\" href=\"https:\/\/www.article-marketing.eu\/comunicatistampa\/aifos-il-ricco-programma-di-workshop-e-convegni-ad-ambiente-lavoro-2023\/\" \/>\n<meta property=\"og:locale\" content=\"it_IT\" \/>\n<meta property=\"og:type\" content=\"article\" \/>\n<meta property=\"og:title\" content=\"AiFOS: il ricco programma di workshop e convegni ad Ambiente Lavoro 2023\" \/>\n<meta property=\"og:description\" content=\"Comunicato Stampa AiFOS: il ricco programma di workshop e convegni ad Ambiente Lavoro 2023 Ancora pochi posti disponibili per gli eventi che AiFOS organizza ad Ambiente Lavoro 2023 a Bologna: sostanze pericolose, sistemi di ancoraggio, prevenzione degli errori, UNI ISO 45002, invecchiamento, sicurezza inclusiva e ruolo dell\u2019RSPP. &nbsp; Mancano ormai pochi giorni all\u2019inizio di Ambiente Lavoro, la principale manifestazione di riferimento per chi si occupa di salute e sicurezza sulContinue reading...\" \/>\n<meta property=\"og:url\" content=\"https:\/\/www.article-marketing.eu\/comunicatistampa\/aifos-il-ricco-programma-di-workshop-e-convegni-ad-ambiente-lavoro-2023\/\" \/>\n<meta property=\"og:site_name\" content=\"Article Marketing\" \/>\n<meta property=\"article:published_time\" content=\"2023-10-05T09:37:59+00:00\" \/>\n<meta name=\"author\" content=\"AIFUS\" \/>\n<meta name=\"twitter:card\" content=\"summary_large_image\" \/>\n<meta name=\"twitter:label1\" content=\"Scritto da\" \/>\n\t<meta name=\"twitter:data1\" content=\"AIFUS\" \/>\n\t<meta name=\"twitter:label2\" content=\"Tempo di lettura stimato\" \/>\n\t<meta name=\"twitter:data2\" content=\"8 minuti\" \/>\n<script type=\"application\/ld+json\" class=\"yoast-schema-graph\">{\"@context\":\"https:\\\/\\\/schema.org\",\"@graph\":[{\"@type\":\"Article\",\"@id\":\"https:\\\/\\\/www.article-marketing.eu\\\/comunicatistampa\\\/aifos-il-ricco-programma-di-workshop-e-convegni-ad-ambiente-lavoro-2023\\\/#article\",\"isPartOf\":{\"@id\":\"https:\\\/\\\/www.article-marketing.eu\\\/comunicatistampa\\\/aifos-il-ricco-programma-di-workshop-e-convegni-ad-ambiente-lavoro-2023\\\/\"},\"author\":{\"name\":\"AIFUS\",\"@id\":\"https:\\\/\\\/www.article-marketing.eu\\\/comunicatistampa\\\/#\\\/schema\\\/person\\\/d1985c4955ff71a05f49d68e3034b3cd\"},\"headline\":\"AiFOS: il ricco programma di workshop e convegni ad Ambiente Lavoro 2023\",\"datePublished\":\"2023-10-05T09:37:59+00:00\",\"mainEntityOfPage\":{\"@id\":\"https:\\\/\\\/www.article-marketing.eu\\\/comunicatistampa\\\/aifos-il-ricco-programma-di-workshop-e-convegni-ad-ambiente-lavoro-2023\\\/\"},\"wordCount\":1532,\"commentCount\":0,\"keywords\":[\"Ambiente Lavoro\",\"Ambiente Lavoro 2023\",\"Associazione AiFOS\",\"Bologna\",\"Brescia\",\"Carta di Bologna\",\"Disabilit\u00e0 e neurodiversit\u00e0. Nuovi orizzonti di sicurezza inclusiva\",\"diversity management\",\"Il punto sui sistemi di ancoraggio in copertura\",\"Invecchiamento e lavoro: il tradizionale tema delle tre et\u00e0 dell\u2019uomo\",\"ISO 45001\",\"Perch\u00e9 commettiamo errori senza accorgercene\",\"Progettare e migliorare il sistema di gestione: la nuova UNI ISO 45002\",\"Rischi da inalazione di sostanze pericolose\",\"rischio chimico e cancerogeno\",\"rspp\",\"Swiss Cheese Model\",\"workshop\"],\"articleSection\":[\"Comunicati stampa\",\"Corsi\",\"Economia e lavoro\",\"Eventi\"],\"inLanguage\":\"it-IT\",\"potentialAction\":[{\"@type\":\"CommentAction\",\"name\":\"Comment\",\"target\":[\"https:\\\/\\\/www.article-marketing.eu\\\/comunicatistampa\\\/aifos-il-ricco-programma-di-workshop-e-convegni-ad-ambiente-lavoro-2023\\\/#respond\"]}]},{\"@type\":\"WebPage\",\"@id\":\"https:\\\/\\\/www.article-marketing.eu\\\/comunicatistampa\\\/aifos-il-ricco-programma-di-workshop-e-convegni-ad-ambiente-lavoro-2023\\\/\",\"url\":\"https:\\\/\\\/www.article-marketing.eu\\\/comunicatistampa\\\/aifos-il-ricco-programma-di-workshop-e-convegni-ad-ambiente-lavoro-2023\\\/\",\"name\":\"AiFOS: il ricco programma di workshop e convegni ad Ambiente Lavoro 2023\",\"isPartOf\":{\"@id\":\"https:\\\/\\\/www.article-marketing.eu\\\/comunicatistampa\\\/#website\"},\"datePublished\":\"2023-10-05T09:37:59+00:00\",\"author\":{\"@id\":\"https:\\\/\\\/www.article-marketing.eu\\\/comunicatistampa\\\/#\\\/schema\\\/person\\\/d1985c4955ff71a05f49d68e3034b3cd\"},\"breadcrumb\":{\"@id\":\"https:\\\/\\\/www.article-marketing.eu\\\/comunicatistampa\\\/aifos-il-ricco-programma-di-workshop-e-convegni-ad-ambiente-lavoro-2023\\\/#breadcrumb\"},\"inLanguage\":\"it-IT\",\"potentialAction\":[{\"@type\":\"ReadAction\",\"target\":[\"https:\\\/\\\/www.article-marketing.eu\\\/comunicatistampa\\\/aifos-il-ricco-programma-di-workshop-e-convegni-ad-ambiente-lavoro-2023\\\/\"]}]},{\"@type\":\"BreadcrumbList\",\"@id\":\"https:\\\/\\\/www.article-marketing.eu\\\/comunicatistampa\\\/aifos-il-ricco-programma-di-workshop-e-convegni-ad-ambiente-lavoro-2023\\\/#breadcrumb\",\"itemListElement\":[{\"@type\":\"ListItem\",\"position\":1,\"name\":\"Home\",\"item\":\"https:\\\/\\\/www.article-marketing.eu\\\/comunicatistampa\\\/\"},{\"@type\":\"ListItem\",\"position\":2,\"name\":\"AiFOS: il ricco programma di workshop e convegni ad Ambiente Lavoro 2023\"}]},{\"@type\":\"WebSite\",\"@id\":\"https:\\\/\\\/www.article-marketing.eu\\\/comunicatistampa\\\/#website\",\"url\":\"https:\\\/\\\/www.article-marketing.eu\\\/comunicatistampa\\\/\",\"name\":\"Article Marketing\",\"description\":\"article marketing &amp; press release\",\"potentialAction\":[{\"@type\":\"SearchAction\",\"target\":{\"@type\":\"EntryPoint\",\"urlTemplate\":\"https:\\\/\\\/www.article-marketing.eu\\\/comunicatistampa\\\/?s={search_term_string}\"},\"query-input\":{\"@type\":\"PropertyValueSpecification\",\"valueRequired\":true,\"valueName\":\"search_term_string\"}}],\"inLanguage\":\"it-IT\"},{\"@type\":\"Person\",\"@id\":\"https:\\\/\\\/www.article-marketing.eu\\\/comunicatistampa\\\/#\\\/schema\\\/person\\\/d1985c4955ff71a05f49d68e3034b3cd\",\"name\":\"AIFUS\",\"image\":{\"@type\":\"ImageObject\",\"inLanguage\":\"it-IT\",\"@id\":\"https:\\\/\\\/secure.gravatar.com\\\/avatar\\\/05cf2a2ba057667571308b94c84f00ff48766ffac95710a87491a9b3ddcee484?s=96&d=mm&r=g\",\"url\":\"https:\\\/\\\/secure.gravatar.com\\\/avatar\\\/05cf2a2ba057667571308b94c84f00ff48766ffac95710a87491a9b3ddcee484?s=96&d=mm&r=g\",\"contentUrl\":\"https:\\\/\\\/secure.gravatar.com\\\/avatar\\\/05cf2a2ba057667571308b94c84f00ff48766ffac95710a87491a9b3ddcee484?s=96&d=mm&r=g\",\"caption\":\"AIFUS\"},\"url\":\"https:\\\/\\\/www.article-marketing.eu\\\/comunicatistampa\\\/author\\\/aifus\\\/\"}]}<\/script>\n<!-- \/ Yoast SEO plugin. -->","yoast_head_json":{"title":"AiFOS: il ricco programma di workshop e convegni ad Ambiente Lavoro 2023","robots":{"index":"index","follow":"follow","max-snippet":"max-snippet:-1","max-image-preview":"max-image-preview:large","max-video-preview":"max-video-preview:-1"},"canonical":"https:\/\/www.article-marketing.eu\/comunicatistampa\/aifos-il-ricco-programma-di-workshop-e-convegni-ad-ambiente-lavoro-2023\/","og_locale":"it_IT","og_type":"article","og_title":"AiFOS: il ricco programma di workshop e convegni ad Ambiente Lavoro 2023","og_description":"Comunicato Stampa AiFOS: il ricco programma di workshop e convegni ad Ambiente Lavoro 2023 Ancora pochi posti disponibili per gli eventi che AiFOS organizza ad Ambiente Lavoro 2023 a Bologna: sostanze pericolose, sistemi di ancoraggio, prevenzione degli errori, UNI ISO 45002, invecchiamento, sicurezza inclusiva e ruolo dell\u2019RSPP. &nbsp; Mancano ormai pochi giorni all\u2019inizio di Ambiente Lavoro, la principale manifestazione di riferimento per chi si occupa di salute e sicurezza sulContinue reading...","og_url":"https:\/\/www.article-marketing.eu\/comunicatistampa\/aifos-il-ricco-programma-di-workshop-e-convegni-ad-ambiente-lavoro-2023\/","og_site_name":"Article Marketing","article_published_time":"2023-10-05T09:37:59+00:00","author":"AIFUS","twitter_card":"summary_large_image","twitter_misc":{"Scritto da":"AIFUS","Tempo di lettura stimato":"8 minuti"},"schema":{"@context":"https:\/\/schema.org","@graph":[{"@type":"Article","@id":"https:\/\/www.article-marketing.eu\/comunicatistampa\/aifos-il-ricco-programma-di-workshop-e-convegni-ad-ambiente-lavoro-2023\/#article","isPartOf":{"@id":"https:\/\/www.article-marketing.eu\/comunicatistampa\/aifos-il-ricco-programma-di-workshop-e-convegni-ad-ambiente-lavoro-2023\/"},"author":{"name":"AIFUS","@id":"https:\/\/www.article-marketing.eu\/comunicatistampa\/#\/schema\/person\/d1985c4955ff71a05f49d68e3034b3cd"},"headline":"AiFOS: il ricco programma di workshop e convegni ad Ambiente Lavoro 2023","datePublished":"2023-10-05T09:37:59+00:00","mainEntityOfPage":{"@id":"https:\/\/www.article-marketing.eu\/comunicatistampa\/aifos-il-ricco-programma-di-workshop-e-convegni-ad-ambiente-lavoro-2023\/"},"wordCount":1532,"commentCount":0,"keywords":["Ambiente Lavoro","Ambiente Lavoro 2023","Associazione AiFOS","Bologna","Brescia","Carta di Bologna","Disabilit\u00e0 e neurodiversit\u00e0. Nuovi orizzonti di sicurezza inclusiva","diversity management","Il punto sui sistemi di ancoraggio in copertura","Invecchiamento e lavoro: il tradizionale tema delle tre et\u00e0 dell\u2019uomo","ISO 45001","Perch\u00e9 commettiamo errori senza accorgercene","Progettare e migliorare il sistema di gestione: la nuova UNI ISO 45002","Rischi da inalazione di sostanze pericolose","rischio chimico e cancerogeno","rspp","Swiss Cheese Model","workshop"],"articleSection":["Comunicati stampa","Corsi","Economia e lavoro","Eventi"],"inLanguage":"it-IT","potentialAction":[{"@type":"CommentAction","name":"Comment","target":["https:\/\/www.article-marketing.eu\/comunicatistampa\/aifos-il-ricco-programma-di-workshop-e-convegni-ad-ambiente-lavoro-2023\/#respond"]}]},{"@type":"WebPage","@id":"https:\/\/www.article-marketing.eu\/comunicatistampa\/aifos-il-ricco-programma-di-workshop-e-convegni-ad-ambiente-lavoro-2023\/","url":"https:\/\/www.article-marketing.eu\/comunicatistampa\/aifos-il-ricco-programma-di-workshop-e-convegni-ad-ambiente-lavoro-2023\/","name":"AiFOS: il ricco programma di workshop e convegni ad Ambiente Lavoro 2023","isPartOf":{"@id":"https:\/\/www.article-marketing.eu\/comunicatistampa\/#website"},"datePublished":"2023-10-05T09:37:59+00:00","author":{"@id":"https:\/\/www.article-marketing.eu\/comunicatistampa\/#\/schema\/person\/d1985c4955ff71a05f49d68e3034b3cd"},"breadcrumb":{"@id":"https:\/\/www.article-marketing.eu\/comunicatistampa\/aifos-il-ricco-programma-di-workshop-e-convegni-ad-ambiente-lavoro-2023\/#breadcrumb"},"inLanguage":"it-IT","potentialAction":[{"@type":"ReadAction","target":["https:\/\/www.article-marketing.eu\/comunicatistampa\/aifos-il-ricco-programma-di-workshop-e-convegni-ad-ambiente-lavoro-2023\/"]}]},{"@type":"BreadcrumbList","@id":"https:\/\/www.article-marketing.eu\/comunicatistampa\/aifos-il-ricco-programma-di-workshop-e-convegni-ad-ambiente-lavoro-2023\/#breadcrumb","itemListElement":[{"@type":"ListItem","position":1,"name":"Home","item":"https:\/\/www.article-marketing.eu\/comunicatistampa\/"},{"@type":"ListItem","position":2,"name":"AiFOS: il ricco programma di workshop e convegni ad Ambiente Lavoro 2023"}]},{"@type":"WebSite","@id":"https:\/\/www.article-marketing.eu\/comunicatistampa\/#website","url":"https:\/\/www.article-marketing.eu\/comunicatistampa\/","name":"Article Marketing","description":"article marketing &amp; press release","potentialAction":[{"@type":"SearchAction","target":{"@type":"EntryPoint","urlTemplate":"https:\/\/www.article-marketing.eu\/comunicatistampa\/?s={search_term_string}"},"query-input":{"@type":"PropertyValueSpecification","valueRequired":true,"valueName":"search_term_string"}}],"inLanguage":"it-IT"},{"@type":"Person","@id":"https:\/\/www.article-marketing.eu\/comunicatistampa\/#\/schema\/person\/d1985c4955ff71a05f49d68e3034b3cd","name":"AIFUS","image":{"@type":"ImageObject","inLanguage":"it-IT","@id":"https:\/\/secure.gravatar.com\/avatar\/05cf2a2ba057667571308b94c84f00ff48766ffac95710a87491a9b3ddcee484?s=96&d=mm&r=g","url":"https:\/\/secure.gravatar.com\/avatar\/05cf2a2ba057667571308b94c84f00ff48766ffac95710a87491a9b3ddcee484?s=96&d=mm&r=g","contentUrl":"https:\/\/secure.gravatar.com\/avatar\/05cf2a2ba057667571308b94c84f00ff48766ffac95710a87491a9b3ddcee484?s=96&d=mm&r=g","caption":"AIFUS"},"url":"https:\/\/www.article-marketing.eu\/comunicatistampa\/author\/aifus\/"}]}},"_links":{"self":[{"href":"https:\/\/www.article-marketing.eu\/comunicatistampa\/wp-json\/wp\/v2\/posts\/28514","targetHints":{"allow":["GET"]}}],"collection":[{"href":"https:\/\/www.article-marketing.eu\/comunicatistampa\/wp-json\/wp\/v2\/posts"}],"about":[{"href":"https:\/\/www.article-marketing.eu\/comunicatistampa\/wp-json\/wp\/v2\/types\/post"}],"author":[{"embeddable":true,"href":"https:\/\/www.article-marketing.eu\/comunicatistampa\/wp-json\/wp\/v2\/users\/881"}],"replies":[{"embeddable":true,"href":"https:\/\/www.article-marketing.eu\/comunicatistampa\/wp-json\/wp\/v2\/comments?post=28514"}],"version-history":[{"count":2,"href":"https:\/\/www.article-marketing.eu\/comunicatistampa\/wp-json\/wp\/v2\/posts\/28514\/revisions"}],"predecessor-version":[{"id":28520,"href":"https:\/\/www.article-marketing.eu\/comunicatistampa\/wp-json\/wp\/v2\/posts\/28514\/revisions\/28520"}],"wp:attachment":[{"href":"https:\/\/www.article-marketing.eu\/comunicatistampa\/wp-json\/wp\/v2\/media?parent=28514"}],"wp:term":[{"taxonomy":"category","embeddable":true,"href":"https:\/\/www.article-marketing.eu\/comunicatistampa\/wp-json\/wp\/v2\/categories?post=28514"},{"taxonomy":"post_tag","embeddable":true,"href":"https:\/\/www.article-marketing.eu\/comunicatistampa\/wp-json\/wp\/v2\/tags?post=28514"}],"curies":[{"name":"wp","href":"https:\/\/api.w.org\/{rel}","templated":true}]}}