{"id":28567,"date":"2023-10-09T10:51:22","date_gmt":"2023-10-09T08:51:22","guid":{"rendered":"https:\/\/www.article-marketing.eu\/comunicatistampa\/?p=28567"},"modified":"2023-10-09T10:51:22","modified_gmt":"2023-10-09T08:51:22","slug":"il-policlinico-di-bologna-affida-a-tecnicaer-di-fabio-inzani-la-ristrutturazione-del-polo-materno-infantile","status":"publish","type":"post","link":"https:\/\/www.article-marketing.eu\/comunicatistampa\/il-policlinico-di-bologna-affida-a-tecnicaer-di-fabio-inzani-la-ristrutturazione-del-polo-materno-infantile\/","title":{"rendered":"Il Policlinico di Bologna affida a Tecnicaer di Fabio Inzani la ristrutturazione del Polo Materno-Infantile"},"content":{"rendered":"<p><em><strong>\u201cIl principale obiettivo \u00e8 la creazione di un polo in grado di garantire la massima efficienza dei servizi e il massimo comfort, attraverso la realizzazione di spazi umanizzati e organizzati secondo gerarchie corrette e flussi distinti\u201d: cos\u00ec <a title=\"Policlinico Sant'Orsola, Fabio Inzani illustra i benefici del nuovo Polo Materno-Infantile\" href=\"https:\/\/www.tecnicaospedaliera.it\/nuovo-polo-materno-infantile-nel-parco-del-santorsola-malpighi\/\">Fabio Inzani<\/a>, Presidente di Tecnicaer Engineering, ha spiegato l\u2019importante progetto che sta trasformando il Polo Materno-Infantile del Policlinico di Sant\u2019Orsola.<\/strong><\/em><\/p>\n<p><strong>\u00a0<a title=\"Fabio Inzani, i vantaggi del nuovo Polo Materno-Infantile progettato da Tecnicaer\" href=\"https:\/\/www.tecnicaospedaliera.it\/nuovo-polo-materno-infantile-nel-parco-del-santorsola-malpighi\/\"><img loading=\"lazy\" decoding=\"async\" src=\"https:\/\/static.tecnichenuove.it\/tecnicaospedaliera\/2023\/09\/05100125\/Malpighi_Prospetto-696x492.jpg\" alt=\"Tecnicaer di Fabio Inzani: il progetto per il Polo Materno-Infantile Policlinico di Sant'Orsola \" width=\"212\" height=\"150\" \/><\/a><\/strong><\/p>\n<h2>Fabio Inzani: \u201cAccentramento delle attivit\u00e0 del Policlinico per una maggiore efficienza\u201d<\/h2>\n<p>Un nuovo Polo Materno-Infantile per il Policlinico di Sant\u2019Orsola, in cui i collegamenti siano pi\u00f9 efficienti, gli spostamenti inutili vengano eliminati e i flussi di visitatori siano organizzati in modo pi\u00f9 razionale. Questo \u00e8 lo scopo del progetto di Tecnicaer Engineering, societ\u00e0 guidata dal Presidente <a title=\"Nuovo Polo Materno-Infantile: le dichiarazioni del Presidente di Tecnicaer Fabio Inzani progettato da Tecnicaer\" href=\"https:\/\/www.tecnicaospedaliera.it\/nuovo-polo-materno-infantile-nel-parco-del-santorsola-malpighi\/\"><strong>Fabio Inzani<\/strong><\/a>, che \u00e8 attualmente in corso di attuazione e dovrebbe concludersi entro la prima met\u00e0 del 2024. Gli elementi chiave del piano sono due. In primo luogo, i servizi di emergenza e ad alta intensit\u00e0 di cura (quali ad esempio il Pronto Soccorso ostetrico ginecologico, le sale interventi Blocco travaglio-parto e Blocco operatorio, la Terapia Intensiva e degenza neonatale) saranno accentrati nel nuovo Padiglione 4N. Nel piano rialzato del Padiglione 4 saranno invece collocate le attivit\u00e0 poliambulatoriali diurne, avvicinandole cos\u00ec ai servizi territoriali. Il primo e il secondo piano del Padiglione 4 saranno invece destinati alla degenza dei pazienti, garantendo in questo modo la loro privacy e la tranquillit\u00e0 necessaria alla guarigione. Fabio Inzani ha spiegato che in questo modo sia la fruibilit\u00e0 che l\u2019efficienza mostreranno un miglioramento significativo.<\/p>\n<h2>Fabio Inzani: \u201cRestituiremo alla comunit\u00e0 un Polo accogliente, efficiente e sostenibile\u201d<\/h2>\n<p>I benefit dell\u2019intervento di Tecnicaer Engineering saranno dunque numerosi: in particolare, l\u2019avvicinamento tra Poliambulatorio e Pronto Soccorso, unito all\u2019abbondanza di spazi e servizi per le mamme, sta creando un ambiente molto pi\u00f9 funzionale rispetto al passato. Il maggiore risultato, ha evidenziato <strong>Fabio Inzani<\/strong>, sar\u00e0 quello di superare la \u201c<em>precedente frammentazione delle attivit\u00e0\u201d<\/em>, che costringeva personale medico e utenti a continui e scomodi spostamenti tra i vari edifici. Il progetto non \u00e8 stato tuttavia esente da sfide tecniche. In particolare, Tecnicaer ha dovuto tenere conto della presenza degli alberi, della vicinanza del Parco e di alcuni edifici interessati da vincolo. Attraverso una deroga, la societ\u00e0 guidata da Fabio Inzani \u00e8 riuscita ad armonizzare queste complicazioni con il progetto, dando la priorit\u00e0 alla tutela delle aree verdi e reimpiantando tutti gli alberi che sorgevano su aree interessate dai lavori. Il Presidente ha annunciato che in ogni caso i lavori procedono spediti: \u201c<em>Il cantiere si trova oggi in buono stato di avanzamento dei lavori. Prevediamo di completare le opere entro la met\u00e0 del 2024, in modo da restituire alla comunit\u00e0 cittadina un polo accogliente, efficiente, sostenibile e ben integrato nel tessuto ospedaliero e urbano<\/em>\u201d.<\/p>\n","protected":false},"excerpt":{"rendered":"<p>\u201cIl principale obiettivo \u00e8 la creazione di un polo in grado di garantire la massima efficienza dei servizi e il massimo comfort, attraverso la realizzazione di spazi umanizzati e organizzati secondo gerarchie corrette e flussi distinti\u201d: cos\u00ec Fabio Inzani, Presidente di Tecnicaer Engineering, ha spiegato l\u2019importante progetto che sta trasformando il Polo Materno-Infantile del Policlinico di Sant\u2019Orsola. \u00a0 Fabio Inzani: \u201cAccentramento delle attivit\u00e0 del Policlinico per una maggiore efficienza\u201d Un<\/p>\n<p><a class=\"continue-reading\" href=\"https:\/\/www.article-marketing.eu\/comunicatistampa\/il-policlinico-di-bologna-affida-a-tecnicaer-di-fabio-inzani-la-ristrutturazione-del-polo-materno-infantile\/\">Continue reading&#8230;<\/a><\/p>\n","protected":false},"author":6477,"featured_media":0,"comment_status":"open","ping_status":"open","sticky":false,"template":"","format":"standard","meta":{"_monsterinsights_skip_tracking":false,"_monsterinsights_sitenote_active":false,"_monsterinsights_sitenote_note":"","_monsterinsights_sitenote_category":0,"footnotes":""},"categories":[390],"tags":[9278],"class_list":["post-28567","post","type-post","status-publish","format-standard","hentry","category-professionisti","tag-fabio-inzani"],"yoast_head":"<!-- This site is optimized with the Yoast SEO plugin v27.3 - https:\/\/yoast.com\/product\/yoast-seo-wordpress\/ -->\n<title>Il Policlinico di Bologna affida a Tecnicaer di Fabio Inzani la ristrutturazione del Polo Materno-Infantile<\/title>\n<meta name=\"description\" content=\"Fabio Inzani spiega come l\u2019intervento di Tecnicaer Engineering render\u00e0 il Polo Materno-Infantile pi\u00f9 accessibile, efficiente e ben organizzato\" \/>\n<meta name=\"robots\" content=\"index, follow, max-snippet:-1, max-image-preview:large, max-video-preview:-1\" \/>\n<link rel=\"canonical\" href=\"https:\/\/www.article-marketing.eu\/comunicatistampa\/il-policlinico-di-bologna-affida-a-tecnicaer-di-fabio-inzani-la-ristrutturazione-del-polo-materno-infantile\/\" \/>\n<meta property=\"og:locale\" content=\"it_IT\" \/>\n<meta property=\"og:type\" content=\"article\" \/>\n<meta property=\"og:title\" content=\"Il Policlinico di Bologna affida a Tecnicaer di Fabio Inzani la ristrutturazione del Polo Materno-Infantile\" \/>\n<meta property=\"og:description\" content=\"Fabio Inzani spiega come l\u2019intervento di Tecnicaer Engineering render\u00e0 il Polo Materno-Infantile pi\u00f9 accessibile, efficiente e ben organizzato\" \/>\n<meta property=\"og:url\" content=\"https:\/\/www.article-marketing.eu\/comunicatistampa\/il-policlinico-di-bologna-affida-a-tecnicaer-di-fabio-inzani-la-ristrutturazione-del-polo-materno-infantile\/\" \/>\n<meta property=\"og:site_name\" content=\"Article Marketing\" \/>\n<meta property=\"article:published_time\" content=\"2023-10-09T08:51:22+00:00\" \/>\n<meta property=\"og:image\" content=\"https:\/\/static.tecnichenuove.it\/tecnicaospedaliera\/2023\/09\/05100125\/Malpighi_Prospetto-696x492.jpg\" \/>\n<meta name=\"author\" content=\"articolinews\" \/>\n<meta name=\"twitter:card\" content=\"summary_large_image\" \/>\n<meta name=\"twitter:label1\" content=\"Scritto da\" \/>\n\t<meta name=\"twitter:data1\" content=\"articolinews\" \/>\n\t<meta name=\"twitter:label2\" content=\"Tempo di lettura stimato\" \/>\n\t<meta name=\"twitter:data2\" content=\"3 minuti\" \/>\n<script type=\"application\/ld+json\" class=\"yoast-schema-graph\">{\"@context\":\"https:\\\/\\\/schema.org\",\"@graph\":[{\"@type\":\"Article\",\"@id\":\"https:\\\/\\\/www.article-marketing.eu\\\/comunicatistampa\\\/il-policlinico-di-bologna-affida-a-tecnicaer-di-fabio-inzani-la-ristrutturazione-del-polo-materno-infantile\\\/#article\",\"isPartOf\":{\"@id\":\"https:\\\/\\\/www.article-marketing.eu\\\/comunicatistampa\\\/il-policlinico-di-bologna-affida-a-tecnicaer-di-fabio-inzani-la-ristrutturazione-del-polo-materno-infantile\\\/\"},\"author\":{\"name\":\"articolinews\",\"@id\":\"https:\\\/\\\/www.article-marketing.eu\\\/comunicatistampa\\\/#\\\/schema\\\/person\\\/2fcaf8f8f3a9eef9eb7f27532d3ca458\"},\"headline\":\"Il Policlinico di Bologna affida a Tecnicaer di Fabio Inzani la ristrutturazione del Polo Materno-Infantile\",\"datePublished\":\"2023-10-09T08:51:22+00:00\",\"mainEntityOfPage\":{\"@id\":\"https:\\\/\\\/www.article-marketing.eu\\\/comunicatistampa\\\/il-policlinico-di-bologna-affida-a-tecnicaer-di-fabio-inzani-la-ristrutturazione-del-polo-materno-infantile\\\/\"},\"wordCount\":458,\"commentCount\":0,\"image\":{\"@id\":\"https:\\\/\\\/www.article-marketing.eu\\\/comunicatistampa\\\/il-policlinico-di-bologna-affida-a-tecnicaer-di-fabio-inzani-la-ristrutturazione-del-polo-materno-infantile\\\/#primaryimage\"},\"thumbnailUrl\":\"https:\\\/\\\/static.tecnichenuove.it\\\/tecnicaospedaliera\\\/2023\\\/09\\\/05100125\\\/Malpighi_Prospetto-696x492.jpg\",\"keywords\":[\"Fabio Inzani\"],\"articleSection\":[\"Professionisti\"],\"inLanguage\":\"it-IT\",\"potentialAction\":[{\"@type\":\"CommentAction\",\"name\":\"Comment\",\"target\":[\"https:\\\/\\\/www.article-marketing.eu\\\/comunicatistampa\\\/il-policlinico-di-bologna-affida-a-tecnicaer-di-fabio-inzani-la-ristrutturazione-del-polo-materno-infantile\\\/#respond\"]}]},{\"@type\":\"WebPage\",\"@id\":\"https:\\\/\\\/www.article-marketing.eu\\\/comunicatistampa\\\/il-policlinico-di-bologna-affida-a-tecnicaer-di-fabio-inzani-la-ristrutturazione-del-polo-materno-infantile\\\/\",\"url\":\"https:\\\/\\\/www.article-marketing.eu\\\/comunicatistampa\\\/il-policlinico-di-bologna-affida-a-tecnicaer-di-fabio-inzani-la-ristrutturazione-del-polo-materno-infantile\\\/\",\"name\":\"Il Policlinico di Bologna affida a Tecnicaer di Fabio Inzani la ristrutturazione del Polo Materno-Infantile\",\"isPartOf\":{\"@id\":\"https:\\\/\\\/www.article-marketing.eu\\\/comunicatistampa\\\/#website\"},\"primaryImageOfPage\":{\"@id\":\"https:\\\/\\\/www.article-marketing.eu\\\/comunicatistampa\\\/il-policlinico-di-bologna-affida-a-tecnicaer-di-fabio-inzani-la-ristrutturazione-del-polo-materno-infantile\\\/#primaryimage\"},\"image\":{\"@id\":\"https:\\\/\\\/www.article-marketing.eu\\\/comunicatistampa\\\/il-policlinico-di-bologna-affida-a-tecnicaer-di-fabio-inzani-la-ristrutturazione-del-polo-materno-infantile\\\/#primaryimage\"},\"thumbnailUrl\":\"https:\\\/\\\/static.tecnichenuove.it\\\/tecnicaospedaliera\\\/2023\\\/09\\\/05100125\\\/Malpighi_Prospetto-696x492.jpg\",\"datePublished\":\"2023-10-09T08:51:22+00:00\",\"author\":{\"@id\":\"https:\\\/\\\/www.article-marketing.eu\\\/comunicatistampa\\\/#\\\/schema\\\/person\\\/2fcaf8f8f3a9eef9eb7f27532d3ca458\"},\"description\":\"Fabio Inzani spiega come l\u2019intervento di Tecnicaer Engineering render\u00e0 il Polo Materno-Infantile pi\u00f9 accessibile, efficiente e ben organizzato\",\"breadcrumb\":{\"@id\":\"https:\\\/\\\/www.article-marketing.eu\\\/comunicatistampa\\\/il-policlinico-di-bologna-affida-a-tecnicaer-di-fabio-inzani-la-ristrutturazione-del-polo-materno-infantile\\\/#breadcrumb\"},\"inLanguage\":\"it-IT\",\"potentialAction\":[{\"@type\":\"ReadAction\",\"target\":[\"https:\\\/\\\/www.article-marketing.eu\\\/comunicatistampa\\\/il-policlinico-di-bologna-affida-a-tecnicaer-di-fabio-inzani-la-ristrutturazione-del-polo-materno-infantile\\\/\"]}]},{\"@type\":\"ImageObject\",\"inLanguage\":\"it-IT\",\"@id\":\"https:\\\/\\\/www.article-marketing.eu\\\/comunicatistampa\\\/il-policlinico-di-bologna-affida-a-tecnicaer-di-fabio-inzani-la-ristrutturazione-del-polo-materno-infantile\\\/#primaryimage\",\"url\":\"https:\\\/\\\/static.tecnichenuove.it\\\/tecnicaospedaliera\\\/2023\\\/09\\\/05100125\\\/Malpighi_Prospetto-696x492.jpg\",\"contentUrl\":\"https:\\\/\\\/static.tecnichenuove.it\\\/tecnicaospedaliera\\\/2023\\\/09\\\/05100125\\\/Malpighi_Prospetto-696x492.jpg\"},{\"@type\":\"BreadcrumbList\",\"@id\":\"https:\\\/\\\/www.article-marketing.eu\\\/comunicatistampa\\\/il-policlinico-di-bologna-affida-a-tecnicaer-di-fabio-inzani-la-ristrutturazione-del-polo-materno-infantile\\\/#breadcrumb\",\"itemListElement\":[{\"@type\":\"ListItem\",\"position\":1,\"name\":\"Home\",\"item\":\"https:\\\/\\\/www.article-marketing.eu\\\/comunicatistampa\\\/\"},{\"@type\":\"ListItem\",\"position\":2,\"name\":\"Il Policlinico di Bologna affida a Tecnicaer di Fabio Inzani la ristrutturazione del Polo Materno-Infantile\"}]},{\"@type\":\"WebSite\",\"@id\":\"https:\\\/\\\/www.article-marketing.eu\\\/comunicatistampa\\\/#website\",\"url\":\"https:\\\/\\\/www.article-marketing.eu\\\/comunicatistampa\\\/\",\"name\":\"Article Marketing\",\"description\":\"article marketing &amp; press release\",\"potentialAction\":[{\"@type\":\"SearchAction\",\"target\":{\"@type\":\"EntryPoint\",\"urlTemplate\":\"https:\\\/\\\/www.article-marketing.eu\\\/comunicatistampa\\\/?s={search_term_string}\"},\"query-input\":{\"@type\":\"PropertyValueSpecification\",\"valueRequired\":true,\"valueName\":\"search_term_string\"}}],\"inLanguage\":\"it-IT\"},{\"@type\":\"Person\",\"@id\":\"https:\\\/\\\/www.article-marketing.eu\\\/comunicatistampa\\\/#\\\/schema\\\/person\\\/2fcaf8f8f3a9eef9eb7f27532d3ca458\",\"name\":\"articolinews\",\"image\":{\"@type\":\"ImageObject\",\"inLanguage\":\"it-IT\",\"@id\":\"https:\\\/\\\/secure.gravatar.com\\\/avatar\\\/9e2a264bab04e17dea24d937c9956304649a848cb73c46747a692ff1bdeb1cb7?s=96&d=mm&r=g\",\"url\":\"https:\\\/\\\/secure.gravatar.com\\\/avatar\\\/9e2a264bab04e17dea24d937c9956304649a848cb73c46747a692ff1bdeb1cb7?s=96&d=mm&r=g\",\"contentUrl\":\"https:\\\/\\\/secure.gravatar.com\\\/avatar\\\/9e2a264bab04e17dea24d937c9956304649a848cb73c46747a692ff1bdeb1cb7?s=96&d=mm&r=g\",\"caption\":\"articolinews\"},\"url\":\"https:\\\/\\\/www.article-marketing.eu\\\/comunicatistampa\\\/author\\\/articolinews\\\/\"}]}<\/script>\n<!-- \/ Yoast SEO plugin. -->","yoast_head_json":{"title":"Il Policlinico di Bologna affida a Tecnicaer di Fabio Inzani la ristrutturazione del Polo Materno-Infantile","description":"Fabio Inzani spiega come l\u2019intervento di Tecnicaer Engineering render\u00e0 il Polo Materno-Infantile pi\u00f9 accessibile, efficiente e ben organizzato","robots":{"index":"index","follow":"follow","max-snippet":"max-snippet:-1","max-image-preview":"max-image-preview:large","max-video-preview":"max-video-preview:-1"},"canonical":"https:\/\/www.article-marketing.eu\/comunicatistampa\/il-policlinico-di-bologna-affida-a-tecnicaer-di-fabio-inzani-la-ristrutturazione-del-polo-materno-infantile\/","og_locale":"it_IT","og_type":"article","og_title":"Il Policlinico di Bologna affida a Tecnicaer di Fabio Inzani la ristrutturazione del Polo Materno-Infantile","og_description":"Fabio Inzani spiega come l\u2019intervento di Tecnicaer Engineering render\u00e0 il Polo Materno-Infantile pi\u00f9 accessibile, efficiente e ben organizzato","og_url":"https:\/\/www.article-marketing.eu\/comunicatistampa\/il-policlinico-di-bologna-affida-a-tecnicaer-di-fabio-inzani-la-ristrutturazione-del-polo-materno-infantile\/","og_site_name":"Article Marketing","article_published_time":"2023-10-09T08:51:22+00:00","og_image":[{"url":"https:\/\/static.tecnichenuove.it\/tecnicaospedaliera\/2023\/09\/05100125\/Malpighi_Prospetto-696x492.jpg","type":"","width":"","height":""}],"author":"articolinews","twitter_card":"summary_large_image","twitter_misc":{"Scritto da":"articolinews","Tempo di lettura stimato":"3 minuti"},"schema":{"@context":"https:\/\/schema.org","@graph":[{"@type":"Article","@id":"https:\/\/www.article-marketing.eu\/comunicatistampa\/il-policlinico-di-bologna-affida-a-tecnicaer-di-fabio-inzani-la-ristrutturazione-del-polo-materno-infantile\/#article","isPartOf":{"@id":"https:\/\/www.article-marketing.eu\/comunicatistampa\/il-policlinico-di-bologna-affida-a-tecnicaer-di-fabio-inzani-la-ristrutturazione-del-polo-materno-infantile\/"},"author":{"name":"articolinews","@id":"https:\/\/www.article-marketing.eu\/comunicatistampa\/#\/schema\/person\/2fcaf8f8f3a9eef9eb7f27532d3ca458"},"headline":"Il Policlinico di Bologna affida a Tecnicaer di Fabio Inzani la ristrutturazione del Polo Materno-Infantile","datePublished":"2023-10-09T08:51:22+00:00","mainEntityOfPage":{"@id":"https:\/\/www.article-marketing.eu\/comunicatistampa\/il-policlinico-di-bologna-affida-a-tecnicaer-di-fabio-inzani-la-ristrutturazione-del-polo-materno-infantile\/"},"wordCount":458,"commentCount":0,"image":{"@id":"https:\/\/www.article-marketing.eu\/comunicatistampa\/il-policlinico-di-bologna-affida-a-tecnicaer-di-fabio-inzani-la-ristrutturazione-del-polo-materno-infantile\/#primaryimage"},"thumbnailUrl":"https:\/\/static.tecnichenuove.it\/tecnicaospedaliera\/2023\/09\/05100125\/Malpighi_Prospetto-696x492.jpg","keywords":["Fabio Inzani"],"articleSection":["Professionisti"],"inLanguage":"it-IT","potentialAction":[{"@type":"CommentAction","name":"Comment","target":["https:\/\/www.article-marketing.eu\/comunicatistampa\/il-policlinico-di-bologna-affida-a-tecnicaer-di-fabio-inzani-la-ristrutturazione-del-polo-materno-infantile\/#respond"]}]},{"@type":"WebPage","@id":"https:\/\/www.article-marketing.eu\/comunicatistampa\/il-policlinico-di-bologna-affida-a-tecnicaer-di-fabio-inzani-la-ristrutturazione-del-polo-materno-infantile\/","url":"https:\/\/www.article-marketing.eu\/comunicatistampa\/il-policlinico-di-bologna-affida-a-tecnicaer-di-fabio-inzani-la-ristrutturazione-del-polo-materno-infantile\/","name":"Il Policlinico di Bologna affida a Tecnicaer di Fabio Inzani la ristrutturazione del Polo Materno-Infantile","isPartOf":{"@id":"https:\/\/www.article-marketing.eu\/comunicatistampa\/#website"},"primaryImageOfPage":{"@id":"https:\/\/www.article-marketing.eu\/comunicatistampa\/il-policlinico-di-bologna-affida-a-tecnicaer-di-fabio-inzani-la-ristrutturazione-del-polo-materno-infantile\/#primaryimage"},"image":{"@id":"https:\/\/www.article-marketing.eu\/comunicatistampa\/il-policlinico-di-bologna-affida-a-tecnicaer-di-fabio-inzani-la-ristrutturazione-del-polo-materno-infantile\/#primaryimage"},"thumbnailUrl":"https:\/\/static.tecnichenuove.it\/tecnicaospedaliera\/2023\/09\/05100125\/Malpighi_Prospetto-696x492.jpg","datePublished":"2023-10-09T08:51:22+00:00","author":{"@id":"https:\/\/www.article-marketing.eu\/comunicatistampa\/#\/schema\/person\/2fcaf8f8f3a9eef9eb7f27532d3ca458"},"description":"Fabio Inzani spiega come l\u2019intervento di Tecnicaer Engineering render\u00e0 il Polo Materno-Infantile pi\u00f9 accessibile, efficiente e ben organizzato","breadcrumb":{"@id":"https:\/\/www.article-marketing.eu\/comunicatistampa\/il-policlinico-di-bologna-affida-a-tecnicaer-di-fabio-inzani-la-ristrutturazione-del-polo-materno-infantile\/#breadcrumb"},"inLanguage":"it-IT","potentialAction":[{"@type":"ReadAction","target":["https:\/\/www.article-marketing.eu\/comunicatistampa\/il-policlinico-di-bologna-affida-a-tecnicaer-di-fabio-inzani-la-ristrutturazione-del-polo-materno-infantile\/"]}]},{"@type":"ImageObject","inLanguage":"it-IT","@id":"https:\/\/www.article-marketing.eu\/comunicatistampa\/il-policlinico-di-bologna-affida-a-tecnicaer-di-fabio-inzani-la-ristrutturazione-del-polo-materno-infantile\/#primaryimage","url":"https:\/\/static.tecnichenuove.it\/tecnicaospedaliera\/2023\/09\/05100125\/Malpighi_Prospetto-696x492.jpg","contentUrl":"https:\/\/static.tecnichenuove.it\/tecnicaospedaliera\/2023\/09\/05100125\/Malpighi_Prospetto-696x492.jpg"},{"@type":"BreadcrumbList","@id":"https:\/\/www.article-marketing.eu\/comunicatistampa\/il-policlinico-di-bologna-affida-a-tecnicaer-di-fabio-inzani-la-ristrutturazione-del-polo-materno-infantile\/#breadcrumb","itemListElement":[{"@type":"ListItem","position":1,"name":"Home","item":"https:\/\/www.article-marketing.eu\/comunicatistampa\/"},{"@type":"ListItem","position":2,"name":"Il Policlinico di Bologna affida a Tecnicaer di Fabio Inzani la ristrutturazione del Polo Materno-Infantile"}]},{"@type":"WebSite","@id":"https:\/\/www.article-marketing.eu\/comunicatistampa\/#website","url":"https:\/\/www.article-marketing.eu\/comunicatistampa\/","name":"Article Marketing","description":"article marketing &amp; press release","potentialAction":[{"@type":"SearchAction","target":{"@type":"EntryPoint","urlTemplate":"https:\/\/www.article-marketing.eu\/comunicatistampa\/?s={search_term_string}"},"query-input":{"@type":"PropertyValueSpecification","valueRequired":true,"valueName":"search_term_string"}}],"inLanguage":"it-IT"},{"@type":"Person","@id":"https:\/\/www.article-marketing.eu\/comunicatistampa\/#\/schema\/person\/2fcaf8f8f3a9eef9eb7f27532d3ca458","name":"articolinews","image":{"@type":"ImageObject","inLanguage":"it-IT","@id":"https:\/\/secure.gravatar.com\/avatar\/9e2a264bab04e17dea24d937c9956304649a848cb73c46747a692ff1bdeb1cb7?s=96&d=mm&r=g","url":"https:\/\/secure.gravatar.com\/avatar\/9e2a264bab04e17dea24d937c9956304649a848cb73c46747a692ff1bdeb1cb7?s=96&d=mm&r=g","contentUrl":"https:\/\/secure.gravatar.com\/avatar\/9e2a264bab04e17dea24d937c9956304649a848cb73c46747a692ff1bdeb1cb7?s=96&d=mm&r=g","caption":"articolinews"},"url":"https:\/\/www.article-marketing.eu\/comunicatistampa\/author\/articolinews\/"}]}},"_links":{"self":[{"href":"https:\/\/www.article-marketing.eu\/comunicatistampa\/wp-json\/wp\/v2\/posts\/28567","targetHints":{"allow":["GET"]}}],"collection":[{"href":"https:\/\/www.article-marketing.eu\/comunicatistampa\/wp-json\/wp\/v2\/posts"}],"about":[{"href":"https:\/\/www.article-marketing.eu\/comunicatistampa\/wp-json\/wp\/v2\/types\/post"}],"author":[{"embeddable":true,"href":"https:\/\/www.article-marketing.eu\/comunicatistampa\/wp-json\/wp\/v2\/users\/6477"}],"replies":[{"embeddable":true,"href":"https:\/\/www.article-marketing.eu\/comunicatistampa\/wp-json\/wp\/v2\/comments?post=28567"}],"version-history":[{"count":2,"href":"https:\/\/www.article-marketing.eu\/comunicatistampa\/wp-json\/wp\/v2\/posts\/28567\/revisions"}],"predecessor-version":[{"id":28584,"href":"https:\/\/www.article-marketing.eu\/comunicatistampa\/wp-json\/wp\/v2\/posts\/28567\/revisions\/28584"}],"wp:attachment":[{"href":"https:\/\/www.article-marketing.eu\/comunicatistampa\/wp-json\/wp\/v2\/media?parent=28567"}],"wp:term":[{"taxonomy":"category","embeddable":true,"href":"https:\/\/www.article-marketing.eu\/comunicatistampa\/wp-json\/wp\/v2\/categories?post=28567"},{"taxonomy":"post_tag","embeddable":true,"href":"https:\/\/www.article-marketing.eu\/comunicatistampa\/wp-json\/wp\/v2\/tags?post=28567"}],"curies":[{"name":"wp","href":"https:\/\/api.w.org\/{rel}","templated":true}]}}