{"id":28569,"date":"2023-10-09T10:52:29","date_gmt":"2023-10-09T08:52:29","guid":{"rendered":"https:\/\/www.article-marketing.eu\/comunicatistampa\/?p=28569"},"modified":"2023-10-09T10:52:29","modified_gmt":"2023-10-09T08:52:29","slug":"le-raccomandazioni-della-pediatra-susanna-esposito-sulle-infezioni-piu-diffuse-a-scuola","status":"publish","type":"post","link":"https:\/\/www.article-marketing.eu\/comunicatistampa\/le-raccomandazioni-della-pediatra-susanna-esposito-sulle-infezioni-piu-diffuse-a-scuola\/","title":{"rendered":"Le raccomandazioni della pediatra Susanna Esposito sulle infezioni pi\u00f9 diffuse a scuola"},"content":{"rendered":"<p><strong><em>Presidente dell\u2019Associazione Mondiale per le Malattie Infettive e i Disordini Immunologici e Ordinario di Pediatria all\u2019ospedale di Parma, la pediatra <a title=\"Susanna Esposito, l'intervista di Fanpage alla pediatra Susanna Esposito\" href=\"https:\/\/www.fanpage.it\/attualita\/scuola-consigli-e-raccomandazioni-dei-pediatri-attenzione-a-covid-e-pidocchi-siate-respnsabili\/\">Susanna Esposito<\/a> ha risposto ad alcune domande di \u201cFanpage\u201d sulla salute di bambini e ragazzi in et\u00e0 scolastica.<\/em><\/strong><\/p>\n<p><a title=\"Susanna Esposito intervistata da Fanpage\" href=\"https:\/\/www.fanpage.it\/attualita\/scuola-consigli-e-raccomandazioni-dei-pediatri-attenzione-a-covid-e-pidocchi-siate-respnsabili\/\"><strong><em><img loading=\"lazy\" decoding=\"async\" src=\"https:\/\/www.susannaesposito.it\/wp-content\/uploads\/2016\/04\/Foto-Susanna-Esposito-2-e1459953218264-400x403.jpg\" alt=\"Susanna Esposito\" width=\"149\" height=\"150\" \/><\/em><\/strong><\/a><\/p>\n<h2>La pediatra Susanna Esposito: il Covid \u00e8 tra le infezioni pi\u00f9 diffuse<\/h2>\n<p>I ragazzi di tutta Italia sono ormai rientrati ufficialmente a scuola e se sono tante le novit\u00e0 a cui dovranno abituarsi quest\u2019anno, il rischio di contrarre infezioni tra i banchi di scuola resta sempre invariato. Per questo motivo, \u201cFanpage\u201d ha intervistato la pediatra <a title=\"Susanna Esposito, l'intervista di Fanpage sulle infezioni pi\u00f9 diffuse a scuola\" href=\"https:\/\/www.fanpage.it\/attualita\/scuola-consigli-e-raccomandazioni-dei-pediatri-attenzione-a-covid-e-pidocchi-siate-respnsabili\/\"><strong>Susanna Esposito<\/strong><\/a> per fare il punto sulla situazione e fornire alcune linee guida. Attualmente, il Covid \u00e8 ancora tra le infezioni pi\u00f9 comuni. \u201c<em>Bisogna raccomandare responsabilit\u00e0 da parte di tutti, ragazzi e genitori, per prevenire un&#8217;ulteriore circolazione virale, soprattutto perch\u00e9 anche laddove ci siano dei sintomi la ricerca del virus sul tampone non avviene routinariamente<\/em>\u201d. Qualora dovessero presentarsi dei sintomi, anche lievi e in assenza di febbre, sarebbe opportuno fare il tampone e se il risultato dovesse essere positivo, sarebbe meglio restare a casa. \u201c<em>\u00c8 sempre importante avere con s\u00e9 il gel igienizzante per il lavaggio delle mani e le mascherine nei luoghi affollati come i mezzi pubblici<\/em>\u201d, ha aggiunto, \u201c<em>con queste semplici misure di protezione individuale possiamo ridurre di tantissimo la diffusione dell&#8217;infezione anche da parte dei soggetti che sono asintomatici<\/em>\u201d.<\/p>\n<h2>Susanna Esposito: attenzione anche a pidocchi e gastroenteriti<\/h2>\n<p>Fermo restando che \u201c<em>il principale problema infettivo<\/em>\u201d del momento \u00e8 il Covid, ci sono per\u00f2 altre patologie che trovano grande diffusione nelle classi. La pediculosi, ad esempio, \u00e8 molto frequente. \u201c<em>Se il bambino presenta prurito intenso al cuoio capelluto<\/em>\u201d, bisogna accertarsi che non abbia i pidocchi, \u201c<em>altrimenti va trattato nella maniera pi\u00f9 adatta<\/em>\u201d, ha suggerito la pediatra. \u201c<em>C&#8217;\u00e8 inoltre ancora uno strascico delle gastroenteriti in questa fase, soprattutto visto il caldo\u201d,<\/em> ha proseguito <strong>Susanna Esposito<\/strong>, riferendo che ci sono state delle vere e proprie epidemie. \u201c<em>Se il bambino ha la diarrea va tenuto a casa perch\u00e9 si tratta di una infezione che si diffonde molto facilmente nelle comunit\u00e0 scolastiche e soprattutto negli asili<\/em>\u201d. L\u2019arma pi\u00f9 potente che si ha contro determinate infezioni \u00e8 la vaccinazione, \u201c<em>raccomandata a tutta la popolazione pediatrica tra i 6 mesi e i 6 anni<\/em>\u201d. In relazione alla vaccinazione anti Covid, questa \u201c<em>\u00e8 raccomandata per i bambini fragili<\/em>\u201d. In ogni caso, ovviamente, <strong>Susanna Esposito<\/strong> ha rimandato al proprio pediatra, da consultare prima di prendere qualsiasi decisione.<\/p>\n","protected":false},"excerpt":{"rendered":"<p>Presidente dell\u2019Associazione Mondiale per le Malattie Infettive e i Disordini Immunologici e Ordinario di Pediatria all\u2019ospedale di Parma, la pediatra Susanna Esposito ha risposto ad alcune domande di \u201cFanpage\u201d sulla salute di bambini e ragazzi in et\u00e0 scolastica. La pediatra Susanna Esposito: il Covid \u00e8 tra le infezioni pi\u00f9 diffuse I ragazzi di tutta Italia sono ormai rientrati ufficialmente a scuola e se sono tante le novit\u00e0 a cui dovranno<\/p>\n<p><a class=\"continue-reading\" href=\"https:\/\/www.article-marketing.eu\/comunicatistampa\/le-raccomandazioni-della-pediatra-susanna-esposito-sulle-infezioni-piu-diffuse-a-scuola\/\">Continue reading&#8230;<\/a><\/p>\n","protected":false},"author":6477,"featured_media":0,"comment_status":"open","ping_status":"open","sticky":false,"template":"","format":"standard","meta":{"_monsterinsights_skip_tracking":false,"_monsterinsights_sitenote_active":false,"_monsterinsights_sitenote_note":"","_monsterinsights_sitenote_category":0,"footnotes":""},"categories":[369],"tags":[10779],"class_list":["post-28569","post","type-post","status-publish","format-standard","hentry","category-salute-e-benessere","tag-susanna-esposito"],"yoast_head":"<!-- This site is optimized with the Yoast SEO plugin v27.3 - https:\/\/yoast.com\/product\/yoast-seo-wordpress\/ -->\n<title>Le raccomandazioni della pediatra Susanna Esposito sulle infezioni pi\u00f9 diffuse a scuola<\/title>\n<meta name=\"description\" content=\"Come proteggere bambini dalle infezioni pi\u00f9 diffuse a scuola? La risposta della pediatra Susanna Esposito in un\u2019intervista a \u201cFanpage\u201d\" \/>\n<meta name=\"robots\" content=\"index, follow, max-snippet:-1, max-image-preview:large, max-video-preview:-1\" \/>\n<link rel=\"canonical\" href=\"https:\/\/www.article-marketing.eu\/comunicatistampa\/le-raccomandazioni-della-pediatra-susanna-esposito-sulle-infezioni-piu-diffuse-a-scuola\/\" \/>\n<meta property=\"og:locale\" content=\"it_IT\" \/>\n<meta property=\"og:type\" content=\"article\" \/>\n<meta property=\"og:title\" content=\"Le raccomandazioni della pediatra Susanna Esposito sulle infezioni pi\u00f9 diffuse a scuola\" \/>\n<meta property=\"og:description\" content=\"Come proteggere bambini dalle infezioni pi\u00f9 diffuse a scuola? La risposta della pediatra Susanna Esposito in un\u2019intervista a \u201cFanpage\u201d\" \/>\n<meta property=\"og:url\" content=\"https:\/\/www.article-marketing.eu\/comunicatistampa\/le-raccomandazioni-della-pediatra-susanna-esposito-sulle-infezioni-piu-diffuse-a-scuola\/\" \/>\n<meta property=\"og:site_name\" content=\"Article Marketing\" \/>\n<meta property=\"article:published_time\" content=\"2023-10-09T08:52:29+00:00\" \/>\n<meta property=\"og:image\" content=\"https:\/\/www.susannaesposito.it\/wp-content\/uploads\/2016\/04\/Foto-Susanna-Esposito-2-e1459953218264-400x403.jpg\" \/>\n<meta name=\"author\" content=\"articolinews\" \/>\n<meta name=\"twitter:card\" content=\"summary_large_image\" \/>\n<meta name=\"twitter:label1\" content=\"Scritto da\" \/>\n\t<meta name=\"twitter:data1\" content=\"articolinews\" \/>\n\t<meta name=\"twitter:label2\" content=\"Tempo di lettura stimato\" \/>\n\t<meta name=\"twitter:data2\" content=\"3 minuti\" \/>\n<script type=\"application\/ld+json\" class=\"yoast-schema-graph\">{\"@context\":\"https:\\\/\\\/schema.org\",\"@graph\":[{\"@type\":\"Article\",\"@id\":\"https:\\\/\\\/www.article-marketing.eu\\\/comunicatistampa\\\/le-raccomandazioni-della-pediatra-susanna-esposito-sulle-infezioni-piu-diffuse-a-scuola\\\/#article\",\"isPartOf\":{\"@id\":\"https:\\\/\\\/www.article-marketing.eu\\\/comunicatistampa\\\/le-raccomandazioni-della-pediatra-susanna-esposito-sulle-infezioni-piu-diffuse-a-scuola\\\/\"},\"author\":{\"name\":\"articolinews\",\"@id\":\"https:\\\/\\\/www.article-marketing.eu\\\/comunicatistampa\\\/#\\\/schema\\\/person\\\/2fcaf8f8f3a9eef9eb7f27532d3ca458\"},\"headline\":\"Le raccomandazioni della pediatra Susanna Esposito sulle infezioni pi\u00f9 diffuse a scuola\",\"datePublished\":\"2023-10-09T08:52:29+00:00\",\"mainEntityOfPage\":{\"@id\":\"https:\\\/\\\/www.article-marketing.eu\\\/comunicatistampa\\\/le-raccomandazioni-della-pediatra-susanna-esposito-sulle-infezioni-piu-diffuse-a-scuola\\\/\"},\"wordCount\":410,\"commentCount\":0,\"image\":{\"@id\":\"https:\\\/\\\/www.article-marketing.eu\\\/comunicatistampa\\\/le-raccomandazioni-della-pediatra-susanna-esposito-sulle-infezioni-piu-diffuse-a-scuola\\\/#primaryimage\"},\"thumbnailUrl\":\"https:\\\/\\\/www.susannaesposito.it\\\/wp-content\\\/uploads\\\/2016\\\/04\\\/Foto-Susanna-Esposito-2-e1459953218264-400x403.jpg\",\"keywords\":[\"Susanna Esposito\"],\"articleSection\":[\"Salute e benessere\"],\"inLanguage\":\"it-IT\",\"potentialAction\":[{\"@type\":\"CommentAction\",\"name\":\"Comment\",\"target\":[\"https:\\\/\\\/www.article-marketing.eu\\\/comunicatistampa\\\/le-raccomandazioni-della-pediatra-susanna-esposito-sulle-infezioni-piu-diffuse-a-scuola\\\/#respond\"]}]},{\"@type\":\"WebPage\",\"@id\":\"https:\\\/\\\/www.article-marketing.eu\\\/comunicatistampa\\\/le-raccomandazioni-della-pediatra-susanna-esposito-sulle-infezioni-piu-diffuse-a-scuola\\\/\",\"url\":\"https:\\\/\\\/www.article-marketing.eu\\\/comunicatistampa\\\/le-raccomandazioni-della-pediatra-susanna-esposito-sulle-infezioni-piu-diffuse-a-scuola\\\/\",\"name\":\"Le raccomandazioni della pediatra Susanna Esposito sulle infezioni pi\u00f9 diffuse a scuola\",\"isPartOf\":{\"@id\":\"https:\\\/\\\/www.article-marketing.eu\\\/comunicatistampa\\\/#website\"},\"primaryImageOfPage\":{\"@id\":\"https:\\\/\\\/www.article-marketing.eu\\\/comunicatistampa\\\/le-raccomandazioni-della-pediatra-susanna-esposito-sulle-infezioni-piu-diffuse-a-scuola\\\/#primaryimage\"},\"image\":{\"@id\":\"https:\\\/\\\/www.article-marketing.eu\\\/comunicatistampa\\\/le-raccomandazioni-della-pediatra-susanna-esposito-sulle-infezioni-piu-diffuse-a-scuola\\\/#primaryimage\"},\"thumbnailUrl\":\"https:\\\/\\\/www.susannaesposito.it\\\/wp-content\\\/uploads\\\/2016\\\/04\\\/Foto-Susanna-Esposito-2-e1459953218264-400x403.jpg\",\"datePublished\":\"2023-10-09T08:52:29+00:00\",\"author\":{\"@id\":\"https:\\\/\\\/www.article-marketing.eu\\\/comunicatistampa\\\/#\\\/schema\\\/person\\\/2fcaf8f8f3a9eef9eb7f27532d3ca458\"},\"description\":\"Come proteggere bambini dalle infezioni pi\u00f9 diffuse a scuola? La risposta della pediatra Susanna Esposito in un\u2019intervista a \u201cFanpage\u201d\",\"breadcrumb\":{\"@id\":\"https:\\\/\\\/www.article-marketing.eu\\\/comunicatistampa\\\/le-raccomandazioni-della-pediatra-susanna-esposito-sulle-infezioni-piu-diffuse-a-scuola\\\/#breadcrumb\"},\"inLanguage\":\"it-IT\",\"potentialAction\":[{\"@type\":\"ReadAction\",\"target\":[\"https:\\\/\\\/www.article-marketing.eu\\\/comunicatistampa\\\/le-raccomandazioni-della-pediatra-susanna-esposito-sulle-infezioni-piu-diffuse-a-scuola\\\/\"]}]},{\"@type\":\"ImageObject\",\"inLanguage\":\"it-IT\",\"@id\":\"https:\\\/\\\/www.article-marketing.eu\\\/comunicatistampa\\\/le-raccomandazioni-della-pediatra-susanna-esposito-sulle-infezioni-piu-diffuse-a-scuola\\\/#primaryimage\",\"url\":\"https:\\\/\\\/www.susannaesposito.it\\\/wp-content\\\/uploads\\\/2016\\\/04\\\/Foto-Susanna-Esposito-2-e1459953218264-400x403.jpg\",\"contentUrl\":\"https:\\\/\\\/www.susannaesposito.it\\\/wp-content\\\/uploads\\\/2016\\\/04\\\/Foto-Susanna-Esposito-2-e1459953218264-400x403.jpg\"},{\"@type\":\"BreadcrumbList\",\"@id\":\"https:\\\/\\\/www.article-marketing.eu\\\/comunicatistampa\\\/le-raccomandazioni-della-pediatra-susanna-esposito-sulle-infezioni-piu-diffuse-a-scuola\\\/#breadcrumb\",\"itemListElement\":[{\"@type\":\"ListItem\",\"position\":1,\"name\":\"Home\",\"item\":\"https:\\\/\\\/www.article-marketing.eu\\\/comunicatistampa\\\/\"},{\"@type\":\"ListItem\",\"position\":2,\"name\":\"Le raccomandazioni della pediatra Susanna Esposito sulle infezioni pi\u00f9 diffuse a scuola\"}]},{\"@type\":\"WebSite\",\"@id\":\"https:\\\/\\\/www.article-marketing.eu\\\/comunicatistampa\\\/#website\",\"url\":\"https:\\\/\\\/www.article-marketing.eu\\\/comunicatistampa\\\/\",\"name\":\"Article Marketing\",\"description\":\"article marketing &amp; press release\",\"potentialAction\":[{\"@type\":\"SearchAction\",\"target\":{\"@type\":\"EntryPoint\",\"urlTemplate\":\"https:\\\/\\\/www.article-marketing.eu\\\/comunicatistampa\\\/?s={search_term_string}\"},\"query-input\":{\"@type\":\"PropertyValueSpecification\",\"valueRequired\":true,\"valueName\":\"search_term_string\"}}],\"inLanguage\":\"it-IT\"},{\"@type\":\"Person\",\"@id\":\"https:\\\/\\\/www.article-marketing.eu\\\/comunicatistampa\\\/#\\\/schema\\\/person\\\/2fcaf8f8f3a9eef9eb7f27532d3ca458\",\"name\":\"articolinews\",\"image\":{\"@type\":\"ImageObject\",\"inLanguage\":\"it-IT\",\"@id\":\"https:\\\/\\\/secure.gravatar.com\\\/avatar\\\/9e2a264bab04e17dea24d937c9956304649a848cb73c46747a692ff1bdeb1cb7?s=96&d=mm&r=g\",\"url\":\"https:\\\/\\\/secure.gravatar.com\\\/avatar\\\/9e2a264bab04e17dea24d937c9956304649a848cb73c46747a692ff1bdeb1cb7?s=96&d=mm&r=g\",\"contentUrl\":\"https:\\\/\\\/secure.gravatar.com\\\/avatar\\\/9e2a264bab04e17dea24d937c9956304649a848cb73c46747a692ff1bdeb1cb7?s=96&d=mm&r=g\",\"caption\":\"articolinews\"},\"url\":\"https:\\\/\\\/www.article-marketing.eu\\\/comunicatistampa\\\/author\\\/articolinews\\\/\"}]}<\/script>\n<!-- \/ Yoast SEO plugin. -->","yoast_head_json":{"title":"Le raccomandazioni della pediatra Susanna Esposito sulle infezioni pi\u00f9 diffuse a scuola","description":"Come proteggere bambini dalle infezioni pi\u00f9 diffuse a scuola? La risposta della pediatra Susanna Esposito in un\u2019intervista a \u201cFanpage\u201d","robots":{"index":"index","follow":"follow","max-snippet":"max-snippet:-1","max-image-preview":"max-image-preview:large","max-video-preview":"max-video-preview:-1"},"canonical":"https:\/\/www.article-marketing.eu\/comunicatistampa\/le-raccomandazioni-della-pediatra-susanna-esposito-sulle-infezioni-piu-diffuse-a-scuola\/","og_locale":"it_IT","og_type":"article","og_title":"Le raccomandazioni della pediatra Susanna Esposito sulle infezioni pi\u00f9 diffuse a scuola","og_description":"Come proteggere bambini dalle infezioni pi\u00f9 diffuse a scuola? La risposta della pediatra Susanna Esposito in un\u2019intervista a \u201cFanpage\u201d","og_url":"https:\/\/www.article-marketing.eu\/comunicatistampa\/le-raccomandazioni-della-pediatra-susanna-esposito-sulle-infezioni-piu-diffuse-a-scuola\/","og_site_name":"Article Marketing","article_published_time":"2023-10-09T08:52:29+00:00","og_image":[{"url":"https:\/\/www.susannaesposito.it\/wp-content\/uploads\/2016\/04\/Foto-Susanna-Esposito-2-e1459953218264-400x403.jpg","type":"","width":"","height":""}],"author":"articolinews","twitter_card":"summary_large_image","twitter_misc":{"Scritto da":"articolinews","Tempo di lettura stimato":"3 minuti"},"schema":{"@context":"https:\/\/schema.org","@graph":[{"@type":"Article","@id":"https:\/\/www.article-marketing.eu\/comunicatistampa\/le-raccomandazioni-della-pediatra-susanna-esposito-sulle-infezioni-piu-diffuse-a-scuola\/#article","isPartOf":{"@id":"https:\/\/www.article-marketing.eu\/comunicatistampa\/le-raccomandazioni-della-pediatra-susanna-esposito-sulle-infezioni-piu-diffuse-a-scuola\/"},"author":{"name":"articolinews","@id":"https:\/\/www.article-marketing.eu\/comunicatistampa\/#\/schema\/person\/2fcaf8f8f3a9eef9eb7f27532d3ca458"},"headline":"Le raccomandazioni della pediatra Susanna Esposito sulle infezioni pi\u00f9 diffuse a scuola","datePublished":"2023-10-09T08:52:29+00:00","mainEntityOfPage":{"@id":"https:\/\/www.article-marketing.eu\/comunicatistampa\/le-raccomandazioni-della-pediatra-susanna-esposito-sulle-infezioni-piu-diffuse-a-scuola\/"},"wordCount":410,"commentCount":0,"image":{"@id":"https:\/\/www.article-marketing.eu\/comunicatistampa\/le-raccomandazioni-della-pediatra-susanna-esposito-sulle-infezioni-piu-diffuse-a-scuola\/#primaryimage"},"thumbnailUrl":"https:\/\/www.susannaesposito.it\/wp-content\/uploads\/2016\/04\/Foto-Susanna-Esposito-2-e1459953218264-400x403.jpg","keywords":["Susanna Esposito"],"articleSection":["Salute e benessere"],"inLanguage":"it-IT","potentialAction":[{"@type":"CommentAction","name":"Comment","target":["https:\/\/www.article-marketing.eu\/comunicatistampa\/le-raccomandazioni-della-pediatra-susanna-esposito-sulle-infezioni-piu-diffuse-a-scuola\/#respond"]}]},{"@type":"WebPage","@id":"https:\/\/www.article-marketing.eu\/comunicatistampa\/le-raccomandazioni-della-pediatra-susanna-esposito-sulle-infezioni-piu-diffuse-a-scuola\/","url":"https:\/\/www.article-marketing.eu\/comunicatistampa\/le-raccomandazioni-della-pediatra-susanna-esposito-sulle-infezioni-piu-diffuse-a-scuola\/","name":"Le raccomandazioni della pediatra Susanna Esposito sulle infezioni pi\u00f9 diffuse a scuola","isPartOf":{"@id":"https:\/\/www.article-marketing.eu\/comunicatistampa\/#website"},"primaryImageOfPage":{"@id":"https:\/\/www.article-marketing.eu\/comunicatistampa\/le-raccomandazioni-della-pediatra-susanna-esposito-sulle-infezioni-piu-diffuse-a-scuola\/#primaryimage"},"image":{"@id":"https:\/\/www.article-marketing.eu\/comunicatistampa\/le-raccomandazioni-della-pediatra-susanna-esposito-sulle-infezioni-piu-diffuse-a-scuola\/#primaryimage"},"thumbnailUrl":"https:\/\/www.susannaesposito.it\/wp-content\/uploads\/2016\/04\/Foto-Susanna-Esposito-2-e1459953218264-400x403.jpg","datePublished":"2023-10-09T08:52:29+00:00","author":{"@id":"https:\/\/www.article-marketing.eu\/comunicatistampa\/#\/schema\/person\/2fcaf8f8f3a9eef9eb7f27532d3ca458"},"description":"Come proteggere bambini dalle infezioni pi\u00f9 diffuse a scuola? La risposta della pediatra Susanna Esposito in un\u2019intervista a \u201cFanpage\u201d","breadcrumb":{"@id":"https:\/\/www.article-marketing.eu\/comunicatistampa\/le-raccomandazioni-della-pediatra-susanna-esposito-sulle-infezioni-piu-diffuse-a-scuola\/#breadcrumb"},"inLanguage":"it-IT","potentialAction":[{"@type":"ReadAction","target":["https:\/\/www.article-marketing.eu\/comunicatistampa\/le-raccomandazioni-della-pediatra-susanna-esposito-sulle-infezioni-piu-diffuse-a-scuola\/"]}]},{"@type":"ImageObject","inLanguage":"it-IT","@id":"https:\/\/www.article-marketing.eu\/comunicatistampa\/le-raccomandazioni-della-pediatra-susanna-esposito-sulle-infezioni-piu-diffuse-a-scuola\/#primaryimage","url":"https:\/\/www.susannaesposito.it\/wp-content\/uploads\/2016\/04\/Foto-Susanna-Esposito-2-e1459953218264-400x403.jpg","contentUrl":"https:\/\/www.susannaesposito.it\/wp-content\/uploads\/2016\/04\/Foto-Susanna-Esposito-2-e1459953218264-400x403.jpg"},{"@type":"BreadcrumbList","@id":"https:\/\/www.article-marketing.eu\/comunicatistampa\/le-raccomandazioni-della-pediatra-susanna-esposito-sulle-infezioni-piu-diffuse-a-scuola\/#breadcrumb","itemListElement":[{"@type":"ListItem","position":1,"name":"Home","item":"https:\/\/www.article-marketing.eu\/comunicatistampa\/"},{"@type":"ListItem","position":2,"name":"Le raccomandazioni della pediatra Susanna Esposito sulle infezioni pi\u00f9 diffuse a scuola"}]},{"@type":"WebSite","@id":"https:\/\/www.article-marketing.eu\/comunicatistampa\/#website","url":"https:\/\/www.article-marketing.eu\/comunicatistampa\/","name":"Article Marketing","description":"article marketing &amp; press release","potentialAction":[{"@type":"SearchAction","target":{"@type":"EntryPoint","urlTemplate":"https:\/\/www.article-marketing.eu\/comunicatistampa\/?s={search_term_string}"},"query-input":{"@type":"PropertyValueSpecification","valueRequired":true,"valueName":"search_term_string"}}],"inLanguage":"it-IT"},{"@type":"Person","@id":"https:\/\/www.article-marketing.eu\/comunicatistampa\/#\/schema\/person\/2fcaf8f8f3a9eef9eb7f27532d3ca458","name":"articolinews","image":{"@type":"ImageObject","inLanguage":"it-IT","@id":"https:\/\/secure.gravatar.com\/avatar\/9e2a264bab04e17dea24d937c9956304649a848cb73c46747a692ff1bdeb1cb7?s=96&d=mm&r=g","url":"https:\/\/secure.gravatar.com\/avatar\/9e2a264bab04e17dea24d937c9956304649a848cb73c46747a692ff1bdeb1cb7?s=96&d=mm&r=g","contentUrl":"https:\/\/secure.gravatar.com\/avatar\/9e2a264bab04e17dea24d937c9956304649a848cb73c46747a692ff1bdeb1cb7?s=96&d=mm&r=g","caption":"articolinews"},"url":"https:\/\/www.article-marketing.eu\/comunicatistampa\/author\/articolinews\/"}]}},"_links":{"self":[{"href":"https:\/\/www.article-marketing.eu\/comunicatistampa\/wp-json\/wp\/v2\/posts\/28569","targetHints":{"allow":["GET"]}}],"collection":[{"href":"https:\/\/www.article-marketing.eu\/comunicatistampa\/wp-json\/wp\/v2\/posts"}],"about":[{"href":"https:\/\/www.article-marketing.eu\/comunicatistampa\/wp-json\/wp\/v2\/types\/post"}],"author":[{"embeddable":true,"href":"https:\/\/www.article-marketing.eu\/comunicatistampa\/wp-json\/wp\/v2\/users\/6477"}],"replies":[{"embeddable":true,"href":"https:\/\/www.article-marketing.eu\/comunicatistampa\/wp-json\/wp\/v2\/comments?post=28569"}],"version-history":[{"count":2,"href":"https:\/\/www.article-marketing.eu\/comunicatistampa\/wp-json\/wp\/v2\/posts\/28569\/revisions"}],"predecessor-version":[{"id":28585,"href":"https:\/\/www.article-marketing.eu\/comunicatistampa\/wp-json\/wp\/v2\/posts\/28569\/revisions\/28585"}],"wp:attachment":[{"href":"https:\/\/www.article-marketing.eu\/comunicatistampa\/wp-json\/wp\/v2\/media?parent=28569"}],"wp:term":[{"taxonomy":"category","embeddable":true,"href":"https:\/\/www.article-marketing.eu\/comunicatistampa\/wp-json\/wp\/v2\/categories?post=28569"},{"taxonomy":"post_tag","embeddable":true,"href":"https:\/\/www.article-marketing.eu\/comunicatistampa\/wp-json\/wp\/v2\/tags?post=28569"}],"curies":[{"name":"wp","href":"https:\/\/api.w.org\/{rel}","templated":true}]}}