{"id":28571,"date":"2023-10-09T10:53:04","date_gmt":"2023-10-09T08:53:04","guid":{"rendered":"https:\/\/www.article-marketing.eu\/comunicatistampa\/?p=28571"},"modified":"2023-10-09T10:53:04","modified_gmt":"2023-10-09T08:53:04","slug":"elettrico-la-svolta-di-renault-group-nelle-parole-di-luca-de-meo","status":"publish","type":"post","link":"https:\/\/www.article-marketing.eu\/comunicatistampa\/elettrico-la-svolta-di-renault-group-nelle-parole-di-luca-de-meo\/","title":{"rendered":"Elettrico, la svolta di Renault Group nelle parole di Luca de Meo"},"content":{"rendered":"<p><em><strong>La mobilit\u00e0 elettrica \u00e8 la sfida del futuro per l\u2019industria automobilistica, ma anche una grande opportunit\u00e0. Lo ha affermato <a title=\"Il percorso professionale del manager Luca de Meo\" href=\"https:\/\/www.crunchbase.com\/person\/luca-de-meo\">Luca de Meo<\/a>, CEO di Renault Group, in occasione della presentazione della Sc\u00e9nic E-Tech Electric al Salone di Monaco.<\/strong><\/em><\/p>\n<p><a title=\"Luca de Meo: dalla laurea alla guida del Gruppo Renault\" href=\"https:\/\/www.crunchbase.com\/person\/luca-de-meo\"><img loading=\"lazy\" decoding=\"async\" src=\"https:\/\/images.crunchbase.com\/image\/upload\/c_thumb,h_170,w_170,f_auto,g_faces,z_0.7,b_white,q_auto:eco,dpr_1\/ecog1ttlvmkg0kbsr7qu\" alt=\"Luca de Meo, CEO del Gruppo Renault\" width=\"150\" height=\"150\" \/><\/a><\/p>\n<h2>Mobilit\u00e0 elettrica, Luca de Meo: \u201cUna sfida per l\u2019Europa\u201d<\/h2>\n<p>Vedr\u00e0 la luce nei primi mesi del 2024 la nuova Renault Sc\u00e9nic E-Tech Electric. Presentato quest\u2019anno al Salone di Monaco, il nuovo modello assurge anche a simbolo del passaggio della casa francese verso l\u2019elettrico. Principale artefice della cosiddetta \u201cRenaulution\u201d \u00e8 il CEO <a title=\"Le tappe principali nella carriera di Luca de Meo\" href=\"https:\/\/www.crunchbase.com\/person\/luca-de-meo\"><strong>Luca de Meo<\/strong><\/a>, che nel 2021 ha lanciato il piano industriale con l\u2019obiettivo iniziale di rinnovare e arricchire la gamma e migliorare la redditivit\u00e0, per poi passare dal 2025 alla fase della \u201cRivoluzione&#8221; e portare avanti un modello di business incentrato su tecnologie innovative e nuove forme di mobilit\u00e0. La strada tuttavia \u00e8 ancora lunga e diverse sono le sfide che attendono i costruttori d\u2019auto del Vecchio Continente. Intervistato a margine della kermesse tedesca, <strong>Luca de Meo<\/strong> ha infatti sottolineato lo svantaggio temporale delle case europee rispetto alle rivali americane e cinesi, che hanno investito di pi\u00f9 e prima in questa tecnologia. \u201c<em>In teoria, fra 12 anni, potremo vendere solo auto elettriche<\/em>\u201d, ha detto il CEO di Renault Group evidenziando i problemi da affrontare in termini di approvvigionamento delle materie prime, produzione delle batterie, infrastrutture di ricarica e costo dell\u2019energia. Ha anche ricordato che Tesla ha avuto il supporto dei mercati finanziari, mentre la Cina ha adottato una strategia di lungo periodo, iniziata gi\u00e0 15 anni fa, in cui ha badato a ogni singolo elemento dell\u2019equazione. \u201c<em>I cinesi hanno creato una domanda interna di 6-7 milioni di auto elettriche all\u2019anno, che costituiscono il 25-30% delle loro vendite complessive. Per dare un\u2019idea, in Europa siamo fermi a un milione di unit\u00e0<\/em>\u201d.<\/p>\n<h2>Luca de Meo: Renault Group, al via lo switch verso l&#8217;elettrico<\/h2>\n<p><strong>Luca de Meo<\/strong> ha anche parlato del phase out dei motori termici al 2035, affermando che si potrebbero limitare le emissioni di CO2 anche con altre soluzioni, come i carburanti sintetici (noti anche come E-fuel) o l\u2019idrogeno, da destinare al trasporto aereo. Tuttavia, il CEO ha ribadito la volont\u00e0 di Renault Group di puntare sull\u2019elettrico: \u201c<em>Oggi Renault guadagna pi\u00f9 di quanto abbia mai fatto nella sua storia e ha un margine molto maggiore di quando costruiva un milione di auto in pi\u00f9<\/em>\u201d, ha dichiarato aggiungendo che il Gruppo intende offrire sia modelli esclusivi che auto accessibili ai pi\u00f9, come ad esempio la Dacia. Il manager ha concluso il suo pensiero dicendosi soddisfatto dei nuovi modelli lanciati e ottimista sul futuro di Renault Group, con l\u2019azienda che ha come obiettivo principale quello di passare da una logica di volumi ad una incentrata sulla creazione di valore, affiancata da una politica meno aggressiva sui prezzi cos\u00ec da proteggere i margini.<\/p>\n","protected":false},"excerpt":{"rendered":"<p>La mobilit\u00e0 elettrica \u00e8 la sfida del futuro per l\u2019industria automobilistica, ma anche una grande opportunit\u00e0. Lo ha affermato Luca de Meo, CEO di Renault Group, in occasione della presentazione della Sc\u00e9nic E-Tech Electric al Salone di Monaco. Mobilit\u00e0 elettrica, Luca de Meo: \u201cUna sfida per l\u2019Europa\u201d Vedr\u00e0 la luce nei primi mesi del 2024 la nuova Renault Sc\u00e9nic E-Tech Electric. Presentato quest\u2019anno al Salone di Monaco, il nuovo modello<\/p>\n<p><a class=\"continue-reading\" href=\"https:\/\/www.article-marketing.eu\/comunicatistampa\/elettrico-la-svolta-di-renault-group-nelle-parole-di-luca-de-meo\/\">Continue reading&#8230;<\/a><\/p>\n","protected":false},"author":7244,"featured_media":0,"comment_status":"open","ping_status":"open","sticky":false,"template":"","format":"standard","meta":{"_monsterinsights_skip_tracking":false,"_monsterinsights_sitenote_active":false,"_monsterinsights_sitenote_note":"","_monsterinsights_sitenote_category":0,"footnotes":""},"categories":[374],"tags":[10716],"class_list":["post-28571","post","type-post","status-publish","format-standard","hentry","category-motori","tag-luca-de-meo"],"yoast_head":"<!-- This site is optimized with the Yoast SEO plugin v27.3 - https:\/\/yoast.com\/product\/yoast-seo-wordpress\/ -->\n<title>Elettrico, la svolta di Renault Group nelle parole di Luca de Meo - Article Marketing<\/title>\n<meta name=\"description\" content=\"Presentando la Sc\u00e9nic E-Tech, Luca de Meo ha affrontato il tema della mobilit\u00e0 elettrica, evidenziando i problemi e le soluzioni possibili\" \/>\n<meta name=\"robots\" content=\"index, follow, max-snippet:-1, max-image-preview:large, max-video-preview:-1\" \/>\n<link rel=\"canonical\" href=\"https:\/\/www.article-marketing.eu\/comunicatistampa\/elettrico-la-svolta-di-renault-group-nelle-parole-di-luca-de-meo\/\" \/>\n<meta property=\"og:locale\" content=\"it_IT\" \/>\n<meta property=\"og:type\" content=\"article\" \/>\n<meta property=\"og:title\" content=\"Elettrico, la svolta di Renault Group nelle parole di Luca de Meo - Article Marketing\" \/>\n<meta property=\"og:description\" content=\"Presentando la Sc\u00e9nic E-Tech, Luca de Meo ha affrontato il tema della mobilit\u00e0 elettrica, evidenziando i problemi e le soluzioni possibili\" \/>\n<meta property=\"og:url\" content=\"https:\/\/www.article-marketing.eu\/comunicatistampa\/elettrico-la-svolta-di-renault-group-nelle-parole-di-luca-de-meo\/\" \/>\n<meta property=\"og:site_name\" content=\"Article Marketing\" \/>\n<meta property=\"article:published_time\" content=\"2023-10-09T08:53:04+00:00\" \/>\n<meta property=\"og:image\" content=\"https:\/\/images.crunchbase.com\/image\/upload\/c_thumb,h_170,w_170,f_auto,g_faces,z_0.7,b_white,q_auto:eco,dpr_1\/ecog1ttlvmkg0kbsr7qu\" \/>\n<meta name=\"author\" content=\"agencyfdapress\" \/>\n<meta name=\"twitter:card\" content=\"summary_large_image\" \/>\n<meta name=\"twitter:label1\" content=\"Scritto da\" \/>\n\t<meta name=\"twitter:data1\" content=\"agencyfdapress\" \/>\n\t<meta name=\"twitter:label2\" content=\"Tempo di lettura stimato\" \/>\n\t<meta name=\"twitter:data2\" content=\"3 minuti\" \/>\n<script type=\"application\/ld+json\" class=\"yoast-schema-graph\">{\"@context\":\"https:\\\/\\\/schema.org\",\"@graph\":[{\"@type\":\"Article\",\"@id\":\"https:\\\/\\\/www.article-marketing.eu\\\/comunicatistampa\\\/elettrico-la-svolta-di-renault-group-nelle-parole-di-luca-de-meo\\\/#article\",\"isPartOf\":{\"@id\":\"https:\\\/\\\/www.article-marketing.eu\\\/comunicatistampa\\\/elettrico-la-svolta-di-renault-group-nelle-parole-di-luca-de-meo\\\/\"},\"author\":{\"name\":\"agencyfdapress\",\"@id\":\"https:\\\/\\\/www.article-marketing.eu\\\/comunicatistampa\\\/#\\\/schema\\\/person\\\/51c7c9a1419e6d243af8502cd7e05aff\"},\"headline\":\"Elettrico, la svolta di Renault Group nelle parole di Luca de Meo\",\"datePublished\":\"2023-10-09T08:53:04+00:00\",\"mainEntityOfPage\":{\"@id\":\"https:\\\/\\\/www.article-marketing.eu\\\/comunicatistampa\\\/elettrico-la-svolta-di-renault-group-nelle-parole-di-luca-de-meo\\\/\"},\"wordCount\":486,\"commentCount\":0,\"image\":{\"@id\":\"https:\\\/\\\/www.article-marketing.eu\\\/comunicatistampa\\\/elettrico-la-svolta-di-renault-group-nelle-parole-di-luca-de-meo\\\/#primaryimage\"},\"thumbnailUrl\":\"https:\\\/\\\/images.crunchbase.com\\\/image\\\/upload\\\/c_thumb,h_170,w_170,f_auto,g_faces,z_0.7,b_white,q_auto:eco,dpr_1\\\/ecog1ttlvmkg0kbsr7qu\",\"keywords\":[\"Luca de Meo\"],\"articleSection\":[\"Motori\"],\"inLanguage\":\"it-IT\",\"potentialAction\":[{\"@type\":\"CommentAction\",\"name\":\"Comment\",\"target\":[\"https:\\\/\\\/www.article-marketing.eu\\\/comunicatistampa\\\/elettrico-la-svolta-di-renault-group-nelle-parole-di-luca-de-meo\\\/#respond\"]}]},{\"@type\":\"WebPage\",\"@id\":\"https:\\\/\\\/www.article-marketing.eu\\\/comunicatistampa\\\/elettrico-la-svolta-di-renault-group-nelle-parole-di-luca-de-meo\\\/\",\"url\":\"https:\\\/\\\/www.article-marketing.eu\\\/comunicatistampa\\\/elettrico-la-svolta-di-renault-group-nelle-parole-di-luca-de-meo\\\/\",\"name\":\"Elettrico, la svolta di Renault Group nelle parole di Luca de Meo - Article Marketing\",\"isPartOf\":{\"@id\":\"https:\\\/\\\/www.article-marketing.eu\\\/comunicatistampa\\\/#website\"},\"primaryImageOfPage\":{\"@id\":\"https:\\\/\\\/www.article-marketing.eu\\\/comunicatistampa\\\/elettrico-la-svolta-di-renault-group-nelle-parole-di-luca-de-meo\\\/#primaryimage\"},\"image\":{\"@id\":\"https:\\\/\\\/www.article-marketing.eu\\\/comunicatistampa\\\/elettrico-la-svolta-di-renault-group-nelle-parole-di-luca-de-meo\\\/#primaryimage\"},\"thumbnailUrl\":\"https:\\\/\\\/images.crunchbase.com\\\/image\\\/upload\\\/c_thumb,h_170,w_170,f_auto,g_faces,z_0.7,b_white,q_auto:eco,dpr_1\\\/ecog1ttlvmkg0kbsr7qu\",\"datePublished\":\"2023-10-09T08:53:04+00:00\",\"author\":{\"@id\":\"https:\\\/\\\/www.article-marketing.eu\\\/comunicatistampa\\\/#\\\/schema\\\/person\\\/51c7c9a1419e6d243af8502cd7e05aff\"},\"description\":\"Presentando la Sc\u00e9nic E-Tech, Luca de Meo ha affrontato il tema della mobilit\u00e0 elettrica, evidenziando i problemi e le soluzioni possibili\",\"breadcrumb\":{\"@id\":\"https:\\\/\\\/www.article-marketing.eu\\\/comunicatistampa\\\/elettrico-la-svolta-di-renault-group-nelle-parole-di-luca-de-meo\\\/#breadcrumb\"},\"inLanguage\":\"it-IT\",\"potentialAction\":[{\"@type\":\"ReadAction\",\"target\":[\"https:\\\/\\\/www.article-marketing.eu\\\/comunicatistampa\\\/elettrico-la-svolta-di-renault-group-nelle-parole-di-luca-de-meo\\\/\"]}]},{\"@type\":\"ImageObject\",\"inLanguage\":\"it-IT\",\"@id\":\"https:\\\/\\\/www.article-marketing.eu\\\/comunicatistampa\\\/elettrico-la-svolta-di-renault-group-nelle-parole-di-luca-de-meo\\\/#primaryimage\",\"url\":\"https:\\\/\\\/images.crunchbase.com\\\/image\\\/upload\\\/c_thumb,h_170,w_170,f_auto,g_faces,z_0.7,b_white,q_auto:eco,dpr_1\\\/ecog1ttlvmkg0kbsr7qu\",\"contentUrl\":\"https:\\\/\\\/images.crunchbase.com\\\/image\\\/upload\\\/c_thumb,h_170,w_170,f_auto,g_faces,z_0.7,b_white,q_auto:eco,dpr_1\\\/ecog1ttlvmkg0kbsr7qu\"},{\"@type\":\"BreadcrumbList\",\"@id\":\"https:\\\/\\\/www.article-marketing.eu\\\/comunicatistampa\\\/elettrico-la-svolta-di-renault-group-nelle-parole-di-luca-de-meo\\\/#breadcrumb\",\"itemListElement\":[{\"@type\":\"ListItem\",\"position\":1,\"name\":\"Home\",\"item\":\"https:\\\/\\\/www.article-marketing.eu\\\/comunicatistampa\\\/\"},{\"@type\":\"ListItem\",\"position\":2,\"name\":\"Elettrico, la svolta di Renault Group nelle parole di Luca de Meo\"}]},{\"@type\":\"WebSite\",\"@id\":\"https:\\\/\\\/www.article-marketing.eu\\\/comunicatistampa\\\/#website\",\"url\":\"https:\\\/\\\/www.article-marketing.eu\\\/comunicatistampa\\\/\",\"name\":\"Article Marketing\",\"description\":\"article marketing &amp; press release\",\"potentialAction\":[{\"@type\":\"SearchAction\",\"target\":{\"@type\":\"EntryPoint\",\"urlTemplate\":\"https:\\\/\\\/www.article-marketing.eu\\\/comunicatistampa\\\/?s={search_term_string}\"},\"query-input\":{\"@type\":\"PropertyValueSpecification\",\"valueRequired\":true,\"valueName\":\"search_term_string\"}}],\"inLanguage\":\"it-IT\"},{\"@type\":\"Person\",\"@id\":\"https:\\\/\\\/www.article-marketing.eu\\\/comunicatistampa\\\/#\\\/schema\\\/person\\\/51c7c9a1419e6d243af8502cd7e05aff\",\"name\":\"agencyfdapress\",\"image\":{\"@type\":\"ImageObject\",\"inLanguage\":\"it-IT\",\"@id\":\"https:\\\/\\\/secure.gravatar.com\\\/avatar\\\/8001b425ff309254d3f7f21ab2655c3f11e36b0fbd3ecbf99aad5e2ee4ebe309?s=96&d=mm&r=g\",\"url\":\"https:\\\/\\\/secure.gravatar.com\\\/avatar\\\/8001b425ff309254d3f7f21ab2655c3f11e36b0fbd3ecbf99aad5e2ee4ebe309?s=96&d=mm&r=g\",\"contentUrl\":\"https:\\\/\\\/secure.gravatar.com\\\/avatar\\\/8001b425ff309254d3f7f21ab2655c3f11e36b0fbd3ecbf99aad5e2ee4ebe309?s=96&d=mm&r=g\",\"caption\":\"agencyfdapress\"},\"url\":\"https:\\\/\\\/www.article-marketing.eu\\\/comunicatistampa\\\/author\\\/agencyfdapress\\\/\"}]}<\/script>\n<!-- \/ Yoast SEO plugin. -->","yoast_head_json":{"title":"Elettrico, la svolta di Renault Group nelle parole di Luca de Meo - Article Marketing","description":"Presentando la Sc\u00e9nic E-Tech, Luca de Meo ha affrontato il tema della mobilit\u00e0 elettrica, evidenziando i problemi e le soluzioni possibili","robots":{"index":"index","follow":"follow","max-snippet":"max-snippet:-1","max-image-preview":"max-image-preview:large","max-video-preview":"max-video-preview:-1"},"canonical":"https:\/\/www.article-marketing.eu\/comunicatistampa\/elettrico-la-svolta-di-renault-group-nelle-parole-di-luca-de-meo\/","og_locale":"it_IT","og_type":"article","og_title":"Elettrico, la svolta di Renault Group nelle parole di Luca de Meo - Article Marketing","og_description":"Presentando la Sc\u00e9nic E-Tech, Luca de Meo ha affrontato il tema della mobilit\u00e0 elettrica, evidenziando i problemi e le soluzioni possibili","og_url":"https:\/\/www.article-marketing.eu\/comunicatistampa\/elettrico-la-svolta-di-renault-group-nelle-parole-di-luca-de-meo\/","og_site_name":"Article Marketing","article_published_time":"2023-10-09T08:53:04+00:00","og_image":[{"url":"https:\/\/images.crunchbase.com\/image\/upload\/c_thumb,h_170,w_170,f_auto,g_faces,z_0.7,b_white,q_auto:eco,dpr_1\/ecog1ttlvmkg0kbsr7qu","type":"","width":"","height":""}],"author":"agencyfdapress","twitter_card":"summary_large_image","twitter_misc":{"Scritto da":"agencyfdapress","Tempo di lettura stimato":"3 minuti"},"schema":{"@context":"https:\/\/schema.org","@graph":[{"@type":"Article","@id":"https:\/\/www.article-marketing.eu\/comunicatistampa\/elettrico-la-svolta-di-renault-group-nelle-parole-di-luca-de-meo\/#article","isPartOf":{"@id":"https:\/\/www.article-marketing.eu\/comunicatistampa\/elettrico-la-svolta-di-renault-group-nelle-parole-di-luca-de-meo\/"},"author":{"name":"agencyfdapress","@id":"https:\/\/www.article-marketing.eu\/comunicatistampa\/#\/schema\/person\/51c7c9a1419e6d243af8502cd7e05aff"},"headline":"Elettrico, la svolta di Renault Group nelle parole di Luca de Meo","datePublished":"2023-10-09T08:53:04+00:00","mainEntityOfPage":{"@id":"https:\/\/www.article-marketing.eu\/comunicatistampa\/elettrico-la-svolta-di-renault-group-nelle-parole-di-luca-de-meo\/"},"wordCount":486,"commentCount":0,"image":{"@id":"https:\/\/www.article-marketing.eu\/comunicatistampa\/elettrico-la-svolta-di-renault-group-nelle-parole-di-luca-de-meo\/#primaryimage"},"thumbnailUrl":"https:\/\/images.crunchbase.com\/image\/upload\/c_thumb,h_170,w_170,f_auto,g_faces,z_0.7,b_white,q_auto:eco,dpr_1\/ecog1ttlvmkg0kbsr7qu","keywords":["Luca de Meo"],"articleSection":["Motori"],"inLanguage":"it-IT","potentialAction":[{"@type":"CommentAction","name":"Comment","target":["https:\/\/www.article-marketing.eu\/comunicatistampa\/elettrico-la-svolta-di-renault-group-nelle-parole-di-luca-de-meo\/#respond"]}]},{"@type":"WebPage","@id":"https:\/\/www.article-marketing.eu\/comunicatistampa\/elettrico-la-svolta-di-renault-group-nelle-parole-di-luca-de-meo\/","url":"https:\/\/www.article-marketing.eu\/comunicatistampa\/elettrico-la-svolta-di-renault-group-nelle-parole-di-luca-de-meo\/","name":"Elettrico, la svolta di Renault Group nelle parole di Luca de Meo - Article Marketing","isPartOf":{"@id":"https:\/\/www.article-marketing.eu\/comunicatistampa\/#website"},"primaryImageOfPage":{"@id":"https:\/\/www.article-marketing.eu\/comunicatistampa\/elettrico-la-svolta-di-renault-group-nelle-parole-di-luca-de-meo\/#primaryimage"},"image":{"@id":"https:\/\/www.article-marketing.eu\/comunicatistampa\/elettrico-la-svolta-di-renault-group-nelle-parole-di-luca-de-meo\/#primaryimage"},"thumbnailUrl":"https:\/\/images.crunchbase.com\/image\/upload\/c_thumb,h_170,w_170,f_auto,g_faces,z_0.7,b_white,q_auto:eco,dpr_1\/ecog1ttlvmkg0kbsr7qu","datePublished":"2023-10-09T08:53:04+00:00","author":{"@id":"https:\/\/www.article-marketing.eu\/comunicatistampa\/#\/schema\/person\/51c7c9a1419e6d243af8502cd7e05aff"},"description":"Presentando la Sc\u00e9nic E-Tech, Luca de Meo ha affrontato il tema della mobilit\u00e0 elettrica, evidenziando i problemi e le soluzioni possibili","breadcrumb":{"@id":"https:\/\/www.article-marketing.eu\/comunicatistampa\/elettrico-la-svolta-di-renault-group-nelle-parole-di-luca-de-meo\/#breadcrumb"},"inLanguage":"it-IT","potentialAction":[{"@type":"ReadAction","target":["https:\/\/www.article-marketing.eu\/comunicatistampa\/elettrico-la-svolta-di-renault-group-nelle-parole-di-luca-de-meo\/"]}]},{"@type":"ImageObject","inLanguage":"it-IT","@id":"https:\/\/www.article-marketing.eu\/comunicatistampa\/elettrico-la-svolta-di-renault-group-nelle-parole-di-luca-de-meo\/#primaryimage","url":"https:\/\/images.crunchbase.com\/image\/upload\/c_thumb,h_170,w_170,f_auto,g_faces,z_0.7,b_white,q_auto:eco,dpr_1\/ecog1ttlvmkg0kbsr7qu","contentUrl":"https:\/\/images.crunchbase.com\/image\/upload\/c_thumb,h_170,w_170,f_auto,g_faces,z_0.7,b_white,q_auto:eco,dpr_1\/ecog1ttlvmkg0kbsr7qu"},{"@type":"BreadcrumbList","@id":"https:\/\/www.article-marketing.eu\/comunicatistampa\/elettrico-la-svolta-di-renault-group-nelle-parole-di-luca-de-meo\/#breadcrumb","itemListElement":[{"@type":"ListItem","position":1,"name":"Home","item":"https:\/\/www.article-marketing.eu\/comunicatistampa\/"},{"@type":"ListItem","position":2,"name":"Elettrico, la svolta di Renault Group nelle parole di Luca de Meo"}]},{"@type":"WebSite","@id":"https:\/\/www.article-marketing.eu\/comunicatistampa\/#website","url":"https:\/\/www.article-marketing.eu\/comunicatistampa\/","name":"Article Marketing","description":"article marketing &amp; press release","potentialAction":[{"@type":"SearchAction","target":{"@type":"EntryPoint","urlTemplate":"https:\/\/www.article-marketing.eu\/comunicatistampa\/?s={search_term_string}"},"query-input":{"@type":"PropertyValueSpecification","valueRequired":true,"valueName":"search_term_string"}}],"inLanguage":"it-IT"},{"@type":"Person","@id":"https:\/\/www.article-marketing.eu\/comunicatistampa\/#\/schema\/person\/51c7c9a1419e6d243af8502cd7e05aff","name":"agencyfdapress","image":{"@type":"ImageObject","inLanguage":"it-IT","@id":"https:\/\/secure.gravatar.com\/avatar\/8001b425ff309254d3f7f21ab2655c3f11e36b0fbd3ecbf99aad5e2ee4ebe309?s=96&d=mm&r=g","url":"https:\/\/secure.gravatar.com\/avatar\/8001b425ff309254d3f7f21ab2655c3f11e36b0fbd3ecbf99aad5e2ee4ebe309?s=96&d=mm&r=g","contentUrl":"https:\/\/secure.gravatar.com\/avatar\/8001b425ff309254d3f7f21ab2655c3f11e36b0fbd3ecbf99aad5e2ee4ebe309?s=96&d=mm&r=g","caption":"agencyfdapress"},"url":"https:\/\/www.article-marketing.eu\/comunicatistampa\/author\/agencyfdapress\/"}]}},"_links":{"self":[{"href":"https:\/\/www.article-marketing.eu\/comunicatistampa\/wp-json\/wp\/v2\/posts\/28571","targetHints":{"allow":["GET"]}}],"collection":[{"href":"https:\/\/www.article-marketing.eu\/comunicatistampa\/wp-json\/wp\/v2\/posts"}],"about":[{"href":"https:\/\/www.article-marketing.eu\/comunicatistampa\/wp-json\/wp\/v2\/types\/post"}],"author":[{"embeddable":true,"href":"https:\/\/www.article-marketing.eu\/comunicatistampa\/wp-json\/wp\/v2\/users\/7244"}],"replies":[{"embeddable":true,"href":"https:\/\/www.article-marketing.eu\/comunicatistampa\/wp-json\/wp\/v2\/comments?post=28571"}],"version-history":[{"count":2,"href":"https:\/\/www.article-marketing.eu\/comunicatistampa\/wp-json\/wp\/v2\/posts\/28571\/revisions"}],"predecessor-version":[{"id":28586,"href":"https:\/\/www.article-marketing.eu\/comunicatistampa\/wp-json\/wp\/v2\/posts\/28571\/revisions\/28586"}],"wp:attachment":[{"href":"https:\/\/www.article-marketing.eu\/comunicatistampa\/wp-json\/wp\/v2\/media?parent=28571"}],"wp:term":[{"taxonomy":"category","embeddable":true,"href":"https:\/\/www.article-marketing.eu\/comunicatistampa\/wp-json\/wp\/v2\/categories?post=28571"},{"taxonomy":"post_tag","embeddable":true,"href":"https:\/\/www.article-marketing.eu\/comunicatistampa\/wp-json\/wp\/v2\/tags?post=28571"}],"curies":[{"name":"wp","href":"https:\/\/api.w.org\/{rel}","templated":true}]}}