{"id":28603,"date":"2023-10-10T18:50:49","date_gmt":"2023-10-10T16:50:49","guid":{"rendered":"https:\/\/www.article-marketing.eu\/comunicatistampa\/?p=28603"},"modified":"2023-10-10T18:50:49","modified_gmt":"2023-10-10T16:50:49","slug":"le-ambizioni-internazionali-del-gruppo-fs-sul-financial-times","status":"publish","type":"post","link":"https:\/\/www.article-marketing.eu\/comunicatistampa\/le-ambizioni-internazionali-del-gruppo-fs-sul-financial-times\/","title":{"rendered":"Le ambizioni internazionali del Gruppo FS sul \u201cFinancial Times\u201d"},"content":{"rendered":"<p><em><strong>Il Chief International Officer del <a title=\"Gruppo FS: obiettivi e ambizioni internazionali\" href=\"https:\/\/www.fsnews.it\/it\/focus-on\/corporate\/gruppo-fs-ad-luigi-ferraris-financial-times-trasporto-internazionale-europa.html\">Gruppo FS<\/a> Carlo Palasciano ha rivelato in un\u2019intervista rilasciata al \u201cFinancial Times\u201d quali sono gli obiettivi della societ\u00e0 in Europa.<\/strong><\/em><\/p>\n<p><a title=\"I piani del Gruppo FS in Italia ed Europa\" href=\"https:\/\/www.fsnews.it\/it\/focus-on\/corporate\/gruppo-fs-ad-luigi-ferraris-financial-times-trasporto-internazionale-europa.html\"><img loading=\"lazy\" decoding=\"async\" src=\"https:\/\/www.fsnews.it\/content\/dam\/fs_news\/archivio\/focus\/ottobre\/servizi\/19_10_2020_Frecciarossa_1000_apertura.jpg\" alt=\"Gruppo FS, leader nei servizi di trasporto ferroviario\" width=\"369\" height=\"150\" \/><\/a><\/p>\n<h2>Gruppo FS: un progetto grande quanto l\u2019Europa<\/h2>\n<p><a title=\"Gli obiettivi futuri del Gruppo FS\" href=\"https:\/\/www.fsnews.it\/it\/focus-on\/corporate\/gruppo-fs-ad-luigi-ferraris-financial-times-trasporto-internazionale-europa.html\"><strong>Gruppo FS<\/strong><\/a> espande (ancora) i propri orizzonti e punta a fare dell\u2019Europa il suo grande mercato domestico. Cavalcando l\u2019onda della liberalizzazione del sistema ferroviario europeo, partita nel 2019, la societ\u00e0 ha ora intenzione di aumentare i collegamenti ad alta velocit\u00e0 tra le grandi citt\u00e0 europee: Bruxelles, Amsterdam e Berlino potrebbero essere le prossime capitali ad essere toccate dai treni del Gruppo. In campo internazionale, la societ\u00e0 non \u00e8 certamente una novizia. Lo ricorda anche il Chief International Officer Carlo Palasciano in un\u2019intervista rilasciata al \u201cFinancial Times\u201d. Gruppo FS conta infatti su un percorso ben avviato in Spagna e in Francia, rispettivamente con Iryo e Trenitalia France. L\u2019AD Luigi Ferraris fa inoltre notare che il \u201c<em>Frecciarossa in Europa sta viaggiando con altissimi tassi di riempimento, e tra qualche anno potr\u00e0 collegare velocemente anche Milano con Monaco, in collaborazione con i tedeschi di DB, ma anche altre rotte sono fin da oggi ipotizzabili<\/em>\u201d. Di recente, <strong>Gruppo FS<\/strong> ha ottenuto nuove concessioni di trasporto locale in Germania, nel land di Lipsia, con Netinera e in Olanda, su strada, con i bus Qbuzz.<\/p>\n<h2>Gruppo FS: i piani per l\u2019Italia<\/h2>\n<p>La priorit\u00e0 del <strong>Gruppo FS<\/strong> resta per\u00f2 l\u2019Italia e il rinnovamento delle sue infrastrutture. \u201c<em>Il nostro Piano Industriale<\/em> \u2013 spiega l\u2019AD Luigi Ferraris \u2013 <em>che traguarda al 2032, ha tra i suoi principali obiettivi la messa a terra di 200 miliardi di investimenti, 180 dei quali per potenziare e ammodernare le infrastrutture ferroviarie e stradali del Paese<\/em>\u201d. Sono davvero tante le opere che vedono la societ\u00e0 impegnata nel potenziamento e ammodernamento della rete nazionale. Colmare il gap infrastrutturale tra nord e sud e aumentare la capacit\u00e0 di trasporto della rete ferroviaria di almeno il 20% sono in cima alla lista degli obiettivi. <strong>Gruppo FS<\/strong> riveste poi un ruolo fondamentale nello sviluppo del Piano Nazionale di Ripresa e Resilienza, il quale gli ha affidato circa 25 miliardi di euro e vede in Rete Ferroviaria Italia la sua principale stazione appaltante. Sempre in ambito nazionale, la realt\u00e0 guidata da Luigi Ferraris porta avanti un importante missione green: lo sviluppo della logistica intermodale e lo switch modale dalla strada alla ferrovia.<\/p>\n","protected":false},"excerpt":{"rendered":"<p>Carlo Palasciano, Chief International Officer del Gruppo FS, ha rilasciato un\u2019intervista al \u201cFinancial Times\u201d sui piani internazionali della societ\u00e0.<\/p>\n","protected":false},"author":7203,"featured_media":0,"comment_status":"open","ping_status":"open","sticky":false,"template":"","format":"standard","meta":{"_monsterinsights_skip_tracking":false,"_monsterinsights_sitenote_active":false,"_monsterinsights_sitenote_note":"","_monsterinsights_sitenote_category":0,"footnotes":""},"categories":[388],"tags":[10013],"class_list":["post-28603","post","type-post","status-publish","format-standard","hentry","category-aziende","tag-gruppo-fs"],"yoast_head":"<!-- This site is optimized with the Yoast SEO plugin v27.3 - https:\/\/yoast.com\/product\/yoast-seo-wordpress\/ -->\n<title>Le ambizioni internazionali del Gruppo FS sul \u201cFinancial Times\u201d - Article Marketing<\/title>\n<meta name=\"description\" content=\"Carlo Palasciano, Chief International Officer del Gruppo FS, ha rilasciato un\u2019intervista al \u201cFinancial Times\u201d sui piani internazionali della societ\u00e0.\" \/>\n<meta name=\"robots\" content=\"index, follow, max-snippet:-1, max-image-preview:large, max-video-preview:-1\" \/>\n<link rel=\"canonical\" href=\"https:\/\/www.article-marketing.eu\/comunicatistampa\/le-ambizioni-internazionali-del-gruppo-fs-sul-financial-times\/\" \/>\n<meta property=\"og:locale\" content=\"it_IT\" \/>\n<meta property=\"og:type\" content=\"article\" \/>\n<meta property=\"og:title\" content=\"Le ambizioni internazionali del Gruppo FS sul \u201cFinancial Times\u201d - Article Marketing\" \/>\n<meta property=\"og:description\" content=\"Carlo Palasciano, Chief International Officer del Gruppo FS, ha rilasciato un\u2019intervista al \u201cFinancial Times\u201d sui piani internazionali della societ\u00e0.\" \/>\n<meta property=\"og:url\" content=\"https:\/\/www.article-marketing.eu\/comunicatistampa\/le-ambizioni-internazionali-del-gruppo-fs-sul-financial-times\/\" \/>\n<meta property=\"og:site_name\" content=\"Article Marketing\" \/>\n<meta property=\"article:published_time\" content=\"2023-10-10T16:50:49+00:00\" \/>\n<meta property=\"og:image\" content=\"https:\/\/www.fsnews.it\/content\/dam\/fs_news\/archivio\/focus\/ottobre\/servizi\/19_10_2020_Frecciarossa_1000_apertura.jpg\" \/>\n<meta name=\"author\" content=\"gbofficeprnews\" \/>\n<meta name=\"twitter:card\" content=\"summary_large_image\" \/>\n<meta name=\"twitter:label1\" content=\"Scritto da\" \/>\n\t<meta name=\"twitter:data1\" content=\"gbofficeprnews\" \/>\n\t<meta name=\"twitter:label2\" content=\"Tempo di lettura stimato\" \/>\n\t<meta name=\"twitter:data2\" content=\"3 minuti\" \/>\n<script type=\"application\/ld+json\" class=\"yoast-schema-graph\">{\"@context\":\"https:\\\/\\\/schema.org\",\"@graph\":[{\"@type\":\"Article\",\"@id\":\"https:\\\/\\\/www.article-marketing.eu\\\/comunicatistampa\\\/le-ambizioni-internazionali-del-gruppo-fs-sul-financial-times\\\/#article\",\"isPartOf\":{\"@id\":\"https:\\\/\\\/www.article-marketing.eu\\\/comunicatistampa\\\/le-ambizioni-internazionali-del-gruppo-fs-sul-financial-times\\\/\"},\"author\":{\"name\":\"gbofficeprnews\",\"@id\":\"https:\\\/\\\/www.article-marketing.eu\\\/comunicatistampa\\\/#\\\/schema\\\/person\\\/00c541681af1a376511ed63d59ca096f\"},\"headline\":\"Le ambizioni internazionali del Gruppo FS sul \u201cFinancial Times\u201d\",\"datePublished\":\"2023-10-10T16:50:49+00:00\",\"mainEntityOfPage\":{\"@id\":\"https:\\\/\\\/www.article-marketing.eu\\\/comunicatistampa\\\/le-ambizioni-internazionali-del-gruppo-fs-sul-financial-times\\\/\"},\"wordCount\":394,\"commentCount\":0,\"image\":{\"@id\":\"https:\\\/\\\/www.article-marketing.eu\\\/comunicatistampa\\\/le-ambizioni-internazionali-del-gruppo-fs-sul-financial-times\\\/#primaryimage\"},\"thumbnailUrl\":\"https:\\\/\\\/www.fsnews.it\\\/content\\\/dam\\\/fs_news\\\/archivio\\\/focus\\\/ottobre\\\/servizi\\\/19_10_2020_Frecciarossa_1000_apertura.jpg\",\"keywords\":[\"Gruppo FS\"],\"articleSection\":[\"Aziende\"],\"inLanguage\":\"it-IT\",\"potentialAction\":[{\"@type\":\"CommentAction\",\"name\":\"Comment\",\"target\":[\"https:\\\/\\\/www.article-marketing.eu\\\/comunicatistampa\\\/le-ambizioni-internazionali-del-gruppo-fs-sul-financial-times\\\/#respond\"]}]},{\"@type\":\"WebPage\",\"@id\":\"https:\\\/\\\/www.article-marketing.eu\\\/comunicatistampa\\\/le-ambizioni-internazionali-del-gruppo-fs-sul-financial-times\\\/\",\"url\":\"https:\\\/\\\/www.article-marketing.eu\\\/comunicatistampa\\\/le-ambizioni-internazionali-del-gruppo-fs-sul-financial-times\\\/\",\"name\":\"Le ambizioni internazionali del Gruppo FS sul \u201cFinancial Times\u201d - Article Marketing\",\"isPartOf\":{\"@id\":\"https:\\\/\\\/www.article-marketing.eu\\\/comunicatistampa\\\/#website\"},\"primaryImageOfPage\":{\"@id\":\"https:\\\/\\\/www.article-marketing.eu\\\/comunicatistampa\\\/le-ambizioni-internazionali-del-gruppo-fs-sul-financial-times\\\/#primaryimage\"},\"image\":{\"@id\":\"https:\\\/\\\/www.article-marketing.eu\\\/comunicatistampa\\\/le-ambizioni-internazionali-del-gruppo-fs-sul-financial-times\\\/#primaryimage\"},\"thumbnailUrl\":\"https:\\\/\\\/www.fsnews.it\\\/content\\\/dam\\\/fs_news\\\/archivio\\\/focus\\\/ottobre\\\/servizi\\\/19_10_2020_Frecciarossa_1000_apertura.jpg\",\"datePublished\":\"2023-10-10T16:50:49+00:00\",\"author\":{\"@id\":\"https:\\\/\\\/www.article-marketing.eu\\\/comunicatistampa\\\/#\\\/schema\\\/person\\\/00c541681af1a376511ed63d59ca096f\"},\"description\":\"Carlo Palasciano, Chief International Officer del Gruppo FS, ha rilasciato un\u2019intervista al \u201cFinancial Times\u201d sui piani internazionali della societ\u00e0.\",\"breadcrumb\":{\"@id\":\"https:\\\/\\\/www.article-marketing.eu\\\/comunicatistampa\\\/le-ambizioni-internazionali-del-gruppo-fs-sul-financial-times\\\/#breadcrumb\"},\"inLanguage\":\"it-IT\",\"potentialAction\":[{\"@type\":\"ReadAction\",\"target\":[\"https:\\\/\\\/www.article-marketing.eu\\\/comunicatistampa\\\/le-ambizioni-internazionali-del-gruppo-fs-sul-financial-times\\\/\"]}]},{\"@type\":\"ImageObject\",\"inLanguage\":\"it-IT\",\"@id\":\"https:\\\/\\\/www.article-marketing.eu\\\/comunicatistampa\\\/le-ambizioni-internazionali-del-gruppo-fs-sul-financial-times\\\/#primaryimage\",\"url\":\"https:\\\/\\\/www.fsnews.it\\\/content\\\/dam\\\/fs_news\\\/archivio\\\/focus\\\/ottobre\\\/servizi\\\/19_10_2020_Frecciarossa_1000_apertura.jpg\",\"contentUrl\":\"https:\\\/\\\/www.fsnews.it\\\/content\\\/dam\\\/fs_news\\\/archivio\\\/focus\\\/ottobre\\\/servizi\\\/19_10_2020_Frecciarossa_1000_apertura.jpg\"},{\"@type\":\"BreadcrumbList\",\"@id\":\"https:\\\/\\\/www.article-marketing.eu\\\/comunicatistampa\\\/le-ambizioni-internazionali-del-gruppo-fs-sul-financial-times\\\/#breadcrumb\",\"itemListElement\":[{\"@type\":\"ListItem\",\"position\":1,\"name\":\"Home\",\"item\":\"https:\\\/\\\/www.article-marketing.eu\\\/comunicatistampa\\\/\"},{\"@type\":\"ListItem\",\"position\":2,\"name\":\"Le ambizioni internazionali del Gruppo FS sul \u201cFinancial Times\u201d\"}]},{\"@type\":\"WebSite\",\"@id\":\"https:\\\/\\\/www.article-marketing.eu\\\/comunicatistampa\\\/#website\",\"url\":\"https:\\\/\\\/www.article-marketing.eu\\\/comunicatistampa\\\/\",\"name\":\"Article Marketing\",\"description\":\"article marketing &amp; press release\",\"potentialAction\":[{\"@type\":\"SearchAction\",\"target\":{\"@type\":\"EntryPoint\",\"urlTemplate\":\"https:\\\/\\\/www.article-marketing.eu\\\/comunicatistampa\\\/?s={search_term_string}\"},\"query-input\":{\"@type\":\"PropertyValueSpecification\",\"valueRequired\":true,\"valueName\":\"search_term_string\"}}],\"inLanguage\":\"it-IT\"},{\"@type\":\"Person\",\"@id\":\"https:\\\/\\\/www.article-marketing.eu\\\/comunicatistampa\\\/#\\\/schema\\\/person\\\/00c541681af1a376511ed63d59ca096f\",\"name\":\"gbofficeprnews\",\"image\":{\"@type\":\"ImageObject\",\"inLanguage\":\"it-IT\",\"@id\":\"https:\\\/\\\/secure.gravatar.com\\\/avatar\\\/6c895f4b9cd59fffe899c25f76b85bf0d427605c1f0d3b07c81e155c001265cf?s=96&d=mm&r=g\",\"url\":\"https:\\\/\\\/secure.gravatar.com\\\/avatar\\\/6c895f4b9cd59fffe899c25f76b85bf0d427605c1f0d3b07c81e155c001265cf?s=96&d=mm&r=g\",\"contentUrl\":\"https:\\\/\\\/secure.gravatar.com\\\/avatar\\\/6c895f4b9cd59fffe899c25f76b85bf0d427605c1f0d3b07c81e155c001265cf?s=96&d=mm&r=g\",\"caption\":\"gbofficeprnews\"},\"url\":\"https:\\\/\\\/www.article-marketing.eu\\\/comunicatistampa\\\/author\\\/gbofficeprnews\\\/\"}]}<\/script>\n<!-- \/ Yoast SEO plugin. -->","yoast_head_json":{"title":"Le ambizioni internazionali del Gruppo FS sul \u201cFinancial Times\u201d - Article Marketing","description":"Carlo Palasciano, Chief International Officer del Gruppo FS, ha rilasciato un\u2019intervista al \u201cFinancial Times\u201d sui piani internazionali della societ\u00e0.","robots":{"index":"index","follow":"follow","max-snippet":"max-snippet:-1","max-image-preview":"max-image-preview:large","max-video-preview":"max-video-preview:-1"},"canonical":"https:\/\/www.article-marketing.eu\/comunicatistampa\/le-ambizioni-internazionali-del-gruppo-fs-sul-financial-times\/","og_locale":"it_IT","og_type":"article","og_title":"Le ambizioni internazionali del Gruppo FS sul \u201cFinancial Times\u201d - Article Marketing","og_description":"Carlo Palasciano, Chief International Officer del Gruppo FS, ha rilasciato un\u2019intervista al \u201cFinancial Times\u201d sui piani internazionali della societ\u00e0.","og_url":"https:\/\/www.article-marketing.eu\/comunicatistampa\/le-ambizioni-internazionali-del-gruppo-fs-sul-financial-times\/","og_site_name":"Article Marketing","article_published_time":"2023-10-10T16:50:49+00:00","og_image":[{"url":"https:\/\/www.fsnews.it\/content\/dam\/fs_news\/archivio\/focus\/ottobre\/servizi\/19_10_2020_Frecciarossa_1000_apertura.jpg","type":"","width":"","height":""}],"author":"gbofficeprnews","twitter_card":"summary_large_image","twitter_misc":{"Scritto da":"gbofficeprnews","Tempo di lettura stimato":"3 minuti"},"schema":{"@context":"https:\/\/schema.org","@graph":[{"@type":"Article","@id":"https:\/\/www.article-marketing.eu\/comunicatistampa\/le-ambizioni-internazionali-del-gruppo-fs-sul-financial-times\/#article","isPartOf":{"@id":"https:\/\/www.article-marketing.eu\/comunicatistampa\/le-ambizioni-internazionali-del-gruppo-fs-sul-financial-times\/"},"author":{"name":"gbofficeprnews","@id":"https:\/\/www.article-marketing.eu\/comunicatistampa\/#\/schema\/person\/00c541681af1a376511ed63d59ca096f"},"headline":"Le ambizioni internazionali del Gruppo FS sul \u201cFinancial Times\u201d","datePublished":"2023-10-10T16:50:49+00:00","mainEntityOfPage":{"@id":"https:\/\/www.article-marketing.eu\/comunicatistampa\/le-ambizioni-internazionali-del-gruppo-fs-sul-financial-times\/"},"wordCount":394,"commentCount":0,"image":{"@id":"https:\/\/www.article-marketing.eu\/comunicatistampa\/le-ambizioni-internazionali-del-gruppo-fs-sul-financial-times\/#primaryimage"},"thumbnailUrl":"https:\/\/www.fsnews.it\/content\/dam\/fs_news\/archivio\/focus\/ottobre\/servizi\/19_10_2020_Frecciarossa_1000_apertura.jpg","keywords":["Gruppo FS"],"articleSection":["Aziende"],"inLanguage":"it-IT","potentialAction":[{"@type":"CommentAction","name":"Comment","target":["https:\/\/www.article-marketing.eu\/comunicatistampa\/le-ambizioni-internazionali-del-gruppo-fs-sul-financial-times\/#respond"]}]},{"@type":"WebPage","@id":"https:\/\/www.article-marketing.eu\/comunicatistampa\/le-ambizioni-internazionali-del-gruppo-fs-sul-financial-times\/","url":"https:\/\/www.article-marketing.eu\/comunicatistampa\/le-ambizioni-internazionali-del-gruppo-fs-sul-financial-times\/","name":"Le ambizioni internazionali del Gruppo FS sul \u201cFinancial Times\u201d - Article Marketing","isPartOf":{"@id":"https:\/\/www.article-marketing.eu\/comunicatistampa\/#website"},"primaryImageOfPage":{"@id":"https:\/\/www.article-marketing.eu\/comunicatistampa\/le-ambizioni-internazionali-del-gruppo-fs-sul-financial-times\/#primaryimage"},"image":{"@id":"https:\/\/www.article-marketing.eu\/comunicatistampa\/le-ambizioni-internazionali-del-gruppo-fs-sul-financial-times\/#primaryimage"},"thumbnailUrl":"https:\/\/www.fsnews.it\/content\/dam\/fs_news\/archivio\/focus\/ottobre\/servizi\/19_10_2020_Frecciarossa_1000_apertura.jpg","datePublished":"2023-10-10T16:50:49+00:00","author":{"@id":"https:\/\/www.article-marketing.eu\/comunicatistampa\/#\/schema\/person\/00c541681af1a376511ed63d59ca096f"},"description":"Carlo Palasciano, Chief International Officer del Gruppo FS, ha rilasciato un\u2019intervista al \u201cFinancial Times\u201d sui piani internazionali della societ\u00e0.","breadcrumb":{"@id":"https:\/\/www.article-marketing.eu\/comunicatistampa\/le-ambizioni-internazionali-del-gruppo-fs-sul-financial-times\/#breadcrumb"},"inLanguage":"it-IT","potentialAction":[{"@type":"ReadAction","target":["https:\/\/www.article-marketing.eu\/comunicatistampa\/le-ambizioni-internazionali-del-gruppo-fs-sul-financial-times\/"]}]},{"@type":"ImageObject","inLanguage":"it-IT","@id":"https:\/\/www.article-marketing.eu\/comunicatistampa\/le-ambizioni-internazionali-del-gruppo-fs-sul-financial-times\/#primaryimage","url":"https:\/\/www.fsnews.it\/content\/dam\/fs_news\/archivio\/focus\/ottobre\/servizi\/19_10_2020_Frecciarossa_1000_apertura.jpg","contentUrl":"https:\/\/www.fsnews.it\/content\/dam\/fs_news\/archivio\/focus\/ottobre\/servizi\/19_10_2020_Frecciarossa_1000_apertura.jpg"},{"@type":"BreadcrumbList","@id":"https:\/\/www.article-marketing.eu\/comunicatistampa\/le-ambizioni-internazionali-del-gruppo-fs-sul-financial-times\/#breadcrumb","itemListElement":[{"@type":"ListItem","position":1,"name":"Home","item":"https:\/\/www.article-marketing.eu\/comunicatistampa\/"},{"@type":"ListItem","position":2,"name":"Le ambizioni internazionali del Gruppo FS sul \u201cFinancial Times\u201d"}]},{"@type":"WebSite","@id":"https:\/\/www.article-marketing.eu\/comunicatistampa\/#website","url":"https:\/\/www.article-marketing.eu\/comunicatistampa\/","name":"Article Marketing","description":"article marketing &amp; press release","potentialAction":[{"@type":"SearchAction","target":{"@type":"EntryPoint","urlTemplate":"https:\/\/www.article-marketing.eu\/comunicatistampa\/?s={search_term_string}"},"query-input":{"@type":"PropertyValueSpecification","valueRequired":true,"valueName":"search_term_string"}}],"inLanguage":"it-IT"},{"@type":"Person","@id":"https:\/\/www.article-marketing.eu\/comunicatistampa\/#\/schema\/person\/00c541681af1a376511ed63d59ca096f","name":"gbofficeprnews","image":{"@type":"ImageObject","inLanguage":"it-IT","@id":"https:\/\/secure.gravatar.com\/avatar\/6c895f4b9cd59fffe899c25f76b85bf0d427605c1f0d3b07c81e155c001265cf?s=96&d=mm&r=g","url":"https:\/\/secure.gravatar.com\/avatar\/6c895f4b9cd59fffe899c25f76b85bf0d427605c1f0d3b07c81e155c001265cf?s=96&d=mm&r=g","contentUrl":"https:\/\/secure.gravatar.com\/avatar\/6c895f4b9cd59fffe899c25f76b85bf0d427605c1f0d3b07c81e155c001265cf?s=96&d=mm&r=g","caption":"gbofficeprnews"},"url":"https:\/\/www.article-marketing.eu\/comunicatistampa\/author\/gbofficeprnews\/"}]}},"_links":{"self":[{"href":"https:\/\/www.article-marketing.eu\/comunicatistampa\/wp-json\/wp\/v2\/posts\/28603","targetHints":{"allow":["GET"]}}],"collection":[{"href":"https:\/\/www.article-marketing.eu\/comunicatistampa\/wp-json\/wp\/v2\/posts"}],"about":[{"href":"https:\/\/www.article-marketing.eu\/comunicatistampa\/wp-json\/wp\/v2\/types\/post"}],"author":[{"embeddable":true,"href":"https:\/\/www.article-marketing.eu\/comunicatistampa\/wp-json\/wp\/v2\/users\/7203"}],"replies":[{"embeddable":true,"href":"https:\/\/www.article-marketing.eu\/comunicatistampa\/wp-json\/wp\/v2\/comments?post=28603"}],"version-history":[{"count":2,"href":"https:\/\/www.article-marketing.eu\/comunicatistampa\/wp-json\/wp\/v2\/posts\/28603\/revisions"}],"predecessor-version":[{"id":28626,"href":"https:\/\/www.article-marketing.eu\/comunicatistampa\/wp-json\/wp\/v2\/posts\/28603\/revisions\/28626"}],"wp:attachment":[{"href":"https:\/\/www.article-marketing.eu\/comunicatistampa\/wp-json\/wp\/v2\/media?parent=28603"}],"wp:term":[{"taxonomy":"category","embeddable":true,"href":"https:\/\/www.article-marketing.eu\/comunicatistampa\/wp-json\/wp\/v2\/categories?post=28603"},{"taxonomy":"post_tag","embeddable":true,"href":"https:\/\/www.article-marketing.eu\/comunicatistampa\/wp-json\/wp\/v2\/tags?post=28603"}],"curies":[{"name":"wp","href":"https:\/\/api.w.org\/{rel}","templated":true}]}}