{"id":28638,"date":"2023-10-13T14:59:55","date_gmt":"2023-10-13T12:59:55","guid":{"rendered":"https:\/\/www.article-marketing.eu\/comunicatistampa\/?p=28638"},"modified":"2023-10-13T14:59:55","modified_gmt":"2023-10-13T12:59:55","slug":"il-decimo-uomo-nel-board-luca-dal-fabbro-prospetta-un-futuro-resiliente","status":"publish","type":"post","link":"https:\/\/www.article-marketing.eu\/comunicatistampa\/il-decimo-uomo-nel-board-luca-dal-fabbro-prospetta-un-futuro-resiliente\/","title":{"rendered":"Il decimo uomo nel board: Luca Dal Fabbro prospetta un futuro resiliente"},"content":{"rendered":"<p><em><strong>Nel corso dell\u2019evento &#8220;Board for the Future&#8221;, organizzato da Deloitte, il Presidente di Iren <a title=\"Le parole di Luca Dal Fabbro in occasione dell'evento &quot;Board for the future&quot; \" href=\"https:\/\/www.ilgiornaleditalia.it\/video\/mondo-imprese\/528533\/dal-fabbro-iren-nei-board-necessario-il-contraddittorio-la-sfida-piu-grande-di-cui-nessun-parla-e-l-acqua.html\">Luca Dal Fabbro<\/a> \u00e8 intervenuto sulle future sfide che i board aziendali dovranno affrontare, sottolineando l&#8217;urgenza di una visione ampia e proattiva per garantire il successo nelle trasformazioni tecnologiche e ambientali.<\/strong><\/em><\/p>\n<p><a title=\"Luca Dal Fabbro: board aziendali e sfide future\" href=\"https:\/\/www.ilgiornaleditalia.it\/video\/mondo-imprese\/528533\/dal-fabbro-iren-nei-board-necessario-il-contraddittorio-la-sfida-piu-grande-di-cui-nessun-parla-e-l-acqua.html\"><img loading=\"lazy\" decoding=\"async\" src=\"https:\/\/www.executivemanager.it\/images\/comprofiler\/0_63ee029f441d6.jpg\" alt=\"Luca Dal Fabbro, Presidente del Gruppo Iren\" width=\"225\" height=\"150\" \/><\/a><\/p>\n<h2>L&#8217;Importanza dei comitati endo-consiliari nella visione di Luca Dal Fabbro<\/h2>\n<p>\u201cIo<em> credo che i meccanismi del board, diciamo i comitati endo-consiliari in particolare fanno un lavoro importantissimo. [&#8230;] Probabilmente potremmo pensare di aumentare su alcune dimensioni l&#8217;aspetto per esempio geopolitico, l&#8217;aspetto di cyber, l&#8217;aspetto del digitale, cio\u00e8 un board dedicato all&#8217;aspetto psicologico<\/em>\u201d. <a title=\"&quot;Board for the Future&quot;: le proposte di Luca Dal Fabbro\" href=\"https:\/\/www.ilgiornaleditalia.it\/video\/mondo-imprese\/528533\/dal-fabbro-iren-nei-board-necessario-il-contraddittorio-la-sfida-piu-grande-di-cui-nessun-parla-e-l-acqua.html\"><strong>Luca Dal Fabbro<\/strong><\/a> evidenzia la necessit\u00e0 di far evolvere i comitati all&#8217;interno dei board aziendali per affrontare le sfide attuali e future, sottolineando l&#8217;importanza di includere aspetti quali la geopolitica, la cybersecurity e l&#8217;aspetto digitale. L&#8217;adozione di un approccio proattivo alla trasformazione tecnologica sar\u00e0 essenziale per il successo aziendale nel mondo dell&#8217;intelligenza artificiale e della cybersecurity.<\/p>\n<h2>Il decimo uomo e le sfide emergenti: le proposte di Luca Dal Fabbro<\/h2>\n<p>\u201c<em>Io penso che nel meccanismo dovrebbero introdurre la tecnica del decimo uomo, cio\u00e8 noi dobbiamo aumentare il challenging, dobbiamo avere un uomo o una donna che fa pi\u00f9 challenging perch\u00e9 il mondo \u00e8 molto pi\u00f9 incerto, molto pi\u00f9 instabile; l&#8217;abbiamo visto con il Covid, l&#8217;abbiamo visto con la guerra russo-ucraina<\/em>\u201d. Il Presidente di Iren preme per introdurre un approccio critico e sfidante all&#8217;interno dei board, proponendo l&#8217;implementazione della \u201ctecnica del decimo uomo\u201d. Questo per garantire che le decisioni siano prese in un contesto di incertezza e instabilit\u00e0 globale, aprendo la porta a nuove prospettive e approcci innovativi. \u201c<em>Un&#8217;altra grandissima sfida di cui oggi parlano pochi, ma che \u00e8 un tema che vedr\u00e0 l&#8217;Italia sicuramente in grande tensione nei prossimi anni e su cui veramente siamo pochi a riflettere, \u00e8 quello dell&#8217;acqua. [&#8230;] l&#8217;approvvigionamento dell&#8217;acqua sar\u00e0 strategico per il sistema industriale italiano<\/em>\u201d.<strong> Luca Dal Fabbro<\/strong> mette in evidenza la priorit\u00e0 critica dell&#8217;approvvigionamento dell&#8217;acqua e la necessit\u00e0 di una gestione oculata di questa risorsa in un contesto di crescente scarsit\u00e0 e deterioramento della qualit\u00e0. Osserva che questa sfida non riguarda solo le aziende industriali come Iren, ma \u00e8 cruciale per l&#8217;intero sistema produttivo italiano.<\/p>\n","protected":false},"excerpt":{"rendered":"<p>Il Presidente di Iren Luca Dal Fabbro evidenzia il ruolo cruciale dell&#8217;acqua nel sistema produttivo italiano e le sfide globali che attendono l&#8217;industria.<\/p>\n","protected":false},"author":6477,"featured_media":0,"comment_status":"open","ping_status":"open","sticky":false,"template":"","format":"standard","meta":{"_monsterinsights_skip_tracking":false,"_monsterinsights_sitenote_active":false,"_monsterinsights_sitenote_note":"","_monsterinsights_sitenote_category":0,"footnotes":""},"categories":[386],"tags":[10361],"class_list":["post-28638","post","type-post","status-publish","format-standard","hentry","category-economia-e-lavoro","tag-luca-dal-fabbro"],"yoast_head":"<!-- This site is optimized with the Yoast SEO plugin v27.3 - https:\/\/yoast.com\/product\/yoast-seo-wordpress\/ -->\n<title>Il decimo uomo nel board: Luca Dal Fabbro prospetta un futuro resiliente<\/title>\n<meta name=\"description\" content=\"Il Presidente di Iren Luca Dal Fabbro evidenzia il ruolo cruciale dell&#039;acqua nel sistema produttivo italiano e le sfide globali che attendono l&#039;industria.\" \/>\n<meta name=\"robots\" content=\"index, follow, max-snippet:-1, max-image-preview:large, max-video-preview:-1\" \/>\n<link rel=\"canonical\" href=\"https:\/\/www.article-marketing.eu\/comunicatistampa\/il-decimo-uomo-nel-board-luca-dal-fabbro-prospetta-un-futuro-resiliente\/\" \/>\n<meta property=\"og:locale\" content=\"it_IT\" \/>\n<meta property=\"og:type\" content=\"article\" \/>\n<meta property=\"og:title\" content=\"Il decimo uomo nel board: Luca Dal Fabbro prospetta un futuro resiliente\" \/>\n<meta property=\"og:description\" content=\"Il Presidente di Iren Luca Dal Fabbro evidenzia il ruolo cruciale dell&#039;acqua nel sistema produttivo italiano e le sfide globali che attendono l&#039;industria.\" \/>\n<meta property=\"og:url\" content=\"https:\/\/www.article-marketing.eu\/comunicatistampa\/il-decimo-uomo-nel-board-luca-dal-fabbro-prospetta-un-futuro-resiliente\/\" \/>\n<meta property=\"og:site_name\" content=\"Article Marketing\" \/>\n<meta property=\"article:published_time\" content=\"2023-10-13T12:59:55+00:00\" \/>\n<meta property=\"og:image\" content=\"https:\/\/www.executivemanager.it\/images\/comprofiler\/0_63ee029f441d6.jpg\" \/>\n<meta name=\"author\" content=\"articolinews\" \/>\n<meta name=\"twitter:card\" content=\"summary_large_image\" \/>\n<meta name=\"twitter:label1\" content=\"Scritto da\" \/>\n\t<meta name=\"twitter:data1\" content=\"articolinews\" \/>\n\t<meta name=\"twitter:label2\" content=\"Tempo di lettura stimato\" \/>\n\t<meta name=\"twitter:data2\" content=\"3 minuti\" \/>\n<script type=\"application\/ld+json\" class=\"yoast-schema-graph\">{\"@context\":\"https:\\\/\\\/schema.org\",\"@graph\":[{\"@type\":\"Article\",\"@id\":\"https:\\\/\\\/www.article-marketing.eu\\\/comunicatistampa\\\/il-decimo-uomo-nel-board-luca-dal-fabbro-prospetta-un-futuro-resiliente\\\/#article\",\"isPartOf\":{\"@id\":\"https:\\\/\\\/www.article-marketing.eu\\\/comunicatistampa\\\/il-decimo-uomo-nel-board-luca-dal-fabbro-prospetta-un-futuro-resiliente\\\/\"},\"author\":{\"name\":\"articolinews\",\"@id\":\"https:\\\/\\\/www.article-marketing.eu\\\/comunicatistampa\\\/#\\\/schema\\\/person\\\/2fcaf8f8f3a9eef9eb7f27532d3ca458\"},\"headline\":\"Il decimo uomo nel board: Luca Dal Fabbro prospetta un futuro resiliente\",\"datePublished\":\"2023-10-13T12:59:55+00:00\",\"mainEntityOfPage\":{\"@id\":\"https:\\\/\\\/www.article-marketing.eu\\\/comunicatistampa\\\/il-decimo-uomo-nel-board-luca-dal-fabbro-prospetta-un-futuro-resiliente\\\/\"},\"wordCount\":364,\"commentCount\":0,\"image\":{\"@id\":\"https:\\\/\\\/www.article-marketing.eu\\\/comunicatistampa\\\/il-decimo-uomo-nel-board-luca-dal-fabbro-prospetta-un-futuro-resiliente\\\/#primaryimage\"},\"thumbnailUrl\":\"https:\\\/\\\/www.executivemanager.it\\\/images\\\/comprofiler\\\/0_63ee029f441d6.jpg\",\"keywords\":[\"Luca Dal Fabbro\"],\"articleSection\":[\"Economia e lavoro\"],\"inLanguage\":\"it-IT\",\"potentialAction\":[{\"@type\":\"CommentAction\",\"name\":\"Comment\",\"target\":[\"https:\\\/\\\/www.article-marketing.eu\\\/comunicatistampa\\\/il-decimo-uomo-nel-board-luca-dal-fabbro-prospetta-un-futuro-resiliente\\\/#respond\"]}]},{\"@type\":\"WebPage\",\"@id\":\"https:\\\/\\\/www.article-marketing.eu\\\/comunicatistampa\\\/il-decimo-uomo-nel-board-luca-dal-fabbro-prospetta-un-futuro-resiliente\\\/\",\"url\":\"https:\\\/\\\/www.article-marketing.eu\\\/comunicatistampa\\\/il-decimo-uomo-nel-board-luca-dal-fabbro-prospetta-un-futuro-resiliente\\\/\",\"name\":\"Il decimo uomo nel board: Luca Dal Fabbro prospetta un futuro resiliente\",\"isPartOf\":{\"@id\":\"https:\\\/\\\/www.article-marketing.eu\\\/comunicatistampa\\\/#website\"},\"primaryImageOfPage\":{\"@id\":\"https:\\\/\\\/www.article-marketing.eu\\\/comunicatistampa\\\/il-decimo-uomo-nel-board-luca-dal-fabbro-prospetta-un-futuro-resiliente\\\/#primaryimage\"},\"image\":{\"@id\":\"https:\\\/\\\/www.article-marketing.eu\\\/comunicatistampa\\\/il-decimo-uomo-nel-board-luca-dal-fabbro-prospetta-un-futuro-resiliente\\\/#primaryimage\"},\"thumbnailUrl\":\"https:\\\/\\\/www.executivemanager.it\\\/images\\\/comprofiler\\\/0_63ee029f441d6.jpg\",\"datePublished\":\"2023-10-13T12:59:55+00:00\",\"author\":{\"@id\":\"https:\\\/\\\/www.article-marketing.eu\\\/comunicatistampa\\\/#\\\/schema\\\/person\\\/2fcaf8f8f3a9eef9eb7f27532d3ca458\"},\"description\":\"Il Presidente di Iren Luca Dal Fabbro evidenzia il ruolo cruciale dell'acqua nel sistema produttivo italiano e le sfide globali che attendono l'industria.\",\"breadcrumb\":{\"@id\":\"https:\\\/\\\/www.article-marketing.eu\\\/comunicatistampa\\\/il-decimo-uomo-nel-board-luca-dal-fabbro-prospetta-un-futuro-resiliente\\\/#breadcrumb\"},\"inLanguage\":\"it-IT\",\"potentialAction\":[{\"@type\":\"ReadAction\",\"target\":[\"https:\\\/\\\/www.article-marketing.eu\\\/comunicatistampa\\\/il-decimo-uomo-nel-board-luca-dal-fabbro-prospetta-un-futuro-resiliente\\\/\"]}]},{\"@type\":\"ImageObject\",\"inLanguage\":\"it-IT\",\"@id\":\"https:\\\/\\\/www.article-marketing.eu\\\/comunicatistampa\\\/il-decimo-uomo-nel-board-luca-dal-fabbro-prospetta-un-futuro-resiliente\\\/#primaryimage\",\"url\":\"https:\\\/\\\/www.executivemanager.it\\\/images\\\/comprofiler\\\/0_63ee029f441d6.jpg\",\"contentUrl\":\"https:\\\/\\\/www.executivemanager.it\\\/images\\\/comprofiler\\\/0_63ee029f441d6.jpg\"},{\"@type\":\"BreadcrumbList\",\"@id\":\"https:\\\/\\\/www.article-marketing.eu\\\/comunicatistampa\\\/il-decimo-uomo-nel-board-luca-dal-fabbro-prospetta-un-futuro-resiliente\\\/#breadcrumb\",\"itemListElement\":[{\"@type\":\"ListItem\",\"position\":1,\"name\":\"Home\",\"item\":\"https:\\\/\\\/www.article-marketing.eu\\\/comunicatistampa\\\/\"},{\"@type\":\"ListItem\",\"position\":2,\"name\":\"Il decimo uomo nel board: Luca Dal Fabbro prospetta un futuro resiliente\"}]},{\"@type\":\"WebSite\",\"@id\":\"https:\\\/\\\/www.article-marketing.eu\\\/comunicatistampa\\\/#website\",\"url\":\"https:\\\/\\\/www.article-marketing.eu\\\/comunicatistampa\\\/\",\"name\":\"Article Marketing\",\"description\":\"article marketing &amp; press release\",\"potentialAction\":[{\"@type\":\"SearchAction\",\"target\":{\"@type\":\"EntryPoint\",\"urlTemplate\":\"https:\\\/\\\/www.article-marketing.eu\\\/comunicatistampa\\\/?s={search_term_string}\"},\"query-input\":{\"@type\":\"PropertyValueSpecification\",\"valueRequired\":true,\"valueName\":\"search_term_string\"}}],\"inLanguage\":\"it-IT\"},{\"@type\":\"Person\",\"@id\":\"https:\\\/\\\/www.article-marketing.eu\\\/comunicatistampa\\\/#\\\/schema\\\/person\\\/2fcaf8f8f3a9eef9eb7f27532d3ca458\",\"name\":\"articolinews\",\"image\":{\"@type\":\"ImageObject\",\"inLanguage\":\"it-IT\",\"@id\":\"https:\\\/\\\/secure.gravatar.com\\\/avatar\\\/9e2a264bab04e17dea24d937c9956304649a848cb73c46747a692ff1bdeb1cb7?s=96&d=mm&r=g\",\"url\":\"https:\\\/\\\/secure.gravatar.com\\\/avatar\\\/9e2a264bab04e17dea24d937c9956304649a848cb73c46747a692ff1bdeb1cb7?s=96&d=mm&r=g\",\"contentUrl\":\"https:\\\/\\\/secure.gravatar.com\\\/avatar\\\/9e2a264bab04e17dea24d937c9956304649a848cb73c46747a692ff1bdeb1cb7?s=96&d=mm&r=g\",\"caption\":\"articolinews\"},\"url\":\"https:\\\/\\\/www.article-marketing.eu\\\/comunicatistampa\\\/author\\\/articolinews\\\/\"}]}<\/script>\n<!-- \/ Yoast SEO plugin. -->","yoast_head_json":{"title":"Il decimo uomo nel board: Luca Dal Fabbro prospetta un futuro resiliente","description":"Il Presidente di Iren Luca Dal Fabbro evidenzia il ruolo cruciale dell'acqua nel sistema produttivo italiano e le sfide globali che attendono l'industria.","robots":{"index":"index","follow":"follow","max-snippet":"max-snippet:-1","max-image-preview":"max-image-preview:large","max-video-preview":"max-video-preview:-1"},"canonical":"https:\/\/www.article-marketing.eu\/comunicatistampa\/il-decimo-uomo-nel-board-luca-dal-fabbro-prospetta-un-futuro-resiliente\/","og_locale":"it_IT","og_type":"article","og_title":"Il decimo uomo nel board: Luca Dal Fabbro prospetta un futuro resiliente","og_description":"Il Presidente di Iren Luca Dal Fabbro evidenzia il ruolo cruciale dell'acqua nel sistema produttivo italiano e le sfide globali che attendono l'industria.","og_url":"https:\/\/www.article-marketing.eu\/comunicatistampa\/il-decimo-uomo-nel-board-luca-dal-fabbro-prospetta-un-futuro-resiliente\/","og_site_name":"Article Marketing","article_published_time":"2023-10-13T12:59:55+00:00","og_image":[{"url":"https:\/\/www.executivemanager.it\/images\/comprofiler\/0_63ee029f441d6.jpg","type":"","width":"","height":""}],"author":"articolinews","twitter_card":"summary_large_image","twitter_misc":{"Scritto da":"articolinews","Tempo di lettura stimato":"3 minuti"},"schema":{"@context":"https:\/\/schema.org","@graph":[{"@type":"Article","@id":"https:\/\/www.article-marketing.eu\/comunicatistampa\/il-decimo-uomo-nel-board-luca-dal-fabbro-prospetta-un-futuro-resiliente\/#article","isPartOf":{"@id":"https:\/\/www.article-marketing.eu\/comunicatistampa\/il-decimo-uomo-nel-board-luca-dal-fabbro-prospetta-un-futuro-resiliente\/"},"author":{"name":"articolinews","@id":"https:\/\/www.article-marketing.eu\/comunicatistampa\/#\/schema\/person\/2fcaf8f8f3a9eef9eb7f27532d3ca458"},"headline":"Il decimo uomo nel board: Luca Dal Fabbro prospetta un futuro resiliente","datePublished":"2023-10-13T12:59:55+00:00","mainEntityOfPage":{"@id":"https:\/\/www.article-marketing.eu\/comunicatistampa\/il-decimo-uomo-nel-board-luca-dal-fabbro-prospetta-un-futuro-resiliente\/"},"wordCount":364,"commentCount":0,"image":{"@id":"https:\/\/www.article-marketing.eu\/comunicatistampa\/il-decimo-uomo-nel-board-luca-dal-fabbro-prospetta-un-futuro-resiliente\/#primaryimage"},"thumbnailUrl":"https:\/\/www.executivemanager.it\/images\/comprofiler\/0_63ee029f441d6.jpg","keywords":["Luca Dal Fabbro"],"articleSection":["Economia e lavoro"],"inLanguage":"it-IT","potentialAction":[{"@type":"CommentAction","name":"Comment","target":["https:\/\/www.article-marketing.eu\/comunicatistampa\/il-decimo-uomo-nel-board-luca-dal-fabbro-prospetta-un-futuro-resiliente\/#respond"]}]},{"@type":"WebPage","@id":"https:\/\/www.article-marketing.eu\/comunicatistampa\/il-decimo-uomo-nel-board-luca-dal-fabbro-prospetta-un-futuro-resiliente\/","url":"https:\/\/www.article-marketing.eu\/comunicatistampa\/il-decimo-uomo-nel-board-luca-dal-fabbro-prospetta-un-futuro-resiliente\/","name":"Il decimo uomo nel board: Luca Dal Fabbro prospetta un futuro resiliente","isPartOf":{"@id":"https:\/\/www.article-marketing.eu\/comunicatistampa\/#website"},"primaryImageOfPage":{"@id":"https:\/\/www.article-marketing.eu\/comunicatistampa\/il-decimo-uomo-nel-board-luca-dal-fabbro-prospetta-un-futuro-resiliente\/#primaryimage"},"image":{"@id":"https:\/\/www.article-marketing.eu\/comunicatistampa\/il-decimo-uomo-nel-board-luca-dal-fabbro-prospetta-un-futuro-resiliente\/#primaryimage"},"thumbnailUrl":"https:\/\/www.executivemanager.it\/images\/comprofiler\/0_63ee029f441d6.jpg","datePublished":"2023-10-13T12:59:55+00:00","author":{"@id":"https:\/\/www.article-marketing.eu\/comunicatistampa\/#\/schema\/person\/2fcaf8f8f3a9eef9eb7f27532d3ca458"},"description":"Il Presidente di Iren Luca Dal Fabbro evidenzia il ruolo cruciale dell'acqua nel sistema produttivo italiano e le sfide globali che attendono l'industria.","breadcrumb":{"@id":"https:\/\/www.article-marketing.eu\/comunicatistampa\/il-decimo-uomo-nel-board-luca-dal-fabbro-prospetta-un-futuro-resiliente\/#breadcrumb"},"inLanguage":"it-IT","potentialAction":[{"@type":"ReadAction","target":["https:\/\/www.article-marketing.eu\/comunicatistampa\/il-decimo-uomo-nel-board-luca-dal-fabbro-prospetta-un-futuro-resiliente\/"]}]},{"@type":"ImageObject","inLanguage":"it-IT","@id":"https:\/\/www.article-marketing.eu\/comunicatistampa\/il-decimo-uomo-nel-board-luca-dal-fabbro-prospetta-un-futuro-resiliente\/#primaryimage","url":"https:\/\/www.executivemanager.it\/images\/comprofiler\/0_63ee029f441d6.jpg","contentUrl":"https:\/\/www.executivemanager.it\/images\/comprofiler\/0_63ee029f441d6.jpg"},{"@type":"BreadcrumbList","@id":"https:\/\/www.article-marketing.eu\/comunicatistampa\/il-decimo-uomo-nel-board-luca-dal-fabbro-prospetta-un-futuro-resiliente\/#breadcrumb","itemListElement":[{"@type":"ListItem","position":1,"name":"Home","item":"https:\/\/www.article-marketing.eu\/comunicatistampa\/"},{"@type":"ListItem","position":2,"name":"Il decimo uomo nel board: Luca Dal Fabbro prospetta un futuro resiliente"}]},{"@type":"WebSite","@id":"https:\/\/www.article-marketing.eu\/comunicatistampa\/#website","url":"https:\/\/www.article-marketing.eu\/comunicatistampa\/","name":"Article Marketing","description":"article marketing &amp; press release","potentialAction":[{"@type":"SearchAction","target":{"@type":"EntryPoint","urlTemplate":"https:\/\/www.article-marketing.eu\/comunicatistampa\/?s={search_term_string}"},"query-input":{"@type":"PropertyValueSpecification","valueRequired":true,"valueName":"search_term_string"}}],"inLanguage":"it-IT"},{"@type":"Person","@id":"https:\/\/www.article-marketing.eu\/comunicatistampa\/#\/schema\/person\/2fcaf8f8f3a9eef9eb7f27532d3ca458","name":"articolinews","image":{"@type":"ImageObject","inLanguage":"it-IT","@id":"https:\/\/secure.gravatar.com\/avatar\/9e2a264bab04e17dea24d937c9956304649a848cb73c46747a692ff1bdeb1cb7?s=96&d=mm&r=g","url":"https:\/\/secure.gravatar.com\/avatar\/9e2a264bab04e17dea24d937c9956304649a848cb73c46747a692ff1bdeb1cb7?s=96&d=mm&r=g","contentUrl":"https:\/\/secure.gravatar.com\/avatar\/9e2a264bab04e17dea24d937c9956304649a848cb73c46747a692ff1bdeb1cb7?s=96&d=mm&r=g","caption":"articolinews"},"url":"https:\/\/www.article-marketing.eu\/comunicatistampa\/author\/articolinews\/"}]}},"_links":{"self":[{"href":"https:\/\/www.article-marketing.eu\/comunicatistampa\/wp-json\/wp\/v2\/posts\/28638","targetHints":{"allow":["GET"]}}],"collection":[{"href":"https:\/\/www.article-marketing.eu\/comunicatistampa\/wp-json\/wp\/v2\/posts"}],"about":[{"href":"https:\/\/www.article-marketing.eu\/comunicatistampa\/wp-json\/wp\/v2\/types\/post"}],"author":[{"embeddable":true,"href":"https:\/\/www.article-marketing.eu\/comunicatistampa\/wp-json\/wp\/v2\/users\/6477"}],"replies":[{"embeddable":true,"href":"https:\/\/www.article-marketing.eu\/comunicatistampa\/wp-json\/wp\/v2\/comments?post=28638"}],"version-history":[{"count":2,"href":"https:\/\/www.article-marketing.eu\/comunicatistampa\/wp-json\/wp\/v2\/posts\/28638\/revisions"}],"predecessor-version":[{"id":28659,"href":"https:\/\/www.article-marketing.eu\/comunicatistampa\/wp-json\/wp\/v2\/posts\/28638\/revisions\/28659"}],"wp:attachment":[{"href":"https:\/\/www.article-marketing.eu\/comunicatistampa\/wp-json\/wp\/v2\/media?parent=28638"}],"wp:term":[{"taxonomy":"category","embeddable":true,"href":"https:\/\/www.article-marketing.eu\/comunicatistampa\/wp-json\/wp\/v2\/categories?post=28638"},{"taxonomy":"post_tag","embeddable":true,"href":"https:\/\/www.article-marketing.eu\/comunicatistampa\/wp-json\/wp\/v2\/tags?post=28638"}],"curies":[{"name":"wp","href":"https:\/\/api.w.org\/{rel}","templated":true}]}}