{"id":28644,"date":"2023-10-13T14:58:47","date_gmt":"2023-10-13T12:58:47","guid":{"rendered":"https:\/\/www.article-marketing.eu\/comunicatistampa\/?p=28644"},"modified":"2023-10-13T14:58:47","modified_gmt":"2023-10-13T12:58:47","slug":"alta-velocita-lad-del-gruppo-fs-luigi-ferraris-domanda-cresciuta-del-200-in-10-anni","status":"publish","type":"post","link":"https:\/\/www.article-marketing.eu\/comunicatistampa\/alta-velocita-lad-del-gruppo-fs-luigi-ferraris-domanda-cresciuta-del-200-in-10-anni\/","title":{"rendered":"Alta velocit\u00e0, l\u2019AD del Gruppo FS Luigi Ferraris: domanda cresciuta del 200% in 10 anni"},"content":{"rendered":"<p><strong><em>L\u2019AD <a title=\"Luigi Ferraris, il Gruppo FS traina la crescita dell'alta velocit\u00e0 in Europa\" href=\"https:\/\/www.fsnews.it\/it\/focus-on\/corporate\/2023\/9\/20\/ferraris-alta-velocita-parlamento-europeo.html\">Luigi Ferraris<\/a> \u00e8 intervenuto all\u2019\u201dHigh-Speed Rail Crossing Borders\u201d per condividere l\u2019esperienza del Gruppo FS nello sviluppo e potenziamento dell\u2019Alta Velocit\u00e0 in Italia.<\/em><\/strong><\/p>\n<p><a title=\"Luigi Ferraris sui progetti del Gruppo FS in Europa\" href=\"https:\/\/www.fsnews.it\/it\/focus-on\/corporate\/2023\/9\/20\/ferraris-alta-velocita-parlamento-europeo.html\"><img loading=\"lazy\" decoding=\"async\" src=\"https:\/\/www.comunicati-stampa.net\/immaginics\/large\/dc74d4249e8a4d31b081d5fff40fa4dd.jpg\" alt=\"Luigi Ferraris\" width=\"300\" height=\"200\" \/><\/a><\/p>\n<h2>Luigi Ferraris: la domanda di mobilit\u00e0 \u00e8 cresciuta del 200% in 10 anni<\/h2>\n<p>Negli ultimi 10 anni la domanda di mobilit\u00e0 \u00e8 cresciuta vertiginosamente grazie all\u2019alta velocit\u00e0. Lo ha evidenziato <a title=\"Luigi Ferraris all'High Speed Rail Crossing Borders sull'alta velocit\u00e0 in Europa\" href=\"https:\/\/www.fsnews.it\/it\/focus-on\/corporate\/2023\/9\/20\/ferraris-alta-velocita-parlamento-europeo.html\"><strong>Luigi Ferraris<\/strong><\/a>, Amministratore Delegato del G<strong>ruppo FS<\/strong>, durante il suo intervento nel dibattito organizzato nella sede del Parlamento Europeo a Bruxelles, \u201cHigh-Speed Rail Crossing Borders\u201d. \u201c<em>Grazie all\u2019alta velocit\u00e0 ferroviaria la domanda di mobilit\u00e0 in Italia \u00e8 cresciuta dal 2009 al 2019 del 200%, con un abbattimento delle distanze tra i territori e un calo dei prezzi del 40%<\/em>\u201d, ha sottolineato l\u2019AD. Con un processo avviato nel 2009, il Gruppo FS si \u00e8 impegnato nello sviluppo e potenziamento dell\u2019alta velocit\u00e0 in Italia raggiungendo risultati eccezionali. Solo sulla linea Torino-Salerno, ha fatto notare <strong>Luigi Ferraris<\/strong>, i passeggeri \u201c<em>sono quadruplicati passando da circa 15 milioni all&#8217;anno a circa 60 milioni. Inoltre, sulla linea italiana pi\u00f9 rilevante, tra Roma e Milano, il treno e l\u2019aereo detengono ora quote di mercato rispettivamente del 70% e del 30%, invertendo le loro posizioni precedenti<\/em>\u201d.<\/p>\n<h2>Luigi Ferraris: adesso esportiamo il nostro know how in Europa<\/h2>\n<p>Nel dicembre del 2021 Trenitalia France ha lanciato i primi collegamenti ad alta velocit\u00e0 tra Parigi e Milano via Lione. Un\u2019esperienza che il <strong>Gruppo FS<\/strong> ha replicato in Spagna attraverso ILSA, l\u2019operatore ferroviario nato dalla partnership tra Trenitalia, Air Nostrum e Globalvia, che nel novembre del 2022 ha avviato i servizi di Iryo con il Frecciarossa. Qui si \u00e8 attualmente arrivati a circa \u201c<em>70 collegamenti giornalieri sui tre corridoi principali del Paese: Madrid-Barcellona; Madrid-Valencia\/Alicante; Madrid-Malaga\/Siviglia con l\u2019obiettivo anche di connettere Lisbona a Madrid e La Coru\u00f1a<\/em>\u201d. Sia in Spagna che in Francia, ha spiegato <strong>Luigi Ferraris<\/strong>, \u201c<em>stiamo registrando risultati molto positivi, con un tasso di riempimento dei treni superiore al 70%, una riduzione dei prezzi medi dei biglietti e alti livelli di soddisfazione dei clienti<\/em>\u201d. L\u2019obiettivo del Gruppo FS in Europa \u00e8 di lanciare pi\u00f9 servizi internazionali, \u201c<em>ad esempio da Parigi a Barcellona, da Parigi a Bruxelles-Amsterdam e infine a Berlino<\/em>\u201d. \u00c8 proprio alla capitale tedesca che puntano le due connessioni da Roma e Milano a Monaco che Trenitalia lancer\u00e0 nel 2026 con Deutsche Bahn.<\/p>\n","protected":false},"excerpt":{"rendered":"<p>Gruppo FS traina la crescita dell\u2019alta velocit\u00e0 in Europa. L\u2019AD Luigi Ferraris: domanda cresciuta del 200% negli ultimi 10 anni.<\/p>\n","protected":false},"author":7203,"featured_media":0,"comment_status":"open","ping_status":"open","sticky":false,"template":"","format":"standard","meta":{"_monsterinsights_skip_tracking":false,"_monsterinsights_sitenote_active":false,"_monsterinsights_sitenote_note":"","_monsterinsights_sitenote_category":0,"footnotes":""},"categories":[388],"tags":[10013,9540],"class_list":["post-28644","post","type-post","status-publish","format-standard","hentry","category-aziende","tag-gruppo-fs","tag-luigi-ferraris"],"yoast_head":"<!-- This site is optimized with the Yoast SEO plugin v27.3 - https:\/\/yoast.com\/product\/yoast-seo-wordpress\/ -->\n<title>Alta velocit\u00e0, l\u2019AD del Gruppo FS Luigi Ferraris: domanda cresciuta del 200% in 10 anni<\/title>\n<meta name=\"description\" content=\"Gruppo FS traina la crescita dell\u2019alta velocit\u00e0 in Europa. L\u2019AD Luigi Ferraris: domanda cresciuta del 200% negli ultimi 10 anni.\" \/>\n<meta name=\"robots\" content=\"index, follow, max-snippet:-1, max-image-preview:large, max-video-preview:-1\" \/>\n<link rel=\"canonical\" href=\"https:\/\/www.article-marketing.eu\/comunicatistampa\/alta-velocita-lad-del-gruppo-fs-luigi-ferraris-domanda-cresciuta-del-200-in-10-anni\/\" \/>\n<meta property=\"og:locale\" content=\"it_IT\" \/>\n<meta property=\"og:type\" content=\"article\" \/>\n<meta property=\"og:title\" content=\"Alta velocit\u00e0, l\u2019AD del Gruppo FS Luigi Ferraris: domanda cresciuta del 200% in 10 anni\" \/>\n<meta property=\"og:description\" content=\"Gruppo FS traina la crescita dell\u2019alta velocit\u00e0 in Europa. L\u2019AD Luigi Ferraris: domanda cresciuta del 200% negli ultimi 10 anni.\" \/>\n<meta property=\"og:url\" content=\"https:\/\/www.article-marketing.eu\/comunicatistampa\/alta-velocita-lad-del-gruppo-fs-luigi-ferraris-domanda-cresciuta-del-200-in-10-anni\/\" \/>\n<meta property=\"og:site_name\" content=\"Article Marketing\" \/>\n<meta property=\"article:published_time\" content=\"2023-10-13T12:58:47+00:00\" \/>\n<meta property=\"og:image\" content=\"https:\/\/www.comunicati-stampa.net\/immaginics\/large\/dc74d4249e8a4d31b081d5fff40fa4dd.jpg\" \/>\n<meta name=\"author\" content=\"gbofficeprnews\" \/>\n<meta name=\"twitter:card\" content=\"summary_large_image\" \/>\n<meta name=\"twitter:label1\" content=\"Scritto da\" \/>\n\t<meta name=\"twitter:data1\" content=\"gbofficeprnews\" \/>\n\t<meta name=\"twitter:label2\" content=\"Tempo di lettura stimato\" \/>\n\t<meta name=\"twitter:data2\" content=\"3 minuti\" \/>\n<script type=\"application\/ld+json\" class=\"yoast-schema-graph\">{\"@context\":\"https:\\\/\\\/schema.org\",\"@graph\":[{\"@type\":\"Article\",\"@id\":\"https:\\\/\\\/www.article-marketing.eu\\\/comunicatistampa\\\/alta-velocita-lad-del-gruppo-fs-luigi-ferraris-domanda-cresciuta-del-200-in-10-anni\\\/#article\",\"isPartOf\":{\"@id\":\"https:\\\/\\\/www.article-marketing.eu\\\/comunicatistampa\\\/alta-velocita-lad-del-gruppo-fs-luigi-ferraris-domanda-cresciuta-del-200-in-10-anni\\\/\"},\"author\":{\"name\":\"gbofficeprnews\",\"@id\":\"https:\\\/\\\/www.article-marketing.eu\\\/comunicatistampa\\\/#\\\/schema\\\/person\\\/00c541681af1a376511ed63d59ca096f\"},\"headline\":\"Alta velocit\u00e0, l\u2019AD del Gruppo FS Luigi Ferraris: domanda cresciuta del 200% in 10 anni\",\"datePublished\":\"2023-10-13T12:58:47+00:00\",\"mainEntityOfPage\":{\"@id\":\"https:\\\/\\\/www.article-marketing.eu\\\/comunicatistampa\\\/alta-velocita-lad-del-gruppo-fs-luigi-ferraris-domanda-cresciuta-del-200-in-10-anni\\\/\"},\"wordCount\":380,\"commentCount\":0,\"image\":{\"@id\":\"https:\\\/\\\/www.article-marketing.eu\\\/comunicatistampa\\\/alta-velocita-lad-del-gruppo-fs-luigi-ferraris-domanda-cresciuta-del-200-in-10-anni\\\/#primaryimage\"},\"thumbnailUrl\":\"https:\\\/\\\/www.comunicati-stampa.net\\\/immaginics\\\/large\\\/dc74d4249e8a4d31b081d5fff40fa4dd.jpg\",\"keywords\":[\"Gruppo FS\",\"Luigi Ferraris\"],\"articleSection\":[\"Aziende\"],\"inLanguage\":\"it-IT\",\"potentialAction\":[{\"@type\":\"CommentAction\",\"name\":\"Comment\",\"target\":[\"https:\\\/\\\/www.article-marketing.eu\\\/comunicatistampa\\\/alta-velocita-lad-del-gruppo-fs-luigi-ferraris-domanda-cresciuta-del-200-in-10-anni\\\/#respond\"]}]},{\"@type\":\"WebPage\",\"@id\":\"https:\\\/\\\/www.article-marketing.eu\\\/comunicatistampa\\\/alta-velocita-lad-del-gruppo-fs-luigi-ferraris-domanda-cresciuta-del-200-in-10-anni\\\/\",\"url\":\"https:\\\/\\\/www.article-marketing.eu\\\/comunicatistampa\\\/alta-velocita-lad-del-gruppo-fs-luigi-ferraris-domanda-cresciuta-del-200-in-10-anni\\\/\",\"name\":\"Alta velocit\u00e0, l\u2019AD del Gruppo FS Luigi Ferraris: domanda cresciuta del 200% in 10 anni\",\"isPartOf\":{\"@id\":\"https:\\\/\\\/www.article-marketing.eu\\\/comunicatistampa\\\/#website\"},\"primaryImageOfPage\":{\"@id\":\"https:\\\/\\\/www.article-marketing.eu\\\/comunicatistampa\\\/alta-velocita-lad-del-gruppo-fs-luigi-ferraris-domanda-cresciuta-del-200-in-10-anni\\\/#primaryimage\"},\"image\":{\"@id\":\"https:\\\/\\\/www.article-marketing.eu\\\/comunicatistampa\\\/alta-velocita-lad-del-gruppo-fs-luigi-ferraris-domanda-cresciuta-del-200-in-10-anni\\\/#primaryimage\"},\"thumbnailUrl\":\"https:\\\/\\\/www.comunicati-stampa.net\\\/immaginics\\\/large\\\/dc74d4249e8a4d31b081d5fff40fa4dd.jpg\",\"datePublished\":\"2023-10-13T12:58:47+00:00\",\"author\":{\"@id\":\"https:\\\/\\\/www.article-marketing.eu\\\/comunicatistampa\\\/#\\\/schema\\\/person\\\/00c541681af1a376511ed63d59ca096f\"},\"description\":\"Gruppo FS traina la crescita dell\u2019alta velocit\u00e0 in Europa. L\u2019AD Luigi Ferraris: domanda cresciuta del 200% negli ultimi 10 anni.\",\"breadcrumb\":{\"@id\":\"https:\\\/\\\/www.article-marketing.eu\\\/comunicatistampa\\\/alta-velocita-lad-del-gruppo-fs-luigi-ferraris-domanda-cresciuta-del-200-in-10-anni\\\/#breadcrumb\"},\"inLanguage\":\"it-IT\",\"potentialAction\":[{\"@type\":\"ReadAction\",\"target\":[\"https:\\\/\\\/www.article-marketing.eu\\\/comunicatistampa\\\/alta-velocita-lad-del-gruppo-fs-luigi-ferraris-domanda-cresciuta-del-200-in-10-anni\\\/\"]}]},{\"@type\":\"ImageObject\",\"inLanguage\":\"it-IT\",\"@id\":\"https:\\\/\\\/www.article-marketing.eu\\\/comunicatistampa\\\/alta-velocita-lad-del-gruppo-fs-luigi-ferraris-domanda-cresciuta-del-200-in-10-anni\\\/#primaryimage\",\"url\":\"https:\\\/\\\/www.comunicati-stampa.net\\\/immaginics\\\/large\\\/dc74d4249e8a4d31b081d5fff40fa4dd.jpg\",\"contentUrl\":\"https:\\\/\\\/www.comunicati-stampa.net\\\/immaginics\\\/large\\\/dc74d4249e8a4d31b081d5fff40fa4dd.jpg\"},{\"@type\":\"BreadcrumbList\",\"@id\":\"https:\\\/\\\/www.article-marketing.eu\\\/comunicatistampa\\\/alta-velocita-lad-del-gruppo-fs-luigi-ferraris-domanda-cresciuta-del-200-in-10-anni\\\/#breadcrumb\",\"itemListElement\":[{\"@type\":\"ListItem\",\"position\":1,\"name\":\"Home\",\"item\":\"https:\\\/\\\/www.article-marketing.eu\\\/comunicatistampa\\\/\"},{\"@type\":\"ListItem\",\"position\":2,\"name\":\"Alta velocit\u00e0, l\u2019AD del Gruppo FS Luigi Ferraris: domanda cresciuta del 200% in 10 anni\"}]},{\"@type\":\"WebSite\",\"@id\":\"https:\\\/\\\/www.article-marketing.eu\\\/comunicatistampa\\\/#website\",\"url\":\"https:\\\/\\\/www.article-marketing.eu\\\/comunicatistampa\\\/\",\"name\":\"Article Marketing\",\"description\":\"article marketing &amp; press release\",\"potentialAction\":[{\"@type\":\"SearchAction\",\"target\":{\"@type\":\"EntryPoint\",\"urlTemplate\":\"https:\\\/\\\/www.article-marketing.eu\\\/comunicatistampa\\\/?s={search_term_string}\"},\"query-input\":{\"@type\":\"PropertyValueSpecification\",\"valueRequired\":true,\"valueName\":\"search_term_string\"}}],\"inLanguage\":\"it-IT\"},{\"@type\":\"Person\",\"@id\":\"https:\\\/\\\/www.article-marketing.eu\\\/comunicatistampa\\\/#\\\/schema\\\/person\\\/00c541681af1a376511ed63d59ca096f\",\"name\":\"gbofficeprnews\",\"image\":{\"@type\":\"ImageObject\",\"inLanguage\":\"it-IT\",\"@id\":\"https:\\\/\\\/secure.gravatar.com\\\/avatar\\\/6c895f4b9cd59fffe899c25f76b85bf0d427605c1f0d3b07c81e155c001265cf?s=96&d=mm&r=g\",\"url\":\"https:\\\/\\\/secure.gravatar.com\\\/avatar\\\/6c895f4b9cd59fffe899c25f76b85bf0d427605c1f0d3b07c81e155c001265cf?s=96&d=mm&r=g\",\"contentUrl\":\"https:\\\/\\\/secure.gravatar.com\\\/avatar\\\/6c895f4b9cd59fffe899c25f76b85bf0d427605c1f0d3b07c81e155c001265cf?s=96&d=mm&r=g\",\"caption\":\"gbofficeprnews\"},\"url\":\"https:\\\/\\\/www.article-marketing.eu\\\/comunicatistampa\\\/author\\\/gbofficeprnews\\\/\"}]}<\/script>\n<!-- \/ Yoast SEO plugin. -->","yoast_head_json":{"title":"Alta velocit\u00e0, l\u2019AD del Gruppo FS Luigi Ferraris: domanda cresciuta del 200% in 10 anni","description":"Gruppo FS traina la crescita dell\u2019alta velocit\u00e0 in Europa. L\u2019AD Luigi Ferraris: domanda cresciuta del 200% negli ultimi 10 anni.","robots":{"index":"index","follow":"follow","max-snippet":"max-snippet:-1","max-image-preview":"max-image-preview:large","max-video-preview":"max-video-preview:-1"},"canonical":"https:\/\/www.article-marketing.eu\/comunicatistampa\/alta-velocita-lad-del-gruppo-fs-luigi-ferraris-domanda-cresciuta-del-200-in-10-anni\/","og_locale":"it_IT","og_type":"article","og_title":"Alta velocit\u00e0, l\u2019AD del Gruppo FS Luigi Ferraris: domanda cresciuta del 200% in 10 anni","og_description":"Gruppo FS traina la crescita dell\u2019alta velocit\u00e0 in Europa. L\u2019AD Luigi Ferraris: domanda cresciuta del 200% negli ultimi 10 anni.","og_url":"https:\/\/www.article-marketing.eu\/comunicatistampa\/alta-velocita-lad-del-gruppo-fs-luigi-ferraris-domanda-cresciuta-del-200-in-10-anni\/","og_site_name":"Article Marketing","article_published_time":"2023-10-13T12:58:47+00:00","og_image":[{"url":"https:\/\/www.comunicati-stampa.net\/immaginics\/large\/dc74d4249e8a4d31b081d5fff40fa4dd.jpg","type":"","width":"","height":""}],"author":"gbofficeprnews","twitter_card":"summary_large_image","twitter_misc":{"Scritto da":"gbofficeprnews","Tempo di lettura stimato":"3 minuti"},"schema":{"@context":"https:\/\/schema.org","@graph":[{"@type":"Article","@id":"https:\/\/www.article-marketing.eu\/comunicatistampa\/alta-velocita-lad-del-gruppo-fs-luigi-ferraris-domanda-cresciuta-del-200-in-10-anni\/#article","isPartOf":{"@id":"https:\/\/www.article-marketing.eu\/comunicatistampa\/alta-velocita-lad-del-gruppo-fs-luigi-ferraris-domanda-cresciuta-del-200-in-10-anni\/"},"author":{"name":"gbofficeprnews","@id":"https:\/\/www.article-marketing.eu\/comunicatistampa\/#\/schema\/person\/00c541681af1a376511ed63d59ca096f"},"headline":"Alta velocit\u00e0, l\u2019AD del Gruppo FS Luigi Ferraris: domanda cresciuta del 200% in 10 anni","datePublished":"2023-10-13T12:58:47+00:00","mainEntityOfPage":{"@id":"https:\/\/www.article-marketing.eu\/comunicatistampa\/alta-velocita-lad-del-gruppo-fs-luigi-ferraris-domanda-cresciuta-del-200-in-10-anni\/"},"wordCount":380,"commentCount":0,"image":{"@id":"https:\/\/www.article-marketing.eu\/comunicatistampa\/alta-velocita-lad-del-gruppo-fs-luigi-ferraris-domanda-cresciuta-del-200-in-10-anni\/#primaryimage"},"thumbnailUrl":"https:\/\/www.comunicati-stampa.net\/immaginics\/large\/dc74d4249e8a4d31b081d5fff40fa4dd.jpg","keywords":["Gruppo FS","Luigi Ferraris"],"articleSection":["Aziende"],"inLanguage":"it-IT","potentialAction":[{"@type":"CommentAction","name":"Comment","target":["https:\/\/www.article-marketing.eu\/comunicatistampa\/alta-velocita-lad-del-gruppo-fs-luigi-ferraris-domanda-cresciuta-del-200-in-10-anni\/#respond"]}]},{"@type":"WebPage","@id":"https:\/\/www.article-marketing.eu\/comunicatistampa\/alta-velocita-lad-del-gruppo-fs-luigi-ferraris-domanda-cresciuta-del-200-in-10-anni\/","url":"https:\/\/www.article-marketing.eu\/comunicatistampa\/alta-velocita-lad-del-gruppo-fs-luigi-ferraris-domanda-cresciuta-del-200-in-10-anni\/","name":"Alta velocit\u00e0, l\u2019AD del Gruppo FS Luigi Ferraris: domanda cresciuta del 200% in 10 anni","isPartOf":{"@id":"https:\/\/www.article-marketing.eu\/comunicatistampa\/#website"},"primaryImageOfPage":{"@id":"https:\/\/www.article-marketing.eu\/comunicatistampa\/alta-velocita-lad-del-gruppo-fs-luigi-ferraris-domanda-cresciuta-del-200-in-10-anni\/#primaryimage"},"image":{"@id":"https:\/\/www.article-marketing.eu\/comunicatistampa\/alta-velocita-lad-del-gruppo-fs-luigi-ferraris-domanda-cresciuta-del-200-in-10-anni\/#primaryimage"},"thumbnailUrl":"https:\/\/www.comunicati-stampa.net\/immaginics\/large\/dc74d4249e8a4d31b081d5fff40fa4dd.jpg","datePublished":"2023-10-13T12:58:47+00:00","author":{"@id":"https:\/\/www.article-marketing.eu\/comunicatistampa\/#\/schema\/person\/00c541681af1a376511ed63d59ca096f"},"description":"Gruppo FS traina la crescita dell\u2019alta velocit\u00e0 in Europa. L\u2019AD Luigi Ferraris: domanda cresciuta del 200% negli ultimi 10 anni.","breadcrumb":{"@id":"https:\/\/www.article-marketing.eu\/comunicatistampa\/alta-velocita-lad-del-gruppo-fs-luigi-ferraris-domanda-cresciuta-del-200-in-10-anni\/#breadcrumb"},"inLanguage":"it-IT","potentialAction":[{"@type":"ReadAction","target":["https:\/\/www.article-marketing.eu\/comunicatistampa\/alta-velocita-lad-del-gruppo-fs-luigi-ferraris-domanda-cresciuta-del-200-in-10-anni\/"]}]},{"@type":"ImageObject","inLanguage":"it-IT","@id":"https:\/\/www.article-marketing.eu\/comunicatistampa\/alta-velocita-lad-del-gruppo-fs-luigi-ferraris-domanda-cresciuta-del-200-in-10-anni\/#primaryimage","url":"https:\/\/www.comunicati-stampa.net\/immaginics\/large\/dc74d4249e8a4d31b081d5fff40fa4dd.jpg","contentUrl":"https:\/\/www.comunicati-stampa.net\/immaginics\/large\/dc74d4249e8a4d31b081d5fff40fa4dd.jpg"},{"@type":"BreadcrumbList","@id":"https:\/\/www.article-marketing.eu\/comunicatistampa\/alta-velocita-lad-del-gruppo-fs-luigi-ferraris-domanda-cresciuta-del-200-in-10-anni\/#breadcrumb","itemListElement":[{"@type":"ListItem","position":1,"name":"Home","item":"https:\/\/www.article-marketing.eu\/comunicatistampa\/"},{"@type":"ListItem","position":2,"name":"Alta velocit\u00e0, l\u2019AD del Gruppo FS Luigi Ferraris: domanda cresciuta del 200% in 10 anni"}]},{"@type":"WebSite","@id":"https:\/\/www.article-marketing.eu\/comunicatistampa\/#website","url":"https:\/\/www.article-marketing.eu\/comunicatistampa\/","name":"Article Marketing","description":"article marketing &amp; press release","potentialAction":[{"@type":"SearchAction","target":{"@type":"EntryPoint","urlTemplate":"https:\/\/www.article-marketing.eu\/comunicatistampa\/?s={search_term_string}"},"query-input":{"@type":"PropertyValueSpecification","valueRequired":true,"valueName":"search_term_string"}}],"inLanguage":"it-IT"},{"@type":"Person","@id":"https:\/\/www.article-marketing.eu\/comunicatistampa\/#\/schema\/person\/00c541681af1a376511ed63d59ca096f","name":"gbofficeprnews","image":{"@type":"ImageObject","inLanguage":"it-IT","@id":"https:\/\/secure.gravatar.com\/avatar\/6c895f4b9cd59fffe899c25f76b85bf0d427605c1f0d3b07c81e155c001265cf?s=96&d=mm&r=g","url":"https:\/\/secure.gravatar.com\/avatar\/6c895f4b9cd59fffe899c25f76b85bf0d427605c1f0d3b07c81e155c001265cf?s=96&d=mm&r=g","contentUrl":"https:\/\/secure.gravatar.com\/avatar\/6c895f4b9cd59fffe899c25f76b85bf0d427605c1f0d3b07c81e155c001265cf?s=96&d=mm&r=g","caption":"gbofficeprnews"},"url":"https:\/\/www.article-marketing.eu\/comunicatistampa\/author\/gbofficeprnews\/"}]}},"_links":{"self":[{"href":"https:\/\/www.article-marketing.eu\/comunicatistampa\/wp-json\/wp\/v2\/posts\/28644","targetHints":{"allow":["GET"]}}],"collection":[{"href":"https:\/\/www.article-marketing.eu\/comunicatistampa\/wp-json\/wp\/v2\/posts"}],"about":[{"href":"https:\/\/www.article-marketing.eu\/comunicatistampa\/wp-json\/wp\/v2\/types\/post"}],"author":[{"embeddable":true,"href":"https:\/\/www.article-marketing.eu\/comunicatistampa\/wp-json\/wp\/v2\/users\/7203"}],"replies":[{"embeddable":true,"href":"https:\/\/www.article-marketing.eu\/comunicatistampa\/wp-json\/wp\/v2\/comments?post=28644"}],"version-history":[{"count":4,"href":"https:\/\/www.article-marketing.eu\/comunicatistampa\/wp-json\/wp\/v2\/posts\/28644\/revisions"}],"predecessor-version":[{"id":28656,"href":"https:\/\/www.article-marketing.eu\/comunicatistampa\/wp-json\/wp\/v2\/posts\/28644\/revisions\/28656"}],"wp:attachment":[{"href":"https:\/\/www.article-marketing.eu\/comunicatistampa\/wp-json\/wp\/v2\/media?parent=28644"}],"wp:term":[{"taxonomy":"category","embeddable":true,"href":"https:\/\/www.article-marketing.eu\/comunicatistampa\/wp-json\/wp\/v2\/categories?post=28644"},{"taxonomy":"post_tag","embeddable":true,"href":"https:\/\/www.article-marketing.eu\/comunicatistampa\/wp-json\/wp\/v2\/tags?post=28644"}],"curies":[{"name":"wp","href":"https:\/\/api.w.org\/{rel}","templated":true}]}}