{"id":2871,"date":"2017-05-30T23:52:26","date_gmt":"2017-05-30T21:52:26","guid":{"rendered":"http:\/\/www.article-marketing.eu\/comunicatistampa\/?p=2871"},"modified":"2020-08-10T01:47:50","modified_gmt":"2020-08-09T23:47:50","slug":"grande-affluenza-al-vii-concorso-nazionale-di-musica-san-vigilio-in-canto","status":"publish","type":"post","link":"https:\/\/www.article-marketing.eu\/comunicatistampa\/grande-affluenza-al-vii-concorso-nazionale-di-musica-san-vigilio-in-canto\/","title":{"rendered":"Grande affluenza al VII Concorso Nazionale di Musica &#8220;San Vigilio In&#8230;Canto&#8221;"},"content":{"rendered":"<p><strong><em>Si \u00e8 concluso con grande successo il VII Concorso Nazionale di Musica \u201cSan Vigilio In\u2026Canto\u201d istituito dall\u2019Associazione Culturale \u201cSperimentiamo Arte Musica Teatro\u201d. Ospite speciale dell\u2019evento: Placido Domingo Jr che ha ricevuto il Premio Mousik\u00e8 Sperimentiamo 2017.<\/em><\/strong><\/p>\n<p>Grande affluenza di pubblico per il VII Concorso Nazionale di Musica \u201cSan Vigilio In\u2026Canto\u201d appuntamento organizzato dall\u2019Associazione Culturale \u201cSperimentiamo Arte Musica Teatro\u201d volto a stimolare l\u2019interesse, la pratica e la diffusione della musica tra giovani, contribuendo a favorire lo scambio di esperienze musicali maturate all\u2019interno di realt\u00e0 scolastiche e associative.<\/p>\n<p>Quattro lunghe giornate di audizioni hanno visto alternarsi sul palcoscenico oltre 800 giovani interpreti ed artisti giunti da tutta Italia e divisi per varie categorie come: Solisti, Musica d\u2019Insieme, Gruppi corali, Canto Moderno, Cantautori. I vincitori, sono stati decretati pochi giorni fa da una Commissione presieduta dal Maestro Antonio Vignera insieme agli altri altrettanto noti Maestri Mauro Marchetti, Tiziano Carone, Franco Todde, Kaori Matsui e Giulia Tucci.<\/p>\n<p>Ad arricchire la giornata conclusiva di premiazione, un ospite molto speciale: Placido Domingo Jr che, dopo il successo ottenuto all\u2019Auditorium Parco della Musica con il concerto \u201cVolver Anima Tango\u201d, \u00e8 giunto nell\u2019affollatissima Sala Teatro di San Vigilio per dare un grande in bocca al lupo a tutti i giovani partecipanti.<\/p>\n<p>Inoltre, l\u2019artista ha ricevuto, in occasione dei primi dieci anni di vita dell\u2019Associazione Sperimentiamo, il primo \u201cPremio Mousik\u00e8\u201d conferitogli dal Presidente dell\u2019Associazione Loredana Ripepi, per i meriti eccezionali nel mondo dell\u2019Arte e della Cultura.<\/p>\n<p>Ma i concorsi non finiscono qua, il 3 giugno, infatti, si terr\u00e0 la 9^ edizione de concorso\u00a0<strong><em> nazionale di Poesia \u201cGiugno di San Vigilio\u201d<\/em><\/strong><em>.<\/em><\/p>\n<p><strong><em>Il Concorso dedicato alla Poesia, aperto sia agli studenti che agli adulti di ogni et\u00e0.<\/em><\/strong> Dovranno presentare un testo di 36 versi su un tema libero ed inedito. Tra i vari premi che saranno dati, sar\u00e0 conferito anche il <strong>Premio Speciale \u201cCristiana Cafini\u201d<\/strong> al vincitore assoluto del concorso. Sar\u00e0 inoltre consegnato il Premio Speciale per la musicalit\u00e0: le poesie scelte per la musicalit\u00e0 saranno messe in musica dal <strong>M\u00b0 Tullio Visioli<\/strong> ed eseguite in prima assoluta durante la premiazione della X edizione dello stesso concorso. Il Presidente di giuria sar\u00e0 il poeta <strong>Alberto Toni<\/strong>. Le poesie vincitrici saranno anche pubblicate nel 3\u00b0 volume del libro intitolato <strong>\u201cGiugno di San Vigilio\u201d<\/strong>. <strong><em>Da segnalare anche un premio speciale riservato <\/em><\/strong><strong><em>agli studenti delle scuole appartenenti ai tre paesi maggiormente colpiti dal terremoto: Accumoli, Amatrice e Arquata del Tronto;<\/em><\/strong> un\u2019iniziativa che nasce come supporto per la continuazione degli studi ma soprattutto per la valorizzazione dei giovani talenti.<\/p>\n","protected":false},"excerpt":{"rendered":"<p>Si \u00e8 concluso con grande successo il VII Concorso Nazionale di Musica \u201cSan Vigilio In\u2026Canto\u201d istituito dall\u2019Associazione Culturale \u201cSperimentiamo Arte Musica Teatro\u201d. Ospite speciale dell\u2019evento: Placido Domingo Jr che ha ricevuto il Premio Mousik\u00e8 Sperimentiamo 2017. Grande affluenza di pubblico per il VII Concorso Nazionale di Musica \u201cSan Vigilio In\u2026Canto\u201d appuntamento organizzato dall\u2019Associazione Culturale \u201cSperimentiamo Arte Musica Teatro\u201d volto a stimolare l\u2019interesse, la pratica e la diffusione della musica tra<\/p>\n<p><a class=\"continue-reading\" href=\"https:\/\/www.article-marketing.eu\/comunicatistampa\/grande-affluenza-al-vii-concorso-nazionale-di-musica-san-vigilio-in-canto\/\">Continue reading&#8230;<\/a><\/p>\n","protected":false},"author":48,"featured_media":0,"comment_status":"open","ping_status":"open","sticky":false,"template":"","format":"standard","meta":{"_monsterinsights_skip_tracking":false,"_monsterinsights_sitenote_active":false,"_monsterinsights_sitenote_note":"","_monsterinsights_sitenote_category":0,"footnotes":""},"categories":[407,411],"tags":[515,517,1578,518],"class_list":["post-2871","post","type-post","status-publish","format-standard","hentry","category-arte-e-cultura","category-musica","tag-concorso","tag-musica","tag-placido-domingo-jr","tag-poesia"],"yoast_head":"<!-- This site is optimized with the Yoast SEO plugin v27.3 - https:\/\/yoast.com\/product\/yoast-seo-wordpress\/ -->\n<title>Grande affluenza al VII Concorso Nazionale di Musica &quot;San Vigilio In...Canto&quot; - Article Marketing<\/title>\n<meta name=\"robots\" content=\"index, follow, max-snippet:-1, max-image-preview:large, max-video-preview:-1\" \/>\n<link rel=\"canonical\" href=\"https:\/\/www.article-marketing.eu\/comunicatistampa\/grande-affluenza-al-vii-concorso-nazionale-di-musica-san-vigilio-in-canto\/\" \/>\n<meta property=\"og:locale\" content=\"it_IT\" \/>\n<meta property=\"og:type\" content=\"article\" \/>\n<meta property=\"og:title\" content=\"Grande affluenza al VII Concorso Nazionale di Musica &quot;San Vigilio In...Canto&quot; - Article Marketing\" \/>\n<meta property=\"og:description\" content=\"Si \u00e8 concluso con grande successo il VII Concorso Nazionale di Musica \u201cSan Vigilio In\u2026Canto\u201d istituito dall\u2019Associazione Culturale \u201cSperimentiamo Arte Musica Teatro\u201d. Ospite speciale dell\u2019evento: Placido Domingo Jr che ha ricevuto il Premio Mousik\u00e8 Sperimentiamo 2017. Grande affluenza di pubblico per il VII Concorso Nazionale di Musica \u201cSan Vigilio In\u2026Canto\u201d appuntamento organizzato dall\u2019Associazione Culturale \u201cSperimentiamo Arte Musica Teatro\u201d volto a stimolare l\u2019interesse, la pratica e la diffusione della musica traContinue reading...\" \/>\n<meta property=\"og:url\" content=\"https:\/\/www.article-marketing.eu\/comunicatistampa\/grande-affluenza-al-vii-concorso-nazionale-di-musica-san-vigilio-in-canto\/\" \/>\n<meta property=\"og:site_name\" content=\"Article Marketing\" \/>\n<meta property=\"article:published_time\" content=\"2017-05-30T21:52:26+00:00\" \/>\n<meta property=\"article:modified_time\" content=\"2020-08-09T23:47:50+00:00\" \/>\n<meta name=\"author\" content=\"Uff Stampa\" \/>\n<meta name=\"twitter:card\" content=\"summary_large_image\" \/>\n<meta name=\"twitter:label1\" content=\"Scritto da\" \/>\n\t<meta name=\"twitter:data1\" content=\"Uff Stampa\" \/>\n\t<meta name=\"twitter:label2\" content=\"Tempo di lettura stimato\" \/>\n\t<meta name=\"twitter:data2\" content=\"2 minuti\" \/>\n<script type=\"application\/ld+json\" class=\"yoast-schema-graph\">{\"@context\":\"https:\\\/\\\/schema.org\",\"@graph\":[{\"@type\":\"Article\",\"@id\":\"https:\\\/\\\/www.article-marketing.eu\\\/comunicatistampa\\\/grande-affluenza-al-vii-concorso-nazionale-di-musica-san-vigilio-in-canto\\\/#article\",\"isPartOf\":{\"@id\":\"https:\\\/\\\/www.article-marketing.eu\\\/comunicatistampa\\\/grande-affluenza-al-vii-concorso-nazionale-di-musica-san-vigilio-in-canto\\\/\"},\"author\":{\"name\":\"Uff Stampa\",\"@id\":\"https:\\\/\\\/www.article-marketing.eu\\\/comunicatistampa\\\/#\\\/schema\\\/person\\\/22d81e7c04e93611ddcda888b65438d8\"},\"headline\":\"Grande affluenza al VII Concorso Nazionale di Musica &#8220;San Vigilio In&#8230;Canto&#8221;\",\"datePublished\":\"2017-05-30T21:52:26+00:00\",\"dateModified\":\"2020-08-09T23:47:50+00:00\",\"mainEntityOfPage\":{\"@id\":\"https:\\\/\\\/www.article-marketing.eu\\\/comunicatistampa\\\/grande-affluenza-al-vii-concorso-nazionale-di-musica-san-vigilio-in-canto\\\/\"},\"wordCount\":433,\"commentCount\":0,\"keywords\":[\"Concorso\",\"Musica\",\"Placido Domingo Jr\",\"Poesia\"],\"articleSection\":[\"Arte e cultura\",\"Musica\"],\"inLanguage\":\"it-IT\",\"potentialAction\":[{\"@type\":\"CommentAction\",\"name\":\"Comment\",\"target\":[\"https:\\\/\\\/www.article-marketing.eu\\\/comunicatistampa\\\/grande-affluenza-al-vii-concorso-nazionale-di-musica-san-vigilio-in-canto\\\/#respond\"]}]},{\"@type\":\"WebPage\",\"@id\":\"https:\\\/\\\/www.article-marketing.eu\\\/comunicatistampa\\\/grande-affluenza-al-vii-concorso-nazionale-di-musica-san-vigilio-in-canto\\\/\",\"url\":\"https:\\\/\\\/www.article-marketing.eu\\\/comunicatistampa\\\/grande-affluenza-al-vii-concorso-nazionale-di-musica-san-vigilio-in-canto\\\/\",\"name\":\"Grande affluenza al VII Concorso Nazionale di Musica \\\"San Vigilio In...Canto\\\" - Article Marketing\",\"isPartOf\":{\"@id\":\"https:\\\/\\\/www.article-marketing.eu\\\/comunicatistampa\\\/#website\"},\"datePublished\":\"2017-05-30T21:52:26+00:00\",\"dateModified\":\"2020-08-09T23:47:50+00:00\",\"author\":{\"@id\":\"https:\\\/\\\/www.article-marketing.eu\\\/comunicatistampa\\\/#\\\/schema\\\/person\\\/22d81e7c04e93611ddcda888b65438d8\"},\"breadcrumb\":{\"@id\":\"https:\\\/\\\/www.article-marketing.eu\\\/comunicatistampa\\\/grande-affluenza-al-vii-concorso-nazionale-di-musica-san-vigilio-in-canto\\\/#breadcrumb\"},\"inLanguage\":\"it-IT\",\"potentialAction\":[{\"@type\":\"ReadAction\",\"target\":[\"https:\\\/\\\/www.article-marketing.eu\\\/comunicatistampa\\\/grande-affluenza-al-vii-concorso-nazionale-di-musica-san-vigilio-in-canto\\\/\"]}]},{\"@type\":\"BreadcrumbList\",\"@id\":\"https:\\\/\\\/www.article-marketing.eu\\\/comunicatistampa\\\/grande-affluenza-al-vii-concorso-nazionale-di-musica-san-vigilio-in-canto\\\/#breadcrumb\",\"itemListElement\":[{\"@type\":\"ListItem\",\"position\":1,\"name\":\"Home\",\"item\":\"https:\\\/\\\/www.article-marketing.eu\\\/comunicatistampa\\\/\"},{\"@type\":\"ListItem\",\"position\":2,\"name\":\"Grande affluenza al VII Concorso Nazionale di Musica &#8220;San Vigilio In&#8230;Canto&#8221;\"}]},{\"@type\":\"WebSite\",\"@id\":\"https:\\\/\\\/www.article-marketing.eu\\\/comunicatistampa\\\/#website\",\"url\":\"https:\\\/\\\/www.article-marketing.eu\\\/comunicatistampa\\\/\",\"name\":\"Article Marketing\",\"description\":\"article marketing &amp; press release\",\"potentialAction\":[{\"@type\":\"SearchAction\",\"target\":{\"@type\":\"EntryPoint\",\"urlTemplate\":\"https:\\\/\\\/www.article-marketing.eu\\\/comunicatistampa\\\/?s={search_term_string}\"},\"query-input\":{\"@type\":\"PropertyValueSpecification\",\"valueRequired\":true,\"valueName\":\"search_term_string\"}}],\"inLanguage\":\"it-IT\"},{\"@type\":\"Person\",\"@id\":\"https:\\\/\\\/www.article-marketing.eu\\\/comunicatistampa\\\/#\\\/schema\\\/person\\\/22d81e7c04e93611ddcda888b65438d8\",\"name\":\"Uff Stampa\",\"image\":{\"@type\":\"ImageObject\",\"inLanguage\":\"it-IT\",\"@id\":\"https:\\\/\\\/secure.gravatar.com\\\/avatar\\\/e3e9c5b947f539233b3f740c64e48242313649ff2a529b2191b5577aab6b4c57?s=96&d=mm&r=g\",\"url\":\"https:\\\/\\\/secure.gravatar.com\\\/avatar\\\/e3e9c5b947f539233b3f740c64e48242313649ff2a529b2191b5577aab6b4c57?s=96&d=mm&r=g\",\"contentUrl\":\"https:\\\/\\\/secure.gravatar.com\\\/avatar\\\/e3e9c5b947f539233b3f740c64e48242313649ff2a529b2191b5577aab6b4c57?s=96&d=mm&r=g\",\"caption\":\"Uff Stampa\"},\"url\":\"https:\\\/\\\/www.article-marketing.eu\\\/comunicatistampa\\\/author\\\/uff-stampa\\\/\"}]}<\/script>\n<!-- \/ Yoast SEO plugin. -->","yoast_head_json":{"title":"Grande affluenza al VII Concorso Nazionale di Musica \"San Vigilio In...Canto\" - Article Marketing","robots":{"index":"index","follow":"follow","max-snippet":"max-snippet:-1","max-image-preview":"max-image-preview:large","max-video-preview":"max-video-preview:-1"},"canonical":"https:\/\/www.article-marketing.eu\/comunicatistampa\/grande-affluenza-al-vii-concorso-nazionale-di-musica-san-vigilio-in-canto\/","og_locale":"it_IT","og_type":"article","og_title":"Grande affluenza al VII Concorso Nazionale di Musica \"San Vigilio In...Canto\" - Article Marketing","og_description":"Si \u00e8 concluso con grande successo il VII Concorso Nazionale di Musica \u201cSan Vigilio In\u2026Canto\u201d istituito dall\u2019Associazione Culturale \u201cSperimentiamo Arte Musica Teatro\u201d. Ospite speciale dell\u2019evento: Placido Domingo Jr che ha ricevuto il Premio Mousik\u00e8 Sperimentiamo 2017. Grande affluenza di pubblico per il VII Concorso Nazionale di Musica \u201cSan Vigilio In\u2026Canto\u201d appuntamento organizzato dall\u2019Associazione Culturale \u201cSperimentiamo Arte Musica Teatro\u201d volto a stimolare l\u2019interesse, la pratica e la diffusione della musica traContinue reading...","og_url":"https:\/\/www.article-marketing.eu\/comunicatistampa\/grande-affluenza-al-vii-concorso-nazionale-di-musica-san-vigilio-in-canto\/","og_site_name":"Article Marketing","article_published_time":"2017-05-30T21:52:26+00:00","article_modified_time":"2020-08-09T23:47:50+00:00","author":"Uff Stampa","twitter_card":"summary_large_image","twitter_misc":{"Scritto da":"Uff Stampa","Tempo di lettura stimato":"2 minuti"},"schema":{"@context":"https:\/\/schema.org","@graph":[{"@type":"Article","@id":"https:\/\/www.article-marketing.eu\/comunicatistampa\/grande-affluenza-al-vii-concorso-nazionale-di-musica-san-vigilio-in-canto\/#article","isPartOf":{"@id":"https:\/\/www.article-marketing.eu\/comunicatistampa\/grande-affluenza-al-vii-concorso-nazionale-di-musica-san-vigilio-in-canto\/"},"author":{"name":"Uff Stampa","@id":"https:\/\/www.article-marketing.eu\/comunicatistampa\/#\/schema\/person\/22d81e7c04e93611ddcda888b65438d8"},"headline":"Grande affluenza al VII Concorso Nazionale di Musica &#8220;San Vigilio In&#8230;Canto&#8221;","datePublished":"2017-05-30T21:52:26+00:00","dateModified":"2020-08-09T23:47:50+00:00","mainEntityOfPage":{"@id":"https:\/\/www.article-marketing.eu\/comunicatistampa\/grande-affluenza-al-vii-concorso-nazionale-di-musica-san-vigilio-in-canto\/"},"wordCount":433,"commentCount":0,"keywords":["Concorso","Musica","Placido Domingo Jr","Poesia"],"articleSection":["Arte e cultura","Musica"],"inLanguage":"it-IT","potentialAction":[{"@type":"CommentAction","name":"Comment","target":["https:\/\/www.article-marketing.eu\/comunicatistampa\/grande-affluenza-al-vii-concorso-nazionale-di-musica-san-vigilio-in-canto\/#respond"]}]},{"@type":"WebPage","@id":"https:\/\/www.article-marketing.eu\/comunicatistampa\/grande-affluenza-al-vii-concorso-nazionale-di-musica-san-vigilio-in-canto\/","url":"https:\/\/www.article-marketing.eu\/comunicatistampa\/grande-affluenza-al-vii-concorso-nazionale-di-musica-san-vigilio-in-canto\/","name":"Grande affluenza al VII Concorso Nazionale di Musica \"San Vigilio In...Canto\" - Article Marketing","isPartOf":{"@id":"https:\/\/www.article-marketing.eu\/comunicatistampa\/#website"},"datePublished":"2017-05-30T21:52:26+00:00","dateModified":"2020-08-09T23:47:50+00:00","author":{"@id":"https:\/\/www.article-marketing.eu\/comunicatistampa\/#\/schema\/person\/22d81e7c04e93611ddcda888b65438d8"},"breadcrumb":{"@id":"https:\/\/www.article-marketing.eu\/comunicatistampa\/grande-affluenza-al-vii-concorso-nazionale-di-musica-san-vigilio-in-canto\/#breadcrumb"},"inLanguage":"it-IT","potentialAction":[{"@type":"ReadAction","target":["https:\/\/www.article-marketing.eu\/comunicatistampa\/grande-affluenza-al-vii-concorso-nazionale-di-musica-san-vigilio-in-canto\/"]}]},{"@type":"BreadcrumbList","@id":"https:\/\/www.article-marketing.eu\/comunicatistampa\/grande-affluenza-al-vii-concorso-nazionale-di-musica-san-vigilio-in-canto\/#breadcrumb","itemListElement":[{"@type":"ListItem","position":1,"name":"Home","item":"https:\/\/www.article-marketing.eu\/comunicatistampa\/"},{"@type":"ListItem","position":2,"name":"Grande affluenza al VII Concorso Nazionale di Musica &#8220;San Vigilio In&#8230;Canto&#8221;"}]},{"@type":"WebSite","@id":"https:\/\/www.article-marketing.eu\/comunicatistampa\/#website","url":"https:\/\/www.article-marketing.eu\/comunicatistampa\/","name":"Article Marketing","description":"article marketing &amp; press release","potentialAction":[{"@type":"SearchAction","target":{"@type":"EntryPoint","urlTemplate":"https:\/\/www.article-marketing.eu\/comunicatistampa\/?s={search_term_string}"},"query-input":{"@type":"PropertyValueSpecification","valueRequired":true,"valueName":"search_term_string"}}],"inLanguage":"it-IT"},{"@type":"Person","@id":"https:\/\/www.article-marketing.eu\/comunicatistampa\/#\/schema\/person\/22d81e7c04e93611ddcda888b65438d8","name":"Uff Stampa","image":{"@type":"ImageObject","inLanguage":"it-IT","@id":"https:\/\/secure.gravatar.com\/avatar\/e3e9c5b947f539233b3f740c64e48242313649ff2a529b2191b5577aab6b4c57?s=96&d=mm&r=g","url":"https:\/\/secure.gravatar.com\/avatar\/e3e9c5b947f539233b3f740c64e48242313649ff2a529b2191b5577aab6b4c57?s=96&d=mm&r=g","contentUrl":"https:\/\/secure.gravatar.com\/avatar\/e3e9c5b947f539233b3f740c64e48242313649ff2a529b2191b5577aab6b4c57?s=96&d=mm&r=g","caption":"Uff Stampa"},"url":"https:\/\/www.article-marketing.eu\/comunicatistampa\/author\/uff-stampa\/"}]}},"_links":{"self":[{"href":"https:\/\/www.article-marketing.eu\/comunicatistampa\/wp-json\/wp\/v2\/posts\/2871","targetHints":{"allow":["GET"]}}],"collection":[{"href":"https:\/\/www.article-marketing.eu\/comunicatistampa\/wp-json\/wp\/v2\/posts"}],"about":[{"href":"https:\/\/www.article-marketing.eu\/comunicatistampa\/wp-json\/wp\/v2\/types\/post"}],"author":[{"embeddable":true,"href":"https:\/\/www.article-marketing.eu\/comunicatistampa\/wp-json\/wp\/v2\/users\/48"}],"replies":[{"embeddable":true,"href":"https:\/\/www.article-marketing.eu\/comunicatistampa\/wp-json\/wp\/v2\/comments?post=2871"}],"version-history":[{"count":3,"href":"https:\/\/www.article-marketing.eu\/comunicatistampa\/wp-json\/wp\/v2\/posts\/2871\/revisions"}],"predecessor-version":[{"id":2931,"href":"https:\/\/www.article-marketing.eu\/comunicatistampa\/wp-json\/wp\/v2\/posts\/2871\/revisions\/2931"}],"wp:attachment":[{"href":"https:\/\/www.article-marketing.eu\/comunicatistampa\/wp-json\/wp\/v2\/media?parent=2871"}],"wp:term":[{"taxonomy":"category","embeddable":true,"href":"https:\/\/www.article-marketing.eu\/comunicatistampa\/wp-json\/wp\/v2\/categories?post=2871"},{"taxonomy":"post_tag","embeddable":true,"href":"https:\/\/www.article-marketing.eu\/comunicatistampa\/wp-json\/wp\/v2\/tags?post=2871"}],"curies":[{"name":"wp","href":"https:\/\/api.w.org\/{rel}","templated":true}]}}