{"id":28711,"date":"2023-10-31T18:07:54","date_gmt":"2023-10-31T17:07:54","guid":{"rendered":"https:\/\/www.article-marketing.eu\/comunicatistampa\/?p=28711"},"modified":"2023-10-31T18:07:54","modified_gmt":"2023-10-31T17:07:54","slug":"energie-per-la-scuola-progetto-enel-che-inserisce-giovani-diplomandi-nel-mondo-del-lavoro-anche-all-i-p-santarella-de-lilla-di-bari-e-bitetto","status":"publish","type":"post","link":"https:\/\/www.article-marketing.eu\/comunicatistampa\/energie-per-la-scuola-progetto-enel-che-inserisce-giovani-diplomandi-nel-mondo-del-lavoro-anche-all-i-p-santarella-de-lilla-di-bari-e-bitetto\/","title":{"rendered":"\u2018ENERGIE PER LA SCUOLA\u2019, PROGETTO ENEL CHE INSERISCE GIOVANI DIPLOMANDI NEL MONDO DEL LAVORO ANCHE ALL\u2019 I.P. \u201cSANTARELLA-DE LILLA\u201d DI BARI E BITETTO"},"content":{"rendered":"<p>Diplomarsi e trovare immediatamente un lavoro qualificato: \u00e8 il sogno di ogni studente ed \u00e8 ci\u00f2 che intende realizzare <strong>Energie per la Scuola<\/strong>, il programma di formazione lanciato da Enel Procurement Italia per inserire giovani diplomandi nel mondo del lavoro nelle aziende partner del Gruppo elettrico. Il progetto ha coinvolto le classi dell\u2019<strong>indirizzo \u201cManutenzione e Assistenza Tecnica\u201d dell\u2019 I.P. \u201cSantarella-De Lilla\u201d\u00a0<\/strong>delle sedi di<strong> Bari<\/strong> e <strong>Bitetto<\/strong>.<\/p>\n<p>Il progetto <strong>\u201cEnergie per la Scuola\u201d<\/strong> promosso dal gruppo ENEL Italia, in collaborazione con l\u2019impresa\u00a0Omniawork s.r.l. e l\u2019ente di formazione\u00a0App-Energia s.r.l., consiste in un Percorso per le Competenze Trasversali e l\u2019Orientamento (PCTO) mirato alla acquisizione di conoscenze tecniche e allo sviluppo di profili professionali, e vede il supporto di Anpal Servizi, per quanto concerne l\u2019animazione territoriale degli attori del Mercato del Lavoro.<\/p>\n<p>L\u2019<strong>Open Day <\/strong>per la presentazione dell\u2019iniziativa si \u00e8 tenuto presso la sala Consiliare del Comune di Bitetto(BA) alla presenza del Sindaco, <strong>Fiorenza Pascazio<\/strong>, dell\u2019Assessore alle politiche educative del Comune di Bari, <strong>Paola Romano<\/strong>, dell\u2019Assessore alla pubblica istruzione del comune di Bitetto,<strong> Giulio De Benedittis<\/strong>, del responsabile Procurement Enel di \u201cEnergie per la Scuola\u201d <strong>Giuseppe Macr\u00ec<\/strong>, del dirigente scolastico dell\u2019Istituto <strong>\u201cSantarella-De Lilla\u201d\u00a0<\/strong>, <strong>Maria Anna Manicone<\/strong>, di studenti e rappresentanti delle imprese, dell\u2019agenzia per il lavoro e dell\u2019Istituto di Formazione, tutti coinvolti nel percorso.<\/p>\n<p>L\u2019elemento di <strong>grande innovazione <\/strong>di \u2018Energie per la Scuola\u2019 \u00e8 il fatto che i ragazzi avranno un vero e proprio colloquio propedeutico con le imprese, superato il quale gi\u00e0 a partire da gennaio 2024, in modo complementare e conciliabile con le lezioni dell\u2019anno scolastico di quinta, potranno intraprendere il <strong>corso base<\/strong> <strong>per il profilo di tecnico elettrico<\/strong> di 200 ore, 120 fruite durante l\u2019anno scolastico e 80 post diploma, finanziato dalle aziende coinvolte ed erogato da Istituti di Formazione certificati Accredia. Alla conclusione del percorso formativo i ragazzi inizieranno l\u2019attivit\u00e0 lavorativa nel settore delle energie rinnovabili.<\/p>\n<p>&nbsp;<\/p>\n<p>&#8220;Noi crediamo molto nei progetti che vedono integrazione tra impresa e territorio, scuola e istituzioni &#8211; ha affermato il sindaco di Bitetto Fiorenza Pascazio &#8211; Il progetto di Enel &#8220;energia per la scuola&#8221; riesce a far intraprendere ai giovani un percorso verso un tema fondamentale quale la transazione energetica. Questi percorsi formativi danno la possibilit\u00e0 ai ragazzi di inserirsi nel mondo del lavoro in un settore fondamentale per il loro futuro verso la Sostenibilita ambientale.&#8221;<\/p>\n<p>\u201c<em>Si tratta di un progetto fortemente innovativo e stimolante<\/em> \u2013 ha sottolineato Giuseppe Macr\u00ec\u2013 <em>perch\u00e9 non si limita a facilitare il rapporto tra mondo scolastico e lavorativo o a fare orientamento, ma crea un vero e proprio percorso personalizzato per lo studente che potr\u00e0 essere formato e, una volta diplomato, inserito immediatamente nel mondo del lavoro con grandi opportunit\u00e0 anche per le proprie prospettive professionali. Questa iniziativa nasce per andare incontro alla richiesta del settore energetico, fortemente dinamico, di nuove professionalit\u00e0 operative altamente specializzate, e per essere di supporto alle imprese dell\u2019indotto di Enel, consentendo loro di inserire personale giovane, motivato e competente indispensabile alle attivit\u00e0 aggiudicate da Enel, con benefici per l\u2019indotto locale e per il sistema Paese<\/em>\u201d.<\/p>\n<p>\u2018Energie per la Scuola\u2019 \u00e8 giunto al terzo anno e, dopo aver interessato l\u2019area delle reti elettriche, per la prima volta \u00e8 approdato nella filiera delle imprese Enel nell\u2019ambito della produzione di energia da fonti rinnovabili. Finora il progetto ha fatto registrare gi\u00e0 pi\u00f9 di <strong>550 studenti assunti o in via di assunzione<\/strong> in 26 aziende, coinvolgendo 65 scuole in tutta Italia. Questo percorso genera benefici per l\u2019intero <strong>ecosistema del territorio <\/strong>portando benessere economico e sociale per le comunit\u00e0 locali<strong>, <\/strong>attraverso una partnership che interessa tutto l\u2019indotto che opera per la realizzazione e la manutenzione delle infrastrutture elettriche, digitali nonch\u00e9 di produzione di energia da fonti rinnovabili per la transizione energetica. Gli Open Day degli istituti proseguiranno fino a dicembre con 85 tappe in tutta Italia.<\/p>\n","protected":false},"excerpt":{"rendered":"<p>Diplomarsi e trovare immediatamente un lavoro qualificato: \u00e8 il sogno di ogni studente ed \u00e8 ci\u00f2 che intende realizzare Energie per la Scuola, il programma di formazione lanciato da Enel Procurement Italia per inserire giovani diplomandi nel mondo del lavoro nelle aziende partner del Gruppo elettrico. Il progetto ha coinvolto le classi dell\u2019indirizzo \u201cManutenzione e Assistenza Tecnica\u201d dell\u2019 I.P. \u201cSantarella-De Lilla\u201d\u00a0delle sedi di Bari e Bitetto. Il progetto \u201cEnergie per<\/p>\n<p><a class=\"continue-reading\" href=\"https:\/\/www.article-marketing.eu\/comunicatistampa\/energie-per-la-scuola-progetto-enel-che-inserisce-giovani-diplomandi-nel-mondo-del-lavoro-anche-all-i-p-santarella-de-lilla-di-bari-e-bitetto\/\">Continue reading&#8230;<\/a><\/p>\n","protected":false},"author":6817,"featured_media":0,"comment_status":"open","ping_status":"open","sticky":false,"template":"","format":"standard","meta":{"_monsterinsights_skip_tracking":false,"_monsterinsights_sitenote_active":false,"_monsterinsights_sitenote_note":"","_monsterinsights_sitenote_category":0,"footnotes":""},"categories":[78],"tags":[],"class_list":["post-28711","post","type-post","status-publish","format-standard","hentry","category-comunicati-stampa"],"yoast_head":"<!-- This site is optimized with the Yoast SEO plugin v27.3 - https:\/\/yoast.com\/product\/yoast-seo-wordpress\/ -->\n<title>\u2018ENERGIE PER LA SCUOLA\u2019, PROGETTO ENEL CHE INSERISCE GIOVANI DIPLOMANDI NEL MONDO DEL LAVORO ANCHE ALL\u2019 I.P. \u201cSANTARELLA-DE LILLA\u201d DI BARI E BITETTO<\/title>\n<meta name=\"robots\" content=\"index, follow, max-snippet:-1, max-image-preview:large, max-video-preview:-1\" \/>\n<link rel=\"canonical\" href=\"https:\/\/www.article-marketing.eu\/comunicatistampa\/energie-per-la-scuola-progetto-enel-che-inserisce-giovani-diplomandi-nel-mondo-del-lavoro-anche-all-i-p-santarella-de-lilla-di-bari-e-bitetto\/\" \/>\n<meta property=\"og:locale\" content=\"it_IT\" \/>\n<meta property=\"og:type\" content=\"article\" \/>\n<meta property=\"og:title\" content=\"\u2018ENERGIE PER LA SCUOLA\u2019, PROGETTO ENEL CHE INSERISCE GIOVANI DIPLOMANDI NEL MONDO DEL LAVORO ANCHE ALL\u2019 I.P. \u201cSANTARELLA-DE LILLA\u201d DI BARI E BITETTO\" \/>\n<meta property=\"og:description\" content=\"Diplomarsi e trovare immediatamente un lavoro qualificato: \u00e8 il sogno di ogni studente ed \u00e8 ci\u00f2 che intende realizzare Energie per la Scuola, il programma di formazione lanciato da Enel Procurement Italia per inserire giovani diplomandi nel mondo del lavoro nelle aziende partner del Gruppo elettrico. Il progetto ha coinvolto le classi dell\u2019indirizzo \u201cManutenzione e Assistenza Tecnica\u201d dell\u2019 I.P. \u201cSantarella-De Lilla\u201d\u00a0delle sedi di Bari e Bitetto. Il progetto \u201cEnergie perContinue reading...\" \/>\n<meta property=\"og:url\" content=\"https:\/\/www.article-marketing.eu\/comunicatistampa\/energie-per-la-scuola-progetto-enel-che-inserisce-giovani-diplomandi-nel-mondo-del-lavoro-anche-all-i-p-santarella-de-lilla-di-bari-e-bitetto\/\" \/>\n<meta property=\"og:site_name\" content=\"Article Marketing\" \/>\n<meta property=\"article:published_time\" content=\"2023-10-31T17:07:54+00:00\" \/>\n<meta name=\"author\" content=\"Livulpi\" \/>\n<meta name=\"twitter:card\" content=\"summary_large_image\" \/>\n<meta name=\"twitter:label1\" content=\"Scritto da\" \/>\n\t<meta name=\"twitter:data1\" content=\"Livulpi\" \/>\n\t<meta name=\"twitter:label2\" content=\"Tempo di lettura stimato\" \/>\n\t<meta name=\"twitter:data2\" content=\"4 minuti\" \/>\n<script type=\"application\/ld+json\" class=\"yoast-schema-graph\">{\"@context\":\"https:\\\/\\\/schema.org\",\"@graph\":[{\"@type\":\"Article\",\"@id\":\"https:\\\/\\\/www.article-marketing.eu\\\/comunicatistampa\\\/energie-per-la-scuola-progetto-enel-che-inserisce-giovani-diplomandi-nel-mondo-del-lavoro-anche-all-i-p-santarella-de-lilla-di-bari-e-bitetto\\\/#article\",\"isPartOf\":{\"@id\":\"https:\\\/\\\/www.article-marketing.eu\\\/comunicatistampa\\\/energie-per-la-scuola-progetto-enel-che-inserisce-giovani-diplomandi-nel-mondo-del-lavoro-anche-all-i-p-santarella-de-lilla-di-bari-e-bitetto\\\/\"},\"author\":{\"name\":\"Livulpi\",\"@id\":\"https:\\\/\\\/www.article-marketing.eu\\\/comunicatistampa\\\/#\\\/schema\\\/person\\\/27669d2496076e3b463a92d64aabb585\"},\"headline\":\"\u2018ENERGIE PER LA SCUOLA\u2019, PROGETTO ENEL CHE INSERISCE GIOVANI DIPLOMANDI NEL MONDO DEL LAVORO ANCHE ALL\u2019 I.P. \u201cSANTARELLA-DE LILLA\u201d DI BARI E BITETTO\",\"datePublished\":\"2023-10-31T17:07:54+00:00\",\"mainEntityOfPage\":{\"@id\":\"https:\\\/\\\/www.article-marketing.eu\\\/comunicatistampa\\\/energie-per-la-scuola-progetto-enel-che-inserisce-giovani-diplomandi-nel-mondo-del-lavoro-anche-all-i-p-santarella-de-lilla-di-bari-e-bitetto\\\/\"},\"wordCount\":667,\"commentCount\":0,\"articleSection\":[\"Comunicati stampa\"],\"inLanguage\":\"it-IT\",\"potentialAction\":[{\"@type\":\"CommentAction\",\"name\":\"Comment\",\"target\":[\"https:\\\/\\\/www.article-marketing.eu\\\/comunicatistampa\\\/energie-per-la-scuola-progetto-enel-che-inserisce-giovani-diplomandi-nel-mondo-del-lavoro-anche-all-i-p-santarella-de-lilla-di-bari-e-bitetto\\\/#respond\"]}]},{\"@type\":\"WebPage\",\"@id\":\"https:\\\/\\\/www.article-marketing.eu\\\/comunicatistampa\\\/energie-per-la-scuola-progetto-enel-che-inserisce-giovani-diplomandi-nel-mondo-del-lavoro-anche-all-i-p-santarella-de-lilla-di-bari-e-bitetto\\\/\",\"url\":\"https:\\\/\\\/www.article-marketing.eu\\\/comunicatistampa\\\/energie-per-la-scuola-progetto-enel-che-inserisce-giovani-diplomandi-nel-mondo-del-lavoro-anche-all-i-p-santarella-de-lilla-di-bari-e-bitetto\\\/\",\"name\":\"\u2018ENERGIE PER LA SCUOLA\u2019, PROGETTO ENEL CHE INSERISCE GIOVANI DIPLOMANDI NEL MONDO DEL LAVORO ANCHE ALL\u2019 I.P. \u201cSANTARELLA-DE LILLA\u201d DI BARI E BITETTO\",\"isPartOf\":{\"@id\":\"https:\\\/\\\/www.article-marketing.eu\\\/comunicatistampa\\\/#website\"},\"datePublished\":\"2023-10-31T17:07:54+00:00\",\"author\":{\"@id\":\"https:\\\/\\\/www.article-marketing.eu\\\/comunicatistampa\\\/#\\\/schema\\\/person\\\/27669d2496076e3b463a92d64aabb585\"},\"breadcrumb\":{\"@id\":\"https:\\\/\\\/www.article-marketing.eu\\\/comunicatistampa\\\/energie-per-la-scuola-progetto-enel-che-inserisce-giovani-diplomandi-nel-mondo-del-lavoro-anche-all-i-p-santarella-de-lilla-di-bari-e-bitetto\\\/#breadcrumb\"},\"inLanguage\":\"it-IT\",\"potentialAction\":[{\"@type\":\"ReadAction\",\"target\":[\"https:\\\/\\\/www.article-marketing.eu\\\/comunicatistampa\\\/energie-per-la-scuola-progetto-enel-che-inserisce-giovani-diplomandi-nel-mondo-del-lavoro-anche-all-i-p-santarella-de-lilla-di-bari-e-bitetto\\\/\"]}]},{\"@type\":\"BreadcrumbList\",\"@id\":\"https:\\\/\\\/www.article-marketing.eu\\\/comunicatistampa\\\/energie-per-la-scuola-progetto-enel-che-inserisce-giovani-diplomandi-nel-mondo-del-lavoro-anche-all-i-p-santarella-de-lilla-di-bari-e-bitetto\\\/#breadcrumb\",\"itemListElement\":[{\"@type\":\"ListItem\",\"position\":1,\"name\":\"Home\",\"item\":\"https:\\\/\\\/www.article-marketing.eu\\\/comunicatistampa\\\/\"},{\"@type\":\"ListItem\",\"position\":2,\"name\":\"\u2018ENERGIE PER LA SCUOLA\u2019, PROGETTO ENEL CHE INSERISCE GIOVANI DIPLOMANDI NEL MONDO DEL LAVORO ANCHE ALL\u2019 I.P. \u201cSANTARELLA-DE LILLA\u201d DI BARI E BITETTO\"}]},{\"@type\":\"WebSite\",\"@id\":\"https:\\\/\\\/www.article-marketing.eu\\\/comunicatistampa\\\/#website\",\"url\":\"https:\\\/\\\/www.article-marketing.eu\\\/comunicatistampa\\\/\",\"name\":\"Article Marketing\",\"description\":\"article marketing &amp; press release\",\"potentialAction\":[{\"@type\":\"SearchAction\",\"target\":{\"@type\":\"EntryPoint\",\"urlTemplate\":\"https:\\\/\\\/www.article-marketing.eu\\\/comunicatistampa\\\/?s={search_term_string}\"},\"query-input\":{\"@type\":\"PropertyValueSpecification\",\"valueRequired\":true,\"valueName\":\"search_term_string\"}}],\"inLanguage\":\"it-IT\"},{\"@type\":\"Person\",\"@id\":\"https:\\\/\\\/www.article-marketing.eu\\\/comunicatistampa\\\/#\\\/schema\\\/person\\\/27669d2496076e3b463a92d64aabb585\",\"name\":\"Livulpi\",\"image\":{\"@type\":\"ImageObject\",\"inLanguage\":\"it-IT\",\"@id\":\"https:\\\/\\\/secure.gravatar.com\\\/avatar\\\/4a1d52b1814efcbc278379b479ede44cb4992c3d6246f4a7ad202a07b1da88cb?s=96&d=mm&r=g\",\"url\":\"https:\\\/\\\/secure.gravatar.com\\\/avatar\\\/4a1d52b1814efcbc278379b479ede44cb4992c3d6246f4a7ad202a07b1da88cb?s=96&d=mm&r=g\",\"contentUrl\":\"https:\\\/\\\/secure.gravatar.com\\\/avatar\\\/4a1d52b1814efcbc278379b479ede44cb4992c3d6246f4a7ad202a07b1da88cb?s=96&d=mm&r=g\",\"caption\":\"Livulpi\"},\"url\":\"https:\\\/\\\/www.article-marketing.eu\\\/comunicatistampa\\\/author\\\/livulpi\\\/\"}]}<\/script>\n<!-- \/ Yoast SEO plugin. -->","yoast_head_json":{"title":"\u2018ENERGIE PER LA SCUOLA\u2019, PROGETTO ENEL CHE INSERISCE GIOVANI DIPLOMANDI NEL MONDO DEL LAVORO ANCHE ALL\u2019 I.P. \u201cSANTARELLA-DE LILLA\u201d DI BARI E BITETTO","robots":{"index":"index","follow":"follow","max-snippet":"max-snippet:-1","max-image-preview":"max-image-preview:large","max-video-preview":"max-video-preview:-1"},"canonical":"https:\/\/www.article-marketing.eu\/comunicatistampa\/energie-per-la-scuola-progetto-enel-che-inserisce-giovani-diplomandi-nel-mondo-del-lavoro-anche-all-i-p-santarella-de-lilla-di-bari-e-bitetto\/","og_locale":"it_IT","og_type":"article","og_title":"\u2018ENERGIE PER LA SCUOLA\u2019, PROGETTO ENEL CHE INSERISCE GIOVANI DIPLOMANDI NEL MONDO DEL LAVORO ANCHE ALL\u2019 I.P. \u201cSANTARELLA-DE LILLA\u201d DI BARI E BITETTO","og_description":"Diplomarsi e trovare immediatamente un lavoro qualificato: \u00e8 il sogno di ogni studente ed \u00e8 ci\u00f2 che intende realizzare Energie per la Scuola, il programma di formazione lanciato da Enel Procurement Italia per inserire giovani diplomandi nel mondo del lavoro nelle aziende partner del Gruppo elettrico. Il progetto ha coinvolto le classi dell\u2019indirizzo \u201cManutenzione e Assistenza Tecnica\u201d dell\u2019 I.P. \u201cSantarella-De Lilla\u201d\u00a0delle sedi di Bari e Bitetto. Il progetto \u201cEnergie perContinue reading...","og_url":"https:\/\/www.article-marketing.eu\/comunicatistampa\/energie-per-la-scuola-progetto-enel-che-inserisce-giovani-diplomandi-nel-mondo-del-lavoro-anche-all-i-p-santarella-de-lilla-di-bari-e-bitetto\/","og_site_name":"Article Marketing","article_published_time":"2023-10-31T17:07:54+00:00","author":"Livulpi","twitter_card":"summary_large_image","twitter_misc":{"Scritto da":"Livulpi","Tempo di lettura stimato":"4 minuti"},"schema":{"@context":"https:\/\/schema.org","@graph":[{"@type":"Article","@id":"https:\/\/www.article-marketing.eu\/comunicatistampa\/energie-per-la-scuola-progetto-enel-che-inserisce-giovani-diplomandi-nel-mondo-del-lavoro-anche-all-i-p-santarella-de-lilla-di-bari-e-bitetto\/#article","isPartOf":{"@id":"https:\/\/www.article-marketing.eu\/comunicatistampa\/energie-per-la-scuola-progetto-enel-che-inserisce-giovani-diplomandi-nel-mondo-del-lavoro-anche-all-i-p-santarella-de-lilla-di-bari-e-bitetto\/"},"author":{"name":"Livulpi","@id":"https:\/\/www.article-marketing.eu\/comunicatistampa\/#\/schema\/person\/27669d2496076e3b463a92d64aabb585"},"headline":"\u2018ENERGIE PER LA SCUOLA\u2019, PROGETTO ENEL CHE INSERISCE GIOVANI DIPLOMANDI NEL MONDO DEL LAVORO ANCHE ALL\u2019 I.P. \u201cSANTARELLA-DE LILLA\u201d DI BARI E BITETTO","datePublished":"2023-10-31T17:07:54+00:00","mainEntityOfPage":{"@id":"https:\/\/www.article-marketing.eu\/comunicatistampa\/energie-per-la-scuola-progetto-enel-che-inserisce-giovani-diplomandi-nel-mondo-del-lavoro-anche-all-i-p-santarella-de-lilla-di-bari-e-bitetto\/"},"wordCount":667,"commentCount":0,"articleSection":["Comunicati stampa"],"inLanguage":"it-IT","potentialAction":[{"@type":"CommentAction","name":"Comment","target":["https:\/\/www.article-marketing.eu\/comunicatistampa\/energie-per-la-scuola-progetto-enel-che-inserisce-giovani-diplomandi-nel-mondo-del-lavoro-anche-all-i-p-santarella-de-lilla-di-bari-e-bitetto\/#respond"]}]},{"@type":"WebPage","@id":"https:\/\/www.article-marketing.eu\/comunicatistampa\/energie-per-la-scuola-progetto-enel-che-inserisce-giovani-diplomandi-nel-mondo-del-lavoro-anche-all-i-p-santarella-de-lilla-di-bari-e-bitetto\/","url":"https:\/\/www.article-marketing.eu\/comunicatistampa\/energie-per-la-scuola-progetto-enel-che-inserisce-giovani-diplomandi-nel-mondo-del-lavoro-anche-all-i-p-santarella-de-lilla-di-bari-e-bitetto\/","name":"\u2018ENERGIE PER LA SCUOLA\u2019, PROGETTO ENEL CHE INSERISCE GIOVANI DIPLOMANDI NEL MONDO DEL LAVORO ANCHE ALL\u2019 I.P. \u201cSANTARELLA-DE LILLA\u201d DI BARI E BITETTO","isPartOf":{"@id":"https:\/\/www.article-marketing.eu\/comunicatistampa\/#website"},"datePublished":"2023-10-31T17:07:54+00:00","author":{"@id":"https:\/\/www.article-marketing.eu\/comunicatistampa\/#\/schema\/person\/27669d2496076e3b463a92d64aabb585"},"breadcrumb":{"@id":"https:\/\/www.article-marketing.eu\/comunicatistampa\/energie-per-la-scuola-progetto-enel-che-inserisce-giovani-diplomandi-nel-mondo-del-lavoro-anche-all-i-p-santarella-de-lilla-di-bari-e-bitetto\/#breadcrumb"},"inLanguage":"it-IT","potentialAction":[{"@type":"ReadAction","target":["https:\/\/www.article-marketing.eu\/comunicatistampa\/energie-per-la-scuola-progetto-enel-che-inserisce-giovani-diplomandi-nel-mondo-del-lavoro-anche-all-i-p-santarella-de-lilla-di-bari-e-bitetto\/"]}]},{"@type":"BreadcrumbList","@id":"https:\/\/www.article-marketing.eu\/comunicatistampa\/energie-per-la-scuola-progetto-enel-che-inserisce-giovani-diplomandi-nel-mondo-del-lavoro-anche-all-i-p-santarella-de-lilla-di-bari-e-bitetto\/#breadcrumb","itemListElement":[{"@type":"ListItem","position":1,"name":"Home","item":"https:\/\/www.article-marketing.eu\/comunicatistampa\/"},{"@type":"ListItem","position":2,"name":"\u2018ENERGIE PER LA SCUOLA\u2019, PROGETTO ENEL CHE INSERISCE GIOVANI DIPLOMANDI NEL MONDO DEL LAVORO ANCHE ALL\u2019 I.P. \u201cSANTARELLA-DE LILLA\u201d DI BARI E BITETTO"}]},{"@type":"WebSite","@id":"https:\/\/www.article-marketing.eu\/comunicatistampa\/#website","url":"https:\/\/www.article-marketing.eu\/comunicatistampa\/","name":"Article Marketing","description":"article marketing &amp; press release","potentialAction":[{"@type":"SearchAction","target":{"@type":"EntryPoint","urlTemplate":"https:\/\/www.article-marketing.eu\/comunicatistampa\/?s={search_term_string}"},"query-input":{"@type":"PropertyValueSpecification","valueRequired":true,"valueName":"search_term_string"}}],"inLanguage":"it-IT"},{"@type":"Person","@id":"https:\/\/www.article-marketing.eu\/comunicatistampa\/#\/schema\/person\/27669d2496076e3b463a92d64aabb585","name":"Livulpi","image":{"@type":"ImageObject","inLanguage":"it-IT","@id":"https:\/\/secure.gravatar.com\/avatar\/4a1d52b1814efcbc278379b479ede44cb4992c3d6246f4a7ad202a07b1da88cb?s=96&d=mm&r=g","url":"https:\/\/secure.gravatar.com\/avatar\/4a1d52b1814efcbc278379b479ede44cb4992c3d6246f4a7ad202a07b1da88cb?s=96&d=mm&r=g","contentUrl":"https:\/\/secure.gravatar.com\/avatar\/4a1d52b1814efcbc278379b479ede44cb4992c3d6246f4a7ad202a07b1da88cb?s=96&d=mm&r=g","caption":"Livulpi"},"url":"https:\/\/www.article-marketing.eu\/comunicatistampa\/author\/livulpi\/"}]}},"_links":{"self":[{"href":"https:\/\/www.article-marketing.eu\/comunicatistampa\/wp-json\/wp\/v2\/posts\/28711","targetHints":{"allow":["GET"]}}],"collection":[{"href":"https:\/\/www.article-marketing.eu\/comunicatistampa\/wp-json\/wp\/v2\/posts"}],"about":[{"href":"https:\/\/www.article-marketing.eu\/comunicatistampa\/wp-json\/wp\/v2\/types\/post"}],"author":[{"embeddable":true,"href":"https:\/\/www.article-marketing.eu\/comunicatistampa\/wp-json\/wp\/v2\/users\/6817"}],"replies":[{"embeddable":true,"href":"https:\/\/www.article-marketing.eu\/comunicatistampa\/wp-json\/wp\/v2\/comments?post=28711"}],"version-history":[{"count":2,"href":"https:\/\/www.article-marketing.eu\/comunicatistampa\/wp-json\/wp\/v2\/posts\/28711\/revisions"}],"predecessor-version":[{"id":28819,"href":"https:\/\/www.article-marketing.eu\/comunicatistampa\/wp-json\/wp\/v2\/posts\/28711\/revisions\/28819"}],"wp:attachment":[{"href":"https:\/\/www.article-marketing.eu\/comunicatistampa\/wp-json\/wp\/v2\/media?parent=28711"}],"wp:term":[{"taxonomy":"category","embeddable":true,"href":"https:\/\/www.article-marketing.eu\/comunicatistampa\/wp-json\/wp\/v2\/categories?post=28711"},{"taxonomy":"post_tag","embeddable":true,"href":"https:\/\/www.article-marketing.eu\/comunicatistampa\/wp-json\/wp\/v2\/tags?post=28711"}],"curies":[{"name":"wp","href":"https:\/\/api.w.org\/{rel}","templated":true}]}}