{"id":28732,"date":"2023-11-16T13:48:57","date_gmt":"2023-11-16T12:48:57","guid":{"rendered":"https:\/\/www.article-marketing.eu\/comunicatistampa\/?p=28732"},"modified":"2023-11-16T13:48:57","modified_gmt":"2023-11-16T12:48:57","slug":"paolo-gallo-italgas-dopo-la-guerra-in-ucraina-guardiamo-alla-decarbonizzazione-con-occhio-pragmatico","status":"publish","type":"post","link":"https:\/\/www.article-marketing.eu\/comunicatistampa\/paolo-gallo-italgas-dopo-la-guerra-in-ucraina-guardiamo-alla-decarbonizzazione-con-occhio-pragmatico\/","title":{"rendered":"Paolo Gallo (Italgas): \u201cDopo la guerra in Ucraina guardiamo alla decarbonizzazione con occhio pragmatico\u201d"},"content":{"rendered":"<p><em><strong>Puntando alla decarbonizzazione in un senso pragmatico e non-ideologico, \u201criusciremo a centrare anche un costo d&#8217;energia che renda e mantenga la nostra industria competitiva e che ai consumatori finali non faccia pagare un prezzo di energia particolarmente elevato\u201d: lo ha sottolineato l\u2019AD di Italgas <a title=\"L'AD Paolo Gallo intervistato dal &quot;Giornale d'Italia&quot;\" href=\"https:\/\/www.ilgiornaleditalia.it\/video\/mondo-imprese\/533175\/gallo-italgas-riempimento-stock-energetico-mai-stato-cosi-alto-questo-inverno-sara-molto-piu-tranquillo.html\">Paolo Gallo<\/a>.<\/strong><\/em><\/p>\n<p><strong><a title=\"Il &quot;Giornale d'Italia&quot; intervista Paolo Gallo\" href=\"https:\/\/www.ilgiornaleditalia.it\/video\/mondo-imprese\/533175\/gallo-italgas-riempimento-stock-energetico-mai-stato-cosi-alto-questo-inverno-sara-molto-piu-tranquillo.html\"><img loading=\"lazy\" decoding=\"async\" src=\"https:\/\/h2biz.net\/images\/Plats\/crop_min_20210902155441.jpg\" alt=\"Paolo Gallo\" width=\"150\" height=\"150\" \/><\/a><\/strong><\/p>\n<h2>Paolo Gallo: \u201c<em>Nessuna crisi del gas, ci aspetta un inverno sereno<\/em>\u201d<\/h2>\n<p>Non dobbiamo pi\u00f9 temere un inverno di scarsit\u00e0 di gas come l\u2019anno scorso: lo ha assicurato <strong><a title=\"Italgas: intervista all'AD Paolo Gallo\" href=\"https:\/\/www.ilgiornaleditalia.it\/video\/mondo-imprese\/533175\/gallo-italgas-riempimento-stock-energetico-mai-stato-cosi-alto-questo-inverno-sara-molto-piu-tranquillo.html\">Paolo Gallo<\/a><\/strong>, AD di Italgas, evidenziando come le riserve energetiche siano ai massimi storici. \u201c<em>Se guardiamo alla storia italiana, non credo che da quando utilizziamo gli stockage siamo mai arrivati a questo livello<\/em>\u201d, ha affermato, aggiungendo: \u201c<em>Lo scorso inverno ha dimostrato che siamo riusciti a superarlo con una situazione molto pi\u00f9 difficile. Questo inverno dovrebbe essere molto pi\u00f9 tranquillo<\/em>\u201d. Italgas ha lavorato costantemente in questa direzione, operando una diversificazione delle fonti energetiche e puntando all\u2019efficientamento dell\u2019utilizzo dell\u2019energia. Ma bench\u00e9 il peggio sia alle spalle, una delle conseguenze della guerra in Ucraina, secondo <strong>Paolo Gallo<\/strong>, \u00e8 stata quella di \u201c<em>aprirci gli occhi<\/em>\u201d sull\u2019importanza di avere un approvvigionamento di energia sicuro e affidabile.<\/p>\n<h2>Perch\u00e9 la decarbonizzazione \u00e8 un obiettivo strategico: l\u2019analisi di Paolo Gallo<\/h2>\n<p><strong>Paolo Gallo<\/strong> ha evidenziato come l\u2019improvvisa scarsit\u00e0 di gas abbia determinato una forte presa di consapevolezza da parte della societ\u00e0 verso l\u2019importanza dell\u2019energia, e soprattutto della rilevanza strategica della sua disponibilit\u00e0 per l\u2019economia e l\u2019industria. \u201c<em>Negli ultimi 12-18 mesi ci siamo incamminati sulla strada giusta perch\u00e9, ahim\u00e8, quello che \u00e8 successo con l&#8217;invasione dell&#8217;Ucraina da parte della Russia ci ha aperto gli occhi, nel senso che ci ha fatto capire quanto sono importanti la sicurezza di approvvigionamento e il costo e quindi stiamo guardando il processo di decarbonizzazione, come dicevo prima, in maniera pi\u00f9 pragmatica<\/em>\u201d. L\u2019anno scorso, lo stato di emergenza ha reso possibile implementare modifiche importanti nella direzione dell\u2019efficienza energetica, ma \u00e8 fondamentale che queste riforme non vengano annullate con l\u2019indebolirsi della crisi. In ogni caso, utilizzando \u201c<em>ogni leva possibile<\/em>\u201d, <strong>Paolo Gallo<\/strong> ritiene realistico l\u2019obiettivo del <em>net zero<\/em> entro il 2050.<\/p>\n","protected":false},"excerpt":{"rendered":"<p>Puntando alla decarbonizzazione in un senso pragmatico e non-ideologico, \u201criusciremo a centrare anche un costo d&#8217;energia che renda e mantenga la nostra industria competitiva e che ai consumatori finali non faccia pagare un prezzo di energia particolarmente elevato\u201d: lo ha sottolineato l\u2019AD di Italgas Paolo Gallo. Paolo Gallo: \u201cNessuna crisi del gas, ci aspetta un inverno sereno\u201d Non dobbiamo pi\u00f9 temere un inverno di scarsit\u00e0 di gas come l\u2019anno scorso:<\/p>\n<p><a class=\"continue-reading\" href=\"https:\/\/www.article-marketing.eu\/comunicatistampa\/paolo-gallo-italgas-dopo-la-guerra-in-ucraina-guardiamo-alla-decarbonizzazione-con-occhio-pragmatico\/\">Continue reading&#8230;<\/a><\/p>\n","protected":false},"author":6477,"featured_media":0,"comment_status":"open","ping_status":"open","sticky":false,"template":"","format":"standard","meta":{"_monsterinsights_skip_tracking":false,"_monsterinsights_sitenote_active":false,"_monsterinsights_sitenote_note":"","_monsterinsights_sitenote_category":0,"footnotes":""},"categories":[386],"tags":[10000],"class_list":["post-28732","post","type-post","status-publish","format-standard","hentry","category-economia-e-lavoro","tag-paolo-gallo"],"yoast_head":"<!-- This site is optimized with the Yoast SEO plugin v27.3 - https:\/\/yoast.com\/product\/yoast-seo-wordpress\/ -->\n<title>Paolo Gallo (Italgas): \u201cDopo la guerra in Ucraina guardiamo alla decarbonizzazione con occhio pragmatico\u201d<\/title>\n<meta name=\"robots\" content=\"index, follow, max-snippet:-1, max-image-preview:large, max-video-preview:-1\" \/>\n<link rel=\"canonical\" href=\"https:\/\/www.article-marketing.eu\/comunicatistampa\/paolo-gallo-italgas-dopo-la-guerra-in-ucraina-guardiamo-alla-decarbonizzazione-con-occhio-pragmatico\/\" \/>\n<meta property=\"og:locale\" content=\"it_IT\" \/>\n<meta property=\"og:type\" content=\"article\" \/>\n<meta property=\"og:title\" content=\"Paolo Gallo (Italgas): \u201cDopo la guerra in Ucraina guardiamo alla decarbonizzazione con occhio pragmatico\u201d\" \/>\n<meta property=\"og:description\" content=\"Puntando alla decarbonizzazione in un senso pragmatico e non-ideologico, \u201criusciremo a centrare anche un costo d&#8217;energia che renda e mantenga la nostra industria competitiva e che ai consumatori finali non faccia pagare un prezzo di energia particolarmente elevato\u201d: lo ha sottolineato l\u2019AD di Italgas Paolo Gallo. Paolo Gallo: \u201cNessuna crisi del gas, ci aspetta un inverno sereno\u201d Non dobbiamo pi\u00f9 temere un inverno di scarsit\u00e0 di gas come l\u2019anno scorso:Continue reading...\" \/>\n<meta property=\"og:url\" content=\"https:\/\/www.article-marketing.eu\/comunicatistampa\/paolo-gallo-italgas-dopo-la-guerra-in-ucraina-guardiamo-alla-decarbonizzazione-con-occhio-pragmatico\/\" \/>\n<meta property=\"og:site_name\" content=\"Article Marketing\" \/>\n<meta property=\"article:published_time\" content=\"2023-11-16T12:48:57+00:00\" \/>\n<meta property=\"og:image\" content=\"https:\/\/h2biz.net\/images\/Plats\/crop_min_20210902155441.jpg\" \/>\n<meta name=\"author\" content=\"articolinews\" \/>\n<meta name=\"twitter:card\" content=\"summary_large_image\" \/>\n<meta name=\"twitter:label1\" content=\"Scritto da\" \/>\n\t<meta name=\"twitter:data1\" content=\"articolinews\" \/>\n\t<meta name=\"twitter:label2\" content=\"Tempo di lettura stimato\" \/>\n\t<meta name=\"twitter:data2\" content=\"2 minuti\" \/>\n<script type=\"application\/ld+json\" class=\"yoast-schema-graph\">{\"@context\":\"https:\\\/\\\/schema.org\",\"@graph\":[{\"@type\":\"Article\",\"@id\":\"https:\\\/\\\/www.article-marketing.eu\\\/comunicatistampa\\\/paolo-gallo-italgas-dopo-la-guerra-in-ucraina-guardiamo-alla-decarbonizzazione-con-occhio-pragmatico\\\/#article\",\"isPartOf\":{\"@id\":\"https:\\\/\\\/www.article-marketing.eu\\\/comunicatistampa\\\/paolo-gallo-italgas-dopo-la-guerra-in-ucraina-guardiamo-alla-decarbonizzazione-con-occhio-pragmatico\\\/\"},\"author\":{\"name\":\"articolinews\",\"@id\":\"https:\\\/\\\/www.article-marketing.eu\\\/comunicatistampa\\\/#\\\/schema\\\/person\\\/2fcaf8f8f3a9eef9eb7f27532d3ca458\"},\"headline\":\"Paolo Gallo (Italgas): \u201cDopo la guerra in Ucraina guardiamo alla decarbonizzazione con occhio pragmatico\u201d\",\"datePublished\":\"2023-11-16T12:48:57+00:00\",\"mainEntityOfPage\":{\"@id\":\"https:\\\/\\\/www.article-marketing.eu\\\/comunicatistampa\\\/paolo-gallo-italgas-dopo-la-guerra-in-ucraina-guardiamo-alla-decarbonizzazione-con-occhio-pragmatico\\\/\"},\"wordCount\":362,\"commentCount\":0,\"image\":{\"@id\":\"https:\\\/\\\/www.article-marketing.eu\\\/comunicatistampa\\\/paolo-gallo-italgas-dopo-la-guerra-in-ucraina-guardiamo-alla-decarbonizzazione-con-occhio-pragmatico\\\/#primaryimage\"},\"thumbnailUrl\":\"https:\\\/\\\/h2biz.net\\\/images\\\/Plats\\\/crop_min_20210902155441.jpg\",\"keywords\":[\"Paolo Gallo\"],\"articleSection\":[\"Economia e lavoro\"],\"inLanguage\":\"it-IT\",\"potentialAction\":[{\"@type\":\"CommentAction\",\"name\":\"Comment\",\"target\":[\"https:\\\/\\\/www.article-marketing.eu\\\/comunicatistampa\\\/paolo-gallo-italgas-dopo-la-guerra-in-ucraina-guardiamo-alla-decarbonizzazione-con-occhio-pragmatico\\\/#respond\"]}]},{\"@type\":\"WebPage\",\"@id\":\"https:\\\/\\\/www.article-marketing.eu\\\/comunicatistampa\\\/paolo-gallo-italgas-dopo-la-guerra-in-ucraina-guardiamo-alla-decarbonizzazione-con-occhio-pragmatico\\\/\",\"url\":\"https:\\\/\\\/www.article-marketing.eu\\\/comunicatistampa\\\/paolo-gallo-italgas-dopo-la-guerra-in-ucraina-guardiamo-alla-decarbonizzazione-con-occhio-pragmatico\\\/\",\"name\":\"Paolo Gallo (Italgas): \u201cDopo la guerra in Ucraina guardiamo alla decarbonizzazione con occhio pragmatico\u201d\",\"isPartOf\":{\"@id\":\"https:\\\/\\\/www.article-marketing.eu\\\/comunicatistampa\\\/#website\"},\"primaryImageOfPage\":{\"@id\":\"https:\\\/\\\/www.article-marketing.eu\\\/comunicatistampa\\\/paolo-gallo-italgas-dopo-la-guerra-in-ucraina-guardiamo-alla-decarbonizzazione-con-occhio-pragmatico\\\/#primaryimage\"},\"image\":{\"@id\":\"https:\\\/\\\/www.article-marketing.eu\\\/comunicatistampa\\\/paolo-gallo-italgas-dopo-la-guerra-in-ucraina-guardiamo-alla-decarbonizzazione-con-occhio-pragmatico\\\/#primaryimage\"},\"thumbnailUrl\":\"https:\\\/\\\/h2biz.net\\\/images\\\/Plats\\\/crop_min_20210902155441.jpg\",\"datePublished\":\"2023-11-16T12:48:57+00:00\",\"author\":{\"@id\":\"https:\\\/\\\/www.article-marketing.eu\\\/comunicatistampa\\\/#\\\/schema\\\/person\\\/2fcaf8f8f3a9eef9eb7f27532d3ca458\"},\"breadcrumb\":{\"@id\":\"https:\\\/\\\/www.article-marketing.eu\\\/comunicatistampa\\\/paolo-gallo-italgas-dopo-la-guerra-in-ucraina-guardiamo-alla-decarbonizzazione-con-occhio-pragmatico\\\/#breadcrumb\"},\"inLanguage\":\"it-IT\",\"potentialAction\":[{\"@type\":\"ReadAction\",\"target\":[\"https:\\\/\\\/www.article-marketing.eu\\\/comunicatistampa\\\/paolo-gallo-italgas-dopo-la-guerra-in-ucraina-guardiamo-alla-decarbonizzazione-con-occhio-pragmatico\\\/\"]}]},{\"@type\":\"ImageObject\",\"inLanguage\":\"it-IT\",\"@id\":\"https:\\\/\\\/www.article-marketing.eu\\\/comunicatistampa\\\/paolo-gallo-italgas-dopo-la-guerra-in-ucraina-guardiamo-alla-decarbonizzazione-con-occhio-pragmatico\\\/#primaryimage\",\"url\":\"https:\\\/\\\/h2biz.net\\\/images\\\/Plats\\\/crop_min_20210902155441.jpg\",\"contentUrl\":\"https:\\\/\\\/h2biz.net\\\/images\\\/Plats\\\/crop_min_20210902155441.jpg\"},{\"@type\":\"BreadcrumbList\",\"@id\":\"https:\\\/\\\/www.article-marketing.eu\\\/comunicatistampa\\\/paolo-gallo-italgas-dopo-la-guerra-in-ucraina-guardiamo-alla-decarbonizzazione-con-occhio-pragmatico\\\/#breadcrumb\",\"itemListElement\":[{\"@type\":\"ListItem\",\"position\":1,\"name\":\"Home\",\"item\":\"https:\\\/\\\/www.article-marketing.eu\\\/comunicatistampa\\\/\"},{\"@type\":\"ListItem\",\"position\":2,\"name\":\"Paolo Gallo (Italgas): \u201cDopo la guerra in Ucraina guardiamo alla decarbonizzazione con occhio pragmatico\u201d\"}]},{\"@type\":\"WebSite\",\"@id\":\"https:\\\/\\\/www.article-marketing.eu\\\/comunicatistampa\\\/#website\",\"url\":\"https:\\\/\\\/www.article-marketing.eu\\\/comunicatistampa\\\/\",\"name\":\"Article Marketing\",\"description\":\"article marketing &amp; press release\",\"potentialAction\":[{\"@type\":\"SearchAction\",\"target\":{\"@type\":\"EntryPoint\",\"urlTemplate\":\"https:\\\/\\\/www.article-marketing.eu\\\/comunicatistampa\\\/?s={search_term_string}\"},\"query-input\":{\"@type\":\"PropertyValueSpecification\",\"valueRequired\":true,\"valueName\":\"search_term_string\"}}],\"inLanguage\":\"it-IT\"},{\"@type\":\"Person\",\"@id\":\"https:\\\/\\\/www.article-marketing.eu\\\/comunicatistampa\\\/#\\\/schema\\\/person\\\/2fcaf8f8f3a9eef9eb7f27532d3ca458\",\"name\":\"articolinews\",\"image\":{\"@type\":\"ImageObject\",\"inLanguage\":\"it-IT\",\"@id\":\"https:\\\/\\\/secure.gravatar.com\\\/avatar\\\/9e2a264bab04e17dea24d937c9956304649a848cb73c46747a692ff1bdeb1cb7?s=96&d=mm&r=g\",\"url\":\"https:\\\/\\\/secure.gravatar.com\\\/avatar\\\/9e2a264bab04e17dea24d937c9956304649a848cb73c46747a692ff1bdeb1cb7?s=96&d=mm&r=g\",\"contentUrl\":\"https:\\\/\\\/secure.gravatar.com\\\/avatar\\\/9e2a264bab04e17dea24d937c9956304649a848cb73c46747a692ff1bdeb1cb7?s=96&d=mm&r=g\",\"caption\":\"articolinews\"},\"url\":\"https:\\\/\\\/www.article-marketing.eu\\\/comunicatistampa\\\/author\\\/articolinews\\\/\"}]}<\/script>\n<!-- \/ Yoast SEO plugin. -->","yoast_head_json":{"title":"Paolo Gallo (Italgas): \u201cDopo la guerra in Ucraina guardiamo alla decarbonizzazione con occhio pragmatico\u201d","robots":{"index":"index","follow":"follow","max-snippet":"max-snippet:-1","max-image-preview":"max-image-preview:large","max-video-preview":"max-video-preview:-1"},"canonical":"https:\/\/www.article-marketing.eu\/comunicatistampa\/paolo-gallo-italgas-dopo-la-guerra-in-ucraina-guardiamo-alla-decarbonizzazione-con-occhio-pragmatico\/","og_locale":"it_IT","og_type":"article","og_title":"Paolo Gallo (Italgas): \u201cDopo la guerra in Ucraina guardiamo alla decarbonizzazione con occhio pragmatico\u201d","og_description":"Puntando alla decarbonizzazione in un senso pragmatico e non-ideologico, \u201criusciremo a centrare anche un costo d&#8217;energia che renda e mantenga la nostra industria competitiva e che ai consumatori finali non faccia pagare un prezzo di energia particolarmente elevato\u201d: lo ha sottolineato l\u2019AD di Italgas Paolo Gallo. Paolo Gallo: \u201cNessuna crisi del gas, ci aspetta un inverno sereno\u201d Non dobbiamo pi\u00f9 temere un inverno di scarsit\u00e0 di gas come l\u2019anno scorso:Continue reading...","og_url":"https:\/\/www.article-marketing.eu\/comunicatistampa\/paolo-gallo-italgas-dopo-la-guerra-in-ucraina-guardiamo-alla-decarbonizzazione-con-occhio-pragmatico\/","og_site_name":"Article Marketing","article_published_time":"2023-11-16T12:48:57+00:00","og_image":[{"url":"https:\/\/h2biz.net\/images\/Plats\/crop_min_20210902155441.jpg","type":"","width":"","height":""}],"author":"articolinews","twitter_card":"summary_large_image","twitter_misc":{"Scritto da":"articolinews","Tempo di lettura stimato":"2 minuti"},"schema":{"@context":"https:\/\/schema.org","@graph":[{"@type":"Article","@id":"https:\/\/www.article-marketing.eu\/comunicatistampa\/paolo-gallo-italgas-dopo-la-guerra-in-ucraina-guardiamo-alla-decarbonizzazione-con-occhio-pragmatico\/#article","isPartOf":{"@id":"https:\/\/www.article-marketing.eu\/comunicatistampa\/paolo-gallo-italgas-dopo-la-guerra-in-ucraina-guardiamo-alla-decarbonizzazione-con-occhio-pragmatico\/"},"author":{"name":"articolinews","@id":"https:\/\/www.article-marketing.eu\/comunicatistampa\/#\/schema\/person\/2fcaf8f8f3a9eef9eb7f27532d3ca458"},"headline":"Paolo Gallo (Italgas): \u201cDopo la guerra in Ucraina guardiamo alla decarbonizzazione con occhio pragmatico\u201d","datePublished":"2023-11-16T12:48:57+00:00","mainEntityOfPage":{"@id":"https:\/\/www.article-marketing.eu\/comunicatistampa\/paolo-gallo-italgas-dopo-la-guerra-in-ucraina-guardiamo-alla-decarbonizzazione-con-occhio-pragmatico\/"},"wordCount":362,"commentCount":0,"image":{"@id":"https:\/\/www.article-marketing.eu\/comunicatistampa\/paolo-gallo-italgas-dopo-la-guerra-in-ucraina-guardiamo-alla-decarbonizzazione-con-occhio-pragmatico\/#primaryimage"},"thumbnailUrl":"https:\/\/h2biz.net\/images\/Plats\/crop_min_20210902155441.jpg","keywords":["Paolo Gallo"],"articleSection":["Economia e lavoro"],"inLanguage":"it-IT","potentialAction":[{"@type":"CommentAction","name":"Comment","target":["https:\/\/www.article-marketing.eu\/comunicatistampa\/paolo-gallo-italgas-dopo-la-guerra-in-ucraina-guardiamo-alla-decarbonizzazione-con-occhio-pragmatico\/#respond"]}]},{"@type":"WebPage","@id":"https:\/\/www.article-marketing.eu\/comunicatistampa\/paolo-gallo-italgas-dopo-la-guerra-in-ucraina-guardiamo-alla-decarbonizzazione-con-occhio-pragmatico\/","url":"https:\/\/www.article-marketing.eu\/comunicatistampa\/paolo-gallo-italgas-dopo-la-guerra-in-ucraina-guardiamo-alla-decarbonizzazione-con-occhio-pragmatico\/","name":"Paolo Gallo (Italgas): \u201cDopo la guerra in Ucraina guardiamo alla decarbonizzazione con occhio pragmatico\u201d","isPartOf":{"@id":"https:\/\/www.article-marketing.eu\/comunicatistampa\/#website"},"primaryImageOfPage":{"@id":"https:\/\/www.article-marketing.eu\/comunicatistampa\/paolo-gallo-italgas-dopo-la-guerra-in-ucraina-guardiamo-alla-decarbonizzazione-con-occhio-pragmatico\/#primaryimage"},"image":{"@id":"https:\/\/www.article-marketing.eu\/comunicatistampa\/paolo-gallo-italgas-dopo-la-guerra-in-ucraina-guardiamo-alla-decarbonizzazione-con-occhio-pragmatico\/#primaryimage"},"thumbnailUrl":"https:\/\/h2biz.net\/images\/Plats\/crop_min_20210902155441.jpg","datePublished":"2023-11-16T12:48:57+00:00","author":{"@id":"https:\/\/www.article-marketing.eu\/comunicatistampa\/#\/schema\/person\/2fcaf8f8f3a9eef9eb7f27532d3ca458"},"breadcrumb":{"@id":"https:\/\/www.article-marketing.eu\/comunicatistampa\/paolo-gallo-italgas-dopo-la-guerra-in-ucraina-guardiamo-alla-decarbonizzazione-con-occhio-pragmatico\/#breadcrumb"},"inLanguage":"it-IT","potentialAction":[{"@type":"ReadAction","target":["https:\/\/www.article-marketing.eu\/comunicatistampa\/paolo-gallo-italgas-dopo-la-guerra-in-ucraina-guardiamo-alla-decarbonizzazione-con-occhio-pragmatico\/"]}]},{"@type":"ImageObject","inLanguage":"it-IT","@id":"https:\/\/www.article-marketing.eu\/comunicatistampa\/paolo-gallo-italgas-dopo-la-guerra-in-ucraina-guardiamo-alla-decarbonizzazione-con-occhio-pragmatico\/#primaryimage","url":"https:\/\/h2biz.net\/images\/Plats\/crop_min_20210902155441.jpg","contentUrl":"https:\/\/h2biz.net\/images\/Plats\/crop_min_20210902155441.jpg"},{"@type":"BreadcrumbList","@id":"https:\/\/www.article-marketing.eu\/comunicatistampa\/paolo-gallo-italgas-dopo-la-guerra-in-ucraina-guardiamo-alla-decarbonizzazione-con-occhio-pragmatico\/#breadcrumb","itemListElement":[{"@type":"ListItem","position":1,"name":"Home","item":"https:\/\/www.article-marketing.eu\/comunicatistampa\/"},{"@type":"ListItem","position":2,"name":"Paolo Gallo (Italgas): \u201cDopo la guerra in Ucraina guardiamo alla decarbonizzazione con occhio pragmatico\u201d"}]},{"@type":"WebSite","@id":"https:\/\/www.article-marketing.eu\/comunicatistampa\/#website","url":"https:\/\/www.article-marketing.eu\/comunicatistampa\/","name":"Article Marketing","description":"article marketing &amp; press release","potentialAction":[{"@type":"SearchAction","target":{"@type":"EntryPoint","urlTemplate":"https:\/\/www.article-marketing.eu\/comunicatistampa\/?s={search_term_string}"},"query-input":{"@type":"PropertyValueSpecification","valueRequired":true,"valueName":"search_term_string"}}],"inLanguage":"it-IT"},{"@type":"Person","@id":"https:\/\/www.article-marketing.eu\/comunicatistampa\/#\/schema\/person\/2fcaf8f8f3a9eef9eb7f27532d3ca458","name":"articolinews","image":{"@type":"ImageObject","inLanguage":"it-IT","@id":"https:\/\/secure.gravatar.com\/avatar\/9e2a264bab04e17dea24d937c9956304649a848cb73c46747a692ff1bdeb1cb7?s=96&d=mm&r=g","url":"https:\/\/secure.gravatar.com\/avatar\/9e2a264bab04e17dea24d937c9956304649a848cb73c46747a692ff1bdeb1cb7?s=96&d=mm&r=g","contentUrl":"https:\/\/secure.gravatar.com\/avatar\/9e2a264bab04e17dea24d937c9956304649a848cb73c46747a692ff1bdeb1cb7?s=96&d=mm&r=g","caption":"articolinews"},"url":"https:\/\/www.article-marketing.eu\/comunicatistampa\/author\/articolinews\/"}]}},"_links":{"self":[{"href":"https:\/\/www.article-marketing.eu\/comunicatistampa\/wp-json\/wp\/v2\/posts\/28732","targetHints":{"allow":["GET"]}}],"collection":[{"href":"https:\/\/www.article-marketing.eu\/comunicatistampa\/wp-json\/wp\/v2\/posts"}],"about":[{"href":"https:\/\/www.article-marketing.eu\/comunicatistampa\/wp-json\/wp\/v2\/types\/post"}],"author":[{"embeddable":true,"href":"https:\/\/www.article-marketing.eu\/comunicatistampa\/wp-json\/wp\/v2\/users\/6477"}],"replies":[{"embeddable":true,"href":"https:\/\/www.article-marketing.eu\/comunicatistampa\/wp-json\/wp\/v2\/comments?post=28732"}],"version-history":[{"count":2,"href":"https:\/\/www.article-marketing.eu\/comunicatistampa\/wp-json\/wp\/v2\/posts\/28732\/revisions"}],"predecessor-version":[{"id":28979,"href":"https:\/\/www.article-marketing.eu\/comunicatistampa\/wp-json\/wp\/v2\/posts\/28732\/revisions\/28979"}],"wp:attachment":[{"href":"https:\/\/www.article-marketing.eu\/comunicatistampa\/wp-json\/wp\/v2\/media?parent=28732"}],"wp:term":[{"taxonomy":"category","embeddable":true,"href":"https:\/\/www.article-marketing.eu\/comunicatistampa\/wp-json\/wp\/v2\/categories?post=28732"},{"taxonomy":"post_tag","embeddable":true,"href":"https:\/\/www.article-marketing.eu\/comunicatistampa\/wp-json\/wp\/v2\/tags?post=28732"}],"curies":[{"name":"wp","href":"https:\/\/api.w.org\/{rel}","templated":true}]}}