{"id":28751,"date":"2023-10-31T18:09:01","date_gmt":"2023-10-31T17:09:01","guid":{"rendered":"https:\/\/www.article-marketing.eu\/comunicatistampa\/?p=28751"},"modified":"2023-10-31T18:09:01","modified_gmt":"2023-10-31T17:09:01","slug":"lombardia-andrea-mascetti-turismo-e-competitivita-del-territorio-operazione-di-finlombarda","status":"publish","type":"post","link":"https:\/\/www.article-marketing.eu\/comunicatistampa\/lombardia-andrea-mascetti-turismo-e-competitivita-del-territorio-operazione-di-finlombarda\/","title":{"rendered":"Lombardia, Andrea Mascetti: turismo e competitivit\u00e0 del territorio, operazione di Finlombarda"},"content":{"rendered":"<p><em><strong>Finlombarda, guidata dal Presidente <a title=\"Segui Andrea Mascetti su &quot;X&quot;\" href=\"https:\/\/twitter.com\/mascettiandrea\">Andrea Mascetti<\/a>, insieme a Banca Sella e Rsi Srl punta a rilanciare e rendere pi\u00f9 attraente il comprensorio sciistico invernale della Val di Scalve e aumentare le attivit\u00e0 escursionistiche: il finanziamento, del valore complessivo di 6 milioni di euro, si inserisce nell\u2019ambito di un piano di sviluppo da 30 milioni.<\/strong><\/em><\/p>\n<p><a title=\"Andrea Mascetti \u00e8 su &quot;X&quot;!\" href=\"https:\/\/twitter.com\/mascettiandrea\"><img loading=\"lazy\" decoding=\"async\" src=\"https:\/\/pbs.twimg.com\/profile_images\/1675172992681144323\/HP31yOcC_400x400.jpg\" alt=\"Andrea Mascetti\" width=\"150\" height=\"150\" \/><\/a><\/p>\n<h2>Andrea Mascetti: il ruolo di Finlombarda nell\u2019operazione di finanziamento per il rilancio di &#8220;Colere Ski Area 2200&#8221;<\/h2>\n<p>\u00c8 il Presidente <strong>Andrea Mascetti<\/strong> a esprimere la soddisfazione di Finlombarda per \u201c<em>aver partecipato al finanziamento in pool del comprensorio sciistico di Colere<\/em>\u201d: la societ\u00e0 finanziaria di Regione Lombardia \u00e8 impegnata insieme a Banca Sella e Rsi Srl nell\u2019operazione di finanziamento per rilanciare in termini di competitivit\u00e0 e attrattivit\u00e0 &#8220;Colere Ski Area 2200&#8221; che si estende nel Comune di Colere (BG) dai 1.100 ai 2.200 metri, con circa 20 km di piste e tre impianti di risalita. L\u2019importo del finanziamento, siglato da Istituto per il Credito Sportivo, nel ruolo di lead arranger, Finlombarda e Banca Sella con Rsi Srl, ha un importo del valore complessivo pari a 6 milioni di euro e una durata di 17 anni: assistito dalla garanzia concessa dal Fondo di garanzia per l\u2019impiantistica sportiva gestito da Istituto per il Credito Sportivo, permetter\u00e0 a Rsi Srl di rilanciare e rendere pi\u00f9 attraente il comprensorio sciistico invernale della Val di Scalve e aumentare le attivit\u00e0 escursionistiche. La competitivit\u00e0 dei nostri territori, ha sottolineato <strong>Andrea Mascetti<\/strong>, \u201c<em>passa anche dalla valorizzazione di quei fattori indispensabili per un turismo montano di successo<\/em>\u201d.<\/p>\n<h2>Andrea Mascetti: Finlombarda, il valore del turismo alpino per Regione Lombardia<\/h2>\n<p>Il Presidente di Finlombarda <a title=\"Scopri il profilo &quot;X&quot; di Andrea Mascetti\" href=\"https:\/\/twitter.com\/mascettiandrea\"><strong>Andrea Mascetti<\/strong><\/a>, nel commentare il valore dell\u2019operazione, ha sottolineato il ruolo-chiave che il turismo alpino gioca \u201c<em>per lo sviluppo economico della nostra regione sia d\u2019estate, sia d\u2019inverno<\/em>\u201d. \u00c8 \u201c<em>uno degli asset principali<\/em>\u201d ha ricordato Andrea Mascetti che dallo scorso maggio \u00e8 alla guida di Finlombarda, la societ\u00e0 finanziaria di Regione Lombardia. Rsi Srl nell\u2019ambito della procedura di gara indetta dal Comune di Colere (BG) si \u00e8 aggiudicata la concessione per la progettazione, costruzione, manutenzione e gestione del comprensorio sciistico investir\u00e0 le risorse finanziarie nella realizzazione di impianti di risalita pi\u00f9 moderni e veloci. Tra gli interventi \u00e8 prevista l\u2019installazione di una cabinovia a dieci posti e di una seggiovia a sei posti, il riposizionamento della seggiovia biposto Capanno, la revisione completa della triposto Corna Gemelle. In programma anche un tapis roulant per il campo scuola, da concludersi entro l\u2019inizio della stagione invernale 2023-2024.<u><\/u><u><\/u><\/p>\n","protected":false},"excerpt":{"rendered":"<p>Finlombarda, guidata dal Presidente Andrea Mascetti, insieme a Banca Sella e Rsi Srl punta a rilanciare e rendere pi\u00f9 attraente il comprensorio sciistico invernale della Val di Scalve e aumentare le attivit\u00e0 escursionistiche: il finanziamento, del valore complessivo di 6 milioni di euro, si inserisce nell\u2019ambito di un piano di sviluppo da 30 milioni. Andrea Mascetti: il ruolo di Finlombarda nell\u2019operazione di finanziamento per il rilancio di &#8220;Colere Ski Area<\/p>\n<p><a class=\"continue-reading\" href=\"https:\/\/www.article-marketing.eu\/comunicatistampa\/lombardia-andrea-mascetti-turismo-e-competitivita-del-territorio-operazione-di-finlombarda\/\">Continue reading&#8230;<\/a><\/p>\n","protected":false},"author":6477,"featured_media":0,"comment_status":"open","ping_status":"open","sticky":false,"template":"","format":"standard","meta":{"_monsterinsights_skip_tracking":false,"_monsterinsights_sitenote_active":false,"_monsterinsights_sitenote_note":"","_monsterinsights_sitenote_category":0,"footnotes":""},"categories":[346],"tags":[9120],"class_list":["post-28751","post","type-post","status-publish","format-standard","hentry","category-viaggi-e-turismo","tag-andrea-mascetti"],"yoast_head":"<!-- This site is optimized with the Yoast SEO plugin v27.3 - https:\/\/yoast.com\/product\/yoast-seo-wordpress\/ -->\n<title>Lombardia, Andrea Mascetti: turismo e competitivit\u00e0 del territorio, operazione di Finlombarda<\/title>\n<meta name=\"description\" content=\"Andrea Mascetti: \u201cCompetitivit\u00e0 dei nostri territori passa dalla valorizzazione dei fattori indispensabili per un turismo montano di qualit\u00e0\u201d\" \/>\n<meta name=\"robots\" content=\"index, follow, max-snippet:-1, max-image-preview:large, max-video-preview:-1\" \/>\n<link rel=\"canonical\" href=\"https:\/\/www.article-marketing.eu\/comunicatistampa\/lombardia-andrea-mascetti-turismo-e-competitivita-del-territorio-operazione-di-finlombarda\/\" \/>\n<meta property=\"og:locale\" content=\"it_IT\" \/>\n<meta property=\"og:type\" content=\"article\" \/>\n<meta property=\"og:title\" content=\"Lombardia, Andrea Mascetti: turismo e competitivit\u00e0 del territorio, operazione di Finlombarda\" \/>\n<meta property=\"og:description\" content=\"Andrea Mascetti: \u201cCompetitivit\u00e0 dei nostri territori passa dalla valorizzazione dei fattori indispensabili per un turismo montano di qualit\u00e0\u201d\" \/>\n<meta property=\"og:url\" content=\"https:\/\/www.article-marketing.eu\/comunicatistampa\/lombardia-andrea-mascetti-turismo-e-competitivita-del-territorio-operazione-di-finlombarda\/\" \/>\n<meta property=\"og:site_name\" content=\"Article Marketing\" \/>\n<meta property=\"article:published_time\" content=\"2023-10-31T17:09:01+00:00\" \/>\n<meta property=\"og:image\" content=\"https:\/\/pbs.twimg.com\/profile_images\/1675172992681144323\/HP31yOcC_400x400.jpg\" \/>\n<meta name=\"author\" content=\"articolinews\" \/>\n<meta name=\"twitter:card\" content=\"summary_large_image\" \/>\n<meta name=\"twitter:label1\" content=\"Scritto da\" \/>\n\t<meta name=\"twitter:data1\" content=\"articolinews\" \/>\n\t<meta name=\"twitter:label2\" content=\"Tempo di lettura stimato\" \/>\n\t<meta name=\"twitter:data2\" content=\"3 minuti\" \/>\n<script type=\"application\/ld+json\" class=\"yoast-schema-graph\">{\"@context\":\"https:\\\/\\\/schema.org\",\"@graph\":[{\"@type\":\"Article\",\"@id\":\"https:\\\/\\\/www.article-marketing.eu\\\/comunicatistampa\\\/lombardia-andrea-mascetti-turismo-e-competitivita-del-territorio-operazione-di-finlombarda\\\/#article\",\"isPartOf\":{\"@id\":\"https:\\\/\\\/www.article-marketing.eu\\\/comunicatistampa\\\/lombardia-andrea-mascetti-turismo-e-competitivita-del-territorio-operazione-di-finlombarda\\\/\"},\"author\":{\"name\":\"articolinews\",\"@id\":\"https:\\\/\\\/www.article-marketing.eu\\\/comunicatistampa\\\/#\\\/schema\\\/person\\\/2fcaf8f8f3a9eef9eb7f27532d3ca458\"},\"headline\":\"Lombardia, Andrea Mascetti: turismo e competitivit\u00e0 del territorio, operazione di Finlombarda\",\"datePublished\":\"2023-10-31T17:09:01+00:00\",\"mainEntityOfPage\":{\"@id\":\"https:\\\/\\\/www.article-marketing.eu\\\/comunicatistampa\\\/lombardia-andrea-mascetti-turismo-e-competitivita-del-territorio-operazione-di-finlombarda\\\/\"},\"wordCount\":417,\"commentCount\":0,\"image\":{\"@id\":\"https:\\\/\\\/www.article-marketing.eu\\\/comunicatistampa\\\/lombardia-andrea-mascetti-turismo-e-competitivita-del-territorio-operazione-di-finlombarda\\\/#primaryimage\"},\"thumbnailUrl\":\"https:\\\/\\\/pbs.twimg.com\\\/profile_images\\\/1675172992681144323\\\/HP31yOcC_400x400.jpg\",\"keywords\":[\"Andrea Mascetti\"],\"articleSection\":[\"Viaggi e turismo\"],\"inLanguage\":\"it-IT\",\"potentialAction\":[{\"@type\":\"CommentAction\",\"name\":\"Comment\",\"target\":[\"https:\\\/\\\/www.article-marketing.eu\\\/comunicatistampa\\\/lombardia-andrea-mascetti-turismo-e-competitivita-del-territorio-operazione-di-finlombarda\\\/#respond\"]}]},{\"@type\":\"WebPage\",\"@id\":\"https:\\\/\\\/www.article-marketing.eu\\\/comunicatistampa\\\/lombardia-andrea-mascetti-turismo-e-competitivita-del-territorio-operazione-di-finlombarda\\\/\",\"url\":\"https:\\\/\\\/www.article-marketing.eu\\\/comunicatistampa\\\/lombardia-andrea-mascetti-turismo-e-competitivita-del-territorio-operazione-di-finlombarda\\\/\",\"name\":\"Lombardia, Andrea Mascetti: turismo e competitivit\u00e0 del territorio, operazione di Finlombarda\",\"isPartOf\":{\"@id\":\"https:\\\/\\\/www.article-marketing.eu\\\/comunicatistampa\\\/#website\"},\"primaryImageOfPage\":{\"@id\":\"https:\\\/\\\/www.article-marketing.eu\\\/comunicatistampa\\\/lombardia-andrea-mascetti-turismo-e-competitivita-del-territorio-operazione-di-finlombarda\\\/#primaryimage\"},\"image\":{\"@id\":\"https:\\\/\\\/www.article-marketing.eu\\\/comunicatistampa\\\/lombardia-andrea-mascetti-turismo-e-competitivita-del-territorio-operazione-di-finlombarda\\\/#primaryimage\"},\"thumbnailUrl\":\"https:\\\/\\\/pbs.twimg.com\\\/profile_images\\\/1675172992681144323\\\/HP31yOcC_400x400.jpg\",\"datePublished\":\"2023-10-31T17:09:01+00:00\",\"author\":{\"@id\":\"https:\\\/\\\/www.article-marketing.eu\\\/comunicatistampa\\\/#\\\/schema\\\/person\\\/2fcaf8f8f3a9eef9eb7f27532d3ca458\"},\"description\":\"Andrea Mascetti: \u201cCompetitivit\u00e0 dei nostri territori passa dalla valorizzazione dei fattori indispensabili per un turismo montano di qualit\u00e0\u201d\",\"breadcrumb\":{\"@id\":\"https:\\\/\\\/www.article-marketing.eu\\\/comunicatistampa\\\/lombardia-andrea-mascetti-turismo-e-competitivita-del-territorio-operazione-di-finlombarda\\\/#breadcrumb\"},\"inLanguage\":\"it-IT\",\"potentialAction\":[{\"@type\":\"ReadAction\",\"target\":[\"https:\\\/\\\/www.article-marketing.eu\\\/comunicatistampa\\\/lombardia-andrea-mascetti-turismo-e-competitivita-del-territorio-operazione-di-finlombarda\\\/\"]}]},{\"@type\":\"ImageObject\",\"inLanguage\":\"it-IT\",\"@id\":\"https:\\\/\\\/www.article-marketing.eu\\\/comunicatistampa\\\/lombardia-andrea-mascetti-turismo-e-competitivita-del-territorio-operazione-di-finlombarda\\\/#primaryimage\",\"url\":\"https:\\\/\\\/pbs.twimg.com\\\/profile_images\\\/1675172992681144323\\\/HP31yOcC_400x400.jpg\",\"contentUrl\":\"https:\\\/\\\/pbs.twimg.com\\\/profile_images\\\/1675172992681144323\\\/HP31yOcC_400x400.jpg\"},{\"@type\":\"BreadcrumbList\",\"@id\":\"https:\\\/\\\/www.article-marketing.eu\\\/comunicatistampa\\\/lombardia-andrea-mascetti-turismo-e-competitivita-del-territorio-operazione-di-finlombarda\\\/#breadcrumb\",\"itemListElement\":[{\"@type\":\"ListItem\",\"position\":1,\"name\":\"Home\",\"item\":\"https:\\\/\\\/www.article-marketing.eu\\\/comunicatistampa\\\/\"},{\"@type\":\"ListItem\",\"position\":2,\"name\":\"Lombardia, Andrea Mascetti: turismo e competitivit\u00e0 del territorio, operazione di Finlombarda\"}]},{\"@type\":\"WebSite\",\"@id\":\"https:\\\/\\\/www.article-marketing.eu\\\/comunicatistampa\\\/#website\",\"url\":\"https:\\\/\\\/www.article-marketing.eu\\\/comunicatistampa\\\/\",\"name\":\"Article Marketing\",\"description\":\"article marketing &amp; press release\",\"potentialAction\":[{\"@type\":\"SearchAction\",\"target\":{\"@type\":\"EntryPoint\",\"urlTemplate\":\"https:\\\/\\\/www.article-marketing.eu\\\/comunicatistampa\\\/?s={search_term_string}\"},\"query-input\":{\"@type\":\"PropertyValueSpecification\",\"valueRequired\":true,\"valueName\":\"search_term_string\"}}],\"inLanguage\":\"it-IT\"},{\"@type\":\"Person\",\"@id\":\"https:\\\/\\\/www.article-marketing.eu\\\/comunicatistampa\\\/#\\\/schema\\\/person\\\/2fcaf8f8f3a9eef9eb7f27532d3ca458\",\"name\":\"articolinews\",\"image\":{\"@type\":\"ImageObject\",\"inLanguage\":\"it-IT\",\"@id\":\"https:\\\/\\\/secure.gravatar.com\\\/avatar\\\/9e2a264bab04e17dea24d937c9956304649a848cb73c46747a692ff1bdeb1cb7?s=96&d=mm&r=g\",\"url\":\"https:\\\/\\\/secure.gravatar.com\\\/avatar\\\/9e2a264bab04e17dea24d937c9956304649a848cb73c46747a692ff1bdeb1cb7?s=96&d=mm&r=g\",\"contentUrl\":\"https:\\\/\\\/secure.gravatar.com\\\/avatar\\\/9e2a264bab04e17dea24d937c9956304649a848cb73c46747a692ff1bdeb1cb7?s=96&d=mm&r=g\",\"caption\":\"articolinews\"},\"url\":\"https:\\\/\\\/www.article-marketing.eu\\\/comunicatistampa\\\/author\\\/articolinews\\\/\"}]}<\/script>\n<!-- \/ Yoast SEO plugin. -->","yoast_head_json":{"title":"Lombardia, Andrea Mascetti: turismo e competitivit\u00e0 del territorio, operazione di Finlombarda","description":"Andrea Mascetti: \u201cCompetitivit\u00e0 dei nostri territori passa dalla valorizzazione dei fattori indispensabili per un turismo montano di qualit\u00e0\u201d","robots":{"index":"index","follow":"follow","max-snippet":"max-snippet:-1","max-image-preview":"max-image-preview:large","max-video-preview":"max-video-preview:-1"},"canonical":"https:\/\/www.article-marketing.eu\/comunicatistampa\/lombardia-andrea-mascetti-turismo-e-competitivita-del-territorio-operazione-di-finlombarda\/","og_locale":"it_IT","og_type":"article","og_title":"Lombardia, Andrea Mascetti: turismo e competitivit\u00e0 del territorio, operazione di Finlombarda","og_description":"Andrea Mascetti: \u201cCompetitivit\u00e0 dei nostri territori passa dalla valorizzazione dei fattori indispensabili per un turismo montano di qualit\u00e0\u201d","og_url":"https:\/\/www.article-marketing.eu\/comunicatistampa\/lombardia-andrea-mascetti-turismo-e-competitivita-del-territorio-operazione-di-finlombarda\/","og_site_name":"Article Marketing","article_published_time":"2023-10-31T17:09:01+00:00","og_image":[{"url":"https:\/\/pbs.twimg.com\/profile_images\/1675172992681144323\/HP31yOcC_400x400.jpg","type":"","width":"","height":""}],"author":"articolinews","twitter_card":"summary_large_image","twitter_misc":{"Scritto da":"articolinews","Tempo di lettura stimato":"3 minuti"},"schema":{"@context":"https:\/\/schema.org","@graph":[{"@type":"Article","@id":"https:\/\/www.article-marketing.eu\/comunicatistampa\/lombardia-andrea-mascetti-turismo-e-competitivita-del-territorio-operazione-di-finlombarda\/#article","isPartOf":{"@id":"https:\/\/www.article-marketing.eu\/comunicatistampa\/lombardia-andrea-mascetti-turismo-e-competitivita-del-territorio-operazione-di-finlombarda\/"},"author":{"name":"articolinews","@id":"https:\/\/www.article-marketing.eu\/comunicatistampa\/#\/schema\/person\/2fcaf8f8f3a9eef9eb7f27532d3ca458"},"headline":"Lombardia, Andrea Mascetti: turismo e competitivit\u00e0 del territorio, operazione di Finlombarda","datePublished":"2023-10-31T17:09:01+00:00","mainEntityOfPage":{"@id":"https:\/\/www.article-marketing.eu\/comunicatistampa\/lombardia-andrea-mascetti-turismo-e-competitivita-del-territorio-operazione-di-finlombarda\/"},"wordCount":417,"commentCount":0,"image":{"@id":"https:\/\/www.article-marketing.eu\/comunicatistampa\/lombardia-andrea-mascetti-turismo-e-competitivita-del-territorio-operazione-di-finlombarda\/#primaryimage"},"thumbnailUrl":"https:\/\/pbs.twimg.com\/profile_images\/1675172992681144323\/HP31yOcC_400x400.jpg","keywords":["Andrea Mascetti"],"articleSection":["Viaggi e turismo"],"inLanguage":"it-IT","potentialAction":[{"@type":"CommentAction","name":"Comment","target":["https:\/\/www.article-marketing.eu\/comunicatistampa\/lombardia-andrea-mascetti-turismo-e-competitivita-del-territorio-operazione-di-finlombarda\/#respond"]}]},{"@type":"WebPage","@id":"https:\/\/www.article-marketing.eu\/comunicatistampa\/lombardia-andrea-mascetti-turismo-e-competitivita-del-territorio-operazione-di-finlombarda\/","url":"https:\/\/www.article-marketing.eu\/comunicatistampa\/lombardia-andrea-mascetti-turismo-e-competitivita-del-territorio-operazione-di-finlombarda\/","name":"Lombardia, Andrea Mascetti: turismo e competitivit\u00e0 del territorio, operazione di Finlombarda","isPartOf":{"@id":"https:\/\/www.article-marketing.eu\/comunicatistampa\/#website"},"primaryImageOfPage":{"@id":"https:\/\/www.article-marketing.eu\/comunicatistampa\/lombardia-andrea-mascetti-turismo-e-competitivita-del-territorio-operazione-di-finlombarda\/#primaryimage"},"image":{"@id":"https:\/\/www.article-marketing.eu\/comunicatistampa\/lombardia-andrea-mascetti-turismo-e-competitivita-del-territorio-operazione-di-finlombarda\/#primaryimage"},"thumbnailUrl":"https:\/\/pbs.twimg.com\/profile_images\/1675172992681144323\/HP31yOcC_400x400.jpg","datePublished":"2023-10-31T17:09:01+00:00","author":{"@id":"https:\/\/www.article-marketing.eu\/comunicatistampa\/#\/schema\/person\/2fcaf8f8f3a9eef9eb7f27532d3ca458"},"description":"Andrea Mascetti: \u201cCompetitivit\u00e0 dei nostri territori passa dalla valorizzazione dei fattori indispensabili per un turismo montano di qualit\u00e0\u201d","breadcrumb":{"@id":"https:\/\/www.article-marketing.eu\/comunicatistampa\/lombardia-andrea-mascetti-turismo-e-competitivita-del-territorio-operazione-di-finlombarda\/#breadcrumb"},"inLanguage":"it-IT","potentialAction":[{"@type":"ReadAction","target":["https:\/\/www.article-marketing.eu\/comunicatistampa\/lombardia-andrea-mascetti-turismo-e-competitivita-del-territorio-operazione-di-finlombarda\/"]}]},{"@type":"ImageObject","inLanguage":"it-IT","@id":"https:\/\/www.article-marketing.eu\/comunicatistampa\/lombardia-andrea-mascetti-turismo-e-competitivita-del-territorio-operazione-di-finlombarda\/#primaryimage","url":"https:\/\/pbs.twimg.com\/profile_images\/1675172992681144323\/HP31yOcC_400x400.jpg","contentUrl":"https:\/\/pbs.twimg.com\/profile_images\/1675172992681144323\/HP31yOcC_400x400.jpg"},{"@type":"BreadcrumbList","@id":"https:\/\/www.article-marketing.eu\/comunicatistampa\/lombardia-andrea-mascetti-turismo-e-competitivita-del-territorio-operazione-di-finlombarda\/#breadcrumb","itemListElement":[{"@type":"ListItem","position":1,"name":"Home","item":"https:\/\/www.article-marketing.eu\/comunicatistampa\/"},{"@type":"ListItem","position":2,"name":"Lombardia, Andrea Mascetti: turismo e competitivit\u00e0 del territorio, operazione di Finlombarda"}]},{"@type":"WebSite","@id":"https:\/\/www.article-marketing.eu\/comunicatistampa\/#website","url":"https:\/\/www.article-marketing.eu\/comunicatistampa\/","name":"Article Marketing","description":"article marketing &amp; press release","potentialAction":[{"@type":"SearchAction","target":{"@type":"EntryPoint","urlTemplate":"https:\/\/www.article-marketing.eu\/comunicatistampa\/?s={search_term_string}"},"query-input":{"@type":"PropertyValueSpecification","valueRequired":true,"valueName":"search_term_string"}}],"inLanguage":"it-IT"},{"@type":"Person","@id":"https:\/\/www.article-marketing.eu\/comunicatistampa\/#\/schema\/person\/2fcaf8f8f3a9eef9eb7f27532d3ca458","name":"articolinews","image":{"@type":"ImageObject","inLanguage":"it-IT","@id":"https:\/\/secure.gravatar.com\/avatar\/9e2a264bab04e17dea24d937c9956304649a848cb73c46747a692ff1bdeb1cb7?s=96&d=mm&r=g","url":"https:\/\/secure.gravatar.com\/avatar\/9e2a264bab04e17dea24d937c9956304649a848cb73c46747a692ff1bdeb1cb7?s=96&d=mm&r=g","contentUrl":"https:\/\/secure.gravatar.com\/avatar\/9e2a264bab04e17dea24d937c9956304649a848cb73c46747a692ff1bdeb1cb7?s=96&d=mm&r=g","caption":"articolinews"},"url":"https:\/\/www.article-marketing.eu\/comunicatistampa\/author\/articolinews\/"}]}},"_links":{"self":[{"href":"https:\/\/www.article-marketing.eu\/comunicatistampa\/wp-json\/wp\/v2\/posts\/28751","targetHints":{"allow":["GET"]}}],"collection":[{"href":"https:\/\/www.article-marketing.eu\/comunicatistampa\/wp-json\/wp\/v2\/posts"}],"about":[{"href":"https:\/\/www.article-marketing.eu\/comunicatistampa\/wp-json\/wp\/v2\/types\/post"}],"author":[{"embeddable":true,"href":"https:\/\/www.article-marketing.eu\/comunicatistampa\/wp-json\/wp\/v2\/users\/6477"}],"replies":[{"embeddable":true,"href":"https:\/\/www.article-marketing.eu\/comunicatistampa\/wp-json\/wp\/v2\/comments?post=28751"}],"version-history":[{"count":2,"href":"https:\/\/www.article-marketing.eu\/comunicatistampa\/wp-json\/wp\/v2\/posts\/28751\/revisions"}],"predecessor-version":[{"id":28826,"href":"https:\/\/www.article-marketing.eu\/comunicatistampa\/wp-json\/wp\/v2\/posts\/28751\/revisions\/28826"}],"wp:attachment":[{"href":"https:\/\/www.article-marketing.eu\/comunicatistampa\/wp-json\/wp\/v2\/media?parent=28751"}],"wp:term":[{"taxonomy":"category","embeddable":true,"href":"https:\/\/www.article-marketing.eu\/comunicatistampa\/wp-json\/wp\/v2\/categories?post=28751"},{"taxonomy":"post_tag","embeddable":true,"href":"https:\/\/www.article-marketing.eu\/comunicatistampa\/wp-json\/wp\/v2\/tags?post=28751"}],"curies":[{"name":"wp","href":"https:\/\/api.w.org\/{rel}","templated":true}]}}