{"id":28768,"date":"2023-10-31T18:09:37","date_gmt":"2023-10-31T17:09:37","guid":{"rendered":"https:\/\/www.article-marketing.eu\/comunicatistampa\/?p=28768"},"modified":"2023-10-31T18:09:37","modified_gmt":"2023-10-31T17:09:37","slug":"vincenzo-sanasi-darpe-tra-gli-autori-di-pubbliche-amministrazioni-e-diritto-della-crisi-dimpresa","status":"publish","type":"post","link":"https:\/\/www.article-marketing.eu\/comunicatistampa\/vincenzo-sanasi-darpe-tra-gli-autori-di-pubbliche-amministrazioni-e-diritto-della-crisi-dimpresa\/","title":{"rendered":"Vincenzo Sanasi d&#8217;Arpe tra gli autori di \u201cPubbliche Amministrazioni e Diritto della Crisi d&#8217;Impresa\u201d"},"content":{"rendered":"<p><em><strong>Il Prof. Avv. <a title=\"Vincenzo Sanasi d'Arpe tra i relatori al Convegno &quot;La Governance della crisi d'impresa - tra poteri pubblici e tutela giurisdizionale&quot;\" href=\"https:\/\/www.consap.it\/vincenzo-sanasi-darpe-autore-volume-giovanni-capo-gianluca-maria-esposito\/\">Vincenzo Sanasi d\u2019Arpe<\/a> \u00e8 stato tra i relatori del convegno sulla crisi d\u2019impresa nel settore pubblico e contribuir\u00e0 con un capitolo alla redazione di un importante libro sul tema.<\/strong><\/em><\/p>\n<p><a title=\"Vincenzo Sanasi d\u2019Arpe tra gli autori di \u201cPubbliche Amministrazioni e Diritto della Crisi d'Impresa\u201d\" href=\"https:\/\/www.consap.it\/vincenzo-sanasi-darpe-autore-volume-giovanni-capo-gianluca-maria-esposito\/\"><img loading=\"lazy\" decoding=\"async\" src=\"https:\/\/www.consap.it\/media\/loccnhnp\/vincenzo-sanasidarpe-2.jpg\" alt=\"Vincenzo Sanasi d'Arpe, Amministratore Delegato di Consap S.p.A. \" width=\"222\" height=\"150\" \/><\/a><\/p>\n<h2>Vincenzo Sanasi d\u2019Arpe autore di un capitolo del libro &#8220;Pubbliche Amministrazioni e Diritto della Crisi d&#8217;Impresa&#8221;<\/h2>\n<p>Il Professore e Avvocato <strong>Vincenzo Sanasi d\u2019Arpe<\/strong>, Amministratore Delegato di Consap S.p.A. ed esperto di amministrazione straordinaria nelle grandi imprese in crisi, \u00e8 stato uno dei relatori al convegno <em>La Governance della crisi d&#8217;impresa &#8211; Tra poteri pubblici e tutela giurisdizionale<\/em>, tenutosi nella Sala del Tempio di Vibia Sabinia e Adriano della Camera del Commercio di Roma. Il convegno, che si \u00e8 avvalso della collaborazione dell\u2019Universit\u00e0 La Sapienza di Roma, \u00e8 stato l\u2019occasione per presentare il nuovo volume \u201c<em>Pubbliche Amministrazioni e Diritto della Crisi d&#8217;Impresa<\/em>\u201d, dedicato proprio al tema della crisi d\u2019impresa nel settore pubblico. L\u2019opera, curata da Giovanni Capo e Gianluca Maria, si avvale dei contributi dei maggiori esperti nazionali di questo settore giuridico, tra i quali <strong>Vincenzo Sanasi d\u2019Arpe<\/strong>, considerato una vera e propria autorit\u00e0 nell\u2019ambito della amministrazione straordinaria delle grandi imprese in crisi. L\u2019Avvocato contribuir\u00e0 con un capitolo sulle nuove norme che regolano la crisi d\u2019impresa, entrate in vigore nel mese di giugno.<\/p>\n<h2>L\u2019analisi del Prof. Avv. Vincenzo Sanasi d\u2019Arpe sulle nuove regole sulla crisi d\u2019impresa<\/h2>\n<p>Nel testo recentemente pubblicato, il Prof. Avv. <a title=\"Vincenzo Sanasi d'Arpe al Convegno sulla crisi d\u2019impresa \" href=\"https:\/\/www.consap.it\/vincenzo-sanasi-darpe-autore-volume-giovanni-capo-gianluca-maria-esposito\/\"><strong>Vincenzo Sanasi d\u2019Arpe<\/strong><\/a> ha analizzato le nuove regole sulla crisi d\u2019impresa, entrate in vigore il 17 giugno 2023 con lo scopo di proteggere le aziende dalle conseguenze nefaste della pandemia di Covid-19 e da quelle legate alla guerra in Ucraina. Il Professore si sofferma, in particolare, su quattro cambiamenti principali. In primo luogo, sono state modificate le Misure di Allerta Precoce e Accesso alle Informazioni, in modo da individuare i problemi aziendali in anticipo e rendere pi\u00f9 facile per le aziende ricevere aiuto finanziario. Gli indicatori tradizionali di crisi e l\u2019intervento del Pubblico ministero non sono pi\u00f9 previsti. La seconda modifica citata dal Prof. <strong>Vincenzo Sanasi d\u2019Arpe<\/strong> riguarda la nascita dei cosiddetti Quadri di Ristrutturazione, con lo scopo di mantenere in attivit\u00e0 e l\u2019occupazione. Ci sono stati aggiornamenti importanti anche sul concordato preventivo in continuit\u00e0 aziendale, in modo da ridurre il ruolo del tribunale e semplificare l\u2019accesso ad aiuti. In terzo luogo, le nuove leggi sono intervenute sulle cause di ineleggibilit\u00e0 derivanti dalla procedura di liquidazione giudiziale: ora, le persone con problemi legali non potranno pi\u00f9 essere escluse da alcune opportunit\u00e0. Infine, vengono migliorate le regole per il pagamento dei debiti e il recupero del denaro. Questo per garantire che i creditori ricevano il loro denaro, ma senza distruggere l&#8217;azienda. Per evitare problemi finanziari, le aziende dovranno inoltre controllare il loro stato finanziario, pagare i debiti in tempo e usare strumenti digitali per tenere traccia flussi monetari. Questo aiuter\u00e0 le aziende a rimanere sane. Una maggiore resilienza aziendale costituisce, secondo <strong>Vincenzo Sanasi d\u2019Arpe<\/strong>, un beneficio per l&#8217;intera economia, evitando impatti negativi sulla societ\u00e0.<\/p>\n","protected":false},"excerpt":{"rendered":"<p>Il Prof. Avv. Vincenzo Sanasi d\u2019Arpe \u00e8 stato tra i relatori del convegno sulla crisi d\u2019impresa nel settore pubblico e contribuir\u00e0 con un capitolo alla redazione di un importante libro sul tema. Vincenzo Sanasi d\u2019Arpe autore di un capitolo del libro &#8220;Pubbliche Amministrazioni e Diritto della Crisi d&#8217;Impresa&#8221; Il Professore e Avvocato Vincenzo Sanasi d\u2019Arpe, Amministratore Delegato di Consap S.p.A. ed esperto di amministrazione straordinaria nelle grandi imprese in crisi,<\/p>\n<p><a class=\"continue-reading\" href=\"https:\/\/www.article-marketing.eu\/comunicatistampa\/vincenzo-sanasi-darpe-tra-gli-autori-di-pubbliche-amministrazioni-e-diritto-della-crisi-dimpresa\/\">Continue reading&#8230;<\/a><\/p>\n","protected":false},"author":6477,"featured_media":0,"comment_status":"open","ping_status":"open","sticky":false,"template":"","format":"standard","meta":{"_monsterinsights_skip_tracking":false,"_monsterinsights_sitenote_active":false,"_monsterinsights_sitenote_note":"","_monsterinsights_sitenote_category":0,"footnotes":""},"categories":[410],"tags":[10882],"class_list":["post-28768","post","type-post","status-publish","format-standard","hentry","category-libri","tag-vincenzo-sanasi-darpe"],"yoast_head":"<!-- This site is optimized with the Yoast SEO plugin v27.3 - https:\/\/yoast.com\/product\/yoast-seo-wordpress\/ -->\n<title>Vincenzo Sanasi d&#039;Arpe tra gli autori di \u201cPubbliche Amministrazioni e Diritto della Crisi d&#039;Impresa\u201d<\/title>\n<meta name=\"description\" content=\"In che modo la legge del 17 giugno modificher\u00e0 le regole della crisi aziendale? L\u2019analisi dell\u2019Avv. Prof. Vincenzo Sanasi d\u2019Arpe\" \/>\n<meta name=\"robots\" content=\"index, follow, max-snippet:-1, max-image-preview:large, max-video-preview:-1\" \/>\n<link rel=\"canonical\" href=\"https:\/\/www.article-marketing.eu\/comunicatistampa\/vincenzo-sanasi-darpe-tra-gli-autori-di-pubbliche-amministrazioni-e-diritto-della-crisi-dimpresa\/\" \/>\n<meta property=\"og:locale\" content=\"it_IT\" \/>\n<meta property=\"og:type\" content=\"article\" \/>\n<meta property=\"og:title\" content=\"Vincenzo Sanasi d&#039;Arpe tra gli autori di \u201cPubbliche Amministrazioni e Diritto della Crisi d&#039;Impresa\u201d\" \/>\n<meta property=\"og:description\" content=\"In che modo la legge del 17 giugno modificher\u00e0 le regole della crisi aziendale? L\u2019analisi dell\u2019Avv. Prof. Vincenzo Sanasi d\u2019Arpe\" \/>\n<meta property=\"og:url\" content=\"https:\/\/www.article-marketing.eu\/comunicatistampa\/vincenzo-sanasi-darpe-tra-gli-autori-di-pubbliche-amministrazioni-e-diritto-della-crisi-dimpresa\/\" \/>\n<meta property=\"og:site_name\" content=\"Article Marketing\" \/>\n<meta property=\"article:published_time\" content=\"2023-10-31T17:09:37+00:00\" \/>\n<meta property=\"og:image\" content=\"https:\/\/www.consap.it\/media\/loccnhnp\/vincenzo-sanasidarpe-2.jpg\" \/>\n<meta name=\"author\" content=\"articolinews\" \/>\n<meta name=\"twitter:card\" content=\"summary_large_image\" \/>\n<meta name=\"twitter:label1\" content=\"Scritto da\" \/>\n\t<meta name=\"twitter:data1\" content=\"articolinews\" \/>\n\t<meta name=\"twitter:label2\" content=\"Tempo di lettura stimato\" \/>\n\t<meta name=\"twitter:data2\" content=\"3 minuti\" \/>\n<script type=\"application\/ld+json\" class=\"yoast-schema-graph\">{\"@context\":\"https:\\\/\\\/schema.org\",\"@graph\":[{\"@type\":\"Article\",\"@id\":\"https:\\\/\\\/www.article-marketing.eu\\\/comunicatistampa\\\/vincenzo-sanasi-darpe-tra-gli-autori-di-pubbliche-amministrazioni-e-diritto-della-crisi-dimpresa\\\/#article\",\"isPartOf\":{\"@id\":\"https:\\\/\\\/www.article-marketing.eu\\\/comunicatistampa\\\/vincenzo-sanasi-darpe-tra-gli-autori-di-pubbliche-amministrazioni-e-diritto-della-crisi-dimpresa\\\/\"},\"author\":{\"name\":\"articolinews\",\"@id\":\"https:\\\/\\\/www.article-marketing.eu\\\/comunicatistampa\\\/#\\\/schema\\\/person\\\/2fcaf8f8f3a9eef9eb7f27532d3ca458\"},\"headline\":\"Vincenzo Sanasi d&#8217;Arpe tra gli autori di \u201cPubbliche Amministrazioni e Diritto della Crisi d&#8217;Impresa\u201d\",\"datePublished\":\"2023-10-31T17:09:37+00:00\",\"mainEntityOfPage\":{\"@id\":\"https:\\\/\\\/www.article-marketing.eu\\\/comunicatistampa\\\/vincenzo-sanasi-darpe-tra-gli-autori-di-pubbliche-amministrazioni-e-diritto-della-crisi-dimpresa\\\/\"},\"wordCount\":519,\"commentCount\":0,\"image\":{\"@id\":\"https:\\\/\\\/www.article-marketing.eu\\\/comunicatistampa\\\/vincenzo-sanasi-darpe-tra-gli-autori-di-pubbliche-amministrazioni-e-diritto-della-crisi-dimpresa\\\/#primaryimage\"},\"thumbnailUrl\":\"https:\\\/\\\/www.consap.it\\\/media\\\/loccnhnp\\\/vincenzo-sanasidarpe-2.jpg\",\"keywords\":[\"Vincenzo Sanasi d\u2019Arpe\"],\"articleSection\":[\"Libri\"],\"inLanguage\":\"it-IT\",\"potentialAction\":[{\"@type\":\"CommentAction\",\"name\":\"Comment\",\"target\":[\"https:\\\/\\\/www.article-marketing.eu\\\/comunicatistampa\\\/vincenzo-sanasi-darpe-tra-gli-autori-di-pubbliche-amministrazioni-e-diritto-della-crisi-dimpresa\\\/#respond\"]}]},{\"@type\":\"WebPage\",\"@id\":\"https:\\\/\\\/www.article-marketing.eu\\\/comunicatistampa\\\/vincenzo-sanasi-darpe-tra-gli-autori-di-pubbliche-amministrazioni-e-diritto-della-crisi-dimpresa\\\/\",\"url\":\"https:\\\/\\\/www.article-marketing.eu\\\/comunicatistampa\\\/vincenzo-sanasi-darpe-tra-gli-autori-di-pubbliche-amministrazioni-e-diritto-della-crisi-dimpresa\\\/\",\"name\":\"Vincenzo Sanasi d'Arpe tra gli autori di \u201cPubbliche Amministrazioni e Diritto della Crisi d'Impresa\u201d\",\"isPartOf\":{\"@id\":\"https:\\\/\\\/www.article-marketing.eu\\\/comunicatistampa\\\/#website\"},\"primaryImageOfPage\":{\"@id\":\"https:\\\/\\\/www.article-marketing.eu\\\/comunicatistampa\\\/vincenzo-sanasi-darpe-tra-gli-autori-di-pubbliche-amministrazioni-e-diritto-della-crisi-dimpresa\\\/#primaryimage\"},\"image\":{\"@id\":\"https:\\\/\\\/www.article-marketing.eu\\\/comunicatistampa\\\/vincenzo-sanasi-darpe-tra-gli-autori-di-pubbliche-amministrazioni-e-diritto-della-crisi-dimpresa\\\/#primaryimage\"},\"thumbnailUrl\":\"https:\\\/\\\/www.consap.it\\\/media\\\/loccnhnp\\\/vincenzo-sanasidarpe-2.jpg\",\"datePublished\":\"2023-10-31T17:09:37+00:00\",\"author\":{\"@id\":\"https:\\\/\\\/www.article-marketing.eu\\\/comunicatistampa\\\/#\\\/schema\\\/person\\\/2fcaf8f8f3a9eef9eb7f27532d3ca458\"},\"description\":\"In che modo la legge del 17 giugno modificher\u00e0 le regole della crisi aziendale? L\u2019analisi dell\u2019Avv. Prof. Vincenzo Sanasi d\u2019Arpe\",\"breadcrumb\":{\"@id\":\"https:\\\/\\\/www.article-marketing.eu\\\/comunicatistampa\\\/vincenzo-sanasi-darpe-tra-gli-autori-di-pubbliche-amministrazioni-e-diritto-della-crisi-dimpresa\\\/#breadcrumb\"},\"inLanguage\":\"it-IT\",\"potentialAction\":[{\"@type\":\"ReadAction\",\"target\":[\"https:\\\/\\\/www.article-marketing.eu\\\/comunicatistampa\\\/vincenzo-sanasi-darpe-tra-gli-autori-di-pubbliche-amministrazioni-e-diritto-della-crisi-dimpresa\\\/\"]}]},{\"@type\":\"ImageObject\",\"inLanguage\":\"it-IT\",\"@id\":\"https:\\\/\\\/www.article-marketing.eu\\\/comunicatistampa\\\/vincenzo-sanasi-darpe-tra-gli-autori-di-pubbliche-amministrazioni-e-diritto-della-crisi-dimpresa\\\/#primaryimage\",\"url\":\"https:\\\/\\\/www.consap.it\\\/media\\\/loccnhnp\\\/vincenzo-sanasidarpe-2.jpg\",\"contentUrl\":\"https:\\\/\\\/www.consap.it\\\/media\\\/loccnhnp\\\/vincenzo-sanasidarpe-2.jpg\"},{\"@type\":\"BreadcrumbList\",\"@id\":\"https:\\\/\\\/www.article-marketing.eu\\\/comunicatistampa\\\/vincenzo-sanasi-darpe-tra-gli-autori-di-pubbliche-amministrazioni-e-diritto-della-crisi-dimpresa\\\/#breadcrumb\",\"itemListElement\":[{\"@type\":\"ListItem\",\"position\":1,\"name\":\"Home\",\"item\":\"https:\\\/\\\/www.article-marketing.eu\\\/comunicatistampa\\\/\"},{\"@type\":\"ListItem\",\"position\":2,\"name\":\"Vincenzo Sanasi d&#8217;Arpe tra gli autori di \u201cPubbliche Amministrazioni e Diritto della Crisi d&#8217;Impresa\u201d\"}]},{\"@type\":\"WebSite\",\"@id\":\"https:\\\/\\\/www.article-marketing.eu\\\/comunicatistampa\\\/#website\",\"url\":\"https:\\\/\\\/www.article-marketing.eu\\\/comunicatistampa\\\/\",\"name\":\"Article Marketing\",\"description\":\"article marketing &amp; press release\",\"potentialAction\":[{\"@type\":\"SearchAction\",\"target\":{\"@type\":\"EntryPoint\",\"urlTemplate\":\"https:\\\/\\\/www.article-marketing.eu\\\/comunicatistampa\\\/?s={search_term_string}\"},\"query-input\":{\"@type\":\"PropertyValueSpecification\",\"valueRequired\":true,\"valueName\":\"search_term_string\"}}],\"inLanguage\":\"it-IT\"},{\"@type\":\"Person\",\"@id\":\"https:\\\/\\\/www.article-marketing.eu\\\/comunicatistampa\\\/#\\\/schema\\\/person\\\/2fcaf8f8f3a9eef9eb7f27532d3ca458\",\"name\":\"articolinews\",\"image\":{\"@type\":\"ImageObject\",\"inLanguage\":\"it-IT\",\"@id\":\"https:\\\/\\\/secure.gravatar.com\\\/avatar\\\/9e2a264bab04e17dea24d937c9956304649a848cb73c46747a692ff1bdeb1cb7?s=96&d=mm&r=g\",\"url\":\"https:\\\/\\\/secure.gravatar.com\\\/avatar\\\/9e2a264bab04e17dea24d937c9956304649a848cb73c46747a692ff1bdeb1cb7?s=96&d=mm&r=g\",\"contentUrl\":\"https:\\\/\\\/secure.gravatar.com\\\/avatar\\\/9e2a264bab04e17dea24d937c9956304649a848cb73c46747a692ff1bdeb1cb7?s=96&d=mm&r=g\",\"caption\":\"articolinews\"},\"url\":\"https:\\\/\\\/www.article-marketing.eu\\\/comunicatistampa\\\/author\\\/articolinews\\\/\"}]}<\/script>\n<!-- \/ Yoast SEO plugin. -->","yoast_head_json":{"title":"Vincenzo Sanasi d'Arpe tra gli autori di \u201cPubbliche Amministrazioni e Diritto della Crisi d'Impresa\u201d","description":"In che modo la legge del 17 giugno modificher\u00e0 le regole della crisi aziendale? L\u2019analisi dell\u2019Avv. Prof. Vincenzo Sanasi d\u2019Arpe","robots":{"index":"index","follow":"follow","max-snippet":"max-snippet:-1","max-image-preview":"max-image-preview:large","max-video-preview":"max-video-preview:-1"},"canonical":"https:\/\/www.article-marketing.eu\/comunicatistampa\/vincenzo-sanasi-darpe-tra-gli-autori-di-pubbliche-amministrazioni-e-diritto-della-crisi-dimpresa\/","og_locale":"it_IT","og_type":"article","og_title":"Vincenzo Sanasi d'Arpe tra gli autori di \u201cPubbliche Amministrazioni e Diritto della Crisi d'Impresa\u201d","og_description":"In che modo la legge del 17 giugno modificher\u00e0 le regole della crisi aziendale? L\u2019analisi dell\u2019Avv. Prof. Vincenzo Sanasi d\u2019Arpe","og_url":"https:\/\/www.article-marketing.eu\/comunicatistampa\/vincenzo-sanasi-darpe-tra-gli-autori-di-pubbliche-amministrazioni-e-diritto-della-crisi-dimpresa\/","og_site_name":"Article Marketing","article_published_time":"2023-10-31T17:09:37+00:00","og_image":[{"url":"https:\/\/www.consap.it\/media\/loccnhnp\/vincenzo-sanasidarpe-2.jpg","type":"","width":"","height":""}],"author":"articolinews","twitter_card":"summary_large_image","twitter_misc":{"Scritto da":"articolinews","Tempo di lettura stimato":"3 minuti"},"schema":{"@context":"https:\/\/schema.org","@graph":[{"@type":"Article","@id":"https:\/\/www.article-marketing.eu\/comunicatistampa\/vincenzo-sanasi-darpe-tra-gli-autori-di-pubbliche-amministrazioni-e-diritto-della-crisi-dimpresa\/#article","isPartOf":{"@id":"https:\/\/www.article-marketing.eu\/comunicatistampa\/vincenzo-sanasi-darpe-tra-gli-autori-di-pubbliche-amministrazioni-e-diritto-della-crisi-dimpresa\/"},"author":{"name":"articolinews","@id":"https:\/\/www.article-marketing.eu\/comunicatistampa\/#\/schema\/person\/2fcaf8f8f3a9eef9eb7f27532d3ca458"},"headline":"Vincenzo Sanasi d&#8217;Arpe tra gli autori di \u201cPubbliche Amministrazioni e Diritto della Crisi d&#8217;Impresa\u201d","datePublished":"2023-10-31T17:09:37+00:00","mainEntityOfPage":{"@id":"https:\/\/www.article-marketing.eu\/comunicatistampa\/vincenzo-sanasi-darpe-tra-gli-autori-di-pubbliche-amministrazioni-e-diritto-della-crisi-dimpresa\/"},"wordCount":519,"commentCount":0,"image":{"@id":"https:\/\/www.article-marketing.eu\/comunicatistampa\/vincenzo-sanasi-darpe-tra-gli-autori-di-pubbliche-amministrazioni-e-diritto-della-crisi-dimpresa\/#primaryimage"},"thumbnailUrl":"https:\/\/www.consap.it\/media\/loccnhnp\/vincenzo-sanasidarpe-2.jpg","keywords":["Vincenzo Sanasi d\u2019Arpe"],"articleSection":["Libri"],"inLanguage":"it-IT","potentialAction":[{"@type":"CommentAction","name":"Comment","target":["https:\/\/www.article-marketing.eu\/comunicatistampa\/vincenzo-sanasi-darpe-tra-gli-autori-di-pubbliche-amministrazioni-e-diritto-della-crisi-dimpresa\/#respond"]}]},{"@type":"WebPage","@id":"https:\/\/www.article-marketing.eu\/comunicatistampa\/vincenzo-sanasi-darpe-tra-gli-autori-di-pubbliche-amministrazioni-e-diritto-della-crisi-dimpresa\/","url":"https:\/\/www.article-marketing.eu\/comunicatistampa\/vincenzo-sanasi-darpe-tra-gli-autori-di-pubbliche-amministrazioni-e-diritto-della-crisi-dimpresa\/","name":"Vincenzo Sanasi d'Arpe tra gli autori di \u201cPubbliche Amministrazioni e Diritto della Crisi d'Impresa\u201d","isPartOf":{"@id":"https:\/\/www.article-marketing.eu\/comunicatistampa\/#website"},"primaryImageOfPage":{"@id":"https:\/\/www.article-marketing.eu\/comunicatistampa\/vincenzo-sanasi-darpe-tra-gli-autori-di-pubbliche-amministrazioni-e-diritto-della-crisi-dimpresa\/#primaryimage"},"image":{"@id":"https:\/\/www.article-marketing.eu\/comunicatistampa\/vincenzo-sanasi-darpe-tra-gli-autori-di-pubbliche-amministrazioni-e-diritto-della-crisi-dimpresa\/#primaryimage"},"thumbnailUrl":"https:\/\/www.consap.it\/media\/loccnhnp\/vincenzo-sanasidarpe-2.jpg","datePublished":"2023-10-31T17:09:37+00:00","author":{"@id":"https:\/\/www.article-marketing.eu\/comunicatistampa\/#\/schema\/person\/2fcaf8f8f3a9eef9eb7f27532d3ca458"},"description":"In che modo la legge del 17 giugno modificher\u00e0 le regole della crisi aziendale? L\u2019analisi dell\u2019Avv. Prof. Vincenzo Sanasi d\u2019Arpe","breadcrumb":{"@id":"https:\/\/www.article-marketing.eu\/comunicatistampa\/vincenzo-sanasi-darpe-tra-gli-autori-di-pubbliche-amministrazioni-e-diritto-della-crisi-dimpresa\/#breadcrumb"},"inLanguage":"it-IT","potentialAction":[{"@type":"ReadAction","target":["https:\/\/www.article-marketing.eu\/comunicatistampa\/vincenzo-sanasi-darpe-tra-gli-autori-di-pubbliche-amministrazioni-e-diritto-della-crisi-dimpresa\/"]}]},{"@type":"ImageObject","inLanguage":"it-IT","@id":"https:\/\/www.article-marketing.eu\/comunicatistampa\/vincenzo-sanasi-darpe-tra-gli-autori-di-pubbliche-amministrazioni-e-diritto-della-crisi-dimpresa\/#primaryimage","url":"https:\/\/www.consap.it\/media\/loccnhnp\/vincenzo-sanasidarpe-2.jpg","contentUrl":"https:\/\/www.consap.it\/media\/loccnhnp\/vincenzo-sanasidarpe-2.jpg"},{"@type":"BreadcrumbList","@id":"https:\/\/www.article-marketing.eu\/comunicatistampa\/vincenzo-sanasi-darpe-tra-gli-autori-di-pubbliche-amministrazioni-e-diritto-della-crisi-dimpresa\/#breadcrumb","itemListElement":[{"@type":"ListItem","position":1,"name":"Home","item":"https:\/\/www.article-marketing.eu\/comunicatistampa\/"},{"@type":"ListItem","position":2,"name":"Vincenzo Sanasi d&#8217;Arpe tra gli autori di \u201cPubbliche Amministrazioni e Diritto della Crisi d&#8217;Impresa\u201d"}]},{"@type":"WebSite","@id":"https:\/\/www.article-marketing.eu\/comunicatistampa\/#website","url":"https:\/\/www.article-marketing.eu\/comunicatistampa\/","name":"Article Marketing","description":"article marketing &amp; press release","potentialAction":[{"@type":"SearchAction","target":{"@type":"EntryPoint","urlTemplate":"https:\/\/www.article-marketing.eu\/comunicatistampa\/?s={search_term_string}"},"query-input":{"@type":"PropertyValueSpecification","valueRequired":true,"valueName":"search_term_string"}}],"inLanguage":"it-IT"},{"@type":"Person","@id":"https:\/\/www.article-marketing.eu\/comunicatistampa\/#\/schema\/person\/2fcaf8f8f3a9eef9eb7f27532d3ca458","name":"articolinews","image":{"@type":"ImageObject","inLanguage":"it-IT","@id":"https:\/\/secure.gravatar.com\/avatar\/9e2a264bab04e17dea24d937c9956304649a848cb73c46747a692ff1bdeb1cb7?s=96&d=mm&r=g","url":"https:\/\/secure.gravatar.com\/avatar\/9e2a264bab04e17dea24d937c9956304649a848cb73c46747a692ff1bdeb1cb7?s=96&d=mm&r=g","contentUrl":"https:\/\/secure.gravatar.com\/avatar\/9e2a264bab04e17dea24d937c9956304649a848cb73c46747a692ff1bdeb1cb7?s=96&d=mm&r=g","caption":"articolinews"},"url":"https:\/\/www.article-marketing.eu\/comunicatistampa\/author\/articolinews\/"}]}},"_links":{"self":[{"href":"https:\/\/www.article-marketing.eu\/comunicatistampa\/wp-json\/wp\/v2\/posts\/28768","targetHints":{"allow":["GET"]}}],"collection":[{"href":"https:\/\/www.article-marketing.eu\/comunicatistampa\/wp-json\/wp\/v2\/posts"}],"about":[{"href":"https:\/\/www.article-marketing.eu\/comunicatistampa\/wp-json\/wp\/v2\/types\/post"}],"author":[{"embeddable":true,"href":"https:\/\/www.article-marketing.eu\/comunicatistampa\/wp-json\/wp\/v2\/users\/6477"}],"replies":[{"embeddable":true,"href":"https:\/\/www.article-marketing.eu\/comunicatistampa\/wp-json\/wp\/v2\/comments?post=28768"}],"version-history":[{"count":3,"href":"https:\/\/www.article-marketing.eu\/comunicatistampa\/wp-json\/wp\/v2\/posts\/28768\/revisions"}],"predecessor-version":[{"id":28831,"href":"https:\/\/www.article-marketing.eu\/comunicatistampa\/wp-json\/wp\/v2\/posts\/28768\/revisions\/28831"}],"wp:attachment":[{"href":"https:\/\/www.article-marketing.eu\/comunicatistampa\/wp-json\/wp\/v2\/media?parent=28768"}],"wp:term":[{"taxonomy":"category","embeddable":true,"href":"https:\/\/www.article-marketing.eu\/comunicatistampa\/wp-json\/wp\/v2\/categories?post=28768"},{"taxonomy":"post_tag","embeddable":true,"href":"https:\/\/www.article-marketing.eu\/comunicatistampa\/wp-json\/wp\/v2\/tags?post=28768"}],"curies":[{"name":"wp","href":"https:\/\/api.w.org\/{rel}","templated":true}]}}