{"id":28774,"date":"2023-10-31T18:09:52","date_gmt":"2023-10-31T17:09:52","guid":{"rendered":"https:\/\/www.article-marketing.eu\/comunicatistampa\/?p=28774"},"modified":"2023-10-31T18:09:52","modified_gmt":"2023-10-31T17:09:52","slug":"la-formazione-sulla-scelta-e-uso-dei-dpi-per-le-vie-respiratorie","status":"publish","type":"post","link":"https:\/\/www.article-marketing.eu\/comunicatistampa\/la-formazione-sulla-scelta-e-uso-dei-dpi-per-le-vie-respiratorie\/","title":{"rendered":"La formazione sulla scelta e uso dei DPI per le vie respiratorie"},"content":{"rendered":"<h1>Comunicato Stampa<\/h1>\n<h1>La formazione sulla scelta e uso dei DPI per le vie respiratorie<\/h1>\n<h1><\/h1>\n<p><strong><em>Un corso a Brescia il 13 e 14 novembre 2023 fornir\u00e0 a formatori, addetti e consulenti le nozioni, le competenze e gli strumenti utili alla scelta ed utilizzo corretto dei dispositivi di protezione individuale per le vie respiratorie.<\/em><\/strong><\/p>\n<p>&nbsp;<\/p>\n<p>I <strong>dispositivi di protezione individuale<\/strong> (DPI) sono importanti attrezzature destinate ad essere indossate e utilizzate dai lavoratori al fine di preservarli da uno o pi\u00f9 rischi che potrebbero minacciare la loro sicurezza o salute durante l&#8217;attivit\u00e0 lavorativa.<\/p>\n<p>E il loro uso, come ricordato dal Testo unico in materia di tutela della salute e della sicurezza nei luoghi di lavoro (<strong>D.Lgs. 81\/2008<\/strong>), diventa obbligatorio quando i rischi lavorativi non possono essere evitati o ridotti da idonee misure tecniche di prevenzione, da mezzi di protezione collettiva o da misure, metodi o procedimenti di riorganizzazione del lavoro.<\/p>\n<p>&nbsp;<\/p>\n<p>Tra questi DPI un ruolo importante \u00e8 rivestito dagli <strong>apparecchi per la protezione delle vie respiratorie<\/strong> (APVR) per i quali, in quanto <strong>DPI di terza categoria<\/strong>, destinati a salvaguardare il lavoratore da infortuni gravi o mortali, \u00e8 previsto un obbligo di informazione, formazione e addestramento circa le modalit\u00e0 del loro corretto impiego.<\/p>\n<p>Tuttavia, nonostante questo obbligo normativo, molte aziende presentano ancora ritardi e carenze nella formazione dei dipendenti sulle corrette procedure per l&#8217;uso di tali dispositivi.<\/p>\n<p>&nbsp;<\/p>\n<p><strong>Esistono corsi che possono contribuire a migliorare la scelta e l&#8217;utilizzo corretto dei dispositivi di protezione delle vie respiratorie? Sono disponibili percorsi di formazione per affrontare gli aspetti relativi alla normativa, alla valutazione e all&#8217;uso degli APVR?<\/strong><\/p>\n<p>&nbsp;<\/p>\n<p><strong>Un nuovo corso sui DPI per la protezione delle vie respiratorie<\/strong><\/p>\n<p>Per migliorare l\u2019utilizzo di questi importanti dispositivi in materia di salute e sicurezza l\u2019<strong>Associazione Italiana Formatori ed Operatori della Sicurezza sul Lavoro<\/strong> (AiFOS) organizza nei giorni <strong>13 e 14 novembre 2023 <\/strong>a <strong>Brescia<\/strong> un corso di 16 ore in presenza dal titolo \u201c<strong>DPI per la protezione delle vie respiratorie. Normativa, valutazione ed utilizzo. Novit\u00e0 e modifiche introdotte<\/strong>\u201d.<\/p>\n<p>&nbsp;<\/p>\n<p>Il corso ha l\u2019<strong>obiettivo<\/strong> di fornire ai formatori, addetti e consulenti in materia di salute e sicurezza sul lavoro le nozioni, le competenze e gli strumenti utili alla scelta ed utilizzo corretto dei DPI per le vie respiratorie.<\/p>\n<p>&nbsp;<\/p>\n<p>Il percorso \u00e8 costituito da una <strong>prima parte teorica<\/strong> di introduzione con riferimenti normativi e operativi, durante la quale verranno presentati i principali DPI e le loro caratteristiche, gli agenti inquinanti, i limiti di esposizione e la valutazione corretta per scegliere il DPI idoneo. Successivamente verr\u00e0 svolta una <strong>seconda parte pi\u00f9 pratica<\/strong> dove verranno date le indicazioni per l\u2019organizzazione di una corretta formazione e addestramento all\u2019uso degli APVR e verranno svolte delle prove di adattabilit\u00e0 (<strong>Fit test<\/strong>).<\/p>\n<p>&nbsp;<\/p>\n<p>I <strong>docenti<\/strong>:<\/p>\n<ul>\n<li><strong>Roberto Marasi<\/strong>: formatore qualificato AiFOS, esperto in tematiche relative all\u2019utilizzo dei DPI<\/li>\n<li><strong>Marco Magro<\/strong>: formatore qualificato AiFOS, esperto in tematiche relative all\u2019utilizzo degli APVR, membro commissione UNI protezione delle vie respiratorie, fit tester certificato<\/li>\n<\/ul>\n<p><strong>\u00a0<\/strong><\/p>\n<p><strong>La scelta dei DPI per la protezione delle vie respiratorie <\/strong><\/p>\n<p>I <strong>dispositivi di protezione delle vie respiratorie<\/strong> si distinguono essenzialmente in due categorie:<\/p>\n<ul>\n<li><strong>dispositivi filtranti<\/strong> (o respiratori a filtro), in grado di trattenere le sostanze inquinanti presenti nell\u2019ambiente;<\/li>\n<li><strong>respiratori<\/strong> (isolanti), in grado di rendere indipendente l\u2019utilizzatore dall\u2019ambiente inquinato.<\/li>\n<\/ul>\n<p>E il loro funzionamento consiste nel filtrare l\u2019aria inquinata o nel fornire aria respirabile da una sorgente alternativa all\u2019aria pericolosa dell\u2019ambiente di lavoro.<\/p>\n<p>&nbsp;<\/p>\n<p>La scelta del tipo di dispositivo filtrante o respiratore deve essere fatta solo dopo una corretta valutazione dei rischi lavorativi e in correlazione al tipo di attivit\u00e0 svolta, alla qualit\u00e0 e quantit\u00e0 dell\u2019agente inquinante e ai valori limite stabiliti dalla norma o, laddove assenti, dagli elenchi delle organizzazioni scientifiche riconosciute.<\/p>\n<p>&nbsp;<\/p>\n<p>Inoltre nella scelta dei DPI\/APVR pi\u00f9 adeguati bisogna tener conto anche di vari altri fattori come, ad esempio, la fatica e durata dell\u2019attivit\u00e0, la durata dei filtri, la libert\u00e0 di movimento, il campo visivo e l\u2019ergonomia.<\/p>\n<p>&nbsp;<\/p>\n<p><strong>Informazioni e programma del corso in presenza sui DPI<\/strong><\/p>\n<p>Il corso di 16 ore in presenza \u201c<strong>DPI per la protezione delle vie respiratorie. Normativa, valutazione ed utilizzo. Novit\u00e0 e modifiche introdotte<\/strong>\u201d si terr\u00e0 a <strong>Brescia<\/strong> il <strong>13 e 14 novembre 2023 &#8211; <\/strong>&#8211; presso AiFOS Service in via Branze 45, c\/o CSMT, Universit\u00e0 degli studi di Brescia.<\/p>\n<p>&nbsp;<\/p>\n<p>Questi gli <strong>argomenti<\/strong> affrontati nel corso:<\/p>\n<ul>\n<li><strong>Prima giornata <\/strong>(<strong>13 novembre<\/strong>, dalle 8:30 alle 13:00 e dalle 14:00 alle 17:30):\n<ul>\n<li>normativa di riferimento: D.Lgs. n. 81\/08 e UNI 11719:2018<\/li>\n<li>Regolamento UE 2016\/425 del 9 marzo 2016: esame UE del tipo, Controllo della produzione<\/li>\n<li>l\u2019importanza della protezione delle vie respiratorie;<\/li>\n<li>valutazione del rischio per scelta APVR<\/li>\n<li>agenti inquinanti;<\/li>\n<li>limiti di esposizione;<\/li>\n<li>gli strumenti di rilevazione;<\/li>\n<li>scelta idoneo APVR: tipologie e caratteristiche;<\/li>\n<li>esercitazione di gruppo sulla corretta vestizione dei DPI.<\/li>\n<\/ul>\n<\/li>\n<li><strong>Seconda giornata<\/strong> (<strong>14 novembre<\/strong>, dalle 8:30 alle 13:00 e dalle 13:30 alle 17:00)\n<ul>\n<li>manutenzione e registrazioni<\/li>\n<li>progettare percorso formativo APVR<\/li>\n<li>test adattabilit\u00e0: qualitativo, pro e contro \u2013 attivit\u00e0 pratica<\/li>\n<li>test adattabilit\u00e0: quantitativo CNC, pro e contro \u2013 attivit\u00e0 pratica<\/li>\n<li>test adattabilit\u00e0: quantitativo CNP, pro e contro \u2013 attivit\u00e0 pratica<\/li>\n<li>test di verifica dell\u2019apprendimento<\/li>\n<\/ul>\n<\/li>\n<\/ul>\n<p>&nbsp;<\/p>\n<p>La partecipazione al corso vale come 16 ore di <strong>aggiornamento<\/strong> per RSPP\/ASPP, Formatori qualificati (area 2) e Coordinatori alla sicurezza. Il corso \u00e8 valido anche ai fini della formazione specifica prevista per il Manager HSE (area tecnica in materia di sicurezza sul lavoro) e ai fini della formazione necessaria per l&#8217;iscrizione al Registro Consulenti AiFOS (ambito sicurezza sul lavoro).<\/p>\n<p>&nbsp;<\/p>\n<p>Per avere ulteriori dettagli sul corso e iscriversi, \u00e8 possibile utilizzare questo link: <a href=\"https:\/\/aifos.org\/home\/formazione\/corsi\/corsi-in-programma\/corsi-in-programma\/dpi-per-la-protezione-delle-vie-respiratorie\">https:\/\/aifos.org\/home\/formazione\/corsi\/corsi-in-programma\/corsi-in-programma\/dpi-per-la-protezione-delle-vie-respiratorie<\/a><\/p>\n<p>&nbsp;<\/p>\n<p>Per informazioni e iscrizioni:<\/p>\n<p><strong>Sede nazionale AiFOS<\/strong> &#8211; via Branze, 45 &#8211; 25123 Brescia c\/o CSMT, Universit\u00e0 degli Studi di Brescia &#8211; tel.030.6595035 &#8211; fax 030.6595040 <a href=\"http:\/\/www.aifos.it\">www.aifos.it<\/a>\u00a0 &#8211; <a href=\"mailto:info@aifos.it\">info@aifos.it<\/a> &#8211; formarsi@aifos.it<\/p>\n<p>&nbsp;<\/p>\n<p><em>26 ottobre 2023<\/em><\/p>\n<p><em>\u00a0<\/em><\/p>\n<p>&nbsp;<\/p>\n<p>Ufficio Stampa di AiFOS<\/p>\n<p>ufficiostampa@aifos.it<\/p>\n<p>http:\/\/www.aifos.it\/<\/p>\n","protected":false},"excerpt":{"rendered":"<p>Comunicato Stampa La formazione sulla scelta e uso dei DPI per le vie respiratorie Un corso a Brescia il 13 e 14 novembre 2023 fornir\u00e0 a formatori, addetti e consulenti le nozioni, le competenze e gli strumenti utili alla scelta ed utilizzo corretto dei dispositivi di protezione individuale per le vie respiratorie. &nbsp; I dispositivi di protezione individuale (DPI) sono importanti attrezzature destinate ad essere indossate e utilizzate dai lavoratori<\/p>\n<p><a class=\"continue-reading\" href=\"https:\/\/www.article-marketing.eu\/comunicatistampa\/la-formazione-sulla-scelta-e-uso-dei-dpi-per-le-vie-respiratorie\/\">Continue reading&#8230;<\/a><\/p>\n","protected":false},"author":881,"featured_media":0,"comment_status":"open","ping_status":"open","sticky":false,"template":"","format":"standard","meta":{"_monsterinsights_skip_tracking":false,"_monsterinsights_sitenote_active":false,"_monsterinsights_sitenote_note":"","_monsterinsights_sitenote_category":0,"footnotes":""},"categories":[78,379,386,378,394],"tags":[3301,4903,10453,10455,3235,9141,791,4647,10885,10456,10449,10452,10459,10460,10454,10884],"class_list":["post-28774","post","type-post","status-publish","format-standard","hentry","category-comunicati-stampa","category-corsi","category-economia-e-lavoro","category-istruzione","category-servizi","tag-aifos","tag-aifos-service","tag-apparecchi-di-protezione-delle-vie-respiratorie","tag-apvr","tag-brescia","tag-corsi-in-presenza","tag-corso","tag-dispositivi-di-protezione-individuale","tag-dispositivi-filtranti","tag-dpi-di-terza-categoria","tag-dpi-per-la-protezione-delle-vie-respiratorie-normativa","tag-fit-test","tag-maschere","tag-respiratori","tag-uni-117192018","tag-valutazione-ed-utilizzo-novita-e-modifiche-introdotte"],"yoast_head":"<!-- This site is optimized with the Yoast SEO plugin v27.3 - https:\/\/yoast.com\/product\/yoast-seo-wordpress\/ -->\n<title>La formazione sulla scelta e uso dei DPI per le vie respiratorie - Article Marketing<\/title>\n<meta name=\"robots\" content=\"index, follow, max-snippet:-1, max-image-preview:large, max-video-preview:-1\" \/>\n<link rel=\"canonical\" href=\"https:\/\/www.article-marketing.eu\/comunicatistampa\/la-formazione-sulla-scelta-e-uso-dei-dpi-per-le-vie-respiratorie\/\" \/>\n<meta property=\"og:locale\" content=\"it_IT\" \/>\n<meta property=\"og:type\" content=\"article\" \/>\n<meta property=\"og:title\" content=\"La formazione sulla scelta e uso dei DPI per le vie respiratorie - Article Marketing\" \/>\n<meta property=\"og:description\" content=\"Comunicato Stampa La formazione sulla scelta e uso dei DPI per le vie respiratorie Un corso a Brescia il 13 e 14 novembre 2023 fornir\u00e0 a formatori, addetti e consulenti le nozioni, le competenze e gli strumenti utili alla scelta ed utilizzo corretto dei dispositivi di protezione individuale per le vie respiratorie. &nbsp; I dispositivi di protezione individuale (DPI) sono importanti attrezzature destinate ad essere indossate e utilizzate dai lavoratoriContinue reading...\" \/>\n<meta property=\"og:url\" content=\"https:\/\/www.article-marketing.eu\/comunicatistampa\/la-formazione-sulla-scelta-e-uso-dei-dpi-per-le-vie-respiratorie\/\" \/>\n<meta property=\"og:site_name\" content=\"Article Marketing\" \/>\n<meta property=\"article:published_time\" content=\"2023-10-31T17:09:52+00:00\" \/>\n<meta name=\"author\" content=\"AIFUS\" \/>\n<meta name=\"twitter:card\" content=\"summary_large_image\" \/>\n<meta name=\"twitter:label1\" content=\"Scritto da\" \/>\n\t<meta name=\"twitter:data1\" content=\"AIFUS\" \/>\n\t<meta name=\"twitter:label2\" content=\"Tempo di lettura stimato\" \/>\n\t<meta name=\"twitter:data2\" content=\"5 minuti\" \/>\n<script type=\"application\/ld+json\" class=\"yoast-schema-graph\">{\"@context\":\"https:\\\/\\\/schema.org\",\"@graph\":[{\"@type\":\"Article\",\"@id\":\"https:\\\/\\\/www.article-marketing.eu\\\/comunicatistampa\\\/la-formazione-sulla-scelta-e-uso-dei-dpi-per-le-vie-respiratorie\\\/#article\",\"isPartOf\":{\"@id\":\"https:\\\/\\\/www.article-marketing.eu\\\/comunicatistampa\\\/la-formazione-sulla-scelta-e-uso-dei-dpi-per-le-vie-respiratorie\\\/\"},\"author\":{\"name\":\"AIFUS\",\"@id\":\"https:\\\/\\\/www.article-marketing.eu\\\/comunicatistampa\\\/#\\\/schema\\\/person\\\/d1985c4955ff71a05f49d68e3034b3cd\"},\"headline\":\"La formazione sulla scelta e uso dei DPI per le vie respiratorie\",\"datePublished\":\"2023-10-31T17:09:52+00:00\",\"mainEntityOfPage\":{\"@id\":\"https:\\\/\\\/www.article-marketing.eu\\\/comunicatistampa\\\/la-formazione-sulla-scelta-e-uso-dei-dpi-per-le-vie-respiratorie\\\/\"},\"wordCount\":963,\"commentCount\":0,\"keywords\":[\"Aifos\",\"Aifos Service\",\"apparecchi di protezione delle vie respiratorie\",\"APVR\",\"Brescia\",\"corsi in presenza\",\"corso\",\"dispositivi di protezione individuale\",\"dispositivi filtranti\",\"DPI di terza categoria\",\"DPI per la protezione delle vie respiratorie. Normativa\",\"Fit test\",\"maschere\",\"respiratori\",\"UNI 11719:2018\",\"valutazione ed utilizzo. Novit\u00e0 e modifiche introdotte\"],\"articleSection\":[\"Comunicati stampa\",\"Corsi\",\"Economia e lavoro\",\"Istruzione\",\"Servizi\"],\"inLanguage\":\"it-IT\",\"potentialAction\":[{\"@type\":\"CommentAction\",\"name\":\"Comment\",\"target\":[\"https:\\\/\\\/www.article-marketing.eu\\\/comunicatistampa\\\/la-formazione-sulla-scelta-e-uso-dei-dpi-per-le-vie-respiratorie\\\/#respond\"]}]},{\"@type\":\"WebPage\",\"@id\":\"https:\\\/\\\/www.article-marketing.eu\\\/comunicatistampa\\\/la-formazione-sulla-scelta-e-uso-dei-dpi-per-le-vie-respiratorie\\\/\",\"url\":\"https:\\\/\\\/www.article-marketing.eu\\\/comunicatistampa\\\/la-formazione-sulla-scelta-e-uso-dei-dpi-per-le-vie-respiratorie\\\/\",\"name\":\"La formazione sulla scelta e uso dei DPI per le vie respiratorie - Article Marketing\",\"isPartOf\":{\"@id\":\"https:\\\/\\\/www.article-marketing.eu\\\/comunicatistampa\\\/#website\"},\"datePublished\":\"2023-10-31T17:09:52+00:00\",\"author\":{\"@id\":\"https:\\\/\\\/www.article-marketing.eu\\\/comunicatistampa\\\/#\\\/schema\\\/person\\\/d1985c4955ff71a05f49d68e3034b3cd\"},\"breadcrumb\":{\"@id\":\"https:\\\/\\\/www.article-marketing.eu\\\/comunicatistampa\\\/la-formazione-sulla-scelta-e-uso-dei-dpi-per-le-vie-respiratorie\\\/#breadcrumb\"},\"inLanguage\":\"it-IT\",\"potentialAction\":[{\"@type\":\"ReadAction\",\"target\":[\"https:\\\/\\\/www.article-marketing.eu\\\/comunicatistampa\\\/la-formazione-sulla-scelta-e-uso-dei-dpi-per-le-vie-respiratorie\\\/\"]}]},{\"@type\":\"BreadcrumbList\",\"@id\":\"https:\\\/\\\/www.article-marketing.eu\\\/comunicatistampa\\\/la-formazione-sulla-scelta-e-uso-dei-dpi-per-le-vie-respiratorie\\\/#breadcrumb\",\"itemListElement\":[{\"@type\":\"ListItem\",\"position\":1,\"name\":\"Home\",\"item\":\"https:\\\/\\\/www.article-marketing.eu\\\/comunicatistampa\\\/\"},{\"@type\":\"ListItem\",\"position\":2,\"name\":\"La formazione sulla scelta e uso dei DPI per le vie respiratorie\"}]},{\"@type\":\"WebSite\",\"@id\":\"https:\\\/\\\/www.article-marketing.eu\\\/comunicatistampa\\\/#website\",\"url\":\"https:\\\/\\\/www.article-marketing.eu\\\/comunicatistampa\\\/\",\"name\":\"Article Marketing\",\"description\":\"article marketing &amp; press release\",\"potentialAction\":[{\"@type\":\"SearchAction\",\"target\":{\"@type\":\"EntryPoint\",\"urlTemplate\":\"https:\\\/\\\/www.article-marketing.eu\\\/comunicatistampa\\\/?s={search_term_string}\"},\"query-input\":{\"@type\":\"PropertyValueSpecification\",\"valueRequired\":true,\"valueName\":\"search_term_string\"}}],\"inLanguage\":\"it-IT\"},{\"@type\":\"Person\",\"@id\":\"https:\\\/\\\/www.article-marketing.eu\\\/comunicatistampa\\\/#\\\/schema\\\/person\\\/d1985c4955ff71a05f49d68e3034b3cd\",\"name\":\"AIFUS\",\"image\":{\"@type\":\"ImageObject\",\"inLanguage\":\"it-IT\",\"@id\":\"https:\\\/\\\/secure.gravatar.com\\\/avatar\\\/05cf2a2ba057667571308b94c84f00ff48766ffac95710a87491a9b3ddcee484?s=96&d=mm&r=g\",\"url\":\"https:\\\/\\\/secure.gravatar.com\\\/avatar\\\/05cf2a2ba057667571308b94c84f00ff48766ffac95710a87491a9b3ddcee484?s=96&d=mm&r=g\",\"contentUrl\":\"https:\\\/\\\/secure.gravatar.com\\\/avatar\\\/05cf2a2ba057667571308b94c84f00ff48766ffac95710a87491a9b3ddcee484?s=96&d=mm&r=g\",\"caption\":\"AIFUS\"},\"url\":\"https:\\\/\\\/www.article-marketing.eu\\\/comunicatistampa\\\/author\\\/aifus\\\/\"}]}<\/script>\n<!-- \/ Yoast SEO plugin. -->","yoast_head_json":{"title":"La formazione sulla scelta e uso dei DPI per le vie respiratorie - Article Marketing","robots":{"index":"index","follow":"follow","max-snippet":"max-snippet:-1","max-image-preview":"max-image-preview:large","max-video-preview":"max-video-preview:-1"},"canonical":"https:\/\/www.article-marketing.eu\/comunicatistampa\/la-formazione-sulla-scelta-e-uso-dei-dpi-per-le-vie-respiratorie\/","og_locale":"it_IT","og_type":"article","og_title":"La formazione sulla scelta e uso dei DPI per le vie respiratorie - Article Marketing","og_description":"Comunicato Stampa La formazione sulla scelta e uso dei DPI per le vie respiratorie Un corso a Brescia il 13 e 14 novembre 2023 fornir\u00e0 a formatori, addetti e consulenti le nozioni, le competenze e gli strumenti utili alla scelta ed utilizzo corretto dei dispositivi di protezione individuale per le vie respiratorie. &nbsp; I dispositivi di protezione individuale (DPI) sono importanti attrezzature destinate ad essere indossate e utilizzate dai lavoratoriContinue reading...","og_url":"https:\/\/www.article-marketing.eu\/comunicatistampa\/la-formazione-sulla-scelta-e-uso-dei-dpi-per-le-vie-respiratorie\/","og_site_name":"Article Marketing","article_published_time":"2023-10-31T17:09:52+00:00","author":"AIFUS","twitter_card":"summary_large_image","twitter_misc":{"Scritto da":"AIFUS","Tempo di lettura stimato":"5 minuti"},"schema":{"@context":"https:\/\/schema.org","@graph":[{"@type":"Article","@id":"https:\/\/www.article-marketing.eu\/comunicatistampa\/la-formazione-sulla-scelta-e-uso-dei-dpi-per-le-vie-respiratorie\/#article","isPartOf":{"@id":"https:\/\/www.article-marketing.eu\/comunicatistampa\/la-formazione-sulla-scelta-e-uso-dei-dpi-per-le-vie-respiratorie\/"},"author":{"name":"AIFUS","@id":"https:\/\/www.article-marketing.eu\/comunicatistampa\/#\/schema\/person\/d1985c4955ff71a05f49d68e3034b3cd"},"headline":"La formazione sulla scelta e uso dei DPI per le vie respiratorie","datePublished":"2023-10-31T17:09:52+00:00","mainEntityOfPage":{"@id":"https:\/\/www.article-marketing.eu\/comunicatistampa\/la-formazione-sulla-scelta-e-uso-dei-dpi-per-le-vie-respiratorie\/"},"wordCount":963,"commentCount":0,"keywords":["Aifos","Aifos Service","apparecchi di protezione delle vie respiratorie","APVR","Brescia","corsi in presenza","corso","dispositivi di protezione individuale","dispositivi filtranti","DPI di terza categoria","DPI per la protezione delle vie respiratorie. Normativa","Fit test","maschere","respiratori","UNI 11719:2018","valutazione ed utilizzo. Novit\u00e0 e modifiche introdotte"],"articleSection":["Comunicati stampa","Corsi","Economia e lavoro","Istruzione","Servizi"],"inLanguage":"it-IT","potentialAction":[{"@type":"CommentAction","name":"Comment","target":["https:\/\/www.article-marketing.eu\/comunicatistampa\/la-formazione-sulla-scelta-e-uso-dei-dpi-per-le-vie-respiratorie\/#respond"]}]},{"@type":"WebPage","@id":"https:\/\/www.article-marketing.eu\/comunicatistampa\/la-formazione-sulla-scelta-e-uso-dei-dpi-per-le-vie-respiratorie\/","url":"https:\/\/www.article-marketing.eu\/comunicatistampa\/la-formazione-sulla-scelta-e-uso-dei-dpi-per-le-vie-respiratorie\/","name":"La formazione sulla scelta e uso dei DPI per le vie respiratorie - Article Marketing","isPartOf":{"@id":"https:\/\/www.article-marketing.eu\/comunicatistampa\/#website"},"datePublished":"2023-10-31T17:09:52+00:00","author":{"@id":"https:\/\/www.article-marketing.eu\/comunicatistampa\/#\/schema\/person\/d1985c4955ff71a05f49d68e3034b3cd"},"breadcrumb":{"@id":"https:\/\/www.article-marketing.eu\/comunicatistampa\/la-formazione-sulla-scelta-e-uso-dei-dpi-per-le-vie-respiratorie\/#breadcrumb"},"inLanguage":"it-IT","potentialAction":[{"@type":"ReadAction","target":["https:\/\/www.article-marketing.eu\/comunicatistampa\/la-formazione-sulla-scelta-e-uso-dei-dpi-per-le-vie-respiratorie\/"]}]},{"@type":"BreadcrumbList","@id":"https:\/\/www.article-marketing.eu\/comunicatistampa\/la-formazione-sulla-scelta-e-uso-dei-dpi-per-le-vie-respiratorie\/#breadcrumb","itemListElement":[{"@type":"ListItem","position":1,"name":"Home","item":"https:\/\/www.article-marketing.eu\/comunicatistampa\/"},{"@type":"ListItem","position":2,"name":"La formazione sulla scelta e uso dei DPI per le vie respiratorie"}]},{"@type":"WebSite","@id":"https:\/\/www.article-marketing.eu\/comunicatistampa\/#website","url":"https:\/\/www.article-marketing.eu\/comunicatistampa\/","name":"Article Marketing","description":"article marketing &amp; press release","potentialAction":[{"@type":"SearchAction","target":{"@type":"EntryPoint","urlTemplate":"https:\/\/www.article-marketing.eu\/comunicatistampa\/?s={search_term_string}"},"query-input":{"@type":"PropertyValueSpecification","valueRequired":true,"valueName":"search_term_string"}}],"inLanguage":"it-IT"},{"@type":"Person","@id":"https:\/\/www.article-marketing.eu\/comunicatistampa\/#\/schema\/person\/d1985c4955ff71a05f49d68e3034b3cd","name":"AIFUS","image":{"@type":"ImageObject","inLanguage":"it-IT","@id":"https:\/\/secure.gravatar.com\/avatar\/05cf2a2ba057667571308b94c84f00ff48766ffac95710a87491a9b3ddcee484?s=96&d=mm&r=g","url":"https:\/\/secure.gravatar.com\/avatar\/05cf2a2ba057667571308b94c84f00ff48766ffac95710a87491a9b3ddcee484?s=96&d=mm&r=g","contentUrl":"https:\/\/secure.gravatar.com\/avatar\/05cf2a2ba057667571308b94c84f00ff48766ffac95710a87491a9b3ddcee484?s=96&d=mm&r=g","caption":"AIFUS"},"url":"https:\/\/www.article-marketing.eu\/comunicatistampa\/author\/aifus\/"}]}},"_links":{"self":[{"href":"https:\/\/www.article-marketing.eu\/comunicatistampa\/wp-json\/wp\/v2\/posts\/28774","targetHints":{"allow":["GET"]}}],"collection":[{"href":"https:\/\/www.article-marketing.eu\/comunicatistampa\/wp-json\/wp\/v2\/posts"}],"about":[{"href":"https:\/\/www.article-marketing.eu\/comunicatistampa\/wp-json\/wp\/v2\/types\/post"}],"author":[{"embeddable":true,"href":"https:\/\/www.article-marketing.eu\/comunicatistampa\/wp-json\/wp\/v2\/users\/881"}],"replies":[{"embeddable":true,"href":"https:\/\/www.article-marketing.eu\/comunicatistampa\/wp-json\/wp\/v2\/comments?post=28774"}],"version-history":[{"count":3,"href":"https:\/\/www.article-marketing.eu\/comunicatistampa\/wp-json\/wp\/v2\/posts\/28774\/revisions"}],"predecessor-version":[{"id":28833,"href":"https:\/\/www.article-marketing.eu\/comunicatistampa\/wp-json\/wp\/v2\/posts\/28774\/revisions\/28833"}],"wp:attachment":[{"href":"https:\/\/www.article-marketing.eu\/comunicatistampa\/wp-json\/wp\/v2\/media?parent=28774"}],"wp:term":[{"taxonomy":"category","embeddable":true,"href":"https:\/\/www.article-marketing.eu\/comunicatistampa\/wp-json\/wp\/v2\/categories?post=28774"},{"taxonomy":"post_tag","embeddable":true,"href":"https:\/\/www.article-marketing.eu\/comunicatistampa\/wp-json\/wp\/v2\/tags?post=28774"}],"curies":[{"name":"wp","href":"https:\/\/api.w.org\/{rel}","templated":true}]}}