{"id":28776,"date":"2023-11-05T22:21:52","date_gmt":"2023-11-05T21:21:52","guid":{"rendered":"https:\/\/www.article-marketing.eu\/comunicatistampa\/?p=28776"},"modified":"2023-11-05T22:21:52","modified_gmt":"2023-11-05T21:21:52","slug":"luca-dal-fabbro-economia-circolare-e-sostenibilita-nei-libri-del-presidente-di-iren","status":"publish","type":"post","link":"https:\/\/www.article-marketing.eu\/comunicatistampa\/luca-dal-fabbro-economia-circolare-e-sostenibilita-nei-libri-del-presidente-di-iren\/","title":{"rendered":"Luca Dal Fabbro: economia circolare e sostenibilit\u00e0 nei libri del Presidente di Iren"},"content":{"rendered":"<p><em><strong>\u201cLa misurazione delle performance ESG \u00e8 fondamentale per sviluppare un\u2019economia e un\u2019industria pi\u00f9 sostenibili\u201d: lo afferma il Presidente di Iren <a title=\"Biografia di Luca Dal Fabbro su &quot;Il Giardino dei Libri&quot;\" href=\"https:\/\/www.ilgiardinodeilibri.it\/autori\/_luca-dal-fabbro.php\">Luca Dal Fabbro<\/a>, sottolineando la centralit\u00e0 degli aspetti valoriali e di sostenibilit\u00e0 nell\u2019economia del futuro.<\/strong><\/em><\/p>\n<p><strong>\u00a0<a title=\"La carriera di Luca Dal Fabbro e le pubblicazioni\" href=\"https:\/\/www.ilgiardinodeilibri.it\/autori\/_luca-dal-fabbro.php\"><img loading=\"lazy\" decoding=\"async\" src=\"https:\/\/cs.ilgiardinodeilibri.it\/foto\/thumb\/l\/luca-dal-fabbro.jpg?_=1512686283\" alt=\"Luca Dal Fabbro\" width=\"150\" height=\"150\" \/><\/a><\/strong><\/p>\n<h2>Luca Dal Fabbro, carriera e competenze del Presidente di Iren<\/h2>\n<p><strong>Luca Dal Fabbro<\/strong>, Presidente di Iren, vanta una lunga carriera in settori quali energia, sostenibilit\u00e0, finanza e innovazione. In seguito al conseguimento della laurea in Ingegneria Chimica presso l\u2019Universit\u00e0 La Sapienza di Roma, ha potenziato la propria formazione con un Master in Politica Internazionale presso l&#8217;ULB al Centre des Etudes Internationales et strategiques di Bruxelles, seguito dalla frequentazione del MIT Sloan School di Boston nel campo dell&#8217;Advance Management. In seguito agli studi, <strong>Luca Dal Fabbro<\/strong> ha ricoperto cariche di responsabilit\u00e0 in alcune delle pi\u00f9 importanti realt\u00e0 della finanza e dei servizi energetici internazionali, tra cui Snam, ENEL Energia e E.On Italia. Collabora inoltre con prestigiose istituzioni quali la Fondazione Snam e l&#8217;Istituto Affari Internazionali.<\/p>\n<h2>I libri di Luca Dal Fabbro: \u201cL\u2019Economia del Girotondo\u201d e \u201cESG. La Misurazione della Sostenibilit\u00e0\u201d<\/h2>\n<p>Le ragioni che hanno portato <strong><a title=\"Luca Dal Fabbro: biografia e volumi pubblicati\" href=\"https:\/\/www.ilgiardinodeilibri.it\/autori\/_luca-dal-fabbro.php\">Luca Dal Fabbro<\/a><\/strong>\u00a0a impegnarsi nella scrittura riflettono i valori che guidano la sua presidenza di Iren: il desiderio di creare un\u2019economia pi\u00f9 solida e sostenibile, che abbia alla base temi come la transizione energetica, il riutilizzo e la valorizzazione dei rifiuti e delle materie prima, dal gas all\u2019acqua. Il Presidente di Iren ha dunque messo a disposizione le competenze maturate nel corso degli anni. Il primo libro da lui firmato, nel 2017, \u00e8 \u201cL&#8217;Economia del Girotondo. Dalla plastica ai satelliti: il futuro \u00e8 dei rifiuti\u201d, incentrato proprio sul tema dell\u2019economia circolare e del riutilizzo dei rifiuti. Secondo l\u2019autore, le aziende possono diventare grandi alleati nella lotta per la sostenibilit\u00e0 purch\u00e9 vengano indirizzate verso nuovi paradigmi, legati all\u2019efficienza energetica e al riutilizzo degli scarti. Il secondo libro di <strong>Luca Dal Fabbro<\/strong> \u00e8 invece \u201cESG. La Misurazione della Sostenibilit\u00e0\u201d, pubblicato nel 2022, che affronta proprio il tema degli obiettivi di sviluppo sostenibile. In futuro, per le aziende sar\u00e0 sempre pi\u00f9 importante dimostrare di avere un impatto positivo sulla societ\u00e0. Misurare l\u2019impatto ambientale di una azienda non \u00e8 difficile, ma \u00e8 assai pi\u00f9 complesso indicarne la virtuosit\u00e0 sotto il profilo sociale e di governance. Per questo il Presidente di Iren getta le fondamenta di un possibile metodo di giudizio standardizzato, tenendo conto dei pi\u00f9 recenti sviluppi della giurisprudenza.<\/p>\n","protected":false},"excerpt":{"rendered":"<p>\u201cLa misurazione delle performance ESG \u00e8 fondamentale per sviluppare un\u2019economia e un\u2019industria pi\u00f9 sostenibili\u201d: lo afferma il Presidente di Iren Luca Dal Fabbro, sottolineando la centralit\u00e0 degli aspetti valoriali e di sostenibilit\u00e0 nell\u2019economia del futuro. \u00a0 Luca Dal Fabbro, carriera e competenze del Presidente di Iren Luca Dal Fabbro, Presidente di Iren, vanta una lunga carriera in settori quali energia, sostenibilit\u00e0, finanza e innovazione. In seguito al conseguimento della laurea<\/p>\n<p><a class=\"continue-reading\" href=\"https:\/\/www.article-marketing.eu\/comunicatistampa\/luca-dal-fabbro-economia-circolare-e-sostenibilita-nei-libri-del-presidente-di-iren\/\">Continue reading&#8230;<\/a><\/p>\n","protected":false},"author":7233,"featured_media":0,"comment_status":"open","ping_status":"open","sticky":false,"template":"","format":"standard","meta":{"_monsterinsights_skip_tracking":false,"_monsterinsights_sitenote_active":false,"_monsterinsights_sitenote_note":"","_monsterinsights_sitenote_category":0,"footnotes":""},"categories":[416],"tags":[10361],"class_list":["post-28776","post","type-post","status-publish","format-standard","hentry","category-ambiente","tag-luca-dal-fabbro"],"yoast_head":"<!-- This site is optimized with the Yoast SEO plugin v27.3 - https:\/\/yoast.com\/product\/yoast-seo-wordpress\/ -->\n<title>Luca Dal Fabbro: economia circolare e sostenibilit\u00e0 nei libri del Presidente di Iren<\/title>\n<meta name=\"description\" content=\"Energia, riciclaggio, sostenibilit\u00e0 ed economia circolare: questi sono i temi che Luca Dal Fabbro ha analizzatonei suoi due libri\" \/>\n<meta name=\"robots\" content=\"index, follow, max-snippet:-1, max-image-preview:large, max-video-preview:-1\" \/>\n<link rel=\"canonical\" href=\"https:\/\/www.article-marketing.eu\/comunicatistampa\/luca-dal-fabbro-economia-circolare-e-sostenibilita-nei-libri-del-presidente-di-iren\/\" \/>\n<meta property=\"og:locale\" content=\"it_IT\" \/>\n<meta property=\"og:type\" content=\"article\" \/>\n<meta property=\"og:title\" content=\"Luca Dal Fabbro: economia circolare e sostenibilit\u00e0 nei libri del Presidente di Iren\" \/>\n<meta property=\"og:description\" content=\"Energia, riciclaggio, sostenibilit\u00e0 ed economia circolare: questi sono i temi che Luca Dal Fabbro ha analizzatonei suoi due libri\" \/>\n<meta property=\"og:url\" content=\"https:\/\/www.article-marketing.eu\/comunicatistampa\/luca-dal-fabbro-economia-circolare-e-sostenibilita-nei-libri-del-presidente-di-iren\/\" \/>\n<meta property=\"og:site_name\" content=\"Article Marketing\" \/>\n<meta property=\"article:published_time\" content=\"2023-11-05T21:21:52+00:00\" \/>\n<meta property=\"og:image\" content=\"https:\/\/cs.ilgiardinodeilibri.it\/foto\/thumb\/l\/luca-dal-fabbro.jpg?_=1512686283\" \/>\n<meta name=\"author\" content=\"pressnewsmm\" \/>\n<meta name=\"twitter:card\" content=\"summary_large_image\" \/>\n<meta name=\"twitter:label1\" content=\"Scritto da\" \/>\n\t<meta name=\"twitter:data1\" content=\"pressnewsmm\" \/>\n\t<meta name=\"twitter:label2\" content=\"Tempo di lettura stimato\" \/>\n\t<meta name=\"twitter:data2\" content=\"3 minuti\" \/>\n<script type=\"application\/ld+json\" class=\"yoast-schema-graph\">{\"@context\":\"https:\\\/\\\/schema.org\",\"@graph\":[{\"@type\":\"Article\",\"@id\":\"https:\\\/\\\/www.article-marketing.eu\\\/comunicatistampa\\\/luca-dal-fabbro-economia-circolare-e-sostenibilita-nei-libri-del-presidente-di-iren\\\/#article\",\"isPartOf\":{\"@id\":\"https:\\\/\\\/www.article-marketing.eu\\\/comunicatistampa\\\/luca-dal-fabbro-economia-circolare-e-sostenibilita-nei-libri-del-presidente-di-iren\\\/\"},\"author\":{\"name\":\"pressnewsmm\",\"@id\":\"https:\\\/\\\/www.article-marketing.eu\\\/comunicatistampa\\\/#\\\/schema\\\/person\\\/ec712baba1e9398fa2b8d17f617a6739\"},\"headline\":\"Luca Dal Fabbro: economia circolare e sostenibilit\u00e0 nei libri del Presidente di Iren\",\"datePublished\":\"2023-11-05T21:21:52+00:00\",\"mainEntityOfPage\":{\"@id\":\"https:\\\/\\\/www.article-marketing.eu\\\/comunicatistampa\\\/luca-dal-fabbro-economia-circolare-e-sostenibilita-nei-libri-del-presidente-di-iren\\\/\"},\"wordCount\":412,\"commentCount\":0,\"image\":{\"@id\":\"https:\\\/\\\/www.article-marketing.eu\\\/comunicatistampa\\\/luca-dal-fabbro-economia-circolare-e-sostenibilita-nei-libri-del-presidente-di-iren\\\/#primaryimage\"},\"thumbnailUrl\":\"https:\\\/\\\/cs.ilgiardinodeilibri.it\\\/foto\\\/thumb\\\/l\\\/luca-dal-fabbro.jpg?_=1512686283\",\"keywords\":[\"Luca Dal Fabbro\"],\"articleSection\":[\"Ambiente\"],\"inLanguage\":\"it-IT\",\"potentialAction\":[{\"@type\":\"CommentAction\",\"name\":\"Comment\",\"target\":[\"https:\\\/\\\/www.article-marketing.eu\\\/comunicatistampa\\\/luca-dal-fabbro-economia-circolare-e-sostenibilita-nei-libri-del-presidente-di-iren\\\/#respond\"]}]},{\"@type\":\"WebPage\",\"@id\":\"https:\\\/\\\/www.article-marketing.eu\\\/comunicatistampa\\\/luca-dal-fabbro-economia-circolare-e-sostenibilita-nei-libri-del-presidente-di-iren\\\/\",\"url\":\"https:\\\/\\\/www.article-marketing.eu\\\/comunicatistampa\\\/luca-dal-fabbro-economia-circolare-e-sostenibilita-nei-libri-del-presidente-di-iren\\\/\",\"name\":\"Luca Dal Fabbro: economia circolare e sostenibilit\u00e0 nei libri del Presidente di Iren\",\"isPartOf\":{\"@id\":\"https:\\\/\\\/www.article-marketing.eu\\\/comunicatistampa\\\/#website\"},\"primaryImageOfPage\":{\"@id\":\"https:\\\/\\\/www.article-marketing.eu\\\/comunicatistampa\\\/luca-dal-fabbro-economia-circolare-e-sostenibilita-nei-libri-del-presidente-di-iren\\\/#primaryimage\"},\"image\":{\"@id\":\"https:\\\/\\\/www.article-marketing.eu\\\/comunicatistampa\\\/luca-dal-fabbro-economia-circolare-e-sostenibilita-nei-libri-del-presidente-di-iren\\\/#primaryimage\"},\"thumbnailUrl\":\"https:\\\/\\\/cs.ilgiardinodeilibri.it\\\/foto\\\/thumb\\\/l\\\/luca-dal-fabbro.jpg?_=1512686283\",\"datePublished\":\"2023-11-05T21:21:52+00:00\",\"author\":{\"@id\":\"https:\\\/\\\/www.article-marketing.eu\\\/comunicatistampa\\\/#\\\/schema\\\/person\\\/ec712baba1e9398fa2b8d17f617a6739\"},\"description\":\"Energia, riciclaggio, sostenibilit\u00e0 ed economia circolare: questi sono i temi che Luca Dal Fabbro ha analizzatonei suoi due libri\",\"breadcrumb\":{\"@id\":\"https:\\\/\\\/www.article-marketing.eu\\\/comunicatistampa\\\/luca-dal-fabbro-economia-circolare-e-sostenibilita-nei-libri-del-presidente-di-iren\\\/#breadcrumb\"},\"inLanguage\":\"it-IT\",\"potentialAction\":[{\"@type\":\"ReadAction\",\"target\":[\"https:\\\/\\\/www.article-marketing.eu\\\/comunicatistampa\\\/luca-dal-fabbro-economia-circolare-e-sostenibilita-nei-libri-del-presidente-di-iren\\\/\"]}]},{\"@type\":\"ImageObject\",\"inLanguage\":\"it-IT\",\"@id\":\"https:\\\/\\\/www.article-marketing.eu\\\/comunicatistampa\\\/luca-dal-fabbro-economia-circolare-e-sostenibilita-nei-libri-del-presidente-di-iren\\\/#primaryimage\",\"url\":\"https:\\\/\\\/cs.ilgiardinodeilibri.it\\\/foto\\\/thumb\\\/l\\\/luca-dal-fabbro.jpg?_=1512686283\",\"contentUrl\":\"https:\\\/\\\/cs.ilgiardinodeilibri.it\\\/foto\\\/thumb\\\/l\\\/luca-dal-fabbro.jpg?_=1512686283\"},{\"@type\":\"BreadcrumbList\",\"@id\":\"https:\\\/\\\/www.article-marketing.eu\\\/comunicatistampa\\\/luca-dal-fabbro-economia-circolare-e-sostenibilita-nei-libri-del-presidente-di-iren\\\/#breadcrumb\",\"itemListElement\":[{\"@type\":\"ListItem\",\"position\":1,\"name\":\"Home\",\"item\":\"https:\\\/\\\/www.article-marketing.eu\\\/comunicatistampa\\\/\"},{\"@type\":\"ListItem\",\"position\":2,\"name\":\"Luca Dal Fabbro: economia circolare e sostenibilit\u00e0 nei libri del Presidente di Iren\"}]},{\"@type\":\"WebSite\",\"@id\":\"https:\\\/\\\/www.article-marketing.eu\\\/comunicatistampa\\\/#website\",\"url\":\"https:\\\/\\\/www.article-marketing.eu\\\/comunicatistampa\\\/\",\"name\":\"Article Marketing\",\"description\":\"article marketing &amp; press release\",\"potentialAction\":[{\"@type\":\"SearchAction\",\"target\":{\"@type\":\"EntryPoint\",\"urlTemplate\":\"https:\\\/\\\/www.article-marketing.eu\\\/comunicatistampa\\\/?s={search_term_string}\"},\"query-input\":{\"@type\":\"PropertyValueSpecification\",\"valueRequired\":true,\"valueName\":\"search_term_string\"}}],\"inLanguage\":\"it-IT\"},{\"@type\":\"Person\",\"@id\":\"https:\\\/\\\/www.article-marketing.eu\\\/comunicatistampa\\\/#\\\/schema\\\/person\\\/ec712baba1e9398fa2b8d17f617a6739\",\"name\":\"pressnewsmm\",\"image\":{\"@type\":\"ImageObject\",\"inLanguage\":\"it-IT\",\"@id\":\"https:\\\/\\\/secure.gravatar.com\\\/avatar\\\/5aba7ff1e07f8e7a9ea2320640e560855afc39d6d6ec9b3da82ff83db4225474?s=96&d=mm&r=g\",\"url\":\"https:\\\/\\\/secure.gravatar.com\\\/avatar\\\/5aba7ff1e07f8e7a9ea2320640e560855afc39d6d6ec9b3da82ff83db4225474?s=96&d=mm&r=g\",\"contentUrl\":\"https:\\\/\\\/secure.gravatar.com\\\/avatar\\\/5aba7ff1e07f8e7a9ea2320640e560855afc39d6d6ec9b3da82ff83db4225474?s=96&d=mm&r=g\",\"caption\":\"pressnewsmm\"},\"url\":\"https:\\\/\\\/www.article-marketing.eu\\\/comunicatistampa\\\/author\\\/pressnewsmm\\\/\"}]}<\/script>\n<!-- \/ Yoast SEO plugin. -->","yoast_head_json":{"title":"Luca Dal Fabbro: economia circolare e sostenibilit\u00e0 nei libri del Presidente di Iren","description":"Energia, riciclaggio, sostenibilit\u00e0 ed economia circolare: questi sono i temi che Luca Dal Fabbro ha analizzatonei suoi due libri","robots":{"index":"index","follow":"follow","max-snippet":"max-snippet:-1","max-image-preview":"max-image-preview:large","max-video-preview":"max-video-preview:-1"},"canonical":"https:\/\/www.article-marketing.eu\/comunicatistampa\/luca-dal-fabbro-economia-circolare-e-sostenibilita-nei-libri-del-presidente-di-iren\/","og_locale":"it_IT","og_type":"article","og_title":"Luca Dal Fabbro: economia circolare e sostenibilit\u00e0 nei libri del Presidente di Iren","og_description":"Energia, riciclaggio, sostenibilit\u00e0 ed economia circolare: questi sono i temi che Luca Dal Fabbro ha analizzatonei suoi due libri","og_url":"https:\/\/www.article-marketing.eu\/comunicatistampa\/luca-dal-fabbro-economia-circolare-e-sostenibilita-nei-libri-del-presidente-di-iren\/","og_site_name":"Article Marketing","article_published_time":"2023-11-05T21:21:52+00:00","og_image":[{"url":"https:\/\/cs.ilgiardinodeilibri.it\/foto\/thumb\/l\/luca-dal-fabbro.jpg?_=1512686283","type":"","width":"","height":""}],"author":"pressnewsmm","twitter_card":"summary_large_image","twitter_misc":{"Scritto da":"pressnewsmm","Tempo di lettura stimato":"3 minuti"},"schema":{"@context":"https:\/\/schema.org","@graph":[{"@type":"Article","@id":"https:\/\/www.article-marketing.eu\/comunicatistampa\/luca-dal-fabbro-economia-circolare-e-sostenibilita-nei-libri-del-presidente-di-iren\/#article","isPartOf":{"@id":"https:\/\/www.article-marketing.eu\/comunicatistampa\/luca-dal-fabbro-economia-circolare-e-sostenibilita-nei-libri-del-presidente-di-iren\/"},"author":{"name":"pressnewsmm","@id":"https:\/\/www.article-marketing.eu\/comunicatistampa\/#\/schema\/person\/ec712baba1e9398fa2b8d17f617a6739"},"headline":"Luca Dal Fabbro: economia circolare e sostenibilit\u00e0 nei libri del Presidente di Iren","datePublished":"2023-11-05T21:21:52+00:00","mainEntityOfPage":{"@id":"https:\/\/www.article-marketing.eu\/comunicatistampa\/luca-dal-fabbro-economia-circolare-e-sostenibilita-nei-libri-del-presidente-di-iren\/"},"wordCount":412,"commentCount":0,"image":{"@id":"https:\/\/www.article-marketing.eu\/comunicatistampa\/luca-dal-fabbro-economia-circolare-e-sostenibilita-nei-libri-del-presidente-di-iren\/#primaryimage"},"thumbnailUrl":"https:\/\/cs.ilgiardinodeilibri.it\/foto\/thumb\/l\/luca-dal-fabbro.jpg?_=1512686283","keywords":["Luca Dal Fabbro"],"articleSection":["Ambiente"],"inLanguage":"it-IT","potentialAction":[{"@type":"CommentAction","name":"Comment","target":["https:\/\/www.article-marketing.eu\/comunicatistampa\/luca-dal-fabbro-economia-circolare-e-sostenibilita-nei-libri-del-presidente-di-iren\/#respond"]}]},{"@type":"WebPage","@id":"https:\/\/www.article-marketing.eu\/comunicatistampa\/luca-dal-fabbro-economia-circolare-e-sostenibilita-nei-libri-del-presidente-di-iren\/","url":"https:\/\/www.article-marketing.eu\/comunicatistampa\/luca-dal-fabbro-economia-circolare-e-sostenibilita-nei-libri-del-presidente-di-iren\/","name":"Luca Dal Fabbro: economia circolare e sostenibilit\u00e0 nei libri del Presidente di Iren","isPartOf":{"@id":"https:\/\/www.article-marketing.eu\/comunicatistampa\/#website"},"primaryImageOfPage":{"@id":"https:\/\/www.article-marketing.eu\/comunicatistampa\/luca-dal-fabbro-economia-circolare-e-sostenibilita-nei-libri-del-presidente-di-iren\/#primaryimage"},"image":{"@id":"https:\/\/www.article-marketing.eu\/comunicatistampa\/luca-dal-fabbro-economia-circolare-e-sostenibilita-nei-libri-del-presidente-di-iren\/#primaryimage"},"thumbnailUrl":"https:\/\/cs.ilgiardinodeilibri.it\/foto\/thumb\/l\/luca-dal-fabbro.jpg?_=1512686283","datePublished":"2023-11-05T21:21:52+00:00","author":{"@id":"https:\/\/www.article-marketing.eu\/comunicatistampa\/#\/schema\/person\/ec712baba1e9398fa2b8d17f617a6739"},"description":"Energia, riciclaggio, sostenibilit\u00e0 ed economia circolare: questi sono i temi che Luca Dal Fabbro ha analizzatonei suoi due libri","breadcrumb":{"@id":"https:\/\/www.article-marketing.eu\/comunicatistampa\/luca-dal-fabbro-economia-circolare-e-sostenibilita-nei-libri-del-presidente-di-iren\/#breadcrumb"},"inLanguage":"it-IT","potentialAction":[{"@type":"ReadAction","target":["https:\/\/www.article-marketing.eu\/comunicatistampa\/luca-dal-fabbro-economia-circolare-e-sostenibilita-nei-libri-del-presidente-di-iren\/"]}]},{"@type":"ImageObject","inLanguage":"it-IT","@id":"https:\/\/www.article-marketing.eu\/comunicatistampa\/luca-dal-fabbro-economia-circolare-e-sostenibilita-nei-libri-del-presidente-di-iren\/#primaryimage","url":"https:\/\/cs.ilgiardinodeilibri.it\/foto\/thumb\/l\/luca-dal-fabbro.jpg?_=1512686283","contentUrl":"https:\/\/cs.ilgiardinodeilibri.it\/foto\/thumb\/l\/luca-dal-fabbro.jpg?_=1512686283"},{"@type":"BreadcrumbList","@id":"https:\/\/www.article-marketing.eu\/comunicatistampa\/luca-dal-fabbro-economia-circolare-e-sostenibilita-nei-libri-del-presidente-di-iren\/#breadcrumb","itemListElement":[{"@type":"ListItem","position":1,"name":"Home","item":"https:\/\/www.article-marketing.eu\/comunicatistampa\/"},{"@type":"ListItem","position":2,"name":"Luca Dal Fabbro: economia circolare e sostenibilit\u00e0 nei libri del Presidente di Iren"}]},{"@type":"WebSite","@id":"https:\/\/www.article-marketing.eu\/comunicatistampa\/#website","url":"https:\/\/www.article-marketing.eu\/comunicatistampa\/","name":"Article Marketing","description":"article marketing &amp; press release","potentialAction":[{"@type":"SearchAction","target":{"@type":"EntryPoint","urlTemplate":"https:\/\/www.article-marketing.eu\/comunicatistampa\/?s={search_term_string}"},"query-input":{"@type":"PropertyValueSpecification","valueRequired":true,"valueName":"search_term_string"}}],"inLanguage":"it-IT"},{"@type":"Person","@id":"https:\/\/www.article-marketing.eu\/comunicatistampa\/#\/schema\/person\/ec712baba1e9398fa2b8d17f617a6739","name":"pressnewsmm","image":{"@type":"ImageObject","inLanguage":"it-IT","@id":"https:\/\/secure.gravatar.com\/avatar\/5aba7ff1e07f8e7a9ea2320640e560855afc39d6d6ec9b3da82ff83db4225474?s=96&d=mm&r=g","url":"https:\/\/secure.gravatar.com\/avatar\/5aba7ff1e07f8e7a9ea2320640e560855afc39d6d6ec9b3da82ff83db4225474?s=96&d=mm&r=g","contentUrl":"https:\/\/secure.gravatar.com\/avatar\/5aba7ff1e07f8e7a9ea2320640e560855afc39d6d6ec9b3da82ff83db4225474?s=96&d=mm&r=g","caption":"pressnewsmm"},"url":"https:\/\/www.article-marketing.eu\/comunicatistampa\/author\/pressnewsmm\/"}]}},"_links":{"self":[{"href":"https:\/\/www.article-marketing.eu\/comunicatistampa\/wp-json\/wp\/v2\/posts\/28776","targetHints":{"allow":["GET"]}}],"collection":[{"href":"https:\/\/www.article-marketing.eu\/comunicatistampa\/wp-json\/wp\/v2\/posts"}],"about":[{"href":"https:\/\/www.article-marketing.eu\/comunicatistampa\/wp-json\/wp\/v2\/types\/post"}],"author":[{"embeddable":true,"href":"https:\/\/www.article-marketing.eu\/comunicatistampa\/wp-json\/wp\/v2\/users\/7233"}],"replies":[{"embeddable":true,"href":"https:\/\/www.article-marketing.eu\/comunicatistampa\/wp-json\/wp\/v2\/comments?post=28776"}],"version-history":[{"count":2,"href":"https:\/\/www.article-marketing.eu\/comunicatistampa\/wp-json\/wp\/v2\/posts\/28776\/revisions"}],"predecessor-version":[{"id":28877,"href":"https:\/\/www.article-marketing.eu\/comunicatistampa\/wp-json\/wp\/v2\/posts\/28776\/revisions\/28877"}],"wp:attachment":[{"href":"https:\/\/www.article-marketing.eu\/comunicatistampa\/wp-json\/wp\/v2\/media?parent=28776"}],"wp:term":[{"taxonomy":"category","embeddable":true,"href":"https:\/\/www.article-marketing.eu\/comunicatistampa\/wp-json\/wp\/v2\/categories?post=28776"},{"taxonomy":"post_tag","embeddable":true,"href":"https:\/\/www.article-marketing.eu\/comunicatistampa\/wp-json\/wp\/v2\/tags?post=28776"}],"curies":[{"name":"wp","href":"https:\/\/api.w.org\/{rel}","templated":true}]}}