{"id":28787,"date":"2023-11-17T14:36:16","date_gmt":"2023-11-17T13:36:16","guid":{"rendered":"https:\/\/www.article-marketing.eu\/comunicatistampa\/?p=28787"},"modified":"2023-11-17T14:36:16","modified_gmt":"2023-11-17T13:36:16","slug":"come-che-il-long-covid-colpisce-i-bambini-la-ricerca-di-susanna-esposito-e-luniversita-di-parma","status":"publish","type":"post","link":"https:\/\/www.article-marketing.eu\/comunicatistampa\/come-che-il-long-covid-colpisce-i-bambini-la-ricerca-di-susanna-esposito-e-luniversita-di-parma\/","title":{"rendered":"Com\u2019\u00e8 che il long Covid colpisce i bambini? La ricerca di Susanna Esposito e l\u2019Universit\u00e0 di Parma"},"content":{"rendered":"<p><strong>\u201c<em>Ad oggi, i meccanismi che causano il long Covid sono ancora poco conosciuti. Nella popolazione pediatrica, l\u2019evidenza sembra suggerire che l\u2019et\u00e0 adolescenziale sia associata a un rischio maggiore di persistenza dei sintomi<\/em>\u201d: la ricerca dell\u2019Ospedale di Parma coordinata da <a title=\"Long Covid, la ricerca di Susanna Esposito\" href=\"https:\/\/sip.it\/2023\/07\/13\/il-long-covid-in-eta-pediatrica-cosa-sappiamo-di-nuovo\/\">Susanna Esposito<\/a> ha indagato la presunta correlazione.<\/strong><\/p>\n<p><strong>\u00a0<a title=\"La pubblicazione di Susanna Esposito sul long Covid in et\u00e0 pediatrica\" href=\"https:\/\/sip.it\/2023\/07\/13\/il-long-covid-in-eta-pediatrica-cosa-sappiamo-di-nuovo\/\"><img loading=\"lazy\" decoding=\"async\" src=\"https:\/\/h2biz.net\/images\/Plats\/crop_min_20191223153420.jpg\" alt=\"Susanna Esposito\" width=\"150\" height=\"150\" \/><\/a><\/strong><\/p>\n<h2>Susanna Esposito firma la prima ricerca sulla variabilit\u00e0 del long Covid in base a sesso ed et\u00e0<\/h2>\n<p>Secondo i dati, i bambini tendono a essere affetti meno gravemente dal SARS-CoV-2: tuttavia, alcune evidenze sembrano suggerire che le femmine in et\u00e0 adolescenziale potrebbero essere pi\u00f9 vulnerabili ai sintomi del cosiddetto long Covid, ossia al permanere di stanchezza e sintomi legati al virus anche dopo mesi. Questa premessa ha condotto la pediatra <strong>Susanna Esposito<\/strong>, Direttrice della Clinica Pediatrica dell\u2019Ospedale Pietro Barilla di Parma, a coordinare una innovativa ricerca volta a indagare la correlazione tra et\u00e0, sesso e long Covid. \u201c<em>Per quanto ne sappiamo, questo \u00e8 il primo studio incentrato sulla valutazione di come il rischio di long Covid sia modulato dall\u2019interazione tra genere ed et\u00e0 nei bambini e negli adulti\u201d<\/em>, ha evidenziato <strong>Susanna Esposito<\/strong> nella pubblicazione. La raccolta iniziale dei dati \u00e8 stata effettuata da un team di medici tramite intervista diretta. Successivamente, ai soggetti intervistati, distinti per genere e per classi di et\u00e0, \u00e8 stato chiesto di completare un questionario attraverso un link web inviato per e-mail.<\/p>\n<h2>\u201c<em>Il long Covid colpisce pi\u00f9 le donne perch\u00e9 legato agli ormoni sessuali<\/em>\u201d: la teoria di Susanna Esposito<\/h2>\n<p>Lo studio, coordinato da <strong><a title=\"Lo studio della pediatra Susanna Esposito su long Covid e differenze di genere\" href=\"https:\/\/sip.it\/2023\/07\/13\/il-long-covid-in-eta-pediatrica-cosa-sappiamo-di-nuovo\/\">Susanna Esposito<\/a><\/strong>, ha prodotto risultati molto interessanti. Sembrerebbe infatti che il fattore determinante nel verificarsi del long Covid non sia l\u2019et\u00e0 (che ha comunque un ruolo), bens\u00ec il genere. Le femmine tra i 12 e i 50 anni sembrano essere pi\u00f9 vulnerabili dei maschi circa del 40%, mostrando un tasso significativamente maggiore, in termini statistici, di sintomi respiratori, dermatologici e gastrointestinali, problemi del sonno e perdita di appetito o di peso. Il rischio \u00e8 risultato tre volte pi\u00f9 alto per i problemi cardiovascolari e due volte pi\u00f9 alto riguardo ai sintomi gastrointestinali e a quelli legati al sonno. Di fronte a questi risultati, la pediatra <strong>Susanna Esposito<\/strong> ha ipotizzato che l\u2019insorgenza del long Covid potrebbe in qualche modo essere legata agli ormoni sessuali. Il fatto che la categoria in cui la discrepanza statistica pi\u00f9 alta inizi a 12 anni (in cui in genere le donne hanno le prime mestruazioni) e finisca a 50 (l\u2019anno seguente \u00e8 quello in cui, in media, ha inizio la menopausa) sembra essere un forte elemento a favore di questa tesi. Tuttavia, sottolinea la pediatra, gli elementi da indagare sono ancora numerosi: innanzitutto il ruolo del vaccino, e poi l\u2019influenza di fattori psicologici.<\/p>\n","protected":false},"excerpt":{"rendered":"<p>\u201cAd oggi, i meccanismi che causano il long Covid sono ancora poco conosciuti. Nella popolazione pediatrica, l\u2019evidenza sembra suggerire che l\u2019et\u00e0 adolescenziale sia associata a un rischio maggiore di persistenza dei sintomi\u201d: la ricerca dell\u2019Ospedale di Parma coordinata da Susanna Esposito ha indagato la presunta correlazione. \u00a0 Susanna Esposito firma la prima ricerca sulla variabilit\u00e0 del long Covid in base a sesso ed et\u00e0 Secondo i dati, i bambini tendono<\/p>\n<p><a class=\"continue-reading\" href=\"https:\/\/www.article-marketing.eu\/comunicatistampa\/come-che-il-long-covid-colpisce-i-bambini-la-ricerca-di-susanna-esposito-e-luniversita-di-parma\/\">Continue reading&#8230;<\/a><\/p>\n","protected":false},"author":6477,"featured_media":0,"comment_status":"open","ping_status":"open","sticky":false,"template":"","format":"standard","meta":{"_monsterinsights_skip_tracking":false,"_monsterinsights_sitenote_active":false,"_monsterinsights_sitenote_note":"","_monsterinsights_sitenote_category":0,"footnotes":""},"categories":[371],"tags":[10779],"class_list":["post-28787","post","type-post","status-publish","format-standard","hentry","category-medicina","tag-susanna-esposito"],"yoast_head":"<!-- This site is optimized with the Yoast SEO plugin v27.3 - https:\/\/yoast.com\/product\/yoast-seo-wordpress\/ -->\n<title>Com\u2019\u00e8 che il long Covid colpisce i bambini? La ricerca di Susanna Esposito e l\u2019Universit\u00e0 di Parma<\/title>\n<meta name=\"description\" content=\"Susanna Esposito ha guidato un\u2019equipe dell\u2019Ospedale di Parma in una ricerca sull\u2019incidenza del cosiddetto long Covid nei bambini\" \/>\n<meta name=\"robots\" content=\"index, follow, max-snippet:-1, max-image-preview:large, max-video-preview:-1\" \/>\n<link rel=\"canonical\" href=\"https:\/\/www.article-marketing.eu\/comunicatistampa\/come-che-il-long-covid-colpisce-i-bambini-la-ricerca-di-susanna-esposito-e-luniversita-di-parma\/\" \/>\n<meta property=\"og:locale\" content=\"it_IT\" \/>\n<meta property=\"og:type\" content=\"article\" \/>\n<meta property=\"og:title\" content=\"Com\u2019\u00e8 che il long Covid colpisce i bambini? La ricerca di Susanna Esposito e l\u2019Universit\u00e0 di Parma\" \/>\n<meta property=\"og:description\" content=\"Susanna Esposito ha guidato un\u2019equipe dell\u2019Ospedale di Parma in una ricerca sull\u2019incidenza del cosiddetto long Covid nei bambini\" \/>\n<meta property=\"og:url\" content=\"https:\/\/www.article-marketing.eu\/comunicatistampa\/come-che-il-long-covid-colpisce-i-bambini-la-ricerca-di-susanna-esposito-e-luniversita-di-parma\/\" \/>\n<meta property=\"og:site_name\" content=\"Article Marketing\" \/>\n<meta property=\"article:published_time\" content=\"2023-11-17T13:36:16+00:00\" \/>\n<meta property=\"og:image\" content=\"https:\/\/h2biz.net\/images\/Plats\/crop_min_20191223153420.jpg\" \/>\n<meta name=\"author\" content=\"articolinews\" \/>\n<meta name=\"twitter:card\" content=\"summary_large_image\" \/>\n<meta name=\"twitter:label1\" content=\"Scritto da\" \/>\n\t<meta name=\"twitter:data1\" content=\"articolinews\" \/>\n\t<meta name=\"twitter:label2\" content=\"Tempo di lettura stimato\" \/>\n\t<meta name=\"twitter:data2\" content=\"3 minuti\" \/>\n<script type=\"application\/ld+json\" class=\"yoast-schema-graph\">{\"@context\":\"https:\\\/\\\/schema.org\",\"@graph\":[{\"@type\":\"Article\",\"@id\":\"https:\\\/\\\/www.article-marketing.eu\\\/comunicatistampa\\\/come-che-il-long-covid-colpisce-i-bambini-la-ricerca-di-susanna-esposito-e-luniversita-di-parma\\\/#article\",\"isPartOf\":{\"@id\":\"https:\\\/\\\/www.article-marketing.eu\\\/comunicatistampa\\\/come-che-il-long-covid-colpisce-i-bambini-la-ricerca-di-susanna-esposito-e-luniversita-di-parma\\\/\"},\"author\":{\"name\":\"articolinews\",\"@id\":\"https:\\\/\\\/www.article-marketing.eu\\\/comunicatistampa\\\/#\\\/schema\\\/person\\\/2fcaf8f8f3a9eef9eb7f27532d3ca458\"},\"headline\":\"Com\u2019\u00e8 che il long Covid colpisce i bambini? La ricerca di Susanna Esposito e l\u2019Universit\u00e0 di Parma\",\"datePublished\":\"2023-11-17T13:36:16+00:00\",\"mainEntityOfPage\":{\"@id\":\"https:\\\/\\\/www.article-marketing.eu\\\/comunicatistampa\\\/come-che-il-long-covid-colpisce-i-bambini-la-ricerca-di-susanna-esposito-e-luniversita-di-parma\\\/\"},\"wordCount\":457,\"commentCount\":0,\"image\":{\"@id\":\"https:\\\/\\\/www.article-marketing.eu\\\/comunicatistampa\\\/come-che-il-long-covid-colpisce-i-bambini-la-ricerca-di-susanna-esposito-e-luniversita-di-parma\\\/#primaryimage\"},\"thumbnailUrl\":\"https:\\\/\\\/h2biz.net\\\/images\\\/Plats\\\/crop_min_20191223153420.jpg\",\"keywords\":[\"Susanna Esposito\"],\"articleSection\":[\"Medicina\"],\"inLanguage\":\"it-IT\",\"potentialAction\":[{\"@type\":\"CommentAction\",\"name\":\"Comment\",\"target\":[\"https:\\\/\\\/www.article-marketing.eu\\\/comunicatistampa\\\/come-che-il-long-covid-colpisce-i-bambini-la-ricerca-di-susanna-esposito-e-luniversita-di-parma\\\/#respond\"]}]},{\"@type\":\"WebPage\",\"@id\":\"https:\\\/\\\/www.article-marketing.eu\\\/comunicatistampa\\\/come-che-il-long-covid-colpisce-i-bambini-la-ricerca-di-susanna-esposito-e-luniversita-di-parma\\\/\",\"url\":\"https:\\\/\\\/www.article-marketing.eu\\\/comunicatistampa\\\/come-che-il-long-covid-colpisce-i-bambini-la-ricerca-di-susanna-esposito-e-luniversita-di-parma\\\/\",\"name\":\"Com\u2019\u00e8 che il long Covid colpisce i bambini? La ricerca di Susanna Esposito e l\u2019Universit\u00e0 di Parma\",\"isPartOf\":{\"@id\":\"https:\\\/\\\/www.article-marketing.eu\\\/comunicatistampa\\\/#website\"},\"primaryImageOfPage\":{\"@id\":\"https:\\\/\\\/www.article-marketing.eu\\\/comunicatistampa\\\/come-che-il-long-covid-colpisce-i-bambini-la-ricerca-di-susanna-esposito-e-luniversita-di-parma\\\/#primaryimage\"},\"image\":{\"@id\":\"https:\\\/\\\/www.article-marketing.eu\\\/comunicatistampa\\\/come-che-il-long-covid-colpisce-i-bambini-la-ricerca-di-susanna-esposito-e-luniversita-di-parma\\\/#primaryimage\"},\"thumbnailUrl\":\"https:\\\/\\\/h2biz.net\\\/images\\\/Plats\\\/crop_min_20191223153420.jpg\",\"datePublished\":\"2023-11-17T13:36:16+00:00\",\"author\":{\"@id\":\"https:\\\/\\\/www.article-marketing.eu\\\/comunicatistampa\\\/#\\\/schema\\\/person\\\/2fcaf8f8f3a9eef9eb7f27532d3ca458\"},\"description\":\"Susanna Esposito ha guidato un\u2019equipe dell\u2019Ospedale di Parma in una ricerca sull\u2019incidenza del cosiddetto long Covid nei bambini\",\"breadcrumb\":{\"@id\":\"https:\\\/\\\/www.article-marketing.eu\\\/comunicatistampa\\\/come-che-il-long-covid-colpisce-i-bambini-la-ricerca-di-susanna-esposito-e-luniversita-di-parma\\\/#breadcrumb\"},\"inLanguage\":\"it-IT\",\"potentialAction\":[{\"@type\":\"ReadAction\",\"target\":[\"https:\\\/\\\/www.article-marketing.eu\\\/comunicatistampa\\\/come-che-il-long-covid-colpisce-i-bambini-la-ricerca-di-susanna-esposito-e-luniversita-di-parma\\\/\"]}]},{\"@type\":\"ImageObject\",\"inLanguage\":\"it-IT\",\"@id\":\"https:\\\/\\\/www.article-marketing.eu\\\/comunicatistampa\\\/come-che-il-long-covid-colpisce-i-bambini-la-ricerca-di-susanna-esposito-e-luniversita-di-parma\\\/#primaryimage\",\"url\":\"https:\\\/\\\/h2biz.net\\\/images\\\/Plats\\\/crop_min_20191223153420.jpg\",\"contentUrl\":\"https:\\\/\\\/h2biz.net\\\/images\\\/Plats\\\/crop_min_20191223153420.jpg\"},{\"@type\":\"BreadcrumbList\",\"@id\":\"https:\\\/\\\/www.article-marketing.eu\\\/comunicatistampa\\\/come-che-il-long-covid-colpisce-i-bambini-la-ricerca-di-susanna-esposito-e-luniversita-di-parma\\\/#breadcrumb\",\"itemListElement\":[{\"@type\":\"ListItem\",\"position\":1,\"name\":\"Home\",\"item\":\"https:\\\/\\\/www.article-marketing.eu\\\/comunicatistampa\\\/\"},{\"@type\":\"ListItem\",\"position\":2,\"name\":\"Com\u2019\u00e8 che il long Covid colpisce i bambini? La ricerca di Susanna Esposito e l\u2019Universit\u00e0 di Parma\"}]},{\"@type\":\"WebSite\",\"@id\":\"https:\\\/\\\/www.article-marketing.eu\\\/comunicatistampa\\\/#website\",\"url\":\"https:\\\/\\\/www.article-marketing.eu\\\/comunicatistampa\\\/\",\"name\":\"Article Marketing\",\"description\":\"article marketing &amp; press release\",\"potentialAction\":[{\"@type\":\"SearchAction\",\"target\":{\"@type\":\"EntryPoint\",\"urlTemplate\":\"https:\\\/\\\/www.article-marketing.eu\\\/comunicatistampa\\\/?s={search_term_string}\"},\"query-input\":{\"@type\":\"PropertyValueSpecification\",\"valueRequired\":true,\"valueName\":\"search_term_string\"}}],\"inLanguage\":\"it-IT\"},{\"@type\":\"Person\",\"@id\":\"https:\\\/\\\/www.article-marketing.eu\\\/comunicatistampa\\\/#\\\/schema\\\/person\\\/2fcaf8f8f3a9eef9eb7f27532d3ca458\",\"name\":\"articolinews\",\"image\":{\"@type\":\"ImageObject\",\"inLanguage\":\"it-IT\",\"@id\":\"https:\\\/\\\/secure.gravatar.com\\\/avatar\\\/9e2a264bab04e17dea24d937c9956304649a848cb73c46747a692ff1bdeb1cb7?s=96&d=mm&r=g\",\"url\":\"https:\\\/\\\/secure.gravatar.com\\\/avatar\\\/9e2a264bab04e17dea24d937c9956304649a848cb73c46747a692ff1bdeb1cb7?s=96&d=mm&r=g\",\"contentUrl\":\"https:\\\/\\\/secure.gravatar.com\\\/avatar\\\/9e2a264bab04e17dea24d937c9956304649a848cb73c46747a692ff1bdeb1cb7?s=96&d=mm&r=g\",\"caption\":\"articolinews\"},\"url\":\"https:\\\/\\\/www.article-marketing.eu\\\/comunicatistampa\\\/author\\\/articolinews\\\/\"}]}<\/script>\n<!-- \/ Yoast SEO plugin. -->","yoast_head_json":{"title":"Com\u2019\u00e8 che il long Covid colpisce i bambini? La ricerca di Susanna Esposito e l\u2019Universit\u00e0 di Parma","description":"Susanna Esposito ha guidato un\u2019equipe dell\u2019Ospedale di Parma in una ricerca sull\u2019incidenza del cosiddetto long Covid nei bambini","robots":{"index":"index","follow":"follow","max-snippet":"max-snippet:-1","max-image-preview":"max-image-preview:large","max-video-preview":"max-video-preview:-1"},"canonical":"https:\/\/www.article-marketing.eu\/comunicatistampa\/come-che-il-long-covid-colpisce-i-bambini-la-ricerca-di-susanna-esposito-e-luniversita-di-parma\/","og_locale":"it_IT","og_type":"article","og_title":"Com\u2019\u00e8 che il long Covid colpisce i bambini? La ricerca di Susanna Esposito e l\u2019Universit\u00e0 di Parma","og_description":"Susanna Esposito ha guidato un\u2019equipe dell\u2019Ospedale di Parma in una ricerca sull\u2019incidenza del cosiddetto long Covid nei bambini","og_url":"https:\/\/www.article-marketing.eu\/comunicatistampa\/come-che-il-long-covid-colpisce-i-bambini-la-ricerca-di-susanna-esposito-e-luniversita-di-parma\/","og_site_name":"Article Marketing","article_published_time":"2023-11-17T13:36:16+00:00","og_image":[{"url":"https:\/\/h2biz.net\/images\/Plats\/crop_min_20191223153420.jpg","type":"","width":"","height":""}],"author":"articolinews","twitter_card":"summary_large_image","twitter_misc":{"Scritto da":"articolinews","Tempo di lettura stimato":"3 minuti"},"schema":{"@context":"https:\/\/schema.org","@graph":[{"@type":"Article","@id":"https:\/\/www.article-marketing.eu\/comunicatistampa\/come-che-il-long-covid-colpisce-i-bambini-la-ricerca-di-susanna-esposito-e-luniversita-di-parma\/#article","isPartOf":{"@id":"https:\/\/www.article-marketing.eu\/comunicatistampa\/come-che-il-long-covid-colpisce-i-bambini-la-ricerca-di-susanna-esposito-e-luniversita-di-parma\/"},"author":{"name":"articolinews","@id":"https:\/\/www.article-marketing.eu\/comunicatistampa\/#\/schema\/person\/2fcaf8f8f3a9eef9eb7f27532d3ca458"},"headline":"Com\u2019\u00e8 che il long Covid colpisce i bambini? La ricerca di Susanna Esposito e l\u2019Universit\u00e0 di Parma","datePublished":"2023-11-17T13:36:16+00:00","mainEntityOfPage":{"@id":"https:\/\/www.article-marketing.eu\/comunicatistampa\/come-che-il-long-covid-colpisce-i-bambini-la-ricerca-di-susanna-esposito-e-luniversita-di-parma\/"},"wordCount":457,"commentCount":0,"image":{"@id":"https:\/\/www.article-marketing.eu\/comunicatistampa\/come-che-il-long-covid-colpisce-i-bambini-la-ricerca-di-susanna-esposito-e-luniversita-di-parma\/#primaryimage"},"thumbnailUrl":"https:\/\/h2biz.net\/images\/Plats\/crop_min_20191223153420.jpg","keywords":["Susanna Esposito"],"articleSection":["Medicina"],"inLanguage":"it-IT","potentialAction":[{"@type":"CommentAction","name":"Comment","target":["https:\/\/www.article-marketing.eu\/comunicatistampa\/come-che-il-long-covid-colpisce-i-bambini-la-ricerca-di-susanna-esposito-e-luniversita-di-parma\/#respond"]}]},{"@type":"WebPage","@id":"https:\/\/www.article-marketing.eu\/comunicatistampa\/come-che-il-long-covid-colpisce-i-bambini-la-ricerca-di-susanna-esposito-e-luniversita-di-parma\/","url":"https:\/\/www.article-marketing.eu\/comunicatistampa\/come-che-il-long-covid-colpisce-i-bambini-la-ricerca-di-susanna-esposito-e-luniversita-di-parma\/","name":"Com\u2019\u00e8 che il long Covid colpisce i bambini? La ricerca di Susanna Esposito e l\u2019Universit\u00e0 di Parma","isPartOf":{"@id":"https:\/\/www.article-marketing.eu\/comunicatistampa\/#website"},"primaryImageOfPage":{"@id":"https:\/\/www.article-marketing.eu\/comunicatistampa\/come-che-il-long-covid-colpisce-i-bambini-la-ricerca-di-susanna-esposito-e-luniversita-di-parma\/#primaryimage"},"image":{"@id":"https:\/\/www.article-marketing.eu\/comunicatistampa\/come-che-il-long-covid-colpisce-i-bambini-la-ricerca-di-susanna-esposito-e-luniversita-di-parma\/#primaryimage"},"thumbnailUrl":"https:\/\/h2biz.net\/images\/Plats\/crop_min_20191223153420.jpg","datePublished":"2023-11-17T13:36:16+00:00","author":{"@id":"https:\/\/www.article-marketing.eu\/comunicatistampa\/#\/schema\/person\/2fcaf8f8f3a9eef9eb7f27532d3ca458"},"description":"Susanna Esposito ha guidato un\u2019equipe dell\u2019Ospedale di Parma in una ricerca sull\u2019incidenza del cosiddetto long Covid nei bambini","breadcrumb":{"@id":"https:\/\/www.article-marketing.eu\/comunicatistampa\/come-che-il-long-covid-colpisce-i-bambini-la-ricerca-di-susanna-esposito-e-luniversita-di-parma\/#breadcrumb"},"inLanguage":"it-IT","potentialAction":[{"@type":"ReadAction","target":["https:\/\/www.article-marketing.eu\/comunicatistampa\/come-che-il-long-covid-colpisce-i-bambini-la-ricerca-di-susanna-esposito-e-luniversita-di-parma\/"]}]},{"@type":"ImageObject","inLanguage":"it-IT","@id":"https:\/\/www.article-marketing.eu\/comunicatistampa\/come-che-il-long-covid-colpisce-i-bambini-la-ricerca-di-susanna-esposito-e-luniversita-di-parma\/#primaryimage","url":"https:\/\/h2biz.net\/images\/Plats\/crop_min_20191223153420.jpg","contentUrl":"https:\/\/h2biz.net\/images\/Plats\/crop_min_20191223153420.jpg"},{"@type":"BreadcrumbList","@id":"https:\/\/www.article-marketing.eu\/comunicatistampa\/come-che-il-long-covid-colpisce-i-bambini-la-ricerca-di-susanna-esposito-e-luniversita-di-parma\/#breadcrumb","itemListElement":[{"@type":"ListItem","position":1,"name":"Home","item":"https:\/\/www.article-marketing.eu\/comunicatistampa\/"},{"@type":"ListItem","position":2,"name":"Com\u2019\u00e8 che il long Covid colpisce i bambini? La ricerca di Susanna Esposito e l\u2019Universit\u00e0 di Parma"}]},{"@type":"WebSite","@id":"https:\/\/www.article-marketing.eu\/comunicatistampa\/#website","url":"https:\/\/www.article-marketing.eu\/comunicatistampa\/","name":"Article Marketing","description":"article marketing &amp; press release","potentialAction":[{"@type":"SearchAction","target":{"@type":"EntryPoint","urlTemplate":"https:\/\/www.article-marketing.eu\/comunicatistampa\/?s={search_term_string}"},"query-input":{"@type":"PropertyValueSpecification","valueRequired":true,"valueName":"search_term_string"}}],"inLanguage":"it-IT"},{"@type":"Person","@id":"https:\/\/www.article-marketing.eu\/comunicatistampa\/#\/schema\/person\/2fcaf8f8f3a9eef9eb7f27532d3ca458","name":"articolinews","image":{"@type":"ImageObject","inLanguage":"it-IT","@id":"https:\/\/secure.gravatar.com\/avatar\/9e2a264bab04e17dea24d937c9956304649a848cb73c46747a692ff1bdeb1cb7?s=96&d=mm&r=g","url":"https:\/\/secure.gravatar.com\/avatar\/9e2a264bab04e17dea24d937c9956304649a848cb73c46747a692ff1bdeb1cb7?s=96&d=mm&r=g","contentUrl":"https:\/\/secure.gravatar.com\/avatar\/9e2a264bab04e17dea24d937c9956304649a848cb73c46747a692ff1bdeb1cb7?s=96&d=mm&r=g","caption":"articolinews"},"url":"https:\/\/www.article-marketing.eu\/comunicatistampa\/author\/articolinews\/"}]}},"_links":{"self":[{"href":"https:\/\/www.article-marketing.eu\/comunicatistampa\/wp-json\/wp\/v2\/posts\/28787","targetHints":{"allow":["GET"]}}],"collection":[{"href":"https:\/\/www.article-marketing.eu\/comunicatistampa\/wp-json\/wp\/v2\/posts"}],"about":[{"href":"https:\/\/www.article-marketing.eu\/comunicatistampa\/wp-json\/wp\/v2\/types\/post"}],"author":[{"embeddable":true,"href":"https:\/\/www.article-marketing.eu\/comunicatistampa\/wp-json\/wp\/v2\/users\/6477"}],"replies":[{"embeddable":true,"href":"https:\/\/www.article-marketing.eu\/comunicatistampa\/wp-json\/wp\/v2\/comments?post=28787"}],"version-history":[{"count":2,"href":"https:\/\/www.article-marketing.eu\/comunicatistampa\/wp-json\/wp\/v2\/posts\/28787\/revisions"}],"predecessor-version":[{"id":29016,"href":"https:\/\/www.article-marketing.eu\/comunicatistampa\/wp-json\/wp\/v2\/posts\/28787\/revisions\/29016"}],"wp:attachment":[{"href":"https:\/\/www.article-marketing.eu\/comunicatistampa\/wp-json\/wp\/v2\/media?parent=28787"}],"wp:term":[{"taxonomy":"category","embeddable":true,"href":"https:\/\/www.article-marketing.eu\/comunicatistampa\/wp-json\/wp\/v2\/categories?post=28787"},{"taxonomy":"post_tag","embeddable":true,"href":"https:\/\/www.article-marketing.eu\/comunicatistampa\/wp-json\/wp\/v2\/tags?post=28787"}],"curies":[{"name":"wp","href":"https:\/\/api.w.org\/{rel}","templated":true}]}}