{"id":28791,"date":"2023-11-05T22:22:20","date_gmt":"2023-11-05T21:22:20","guid":{"rendered":"https:\/\/www.article-marketing.eu\/comunicatistampa\/?p=28791"},"modified":"2023-11-05T22:22:20","modified_gmt":"2023-11-05T21:22:20","slug":"al-via-la-19-edizione-del-concorso-scolastico-indetto-dalla-mostra-di-leonardo-da-vinci-il-genio-e-le-invenzioni","status":"publish","type":"post","link":"https:\/\/www.article-marketing.eu\/comunicatistampa\/al-via-la-19-edizione-del-concorso-scolastico-indetto-dalla-mostra-di-leonardo-da-vinci-il-genio-e-le-invenzioni\/","title":{"rendered":"AL VIA LA 19. EDIZIONE DEL CONCORSO SCOLASTICO INDETTO DALLA MOSTRA DI LEONARDO DA VINCI \u2013 IL GENIO E LE INVENZIONI"},"content":{"rendered":"<p>Al via la diciannovesima edizione del concorso scolastico organizzato dalla mostra permanente <strong><em>Leonardo Da Vinci \u2013 Il Genio e Le Invenzioni<\/em><\/strong>, allestita all\u2019interno del <strong>Palazzo della Cancelleria di Roma<\/strong> e diretta da <strong>Augusto Biagi<\/strong>.<\/p>\n<p>La storica Mostra, che da oltre dieci anni offre ai visitatori italiani e stranieri nuove invenzioni e tecnologie multimediali, laboratori, eventi e attrazioni sempre al passo con i tempi, ha da sempre al centro delle sue attivit\u00e0 le generazioni pi\u00f9 giovani. Nel corso degli anni, infatti, sono state molteplici le attivit\u00e0 rivolte alla scuola e ai giovani visitatori, affinch\u00e9 imparino a conoscere uno dei pi\u00f9 grandi artisti e scienziati della nostra storia, senza rinunciare al divertimento.<\/p>\n<p>Proprio per questo, il museo ha deciso di rinnovare il concorso rivolto agli studenti delle scuole primarie e secondarie di I e II grado che hanno visitato la mostra.<\/p>\n<p>La sfida di quest\u2019anno consiste nel riprodurre in una fotografia un dipinto di Leonardo, facendo attenzione a tutti i dettagli: dallo sfondo ai costumi, dagli accessori alle pettinature fino alle pose del soggetto e le espressioni.<\/p>\n<p>Ogni classe potr\u00e0 presentare pi\u00f9 fotografie dei dipinti e\/o dei personaggi preferiti di Leonardo ma verr\u00e0 selezionato un solo lavoro per classe.<\/p>\n<p>I vincitori verranno designati da una giuria di professionisti formata da storici dell\u2019arte e le foto pi\u00f9 originali verranno esposte in una sala del museo per un mese intero.<\/p>\n<p>Il primo classificato si aggiudicher\u00e0 un \u201corologio\u201d da muro o da tavolo ideato da Leonardo e realizzato a mano da artigiani, da esporre in classe, e matita della mostra di Leonardo per ciascun partecipante della classe vincitrice.<\/p>\n<p>Il secondo, invece, vincer\u00e0 due bellissimi modelli di alcune invenzioni di Leonardo da costruire, mentre il terzo avr\u00e0 un solo modello.<\/p>\n<p>Sar\u00e0 possibile partecipare al concorso fino al 31 gennaio 2024.<\/p>\n<p>Per tutte le informazioni e per partecipare: <a href=\"https:\/\/www.mostradileonardo.com\/concorso-scolastico\/\">https:\/\/www.mostradileonardo.com\/concorso-scolastico\/<\/a><\/p>\n","protected":false},"excerpt":{"rendered":"<p>Al via la diciannovesima edizione del concorso scolastico organizzato dalla mostra permanente Leonardo Da Vinci \u2013 Il Genio e Le Invenzioni, allestita all\u2019interno del Palazzo della Cancelleria di Roma e diretta da Augusto Biagi. La storica Mostra, che da oltre dieci anni offre ai visitatori italiani e stranieri nuove invenzioni e tecnologie multimediali, laboratori, eventi e attrazioni sempre al passo con i tempi, ha da sempre al centro delle sue<\/p>\n<p><a class=\"continue-reading\" href=\"https:\/\/www.article-marketing.eu\/comunicatistampa\/al-via-la-19-edizione-del-concorso-scolastico-indetto-dalla-mostra-di-leonardo-da-vinci-il-genio-e-le-invenzioni\/\">Continue reading&#8230;<\/a><\/p>\n","protected":false},"author":48,"featured_media":0,"comment_status":"open","ping_status":"open","sticky":false,"template":"","format":"standard","meta":{"_monsterinsights_skip_tracking":false,"_monsterinsights_sitenote_active":false,"_monsterinsights_sitenote_note":"","_monsterinsights_sitenote_category":0,"footnotes":""},"categories":[407,378],"tags":[10886,10887,732],"class_list":["post-28791","post","type-post","status-publish","format-standard","hentry","category-arte-e-cultura","category-istruzione","tag-mostra-di-leonardo-da-vinci","tag-palazzo-della-cancelleria","tag-roma"],"yoast_head":"<!-- This site is optimized with the Yoast SEO plugin v27.3 - https:\/\/yoast.com\/product\/yoast-seo-wordpress\/ -->\n<title>AL VIA LA 19. EDIZIONE DEL CONCORSO SCOLASTICO INDETTO DALLA MOSTRA DI LEONARDO DA VINCI \u2013 IL GENIO E LE INVENZIONI<\/title>\n<meta name=\"robots\" content=\"index, follow, max-snippet:-1, max-image-preview:large, max-video-preview:-1\" \/>\n<link rel=\"canonical\" href=\"https:\/\/www.article-marketing.eu\/comunicatistampa\/al-via-la-19-edizione-del-concorso-scolastico-indetto-dalla-mostra-di-leonardo-da-vinci-il-genio-e-le-invenzioni\/\" \/>\n<meta property=\"og:locale\" content=\"it_IT\" \/>\n<meta property=\"og:type\" content=\"article\" \/>\n<meta property=\"og:title\" content=\"AL VIA LA 19. EDIZIONE DEL CONCORSO SCOLASTICO INDETTO DALLA MOSTRA DI LEONARDO DA VINCI \u2013 IL GENIO E LE INVENZIONI\" \/>\n<meta property=\"og:description\" content=\"Al via la diciannovesima edizione del concorso scolastico organizzato dalla mostra permanente Leonardo Da Vinci \u2013 Il Genio e Le Invenzioni, allestita all\u2019interno del Palazzo della Cancelleria di Roma e diretta da Augusto Biagi. La storica Mostra, che da oltre dieci anni offre ai visitatori italiani e stranieri nuove invenzioni e tecnologie multimediali, laboratori, eventi e attrazioni sempre al passo con i tempi, ha da sempre al centro delle sueContinue reading...\" \/>\n<meta property=\"og:url\" content=\"https:\/\/www.article-marketing.eu\/comunicatistampa\/al-via-la-19-edizione-del-concorso-scolastico-indetto-dalla-mostra-di-leonardo-da-vinci-il-genio-e-le-invenzioni\/\" \/>\n<meta property=\"og:site_name\" content=\"Article Marketing\" \/>\n<meta property=\"article:published_time\" content=\"2023-11-05T21:22:20+00:00\" \/>\n<meta name=\"author\" content=\"Uff Stampa\" \/>\n<meta name=\"twitter:card\" content=\"summary_large_image\" \/>\n<meta name=\"twitter:label1\" content=\"Scritto da\" \/>\n\t<meta name=\"twitter:data1\" content=\"Uff Stampa\" \/>\n\t<meta name=\"twitter:label2\" content=\"Tempo di lettura stimato\" \/>\n\t<meta name=\"twitter:data2\" content=\"2 minuti\" \/>\n<script type=\"application\/ld+json\" class=\"yoast-schema-graph\">{\"@context\":\"https:\\\/\\\/schema.org\",\"@graph\":[{\"@type\":\"Article\",\"@id\":\"https:\\\/\\\/www.article-marketing.eu\\\/comunicatistampa\\\/al-via-la-19-edizione-del-concorso-scolastico-indetto-dalla-mostra-di-leonardo-da-vinci-il-genio-e-le-invenzioni\\\/#article\",\"isPartOf\":{\"@id\":\"https:\\\/\\\/www.article-marketing.eu\\\/comunicatistampa\\\/al-via-la-19-edizione-del-concorso-scolastico-indetto-dalla-mostra-di-leonardo-da-vinci-il-genio-e-le-invenzioni\\\/\"},\"author\":{\"name\":\"Uff Stampa\",\"@id\":\"https:\\\/\\\/www.article-marketing.eu\\\/comunicatistampa\\\/#\\\/schema\\\/person\\\/22d81e7c04e93611ddcda888b65438d8\"},\"headline\":\"AL VIA LA 19. EDIZIONE DEL CONCORSO SCOLASTICO INDETTO DALLA MOSTRA DI LEONARDO DA VINCI \u2013 IL GENIO E LE INVENZIONI\",\"datePublished\":\"2023-11-05T21:22:20+00:00\",\"mainEntityOfPage\":{\"@id\":\"https:\\\/\\\/www.article-marketing.eu\\\/comunicatistampa\\\/al-via-la-19-edizione-del-concorso-scolastico-indetto-dalla-mostra-di-leonardo-da-vinci-il-genio-e-le-invenzioni\\\/\"},\"wordCount\":326,\"commentCount\":0,\"keywords\":[\"Mostra di Leonardo Da Vinci\",\"Palazzo della Cancelleria\",\"Roma\"],\"articleSection\":[\"Arte e cultura\",\"Istruzione\"],\"inLanguage\":\"it-IT\",\"potentialAction\":[{\"@type\":\"CommentAction\",\"name\":\"Comment\",\"target\":[\"https:\\\/\\\/www.article-marketing.eu\\\/comunicatistampa\\\/al-via-la-19-edizione-del-concorso-scolastico-indetto-dalla-mostra-di-leonardo-da-vinci-il-genio-e-le-invenzioni\\\/#respond\"]}]},{\"@type\":\"WebPage\",\"@id\":\"https:\\\/\\\/www.article-marketing.eu\\\/comunicatistampa\\\/al-via-la-19-edizione-del-concorso-scolastico-indetto-dalla-mostra-di-leonardo-da-vinci-il-genio-e-le-invenzioni\\\/\",\"url\":\"https:\\\/\\\/www.article-marketing.eu\\\/comunicatistampa\\\/al-via-la-19-edizione-del-concorso-scolastico-indetto-dalla-mostra-di-leonardo-da-vinci-il-genio-e-le-invenzioni\\\/\",\"name\":\"AL VIA LA 19. EDIZIONE DEL CONCORSO SCOLASTICO INDETTO DALLA MOSTRA DI LEONARDO DA VINCI \u2013 IL GENIO E LE INVENZIONI\",\"isPartOf\":{\"@id\":\"https:\\\/\\\/www.article-marketing.eu\\\/comunicatistampa\\\/#website\"},\"datePublished\":\"2023-11-05T21:22:20+00:00\",\"author\":{\"@id\":\"https:\\\/\\\/www.article-marketing.eu\\\/comunicatistampa\\\/#\\\/schema\\\/person\\\/22d81e7c04e93611ddcda888b65438d8\"},\"breadcrumb\":{\"@id\":\"https:\\\/\\\/www.article-marketing.eu\\\/comunicatistampa\\\/al-via-la-19-edizione-del-concorso-scolastico-indetto-dalla-mostra-di-leonardo-da-vinci-il-genio-e-le-invenzioni\\\/#breadcrumb\"},\"inLanguage\":\"it-IT\",\"potentialAction\":[{\"@type\":\"ReadAction\",\"target\":[\"https:\\\/\\\/www.article-marketing.eu\\\/comunicatistampa\\\/al-via-la-19-edizione-del-concorso-scolastico-indetto-dalla-mostra-di-leonardo-da-vinci-il-genio-e-le-invenzioni\\\/\"]}]},{\"@type\":\"BreadcrumbList\",\"@id\":\"https:\\\/\\\/www.article-marketing.eu\\\/comunicatistampa\\\/al-via-la-19-edizione-del-concorso-scolastico-indetto-dalla-mostra-di-leonardo-da-vinci-il-genio-e-le-invenzioni\\\/#breadcrumb\",\"itemListElement\":[{\"@type\":\"ListItem\",\"position\":1,\"name\":\"Home\",\"item\":\"https:\\\/\\\/www.article-marketing.eu\\\/comunicatistampa\\\/\"},{\"@type\":\"ListItem\",\"position\":2,\"name\":\"AL VIA LA 19. EDIZIONE DEL CONCORSO SCOLASTICO INDETTO DALLA MOSTRA DI LEONARDO DA VINCI \u2013 IL GENIO E LE INVENZIONI\"}]},{\"@type\":\"WebSite\",\"@id\":\"https:\\\/\\\/www.article-marketing.eu\\\/comunicatistampa\\\/#website\",\"url\":\"https:\\\/\\\/www.article-marketing.eu\\\/comunicatistampa\\\/\",\"name\":\"Article Marketing\",\"description\":\"article marketing &amp; press release\",\"potentialAction\":[{\"@type\":\"SearchAction\",\"target\":{\"@type\":\"EntryPoint\",\"urlTemplate\":\"https:\\\/\\\/www.article-marketing.eu\\\/comunicatistampa\\\/?s={search_term_string}\"},\"query-input\":{\"@type\":\"PropertyValueSpecification\",\"valueRequired\":true,\"valueName\":\"search_term_string\"}}],\"inLanguage\":\"it-IT\"},{\"@type\":\"Person\",\"@id\":\"https:\\\/\\\/www.article-marketing.eu\\\/comunicatistampa\\\/#\\\/schema\\\/person\\\/22d81e7c04e93611ddcda888b65438d8\",\"name\":\"Uff Stampa\",\"image\":{\"@type\":\"ImageObject\",\"inLanguage\":\"it-IT\",\"@id\":\"https:\\\/\\\/secure.gravatar.com\\\/avatar\\\/e3e9c5b947f539233b3f740c64e48242313649ff2a529b2191b5577aab6b4c57?s=96&d=mm&r=g\",\"url\":\"https:\\\/\\\/secure.gravatar.com\\\/avatar\\\/e3e9c5b947f539233b3f740c64e48242313649ff2a529b2191b5577aab6b4c57?s=96&d=mm&r=g\",\"contentUrl\":\"https:\\\/\\\/secure.gravatar.com\\\/avatar\\\/e3e9c5b947f539233b3f740c64e48242313649ff2a529b2191b5577aab6b4c57?s=96&d=mm&r=g\",\"caption\":\"Uff Stampa\"},\"url\":\"https:\\\/\\\/www.article-marketing.eu\\\/comunicatistampa\\\/author\\\/uff-stampa\\\/\"}]}<\/script>\n<!-- \/ Yoast SEO plugin. -->","yoast_head_json":{"title":"AL VIA LA 19. EDIZIONE DEL CONCORSO SCOLASTICO INDETTO DALLA MOSTRA DI LEONARDO DA VINCI \u2013 IL GENIO E LE INVENZIONI","robots":{"index":"index","follow":"follow","max-snippet":"max-snippet:-1","max-image-preview":"max-image-preview:large","max-video-preview":"max-video-preview:-1"},"canonical":"https:\/\/www.article-marketing.eu\/comunicatistampa\/al-via-la-19-edizione-del-concorso-scolastico-indetto-dalla-mostra-di-leonardo-da-vinci-il-genio-e-le-invenzioni\/","og_locale":"it_IT","og_type":"article","og_title":"AL VIA LA 19. EDIZIONE DEL CONCORSO SCOLASTICO INDETTO DALLA MOSTRA DI LEONARDO DA VINCI \u2013 IL GENIO E LE INVENZIONI","og_description":"Al via la diciannovesima edizione del concorso scolastico organizzato dalla mostra permanente Leonardo Da Vinci \u2013 Il Genio e Le Invenzioni, allestita all\u2019interno del Palazzo della Cancelleria di Roma e diretta da Augusto Biagi. La storica Mostra, che da oltre dieci anni offre ai visitatori italiani e stranieri nuove invenzioni e tecnologie multimediali, laboratori, eventi e attrazioni sempre al passo con i tempi, ha da sempre al centro delle sueContinue reading...","og_url":"https:\/\/www.article-marketing.eu\/comunicatistampa\/al-via-la-19-edizione-del-concorso-scolastico-indetto-dalla-mostra-di-leonardo-da-vinci-il-genio-e-le-invenzioni\/","og_site_name":"Article Marketing","article_published_time":"2023-11-05T21:22:20+00:00","author":"Uff Stampa","twitter_card":"summary_large_image","twitter_misc":{"Scritto da":"Uff Stampa","Tempo di lettura stimato":"2 minuti"},"schema":{"@context":"https:\/\/schema.org","@graph":[{"@type":"Article","@id":"https:\/\/www.article-marketing.eu\/comunicatistampa\/al-via-la-19-edizione-del-concorso-scolastico-indetto-dalla-mostra-di-leonardo-da-vinci-il-genio-e-le-invenzioni\/#article","isPartOf":{"@id":"https:\/\/www.article-marketing.eu\/comunicatistampa\/al-via-la-19-edizione-del-concorso-scolastico-indetto-dalla-mostra-di-leonardo-da-vinci-il-genio-e-le-invenzioni\/"},"author":{"name":"Uff Stampa","@id":"https:\/\/www.article-marketing.eu\/comunicatistampa\/#\/schema\/person\/22d81e7c04e93611ddcda888b65438d8"},"headline":"AL VIA LA 19. EDIZIONE DEL CONCORSO SCOLASTICO INDETTO DALLA MOSTRA DI LEONARDO DA VINCI \u2013 IL GENIO E LE INVENZIONI","datePublished":"2023-11-05T21:22:20+00:00","mainEntityOfPage":{"@id":"https:\/\/www.article-marketing.eu\/comunicatistampa\/al-via-la-19-edizione-del-concorso-scolastico-indetto-dalla-mostra-di-leonardo-da-vinci-il-genio-e-le-invenzioni\/"},"wordCount":326,"commentCount":0,"keywords":["Mostra di Leonardo Da Vinci","Palazzo della Cancelleria","Roma"],"articleSection":["Arte e cultura","Istruzione"],"inLanguage":"it-IT","potentialAction":[{"@type":"CommentAction","name":"Comment","target":["https:\/\/www.article-marketing.eu\/comunicatistampa\/al-via-la-19-edizione-del-concorso-scolastico-indetto-dalla-mostra-di-leonardo-da-vinci-il-genio-e-le-invenzioni\/#respond"]}]},{"@type":"WebPage","@id":"https:\/\/www.article-marketing.eu\/comunicatistampa\/al-via-la-19-edizione-del-concorso-scolastico-indetto-dalla-mostra-di-leonardo-da-vinci-il-genio-e-le-invenzioni\/","url":"https:\/\/www.article-marketing.eu\/comunicatistampa\/al-via-la-19-edizione-del-concorso-scolastico-indetto-dalla-mostra-di-leonardo-da-vinci-il-genio-e-le-invenzioni\/","name":"AL VIA LA 19. EDIZIONE DEL CONCORSO SCOLASTICO INDETTO DALLA MOSTRA DI LEONARDO DA VINCI \u2013 IL GENIO E LE INVENZIONI","isPartOf":{"@id":"https:\/\/www.article-marketing.eu\/comunicatistampa\/#website"},"datePublished":"2023-11-05T21:22:20+00:00","author":{"@id":"https:\/\/www.article-marketing.eu\/comunicatistampa\/#\/schema\/person\/22d81e7c04e93611ddcda888b65438d8"},"breadcrumb":{"@id":"https:\/\/www.article-marketing.eu\/comunicatistampa\/al-via-la-19-edizione-del-concorso-scolastico-indetto-dalla-mostra-di-leonardo-da-vinci-il-genio-e-le-invenzioni\/#breadcrumb"},"inLanguage":"it-IT","potentialAction":[{"@type":"ReadAction","target":["https:\/\/www.article-marketing.eu\/comunicatistampa\/al-via-la-19-edizione-del-concorso-scolastico-indetto-dalla-mostra-di-leonardo-da-vinci-il-genio-e-le-invenzioni\/"]}]},{"@type":"BreadcrumbList","@id":"https:\/\/www.article-marketing.eu\/comunicatistampa\/al-via-la-19-edizione-del-concorso-scolastico-indetto-dalla-mostra-di-leonardo-da-vinci-il-genio-e-le-invenzioni\/#breadcrumb","itemListElement":[{"@type":"ListItem","position":1,"name":"Home","item":"https:\/\/www.article-marketing.eu\/comunicatistampa\/"},{"@type":"ListItem","position":2,"name":"AL VIA LA 19. EDIZIONE DEL CONCORSO SCOLASTICO INDETTO DALLA MOSTRA DI LEONARDO DA VINCI \u2013 IL GENIO E LE INVENZIONI"}]},{"@type":"WebSite","@id":"https:\/\/www.article-marketing.eu\/comunicatistampa\/#website","url":"https:\/\/www.article-marketing.eu\/comunicatistampa\/","name":"Article Marketing","description":"article marketing &amp; press release","potentialAction":[{"@type":"SearchAction","target":{"@type":"EntryPoint","urlTemplate":"https:\/\/www.article-marketing.eu\/comunicatistampa\/?s={search_term_string}"},"query-input":{"@type":"PropertyValueSpecification","valueRequired":true,"valueName":"search_term_string"}}],"inLanguage":"it-IT"},{"@type":"Person","@id":"https:\/\/www.article-marketing.eu\/comunicatistampa\/#\/schema\/person\/22d81e7c04e93611ddcda888b65438d8","name":"Uff Stampa","image":{"@type":"ImageObject","inLanguage":"it-IT","@id":"https:\/\/secure.gravatar.com\/avatar\/e3e9c5b947f539233b3f740c64e48242313649ff2a529b2191b5577aab6b4c57?s=96&d=mm&r=g","url":"https:\/\/secure.gravatar.com\/avatar\/e3e9c5b947f539233b3f740c64e48242313649ff2a529b2191b5577aab6b4c57?s=96&d=mm&r=g","contentUrl":"https:\/\/secure.gravatar.com\/avatar\/e3e9c5b947f539233b3f740c64e48242313649ff2a529b2191b5577aab6b4c57?s=96&d=mm&r=g","caption":"Uff Stampa"},"url":"https:\/\/www.article-marketing.eu\/comunicatistampa\/author\/uff-stampa\/"}]}},"_links":{"self":[{"href":"https:\/\/www.article-marketing.eu\/comunicatistampa\/wp-json\/wp\/v2\/posts\/28791","targetHints":{"allow":["GET"]}}],"collection":[{"href":"https:\/\/www.article-marketing.eu\/comunicatistampa\/wp-json\/wp\/v2\/posts"}],"about":[{"href":"https:\/\/www.article-marketing.eu\/comunicatistampa\/wp-json\/wp\/v2\/types\/post"}],"author":[{"embeddable":true,"href":"https:\/\/www.article-marketing.eu\/comunicatistampa\/wp-json\/wp\/v2\/users\/48"}],"replies":[{"embeddable":true,"href":"https:\/\/www.article-marketing.eu\/comunicatistampa\/wp-json\/wp\/v2\/comments?post=28791"}],"version-history":[{"count":3,"href":"https:\/\/www.article-marketing.eu\/comunicatistampa\/wp-json\/wp\/v2\/posts\/28791\/revisions"}],"predecessor-version":[{"id":28878,"href":"https:\/\/www.article-marketing.eu\/comunicatistampa\/wp-json\/wp\/v2\/posts\/28791\/revisions\/28878"}],"wp:attachment":[{"href":"https:\/\/www.article-marketing.eu\/comunicatistampa\/wp-json\/wp\/v2\/media?parent=28791"}],"wp:term":[{"taxonomy":"category","embeddable":true,"href":"https:\/\/www.article-marketing.eu\/comunicatistampa\/wp-json\/wp\/v2\/categories?post=28791"},{"taxonomy":"post_tag","embeddable":true,"href":"https:\/\/www.article-marketing.eu\/comunicatistampa\/wp-json\/wp\/v2\/tags?post=28791"}],"curies":[{"name":"wp","href":"https:\/\/api.w.org\/{rel}","templated":true}]}}