{"id":28805,"date":"2023-10-31T18:16:45","date_gmt":"2023-10-31T17:16:45","guid":{"rendered":"https:\/\/www.article-marketing.eu\/comunicatistampa\/?p=28805"},"modified":"2023-10-31T18:16:45","modified_gmt":"2023-10-31T17:16:45","slug":"mielemente-il-primo-mercatino-di-natale-dedicato-al-mondo-del-miele","status":"publish","type":"post","link":"https:\/\/www.article-marketing.eu\/comunicatistampa\/mielemente-il-primo-mercatino-di-natale-dedicato-al-mondo-del-miele\/","title":{"rendered":"MIELEMENTE: il primo Mercatino di Natale dedicato al mondo del miele"},"content":{"rendered":"<p><span style=\"font-family: arial, helvetica, sans-serif; font-size: 14pt;\">I mercatini di Natale rappresentano sempre una piacevole occasione per una passeggiata o un weekend fuori porta, per trovare doni particolari e per godere della scoperta delle pi\u00f9 belle cittadine d\u2019Italia e d\u2019Europa.<\/span><\/p>\n<p><span style=\"font-family: arial, helvetica, sans-serif; font-size: 14pt;\">Quest\u2019anno, per chi \u00e8 alla ricerca di un\u2019iniziativa inedita e originale, l\u2019appuntamento \u00e8 <strong>dall\u20198 al 10 dicembre<\/strong> <strong>a Montelupone in provincia di Macerata<\/strong> dove, tra le vie e le piazze dell\u2019antico borgo marchigiano, si svolge <strong>MIELEMENTE, il primo Mercatino di Natale dedicato al mondo del miele e ai prodotti derivati.<\/strong><\/span><\/p>\n<p><span style=\"font-family: arial, helvetica, sans-serif; font-size: 14pt;\"><strong>\u00a0<\/strong><\/span><span style=\"font-family: arial, helvetica, sans-serif; font-size: 14pt;\">L\u2019evento pone le sue basi sulla storica manifestazione APIMARCHE di Montelupone che, dopo 37 edizioni ha deciso di rinnovarsi nel nome e nei contenuti: <strong>MIELEMENTE <\/strong>\u00e8, infatti, un <strong>mercatino innovativo e unico nel suo genere. <\/strong>Quattro le aree tematiche che ospitano produttori da tutta Italia, dove trovare ogni tipologia di prodotto realizzato con il nettare degli dei oltre, naturalmente, ai diversi tipi di miele italiano (tra cui quelli legati alle fioriture tipiche delle Marche come il millefiori, acacia, castagno, girasole, ginestrino, lupinella e varie melate).<\/span><\/p>\n<p><span style=\"font-family: arial, helvetica, sans-serif; font-size: 14pt;\"><strong>\u00a0<\/strong><\/span><\/p>\n<p><span style=\"font-family: arial, helvetica, sans-serif; font-size: 14pt;\">Nell\u2019Area<strong> FOOD <\/strong>\u00e8 possibile scoprire, ad esempio, le 22 diversit\u00e0 di <strong>torrone<\/strong>, da quello pi\u00f9 famoso di Cremona al\u00a0mandorlato\u00a0veneto, fino al torrone marchigiano di Camerino e alle produzioni tipiche abruzzesi, calabre, siciliane e molisane. Poi <strong>caramelle<\/strong>, <strong>cioccolatini,<\/strong> <strong>biscotti<\/strong>, <strong>panettoni<\/strong> e <strong>panforti<\/strong>, la <strong>sapa di miele sarda<\/strong>, fino agli <strong>aceti al miele.<\/strong><\/span><\/p>\n<p><span style=\"font-family: arial, helvetica, sans-serif; font-size: 14pt;\">L\u2019Area <strong>BEVERAGE<\/strong> \u00e8 uno spazio esperienziale del \u201cmiele da bere\u201d a partire dall\u2019<strong>idromele, <\/strong>un liquore dalla storia millenaria. Si pu\u00f2 degustare e comperare <strong>grappe<\/strong> e <strong>birre<\/strong> <strong>al miele<\/strong>, sicuramente perfette anche come regalo da mettere sotto l\u2019albero di Natale, fino alle tipicit\u00e0 come il\u00a0<strong>Melitites<\/strong>, il primo vino al miele nato proprio nelle Marche.<\/span><\/p>\n<p><span style=\"font-family: arial, helvetica, sans-serif; font-size: 14pt;\">Il miele \u00e8 un dono unico e senza tempo, la cui generosit\u00e0 \u00e8 non solo dolce, ma anche bella. L\u2019Area <strong>COSMESI<\/strong> di Mielemente \u00e8 dedicata a creme naturali per le mani, il viso e il corpo, maschere di bellezza e antiage, prodotti per i capelli e profumazioni naturali. Un vero paradiso del benessere dove trovare tantissimi prodotti naturali per la cura del corpo.<\/span><\/p>\n<p><span style=\"font-family: arial, helvetica, sans-serif; font-size: 14pt;\">Infine l\u2019Area <strong>I LIBRI DEL MIELE,<\/strong> che d\u00e0 spazio all\u2019editoria specializzata per conoscere il mondo delle api e del miele.<\/span><\/p>\n<p><span style=\"font-family: arial, helvetica, sans-serif; font-size: 14pt;\"><strong>MIELEMENTE<\/strong> non \u00e8 solo un mercatino di Natale con tante proposte per i regali \u201cal miele\u201d, ma un <strong>appuntamento ricco di iniziative e attivit\u00e0 per tutta la famiglia nell\u2019intero fine settimana dell\u20198-10 dicembre<\/strong>, a partire dall\u2019intrattenimento pi\u00f9 i piccoli, come la lettura di fiabe a tema sul mondo delle api e laboratori tra cui il \u201cCorso per mini-apicoltori\u201d a cura dell\u2019Associazione Apicoltori di Montelupone.<\/span><\/p>\n<p><span style=\"font-family: arial, helvetica, sans-serif; font-size: 14pt;\">Tra le opportunit\u00e0 per esplorare il mondo dell\u2019apicoltura con nuove visioni anche gli <strong>incontri sulla Cosmesi del Miele con l\u2019Accademia italiana di Apiterapia e il laboratorio per la preparazione di cosmetici al miele.<\/strong><\/span><\/p>\n<p><span style=\"font-family: arial, helvetica, sans-serif; font-size: 14pt;\">I pi\u00f9 golosi avranno modo di <strong>scoprire nuovi sapori <\/strong>nei punti di ristoro e nei ristoranti dove il nettare degli dei sar\u00e0 protagonista di tantissimi piatti e proposte culinarie.<\/span><\/p>\n<p><span style=\"font-family: arial, helvetica, sans-serif; font-size: 14pt;\"><strong>\u00a0<\/strong><\/span><\/p>\n<p><span style=\"font-family: arial, helvetica, sans-serif; font-size: 14pt;\">Appuntamento da non perdere \u00e8, inoltre, la <strong>mostra<\/strong> <strong>\u201cSant\u2019Ambrogio e l\u2019apicoltura romantica\u201d &#8211; dal\u00a0 1\u00b0 al 10 dicembre presso il Palazzo dei Priori di Montelupone &#8211;<\/strong> un percorso multimediale che racconta le storie e i miti dell\u2019attivit\u00e0 millenaria dell\u2019apicoltura, legandole alla figura del Vescovo e Patrono di Milano che \u00e8 anche il protettore degli apicoltori (Sant\u2019Ambrogio \u00e8 spesso raffigurato accanto a un <em>bugno rustico, <\/em>l\u2019antico \u2018alveare di paglia\u2019, in uso prima della nascita dell\u2019attuale arnia a telaini, che segna lo sviluppo dell\u2019apicoltura moderna).<\/span><\/p>\n<p><span style=\"font-family: arial, helvetica, sans-serif; font-size: 14pt;\"><strong>\u00a0<\/strong><\/span><\/p>\n<p><span style=\"font-family: arial, helvetica, sans-serif; font-size: 14pt;\">Infine, <strong>Montelupone fa parte de I Borghi pi\u00f9 belli d\u2019Italia e vanta la Bandiera Arancione<\/strong>. Il centro storico \u00e8 racchiuso da mura con quattro porte d\u2019ingresso e originale pavimentazione in pietra. Tra le vie del borgo, superbi palazzi nobiliari e chiese come quella di San Francesco, eretta nella seconda met\u00e0 del Duecento e poi rivista in epoca tardo barocca.<\/span><\/p>\n<p>&nbsp;<\/p>\n<p><span style=\"font-family: arial, helvetica, sans-serif; font-size: 14pt;\"><strong>Per tutte le informazioni, per conoscere il programma delle iniziative (in continuo aggiornamento) <\/strong><\/span><span style=\"font-family: arial, helvetica, sans-serif; font-size: 14pt;\"><strong>e per suggerimenti di alloggi, bar e ristoranti: <\/strong><a href=\"https:\/\/apimarche.it\/\"><strong>Mielemente<\/strong><\/a><strong>: <\/strong><a href=\"https:\/\/apimarche.it\/\"><strong>https:\/\/apimarche.it<\/strong><\/a><\/span><\/p>\n<p><span style=\"font-family: arial, helvetica, sans-serif; font-size: 12pt;\"><em>Montelupone fa parte de\u00a0<\/em><a href=\"https:\/\/www.cittadelmiele.it\/\"><strong><em>Le Citt\u00e0 del Miele,<\/em><\/strong><\/a><em>\u00a0<\/em><em>la rete dei territori che danno origine e identit\u00e0 alle oltre 60 tipologie di mieli italiani. Fin dalla sua nascita, nel 2001, Le Citt\u00e0 del Miele collabora, a livello regionale e provinciale, con il mondo dell\u2019apicoltura sviluppando un\u2019agenda nazionale di eventi promossi e sostenuti dalle Citt\u00e0 associate. Un impegno che, nell\u2019arco di vent\u2019anni, \u00e8 stato fondamentale per la conoscenza dei mieli e che ha consentito a pi\u00f9 di 5 milioni e mezzo di consumatori di conoscere, degustare e scoprire la qualit\u00e0 e la diversit\u00e0 dei numerosi e diversi mieli italiani.<\/em><\/span><\/p>\n<p><span style=\"font-family: arial, helvetica, sans-serif; font-size: 12pt;\"><em>A ottobre 2023 Le Citt\u00e0 del Miele ha vinto il\u00a0 \u2018<\/em><em>GIST Travel Food Award 2023<\/em><em>\u2019<\/em><em> come la <\/em><em>\u2018<\/em><em>Migliore Destinazione Enogastronomica-Italia 2023<\/em><em>\u2019, premio<\/em><em> assegnato <\/em><em>dal <\/em><em>Gruppo Italiano Stampa Turistica ai quei territori e agli eventi che promuovono un turismo enogastronomico di qualit\u00e0<\/em><em>.<\/em><\/span><\/p>\n<p><span style=\"font-family: arial, helvetica, sans-serif; font-size: 12pt;\"><em>Per info: <\/em><em>www.cittadelmiele.it<\/em><\/span><\/p>\n","protected":false},"excerpt":{"rendered":"<p>I mercatini di Natale rappresentano sempre una piacevole occasione per una passeggiata o un weekend fuori porta, per trovare doni particolari e per godere della scoperta delle pi\u00f9 belle cittadine d\u2019Italia e d\u2019Europa. Quest\u2019anno, per chi \u00e8 alla ricerca di un\u2019iniziativa inedita e originale, l\u2019appuntamento \u00e8 dall\u20198 al 10 dicembre a Montelupone in provincia di Macerata dove, tra le vie e le piazze dell\u2019antico borgo marchigiano, si svolge MIELEMENTE, il<\/p>\n<p><a class=\"continue-reading\" href=\"https:\/\/www.article-marketing.eu\/comunicatistampa\/mielemente-il-primo-mercatino-di-natale-dedicato-al-mondo-del-miele\/\">Continue reading&#8230;<\/a><\/p>\n","protected":false},"author":49,"featured_media":0,"comment_status":"open","ping_status":"open","sticky":false,"template":"","format":"gallery","meta":{"_monsterinsights_skip_tracking":false,"_monsterinsights_sitenote_active":false,"_monsterinsights_sitenote_note":"","_monsterinsights_sitenote_category":0,"footnotes":""},"categories":[78],"tags":[3543,10891,10890],"class_list":["post-28805","post","type-post","status-publish","format-gallery","hentry","category-comunicati-stampa","tag-marche","tag-mercatini-natale","tag-miele","post_format-post-format-gallery"],"yoast_head":"<!-- This site is optimized with the Yoast SEO plugin v27.3 - https:\/\/yoast.com\/product\/yoast-seo-wordpress\/ -->\n<title>MIELEMENTE: il primo Mercatino di Natale dedicato al mondo del miele<\/title>\n<meta name=\"robots\" content=\"index, follow, max-snippet:-1, max-image-preview:large, max-video-preview:-1\" \/>\n<link rel=\"canonical\" href=\"https:\/\/www.article-marketing.eu\/comunicatistampa\/mielemente-il-primo-mercatino-di-natale-dedicato-al-mondo-del-miele\/\" \/>\n<meta property=\"og:locale\" content=\"it_IT\" \/>\n<meta property=\"og:type\" content=\"article\" \/>\n<meta property=\"og:title\" content=\"MIELEMENTE: il primo Mercatino di Natale dedicato al mondo del miele\" \/>\n<meta property=\"og:description\" content=\"I mercatini di Natale rappresentano sempre una piacevole occasione per una passeggiata o un weekend fuori porta, per trovare doni particolari e per godere della scoperta delle pi\u00f9 belle cittadine d\u2019Italia e d\u2019Europa. Quest\u2019anno, per chi \u00e8 alla ricerca di un\u2019iniziativa inedita e originale, l\u2019appuntamento \u00e8 dall\u20198 al 10 dicembre a Montelupone in provincia di Macerata dove, tra le vie e le piazze dell\u2019antico borgo marchigiano, si svolge MIELEMENTE, ilContinue reading...\" \/>\n<meta property=\"og:url\" content=\"https:\/\/www.article-marketing.eu\/comunicatistampa\/mielemente-il-primo-mercatino-di-natale-dedicato-al-mondo-del-miele\/\" \/>\n<meta property=\"og:site_name\" content=\"Article Marketing\" \/>\n<meta property=\"article:published_time\" content=\"2023-10-31T17:16:45+00:00\" \/>\n<meta name=\"author\" content=\"montefusco\" \/>\n<meta name=\"twitter:card\" content=\"summary_large_image\" \/>\n<meta name=\"twitter:label1\" content=\"Scritto da\" \/>\n\t<meta name=\"twitter:data1\" content=\"montefusco\" \/>\n\t<meta name=\"twitter:label2\" content=\"Tempo di lettura stimato\" \/>\n\t<meta name=\"twitter:data2\" content=\"5 minuti\" \/>\n<script type=\"application\/ld+json\" class=\"yoast-schema-graph\">{\"@context\":\"https:\\\/\\\/schema.org\",\"@graph\":[{\"@type\":\"Article\",\"@id\":\"https:\\\/\\\/www.article-marketing.eu\\\/comunicatistampa\\\/mielemente-il-primo-mercatino-di-natale-dedicato-al-mondo-del-miele\\\/#article\",\"isPartOf\":{\"@id\":\"https:\\\/\\\/www.article-marketing.eu\\\/comunicatistampa\\\/mielemente-il-primo-mercatino-di-natale-dedicato-al-mondo-del-miele\\\/\"},\"author\":{\"name\":\"montefusco\",\"@id\":\"https:\\\/\\\/www.article-marketing.eu\\\/comunicatistampa\\\/#\\\/schema\\\/person\\\/b981bc1786c420f8e7fc770698b6f2fc\"},\"headline\":\"MIELEMENTE: il primo Mercatino di Natale dedicato al mondo del miele\",\"datePublished\":\"2023-10-31T17:16:45+00:00\",\"mainEntityOfPage\":{\"@id\":\"https:\\\/\\\/www.article-marketing.eu\\\/comunicatistampa\\\/mielemente-il-primo-mercatino-di-natale-dedicato-al-mondo-del-miele\\\/\"},\"wordCount\":816,\"commentCount\":0,\"keywords\":[\"Marche\",\"Mercatini Natale\",\"miele\"],\"articleSection\":[\"Comunicati stampa\"],\"inLanguage\":\"it-IT\",\"potentialAction\":[{\"@type\":\"CommentAction\",\"name\":\"Comment\",\"target\":[\"https:\\\/\\\/www.article-marketing.eu\\\/comunicatistampa\\\/mielemente-il-primo-mercatino-di-natale-dedicato-al-mondo-del-miele\\\/#respond\"]}]},{\"@type\":\"WebPage\",\"@id\":\"https:\\\/\\\/www.article-marketing.eu\\\/comunicatistampa\\\/mielemente-il-primo-mercatino-di-natale-dedicato-al-mondo-del-miele\\\/\",\"url\":\"https:\\\/\\\/www.article-marketing.eu\\\/comunicatistampa\\\/mielemente-il-primo-mercatino-di-natale-dedicato-al-mondo-del-miele\\\/\",\"name\":\"MIELEMENTE: il primo Mercatino di Natale dedicato al mondo del miele\",\"isPartOf\":{\"@id\":\"https:\\\/\\\/www.article-marketing.eu\\\/comunicatistampa\\\/#website\"},\"datePublished\":\"2023-10-31T17:16:45+00:00\",\"author\":{\"@id\":\"https:\\\/\\\/www.article-marketing.eu\\\/comunicatistampa\\\/#\\\/schema\\\/person\\\/b981bc1786c420f8e7fc770698b6f2fc\"},\"breadcrumb\":{\"@id\":\"https:\\\/\\\/www.article-marketing.eu\\\/comunicatistampa\\\/mielemente-il-primo-mercatino-di-natale-dedicato-al-mondo-del-miele\\\/#breadcrumb\"},\"inLanguage\":\"it-IT\",\"potentialAction\":[{\"@type\":\"ReadAction\",\"target\":[\"https:\\\/\\\/www.article-marketing.eu\\\/comunicatistampa\\\/mielemente-il-primo-mercatino-di-natale-dedicato-al-mondo-del-miele\\\/\"]}]},{\"@type\":\"BreadcrumbList\",\"@id\":\"https:\\\/\\\/www.article-marketing.eu\\\/comunicatistampa\\\/mielemente-il-primo-mercatino-di-natale-dedicato-al-mondo-del-miele\\\/#breadcrumb\",\"itemListElement\":[{\"@type\":\"ListItem\",\"position\":1,\"name\":\"Home\",\"item\":\"https:\\\/\\\/www.article-marketing.eu\\\/comunicatistampa\\\/\"},{\"@type\":\"ListItem\",\"position\":2,\"name\":\"MIELEMENTE: il primo Mercatino di Natale dedicato al mondo del miele\"}]},{\"@type\":\"WebSite\",\"@id\":\"https:\\\/\\\/www.article-marketing.eu\\\/comunicatistampa\\\/#website\",\"url\":\"https:\\\/\\\/www.article-marketing.eu\\\/comunicatistampa\\\/\",\"name\":\"Article Marketing\",\"description\":\"article marketing &amp; press release\",\"potentialAction\":[{\"@type\":\"SearchAction\",\"target\":{\"@type\":\"EntryPoint\",\"urlTemplate\":\"https:\\\/\\\/www.article-marketing.eu\\\/comunicatistampa\\\/?s={search_term_string}\"},\"query-input\":{\"@type\":\"PropertyValueSpecification\",\"valueRequired\":true,\"valueName\":\"search_term_string\"}}],\"inLanguage\":\"it-IT\"},{\"@type\":\"Person\",\"@id\":\"https:\\\/\\\/www.article-marketing.eu\\\/comunicatistampa\\\/#\\\/schema\\\/person\\\/b981bc1786c420f8e7fc770698b6f2fc\",\"name\":\"montefusco\",\"image\":{\"@type\":\"ImageObject\",\"inLanguage\":\"it-IT\",\"@id\":\"https:\\\/\\\/secure.gravatar.com\\\/avatar\\\/d3087b03655a8ef722008dbaf183ec109f95eba8a88acb67c86c5776dedcb8c9?s=96&d=mm&r=g\",\"url\":\"https:\\\/\\\/secure.gravatar.com\\\/avatar\\\/d3087b03655a8ef722008dbaf183ec109f95eba8a88acb67c86c5776dedcb8c9?s=96&d=mm&r=g\",\"contentUrl\":\"https:\\\/\\\/secure.gravatar.com\\\/avatar\\\/d3087b03655a8ef722008dbaf183ec109f95eba8a88acb67c86c5776dedcb8c9?s=96&d=mm&r=g\",\"caption\":\"montefusco\"},\"url\":\"https:\\\/\\\/www.article-marketing.eu\\\/comunicatistampa\\\/author\\\/montefusco\\\/\"}]}<\/script>\n<!-- \/ Yoast SEO plugin. -->","yoast_head_json":{"title":"MIELEMENTE: il primo Mercatino di Natale dedicato al mondo del miele","robots":{"index":"index","follow":"follow","max-snippet":"max-snippet:-1","max-image-preview":"max-image-preview:large","max-video-preview":"max-video-preview:-1"},"canonical":"https:\/\/www.article-marketing.eu\/comunicatistampa\/mielemente-il-primo-mercatino-di-natale-dedicato-al-mondo-del-miele\/","og_locale":"it_IT","og_type":"article","og_title":"MIELEMENTE: il primo Mercatino di Natale dedicato al mondo del miele","og_description":"I mercatini di Natale rappresentano sempre una piacevole occasione per una passeggiata o un weekend fuori porta, per trovare doni particolari e per godere della scoperta delle pi\u00f9 belle cittadine d\u2019Italia e d\u2019Europa. Quest\u2019anno, per chi \u00e8 alla ricerca di un\u2019iniziativa inedita e originale, l\u2019appuntamento \u00e8 dall\u20198 al 10 dicembre a Montelupone in provincia di Macerata dove, tra le vie e le piazze dell\u2019antico borgo marchigiano, si svolge MIELEMENTE, ilContinue reading...","og_url":"https:\/\/www.article-marketing.eu\/comunicatistampa\/mielemente-il-primo-mercatino-di-natale-dedicato-al-mondo-del-miele\/","og_site_name":"Article Marketing","article_published_time":"2023-10-31T17:16:45+00:00","author":"montefusco","twitter_card":"summary_large_image","twitter_misc":{"Scritto da":"montefusco","Tempo di lettura stimato":"5 minuti"},"schema":{"@context":"https:\/\/schema.org","@graph":[{"@type":"Article","@id":"https:\/\/www.article-marketing.eu\/comunicatistampa\/mielemente-il-primo-mercatino-di-natale-dedicato-al-mondo-del-miele\/#article","isPartOf":{"@id":"https:\/\/www.article-marketing.eu\/comunicatistampa\/mielemente-il-primo-mercatino-di-natale-dedicato-al-mondo-del-miele\/"},"author":{"name":"montefusco","@id":"https:\/\/www.article-marketing.eu\/comunicatistampa\/#\/schema\/person\/b981bc1786c420f8e7fc770698b6f2fc"},"headline":"MIELEMENTE: il primo Mercatino di Natale dedicato al mondo del miele","datePublished":"2023-10-31T17:16:45+00:00","mainEntityOfPage":{"@id":"https:\/\/www.article-marketing.eu\/comunicatistampa\/mielemente-il-primo-mercatino-di-natale-dedicato-al-mondo-del-miele\/"},"wordCount":816,"commentCount":0,"keywords":["Marche","Mercatini Natale","miele"],"articleSection":["Comunicati stampa"],"inLanguage":"it-IT","potentialAction":[{"@type":"CommentAction","name":"Comment","target":["https:\/\/www.article-marketing.eu\/comunicatistampa\/mielemente-il-primo-mercatino-di-natale-dedicato-al-mondo-del-miele\/#respond"]}]},{"@type":"WebPage","@id":"https:\/\/www.article-marketing.eu\/comunicatistampa\/mielemente-il-primo-mercatino-di-natale-dedicato-al-mondo-del-miele\/","url":"https:\/\/www.article-marketing.eu\/comunicatistampa\/mielemente-il-primo-mercatino-di-natale-dedicato-al-mondo-del-miele\/","name":"MIELEMENTE: il primo Mercatino di Natale dedicato al mondo del miele","isPartOf":{"@id":"https:\/\/www.article-marketing.eu\/comunicatistampa\/#website"},"datePublished":"2023-10-31T17:16:45+00:00","author":{"@id":"https:\/\/www.article-marketing.eu\/comunicatistampa\/#\/schema\/person\/b981bc1786c420f8e7fc770698b6f2fc"},"breadcrumb":{"@id":"https:\/\/www.article-marketing.eu\/comunicatistampa\/mielemente-il-primo-mercatino-di-natale-dedicato-al-mondo-del-miele\/#breadcrumb"},"inLanguage":"it-IT","potentialAction":[{"@type":"ReadAction","target":["https:\/\/www.article-marketing.eu\/comunicatistampa\/mielemente-il-primo-mercatino-di-natale-dedicato-al-mondo-del-miele\/"]}]},{"@type":"BreadcrumbList","@id":"https:\/\/www.article-marketing.eu\/comunicatistampa\/mielemente-il-primo-mercatino-di-natale-dedicato-al-mondo-del-miele\/#breadcrumb","itemListElement":[{"@type":"ListItem","position":1,"name":"Home","item":"https:\/\/www.article-marketing.eu\/comunicatistampa\/"},{"@type":"ListItem","position":2,"name":"MIELEMENTE: il primo Mercatino di Natale dedicato al mondo del miele"}]},{"@type":"WebSite","@id":"https:\/\/www.article-marketing.eu\/comunicatistampa\/#website","url":"https:\/\/www.article-marketing.eu\/comunicatistampa\/","name":"Article Marketing","description":"article marketing &amp; press release","potentialAction":[{"@type":"SearchAction","target":{"@type":"EntryPoint","urlTemplate":"https:\/\/www.article-marketing.eu\/comunicatistampa\/?s={search_term_string}"},"query-input":{"@type":"PropertyValueSpecification","valueRequired":true,"valueName":"search_term_string"}}],"inLanguage":"it-IT"},{"@type":"Person","@id":"https:\/\/www.article-marketing.eu\/comunicatistampa\/#\/schema\/person\/b981bc1786c420f8e7fc770698b6f2fc","name":"montefusco","image":{"@type":"ImageObject","inLanguage":"it-IT","@id":"https:\/\/secure.gravatar.com\/avatar\/d3087b03655a8ef722008dbaf183ec109f95eba8a88acb67c86c5776dedcb8c9?s=96&d=mm&r=g","url":"https:\/\/secure.gravatar.com\/avatar\/d3087b03655a8ef722008dbaf183ec109f95eba8a88acb67c86c5776dedcb8c9?s=96&d=mm&r=g","contentUrl":"https:\/\/secure.gravatar.com\/avatar\/d3087b03655a8ef722008dbaf183ec109f95eba8a88acb67c86c5776dedcb8c9?s=96&d=mm&r=g","caption":"montefusco"},"url":"https:\/\/www.article-marketing.eu\/comunicatistampa\/author\/montefusco\/"}]}},"_links":{"self":[{"href":"https:\/\/www.article-marketing.eu\/comunicatistampa\/wp-json\/wp\/v2\/posts\/28805","targetHints":{"allow":["GET"]}}],"collection":[{"href":"https:\/\/www.article-marketing.eu\/comunicatistampa\/wp-json\/wp\/v2\/posts"}],"about":[{"href":"https:\/\/www.article-marketing.eu\/comunicatistampa\/wp-json\/wp\/v2\/types\/post"}],"author":[{"embeddable":true,"href":"https:\/\/www.article-marketing.eu\/comunicatistampa\/wp-json\/wp\/v2\/users\/49"}],"replies":[{"embeddable":true,"href":"https:\/\/www.article-marketing.eu\/comunicatistampa\/wp-json\/wp\/v2\/comments?post=28805"}],"version-history":[{"count":3,"href":"https:\/\/www.article-marketing.eu\/comunicatistampa\/wp-json\/wp\/v2\/posts\/28805\/revisions"}],"predecessor-version":[{"id":28843,"href":"https:\/\/www.article-marketing.eu\/comunicatistampa\/wp-json\/wp\/v2\/posts\/28805\/revisions\/28843"}],"wp:attachment":[{"href":"https:\/\/www.article-marketing.eu\/comunicatistampa\/wp-json\/wp\/v2\/media?parent=28805"}],"wp:term":[{"taxonomy":"category","embeddable":true,"href":"https:\/\/www.article-marketing.eu\/comunicatistampa\/wp-json\/wp\/v2\/categories?post=28805"},{"taxonomy":"post_tag","embeddable":true,"href":"https:\/\/www.article-marketing.eu\/comunicatistampa\/wp-json\/wp\/v2\/tags?post=28805"}],"curies":[{"name":"wp","href":"https:\/\/api.w.org\/{rel}","templated":true}]}}