{"id":28906,"date":"2023-11-28T18:34:17","date_gmt":"2023-11-28T17:34:17","guid":{"rendered":"https:\/\/www.article-marketing.eu\/comunicatistampa\/?p=28906"},"modified":"2023-11-28T18:34:17","modified_gmt":"2023-11-28T17:34:17","slug":"claudio-descalzi-transizione-e-sicurezza-energetica-la-vision-di-eni-allitalian-energy-summit","status":"publish","type":"post","link":"https:\/\/www.article-marketing.eu\/comunicatistampa\/claudio-descalzi-transizione-e-sicurezza-energetica-la-vision-di-eni-allitalian-energy-summit\/","title":{"rendered":"Claudio Descalzi: transizione e sicurezza energetica, la vision di Eni all\u2019Italian Energy Summit"},"content":{"rendered":"<p><em><strong>L&#8217;AD <a title=\"Il profilo professionale di Claudio Descalzi\" href=\"https:\/\/www.executivemanager.it\/Claudio-Descalzi\/\">Claudio Descalzi<\/a>: \u201cDobbiamo darci degli obiettivi sulla transizione energetica, ma non dobbiamo imporre ai Paesi le tecnologie con le quali arrivarci, altrimenti rischiamo di fare dei passi indietro\u201d.<\/strong><\/em><\/p>\n<p><a title=\"La carriera professionale di Claudio Descalzi\" href=\"https:\/\/www.executivemanager.it\/Claudio-Descalzi\/\"><img loading=\"lazy\" decoding=\"async\" src=\"https:\/\/www.executivemanager.it\/images\/comprofiler\/513_57d9109457b28.jpg\" alt=\"L'AD di Eni, Claudio Descalzi\" width=\"100\" height=\"150\" \/><\/a><\/p>\n<h2>Energia: l\u2019AD Claudio Descalzi porta la vision di Eni all\u2019Italian Energy Summit<\/h2>\n<p>L\u2019AD di Eni <a title=\"Claudio Descalzi: dalla laurea alla guida di Eni\" href=\"https:\/\/www.executivemanager.it\/Claudio-Descalzi\/\"><strong>Claudio Descalzi<\/strong><\/a> \u00e8 intervenuto all\u2019Italian Energy Summit de \u201cIl Sole 24 Ore\u201d per fare il punto sulla situazione attuale del mercato energetico italiano e internazionale. Il quadro che emerge dalle parole dell\u2019AD di Eni \u00e8 positivo: \u201c<em>Sul gas l\u2019Italia \u00e8 al sicuro perch\u00e9 abbiamo connessioni via tubo, molto Lng e contratti che ci danno la disponibilit\u00e0 delle forniture e perch\u00e9 la totalit\u00e0 del gas che portiamo in Italia proviene da nostre produzioni su cui stiamo investendo<\/em>\u201d. Ricordando i 6 miliardi stanziati da Eni \u201c<em>per accelerare la produzione di quel gas<\/em>\u201d che deve contribuire al sistema economico e industriale italiano, l\u2019AD <strong>Claudio Descalzi<\/strong> ha invitato a non adagiarsi sugli allori perch\u00e9 \u201c<em>quando non si hanno risorse proprie non si \u00e8 mai al sicuro<\/em>\u201d. La strada \u00e8 ancora lunga: il sistema attuale richiede una \u201c<em>manutenzione molto pi\u00f9 complessa e laboriosa, anche perch\u00e9 ci sono tanti Paesi che ci danno il gas<\/em>\u201d: in quest\u2019ottica sono ancora necessari investimenti e stabilit\u00e0.<\/p>\n<h2>Transizione energetica, l\u2019AD di Eni Claudio Descalzi: impossibile fermarsi<\/h2>\n<p>\u201c<em>Non possiamo fermarci sulla transizione energetica<\/em>\u201d: l\u2019AD <strong>Claudio Descalzi<\/strong> nel corso dell\u2019evento ha spiegato come fare le cose mettendo insieme il breve e il lungo periodo sia la strada da percorrere anche per riuscire a portare avanti la transizione energetica in uno scenario complesso come quello attuale. \u201c<em>Gli investimenti nell\u2019energia e nell\u2019ambiente sono a lungo termine. Noi come Eni siamo ormai al 30% dei nostri investimenti complessivi e abbiamo quasi raggiunto 10 miliardi da quando abbiamo iniziato<\/em>\u201d, ha aggiunto l\u2019AD <strong>Claudio Descalzi<\/strong>, secondo il quale darsi degli obiettivi \u00e8 giusto ma ogni Paese deve avere la libert\u00e0 di raggiungerli \u201c<em>in funzione del suo mix e delle sue tecnologie energetiche, altrimenti si rischia di dover tornare indietro<\/em>\u201d. L\u2019America non sta lavorando con gli stessi obiettivi europei anche se cerca di accompagnarli. E al tempo stesso sulle rinnovabili in Europa \u201c<em>stiamo facendo un quarto di quello che dovremmo fare e abbiamo dovuto aumentare i consumi di carbone perch\u00e9 non abbiamo il gas che hanno gli Stati Uniti<\/em>\u201d. L\u2019AD ha quindi posto l\u2019accento sul ruolo chiave che deve giocare la \u201c<em>sostenibilit\u00e0 economica<\/em>\u201d nel processo di transizione green: \u201c<em>Bisogna fare qualcosa che sia sostenibile per l\u2019ambiente ma che non impoverisca la societ\u00e0<\/em>\u201d. Essere sostenibili ma anche competitivi \u00e8 la soluzione: \u201c<em>Bisogna mettere insieme tutti i punti di vista, perch\u00e9 non possiamo creare povert\u00e0 facendo iniziative positive per l\u2019ambiente<\/em>\u201d.<\/p>\n","protected":false},"excerpt":{"rendered":"<p>L&#8217;AD Claudio Descalzi: \u201cDobbiamo darci degli obiettivi sulla transizione energetica, ma non dobbiamo imporre ai Paesi le tecnologie con le quali arrivarci, altrimenti rischiamo di fare dei passi indietro\u201d. Energia: l\u2019AD Claudio Descalzi porta la vision di Eni all\u2019Italian Energy Summit L\u2019AD di Eni Claudio Descalzi \u00e8 intervenuto all\u2019Italian Energy Summit de \u201cIl Sole 24 Ore\u201d per fare il punto sulla situazione attuale del mercato energetico italiano e internazionale. Il<\/p>\n<p><a class=\"continue-reading\" href=\"https:\/\/www.article-marketing.eu\/comunicatistampa\/claudio-descalzi-transizione-e-sicurezza-energetica-la-vision-di-eni-allitalian-energy-summit\/\">Continue reading&#8230;<\/a><\/p>\n","protected":false},"author":6477,"featured_media":0,"comment_status":"open","ping_status":"open","sticky":false,"template":"","format":"standard","meta":{"_monsterinsights_skip_tracking":false,"_monsterinsights_sitenote_active":false,"_monsterinsights_sitenote_note":"","_monsterinsights_sitenote_category":0,"footnotes":""},"categories":[386],"tags":[9889],"class_list":["post-28906","post","type-post","status-publish","format-standard","hentry","category-economia-e-lavoro","tag-claudio-descalzi"],"yoast_head":"<!-- This site is optimized with the Yoast SEO plugin v27.3 - https:\/\/yoast.com\/product\/yoast-seo-wordpress\/ -->\n<title>Claudio Descalzi: transizione e sicurezza energetica, la vision di Eni all\u2019Italian Energy Summit<\/title>\n<meta name=\"robots\" content=\"index, follow, max-snippet:-1, max-image-preview:large, max-video-preview:-1\" \/>\n<link rel=\"canonical\" href=\"https:\/\/www.article-marketing.eu\/comunicatistampa\/claudio-descalzi-transizione-e-sicurezza-energetica-la-vision-di-eni-allitalian-energy-summit\/\" \/>\n<meta property=\"og:locale\" content=\"it_IT\" \/>\n<meta property=\"og:type\" content=\"article\" \/>\n<meta property=\"og:title\" content=\"Claudio Descalzi: transizione e sicurezza energetica, la vision di Eni all\u2019Italian Energy Summit\" \/>\n<meta property=\"og:description\" content=\"L&#8217;AD Claudio Descalzi: \u201cDobbiamo darci degli obiettivi sulla transizione energetica, ma non dobbiamo imporre ai Paesi le tecnologie con le quali arrivarci, altrimenti rischiamo di fare dei passi indietro\u201d. Energia: l\u2019AD Claudio Descalzi porta la vision di Eni all\u2019Italian Energy Summit L\u2019AD di Eni Claudio Descalzi \u00e8 intervenuto all\u2019Italian Energy Summit de \u201cIl Sole 24 Ore\u201d per fare il punto sulla situazione attuale del mercato energetico italiano e internazionale. IlContinue reading...\" \/>\n<meta property=\"og:url\" content=\"https:\/\/www.article-marketing.eu\/comunicatistampa\/claudio-descalzi-transizione-e-sicurezza-energetica-la-vision-di-eni-allitalian-energy-summit\/\" \/>\n<meta property=\"og:site_name\" content=\"Article Marketing\" \/>\n<meta property=\"article:published_time\" content=\"2023-11-28T17:34:17+00:00\" \/>\n<meta property=\"og:image\" content=\"https:\/\/www.executivemanager.it\/images\/comprofiler\/513_57d9109457b28.jpg\" \/>\n<meta name=\"author\" content=\"articolinews\" \/>\n<meta name=\"twitter:card\" content=\"summary_large_image\" \/>\n<meta name=\"twitter:label1\" content=\"Scritto da\" \/>\n\t<meta name=\"twitter:data1\" content=\"articolinews\" \/>\n\t<meta name=\"twitter:label2\" content=\"Tempo di lettura stimato\" \/>\n\t<meta name=\"twitter:data2\" content=\"3 minuti\" \/>\n<script type=\"application\/ld+json\" class=\"yoast-schema-graph\">{\"@context\":\"https:\\\/\\\/schema.org\",\"@graph\":[{\"@type\":\"Article\",\"@id\":\"https:\\\/\\\/www.article-marketing.eu\\\/comunicatistampa\\\/claudio-descalzi-transizione-e-sicurezza-energetica-la-vision-di-eni-allitalian-energy-summit\\\/#article\",\"isPartOf\":{\"@id\":\"https:\\\/\\\/www.article-marketing.eu\\\/comunicatistampa\\\/claudio-descalzi-transizione-e-sicurezza-energetica-la-vision-di-eni-allitalian-energy-summit\\\/\"},\"author\":{\"name\":\"articolinews\",\"@id\":\"https:\\\/\\\/www.article-marketing.eu\\\/comunicatistampa\\\/#\\\/schema\\\/person\\\/2fcaf8f8f3a9eef9eb7f27532d3ca458\"},\"headline\":\"Claudio Descalzi: transizione e sicurezza energetica, la vision di Eni all\u2019Italian Energy Summit\",\"datePublished\":\"2023-11-28T17:34:17+00:00\",\"mainEntityOfPage\":{\"@id\":\"https:\\\/\\\/www.article-marketing.eu\\\/comunicatistampa\\\/claudio-descalzi-transizione-e-sicurezza-energetica-la-vision-di-eni-allitalian-energy-summit\\\/\"},\"wordCount\":456,\"commentCount\":0,\"image\":{\"@id\":\"https:\\\/\\\/www.article-marketing.eu\\\/comunicatistampa\\\/claudio-descalzi-transizione-e-sicurezza-energetica-la-vision-di-eni-allitalian-energy-summit\\\/#primaryimage\"},\"thumbnailUrl\":\"https:\\\/\\\/www.executivemanager.it\\\/images\\\/comprofiler\\\/513_57d9109457b28.jpg\",\"keywords\":[\"Claudio Descalzi\"],\"articleSection\":[\"Economia e lavoro\"],\"inLanguage\":\"it-IT\",\"potentialAction\":[{\"@type\":\"CommentAction\",\"name\":\"Comment\",\"target\":[\"https:\\\/\\\/www.article-marketing.eu\\\/comunicatistampa\\\/claudio-descalzi-transizione-e-sicurezza-energetica-la-vision-di-eni-allitalian-energy-summit\\\/#respond\"]}]},{\"@type\":\"WebPage\",\"@id\":\"https:\\\/\\\/www.article-marketing.eu\\\/comunicatistampa\\\/claudio-descalzi-transizione-e-sicurezza-energetica-la-vision-di-eni-allitalian-energy-summit\\\/\",\"url\":\"https:\\\/\\\/www.article-marketing.eu\\\/comunicatistampa\\\/claudio-descalzi-transizione-e-sicurezza-energetica-la-vision-di-eni-allitalian-energy-summit\\\/\",\"name\":\"Claudio Descalzi: transizione e sicurezza energetica, la vision di Eni all\u2019Italian Energy Summit\",\"isPartOf\":{\"@id\":\"https:\\\/\\\/www.article-marketing.eu\\\/comunicatistampa\\\/#website\"},\"primaryImageOfPage\":{\"@id\":\"https:\\\/\\\/www.article-marketing.eu\\\/comunicatistampa\\\/claudio-descalzi-transizione-e-sicurezza-energetica-la-vision-di-eni-allitalian-energy-summit\\\/#primaryimage\"},\"image\":{\"@id\":\"https:\\\/\\\/www.article-marketing.eu\\\/comunicatistampa\\\/claudio-descalzi-transizione-e-sicurezza-energetica-la-vision-di-eni-allitalian-energy-summit\\\/#primaryimage\"},\"thumbnailUrl\":\"https:\\\/\\\/www.executivemanager.it\\\/images\\\/comprofiler\\\/513_57d9109457b28.jpg\",\"datePublished\":\"2023-11-28T17:34:17+00:00\",\"author\":{\"@id\":\"https:\\\/\\\/www.article-marketing.eu\\\/comunicatistampa\\\/#\\\/schema\\\/person\\\/2fcaf8f8f3a9eef9eb7f27532d3ca458\"},\"breadcrumb\":{\"@id\":\"https:\\\/\\\/www.article-marketing.eu\\\/comunicatistampa\\\/claudio-descalzi-transizione-e-sicurezza-energetica-la-vision-di-eni-allitalian-energy-summit\\\/#breadcrumb\"},\"inLanguage\":\"it-IT\",\"potentialAction\":[{\"@type\":\"ReadAction\",\"target\":[\"https:\\\/\\\/www.article-marketing.eu\\\/comunicatistampa\\\/claudio-descalzi-transizione-e-sicurezza-energetica-la-vision-di-eni-allitalian-energy-summit\\\/\"]}]},{\"@type\":\"ImageObject\",\"inLanguage\":\"it-IT\",\"@id\":\"https:\\\/\\\/www.article-marketing.eu\\\/comunicatistampa\\\/claudio-descalzi-transizione-e-sicurezza-energetica-la-vision-di-eni-allitalian-energy-summit\\\/#primaryimage\",\"url\":\"https:\\\/\\\/www.executivemanager.it\\\/images\\\/comprofiler\\\/513_57d9109457b28.jpg\",\"contentUrl\":\"https:\\\/\\\/www.executivemanager.it\\\/images\\\/comprofiler\\\/513_57d9109457b28.jpg\"},{\"@type\":\"BreadcrumbList\",\"@id\":\"https:\\\/\\\/www.article-marketing.eu\\\/comunicatistampa\\\/claudio-descalzi-transizione-e-sicurezza-energetica-la-vision-di-eni-allitalian-energy-summit\\\/#breadcrumb\",\"itemListElement\":[{\"@type\":\"ListItem\",\"position\":1,\"name\":\"Home\",\"item\":\"https:\\\/\\\/www.article-marketing.eu\\\/comunicatistampa\\\/\"},{\"@type\":\"ListItem\",\"position\":2,\"name\":\"Claudio Descalzi: transizione e sicurezza energetica, la vision di Eni all\u2019Italian Energy Summit\"}]},{\"@type\":\"WebSite\",\"@id\":\"https:\\\/\\\/www.article-marketing.eu\\\/comunicatistampa\\\/#website\",\"url\":\"https:\\\/\\\/www.article-marketing.eu\\\/comunicatistampa\\\/\",\"name\":\"Article Marketing\",\"description\":\"article marketing &amp; press release\",\"potentialAction\":[{\"@type\":\"SearchAction\",\"target\":{\"@type\":\"EntryPoint\",\"urlTemplate\":\"https:\\\/\\\/www.article-marketing.eu\\\/comunicatistampa\\\/?s={search_term_string}\"},\"query-input\":{\"@type\":\"PropertyValueSpecification\",\"valueRequired\":true,\"valueName\":\"search_term_string\"}}],\"inLanguage\":\"it-IT\"},{\"@type\":\"Person\",\"@id\":\"https:\\\/\\\/www.article-marketing.eu\\\/comunicatistampa\\\/#\\\/schema\\\/person\\\/2fcaf8f8f3a9eef9eb7f27532d3ca458\",\"name\":\"articolinews\",\"image\":{\"@type\":\"ImageObject\",\"inLanguage\":\"it-IT\",\"@id\":\"https:\\\/\\\/secure.gravatar.com\\\/avatar\\\/9e2a264bab04e17dea24d937c9956304649a848cb73c46747a692ff1bdeb1cb7?s=96&d=mm&r=g\",\"url\":\"https:\\\/\\\/secure.gravatar.com\\\/avatar\\\/9e2a264bab04e17dea24d937c9956304649a848cb73c46747a692ff1bdeb1cb7?s=96&d=mm&r=g\",\"contentUrl\":\"https:\\\/\\\/secure.gravatar.com\\\/avatar\\\/9e2a264bab04e17dea24d937c9956304649a848cb73c46747a692ff1bdeb1cb7?s=96&d=mm&r=g\",\"caption\":\"articolinews\"},\"url\":\"https:\\\/\\\/www.article-marketing.eu\\\/comunicatistampa\\\/author\\\/articolinews\\\/\"}]}<\/script>\n<!-- \/ Yoast SEO plugin. -->","yoast_head_json":{"title":"Claudio Descalzi: transizione e sicurezza energetica, la vision di Eni all\u2019Italian Energy Summit","robots":{"index":"index","follow":"follow","max-snippet":"max-snippet:-1","max-image-preview":"max-image-preview:large","max-video-preview":"max-video-preview:-1"},"canonical":"https:\/\/www.article-marketing.eu\/comunicatistampa\/claudio-descalzi-transizione-e-sicurezza-energetica-la-vision-di-eni-allitalian-energy-summit\/","og_locale":"it_IT","og_type":"article","og_title":"Claudio Descalzi: transizione e sicurezza energetica, la vision di Eni all\u2019Italian Energy Summit","og_description":"L&#8217;AD Claudio Descalzi: \u201cDobbiamo darci degli obiettivi sulla transizione energetica, ma non dobbiamo imporre ai Paesi le tecnologie con le quali arrivarci, altrimenti rischiamo di fare dei passi indietro\u201d. Energia: l\u2019AD Claudio Descalzi porta la vision di Eni all\u2019Italian Energy Summit L\u2019AD di Eni Claudio Descalzi \u00e8 intervenuto all\u2019Italian Energy Summit de \u201cIl Sole 24 Ore\u201d per fare il punto sulla situazione attuale del mercato energetico italiano e internazionale. IlContinue reading...","og_url":"https:\/\/www.article-marketing.eu\/comunicatistampa\/claudio-descalzi-transizione-e-sicurezza-energetica-la-vision-di-eni-allitalian-energy-summit\/","og_site_name":"Article Marketing","article_published_time":"2023-11-28T17:34:17+00:00","og_image":[{"url":"https:\/\/www.executivemanager.it\/images\/comprofiler\/513_57d9109457b28.jpg","type":"","width":"","height":""}],"author":"articolinews","twitter_card":"summary_large_image","twitter_misc":{"Scritto da":"articolinews","Tempo di lettura stimato":"3 minuti"},"schema":{"@context":"https:\/\/schema.org","@graph":[{"@type":"Article","@id":"https:\/\/www.article-marketing.eu\/comunicatistampa\/claudio-descalzi-transizione-e-sicurezza-energetica-la-vision-di-eni-allitalian-energy-summit\/#article","isPartOf":{"@id":"https:\/\/www.article-marketing.eu\/comunicatistampa\/claudio-descalzi-transizione-e-sicurezza-energetica-la-vision-di-eni-allitalian-energy-summit\/"},"author":{"name":"articolinews","@id":"https:\/\/www.article-marketing.eu\/comunicatistampa\/#\/schema\/person\/2fcaf8f8f3a9eef9eb7f27532d3ca458"},"headline":"Claudio Descalzi: transizione e sicurezza energetica, la vision di Eni all\u2019Italian Energy Summit","datePublished":"2023-11-28T17:34:17+00:00","mainEntityOfPage":{"@id":"https:\/\/www.article-marketing.eu\/comunicatistampa\/claudio-descalzi-transizione-e-sicurezza-energetica-la-vision-di-eni-allitalian-energy-summit\/"},"wordCount":456,"commentCount":0,"image":{"@id":"https:\/\/www.article-marketing.eu\/comunicatistampa\/claudio-descalzi-transizione-e-sicurezza-energetica-la-vision-di-eni-allitalian-energy-summit\/#primaryimage"},"thumbnailUrl":"https:\/\/www.executivemanager.it\/images\/comprofiler\/513_57d9109457b28.jpg","keywords":["Claudio Descalzi"],"articleSection":["Economia e lavoro"],"inLanguage":"it-IT","potentialAction":[{"@type":"CommentAction","name":"Comment","target":["https:\/\/www.article-marketing.eu\/comunicatistampa\/claudio-descalzi-transizione-e-sicurezza-energetica-la-vision-di-eni-allitalian-energy-summit\/#respond"]}]},{"@type":"WebPage","@id":"https:\/\/www.article-marketing.eu\/comunicatistampa\/claudio-descalzi-transizione-e-sicurezza-energetica-la-vision-di-eni-allitalian-energy-summit\/","url":"https:\/\/www.article-marketing.eu\/comunicatistampa\/claudio-descalzi-transizione-e-sicurezza-energetica-la-vision-di-eni-allitalian-energy-summit\/","name":"Claudio Descalzi: transizione e sicurezza energetica, la vision di Eni all\u2019Italian Energy Summit","isPartOf":{"@id":"https:\/\/www.article-marketing.eu\/comunicatistampa\/#website"},"primaryImageOfPage":{"@id":"https:\/\/www.article-marketing.eu\/comunicatistampa\/claudio-descalzi-transizione-e-sicurezza-energetica-la-vision-di-eni-allitalian-energy-summit\/#primaryimage"},"image":{"@id":"https:\/\/www.article-marketing.eu\/comunicatistampa\/claudio-descalzi-transizione-e-sicurezza-energetica-la-vision-di-eni-allitalian-energy-summit\/#primaryimage"},"thumbnailUrl":"https:\/\/www.executivemanager.it\/images\/comprofiler\/513_57d9109457b28.jpg","datePublished":"2023-11-28T17:34:17+00:00","author":{"@id":"https:\/\/www.article-marketing.eu\/comunicatistampa\/#\/schema\/person\/2fcaf8f8f3a9eef9eb7f27532d3ca458"},"breadcrumb":{"@id":"https:\/\/www.article-marketing.eu\/comunicatistampa\/claudio-descalzi-transizione-e-sicurezza-energetica-la-vision-di-eni-allitalian-energy-summit\/#breadcrumb"},"inLanguage":"it-IT","potentialAction":[{"@type":"ReadAction","target":["https:\/\/www.article-marketing.eu\/comunicatistampa\/claudio-descalzi-transizione-e-sicurezza-energetica-la-vision-di-eni-allitalian-energy-summit\/"]}]},{"@type":"ImageObject","inLanguage":"it-IT","@id":"https:\/\/www.article-marketing.eu\/comunicatistampa\/claudio-descalzi-transizione-e-sicurezza-energetica-la-vision-di-eni-allitalian-energy-summit\/#primaryimage","url":"https:\/\/www.executivemanager.it\/images\/comprofiler\/513_57d9109457b28.jpg","contentUrl":"https:\/\/www.executivemanager.it\/images\/comprofiler\/513_57d9109457b28.jpg"},{"@type":"BreadcrumbList","@id":"https:\/\/www.article-marketing.eu\/comunicatistampa\/claudio-descalzi-transizione-e-sicurezza-energetica-la-vision-di-eni-allitalian-energy-summit\/#breadcrumb","itemListElement":[{"@type":"ListItem","position":1,"name":"Home","item":"https:\/\/www.article-marketing.eu\/comunicatistampa\/"},{"@type":"ListItem","position":2,"name":"Claudio Descalzi: transizione e sicurezza energetica, la vision di Eni all\u2019Italian Energy Summit"}]},{"@type":"WebSite","@id":"https:\/\/www.article-marketing.eu\/comunicatistampa\/#website","url":"https:\/\/www.article-marketing.eu\/comunicatistampa\/","name":"Article Marketing","description":"article marketing &amp; press release","potentialAction":[{"@type":"SearchAction","target":{"@type":"EntryPoint","urlTemplate":"https:\/\/www.article-marketing.eu\/comunicatistampa\/?s={search_term_string}"},"query-input":{"@type":"PropertyValueSpecification","valueRequired":true,"valueName":"search_term_string"}}],"inLanguage":"it-IT"},{"@type":"Person","@id":"https:\/\/www.article-marketing.eu\/comunicatistampa\/#\/schema\/person\/2fcaf8f8f3a9eef9eb7f27532d3ca458","name":"articolinews","image":{"@type":"ImageObject","inLanguage":"it-IT","@id":"https:\/\/secure.gravatar.com\/avatar\/9e2a264bab04e17dea24d937c9956304649a848cb73c46747a692ff1bdeb1cb7?s=96&d=mm&r=g","url":"https:\/\/secure.gravatar.com\/avatar\/9e2a264bab04e17dea24d937c9956304649a848cb73c46747a692ff1bdeb1cb7?s=96&d=mm&r=g","contentUrl":"https:\/\/secure.gravatar.com\/avatar\/9e2a264bab04e17dea24d937c9956304649a848cb73c46747a692ff1bdeb1cb7?s=96&d=mm&r=g","caption":"articolinews"},"url":"https:\/\/www.article-marketing.eu\/comunicatistampa\/author\/articolinews\/"}]}},"_links":{"self":[{"href":"https:\/\/www.article-marketing.eu\/comunicatistampa\/wp-json\/wp\/v2\/posts\/28906","targetHints":{"allow":["GET"]}}],"collection":[{"href":"https:\/\/www.article-marketing.eu\/comunicatistampa\/wp-json\/wp\/v2\/posts"}],"about":[{"href":"https:\/\/www.article-marketing.eu\/comunicatistampa\/wp-json\/wp\/v2\/types\/post"}],"author":[{"embeddable":true,"href":"https:\/\/www.article-marketing.eu\/comunicatistampa\/wp-json\/wp\/v2\/users\/6477"}],"replies":[{"embeddable":true,"href":"https:\/\/www.article-marketing.eu\/comunicatistampa\/wp-json\/wp\/v2\/comments?post=28906"}],"version-history":[{"count":2,"href":"https:\/\/www.article-marketing.eu\/comunicatistampa\/wp-json\/wp\/v2\/posts\/28906\/revisions"}],"predecessor-version":[{"id":29107,"href":"https:\/\/www.article-marketing.eu\/comunicatistampa\/wp-json\/wp\/v2\/posts\/28906\/revisions\/29107"}],"wp:attachment":[{"href":"https:\/\/www.article-marketing.eu\/comunicatistampa\/wp-json\/wp\/v2\/media?parent=28906"}],"wp:term":[{"taxonomy":"category","embeddable":true,"href":"https:\/\/www.article-marketing.eu\/comunicatistampa\/wp-json\/wp\/v2\/categories?post=28906"},{"taxonomy":"post_tag","embeddable":true,"href":"https:\/\/www.article-marketing.eu\/comunicatistampa\/wp-json\/wp\/v2\/tags?post=28906"}],"curies":[{"name":"wp","href":"https:\/\/api.w.org\/{rel}","templated":true}]}}