{"id":28908,"date":"2023-11-16T13:50:33","date_gmt":"2023-11-16T12:50:33","guid":{"rendered":"https:\/\/www.article-marketing.eu\/comunicatistampa\/?p=28908"},"modified":"2023-11-16T13:50:33","modified_gmt":"2023-11-16T12:50:33","slug":"gsa-il-cda-nominato-nel-2021-in-seguito-allacquisizione-del-6744-da-parte-di-eurizon","status":"publish","type":"post","link":"https:\/\/www.article-marketing.eu\/comunicatistampa\/gsa-il-cda-nominato-nel-2021-in-seguito-allacquisizione-del-6744-da-parte-di-eurizon\/","title":{"rendered":"GSA, il CdA nominato nel 2021 in seguito all\u2019acquisizione del 67,44% da parte di Eurizon"},"content":{"rendered":"<p><em><strong>\u201cL\u2019acquisizione della quota di controllo in <a title=\"GSA: nel 2021 nominato Vito Gamberale come Presidente\" href=\"https:\/\/finanza.lastampa.it\/News\/2021\/11\/03\/gsa-+vito-gamberale-e-il-nuovo-presidente\/MTgxXzIwMjEtMTEtMDNfVExC\">GSA<\/a> sancisce il primo investimento dei fondi Eurizon ITER e l&#8217;ingresso in un settore molto dinamico con interessanti opportunit\u00e0 di crescita\u201d: cos\u00ec si \u00e8 espresso Vito Gamberale nel 2021 in seguito alla nomina come Presidente.<\/strong><\/em><\/p>\n<p><strong>\u00a0<a title=\"GSA ha nominato nel 2021 l\u2019ingegnere Vito Gamberale come Presidente\" href=\"https:\/\/finanza.lastampa.it\/News\/2021\/11\/03\/gsa-+vito-gamberale-e-il-nuovo-presidente\/MTgxXzIwMjEtMTEtMDNfVExC\"><img loading=\"lazy\" decoding=\"async\" src=\"https:\/\/images.teleborsa.it\/t\/stabile\/151935.t.W300.H188.M4.jpg\" alt=\"GSA, nel 2021 Vito Gamberale nominato come nuovo Presidente\" width=\"239\" height=\"150\" \/><\/a><\/strong><\/p>\n<h2>GSA, il CdA eletto nel 2021 in seguito all\u2019ingresso di Eurizon Iter<\/h2>\n<p>Nel 2021 \u00e8 cambiato il CdA di <strong><a title=\"GSA: focus sul CdA nominato nel 2021\" href=\"https:\/\/finanza.lastampa.it\/News\/2021\/11\/03\/gsa-+vito-gamberale-e-il-nuovo-presidente\/MTgxXzIwMjEtMTEtMDNfVExC\">GSA<\/a><\/strong> (Gruppo Servizi Associati), noto operatore nell\u2019ambito della sicurezza e della vigilanza anti-incendio: in seguito all\u2019ingresso del Fondo d\u2019investimento Eurizon Iter, la societ\u00e0 ha infatti nominato un nuovo organo direttivo, che ha approvato le nomine per i ruoli di Presidente, Vicepresidente e AD. L\u2019ingegnere Vito Gamberale, eletto Presidente, ha elogiato la scelta di Eurizon, aggiungendo: \u201c<em>Siamo fiduciosi che nei prossimi anni <strong>GSA<\/strong>, con il prezioso supporto del Vicepresidente Alessandro Pedone, sar\u00e0 protagonista di un processo di managerializzazione organizzativa e di un ulteriore consolidamento della propria leadership nei servizi antincendio a supporto dei grandi operatori infrastrutturali e manifatturieri sia in Italia che nei Paesi Europei pi\u00f9 avanzati<\/em>\u201d. L\u2019operazione finanziaria \u00e8 stata condotta proprio da Gamberale in qualit\u00e0 del suo ruolo di fondatore della societ\u00e0 di advisory ITER Capital Partners, che ha concluso l\u2019accordo con Eurizon Iter.<\/p>\n<h2>GSA: \u201c<em>Ottimi risultati nel 2021 nonostante la congiuntura economica sfavorevole<\/em>\u201d<\/h2>\n<p>Le nomine, unite al notevole afflusso di fondi, hanno dato nuove energie a <strong>GSA <\/strong>in una fase gi\u00e0 ricca di successi. Il Gruppo ha dimostrato una crescita costante nel corso degli anni, soprattutto nel 2020, quando ha registrato un fatturato di 135,5 milioni di euro e un Ebitda di 29,3 milioni di euro. Questi numeri rappresentano una crescita del 40% rispetto al 2019, un risultato impressionante in un periodo economicamente incerto. <strong>GSA <\/strong>ha inoltre una presenza significativa in Italia e in Francia, con circa 5.500 dipendenti e sedi in diverse citt\u00e0. I traguardi del Gruppo, secondo il Vicepresidente e fondatore, Alessandro Pedone, sono tuttavia ancora pi\u00f9 ambiziosi: \u201c<em>L\u2019ingresso di uno dei pi\u00f9 importanti infra found del Paese ci d\u00e0 ancor pi\u00f9 stimolo, per procedere spediti nello sviluppo del business plan, che nel prossimo quinquennio ci porter\u00e0 a raggiungere un volume annuo di fatturato di circa 300 milioni di euro<\/em>\u201d.<\/p>\n","protected":false},"excerpt":{"rendered":"<p>\u201cL\u2019acquisizione della quota di controllo in GSA sancisce il primo investimento dei fondi Eurizon ITER e l&#8217;ingresso in un settore molto dinamico con interessanti opportunit\u00e0 di crescita\u201d: cos\u00ec si \u00e8 espresso Vito Gamberale nel 2021 in seguito alla nomina come Presidente. \u00a0 GSA, il CdA eletto nel 2021 in seguito all\u2019ingresso di Eurizon Iter Nel 2021 \u00e8 cambiato il CdA di GSA (Gruppo Servizi Associati), noto operatore nell\u2019ambito della sicurezza<\/p>\n<p><a class=\"continue-reading\" href=\"https:\/\/www.article-marketing.eu\/comunicatistampa\/gsa-il-cda-nominato-nel-2021-in-seguito-allacquisizione-del-6744-da-parte-di-eurizon\/\">Continue reading&#8230;<\/a><\/p>\n","protected":false},"author":6477,"featured_media":0,"comment_status":"open","ping_status":"open","sticky":false,"template":"","format":"standard","meta":{"_monsterinsights_skip_tracking":false,"_monsterinsights_sitenote_active":false,"_monsterinsights_sitenote_note":"","_monsterinsights_sitenote_category":0,"footnotes":""},"categories":[388],"tags":[10901],"class_list":["post-28908","post","type-post","status-publish","format-standard","hentry","category-aziende","tag-gsa"],"yoast_head":"<!-- This site is optimized with the Yoast SEO plugin v27.3 - https:\/\/yoast.com\/product\/yoast-seo-wordpress\/ -->\n<title>GSA, il CdA nominato nel 2021 in seguito all\u2019acquisizione del 67,44% da parte di Eurizon<\/title>\n<meta name=\"robots\" content=\"index, follow, max-snippet:-1, max-image-preview:large, max-video-preview:-1\" \/>\n<link rel=\"canonical\" href=\"https:\/\/www.article-marketing.eu\/comunicatistampa\/gsa-il-cda-nominato-nel-2021-in-seguito-allacquisizione-del-6744-da-parte-di-eurizon\/\" \/>\n<meta property=\"og:locale\" content=\"it_IT\" \/>\n<meta property=\"og:type\" content=\"article\" \/>\n<meta property=\"og:title\" content=\"GSA, il CdA nominato nel 2021 in seguito all\u2019acquisizione del 67,44% da parte di Eurizon\" \/>\n<meta property=\"og:description\" content=\"\u201cL\u2019acquisizione della quota di controllo in GSA sancisce il primo investimento dei fondi Eurizon ITER e l&#8217;ingresso in un settore molto dinamico con interessanti opportunit\u00e0 di crescita\u201d: cos\u00ec si \u00e8 espresso Vito Gamberale nel 2021 in seguito alla nomina come Presidente. \u00a0 GSA, il CdA eletto nel 2021 in seguito all\u2019ingresso di Eurizon Iter Nel 2021 \u00e8 cambiato il CdA di GSA (Gruppo Servizi Associati), noto operatore nell\u2019ambito della sicurezzaContinue reading...\" \/>\n<meta property=\"og:url\" content=\"https:\/\/www.article-marketing.eu\/comunicatistampa\/gsa-il-cda-nominato-nel-2021-in-seguito-allacquisizione-del-6744-da-parte-di-eurizon\/\" \/>\n<meta property=\"og:site_name\" content=\"Article Marketing\" \/>\n<meta property=\"article:published_time\" content=\"2023-11-16T12:50:33+00:00\" \/>\n<meta property=\"og:image\" content=\"https:\/\/images.teleborsa.it\/t\/stabile\/151935.t.W300.H188.M4.jpg\" \/>\n<meta name=\"author\" content=\"articolinews\" \/>\n<meta name=\"twitter:card\" content=\"summary_large_image\" \/>\n<meta name=\"twitter:label1\" content=\"Scritto da\" \/>\n\t<meta name=\"twitter:data1\" content=\"articolinews\" \/>\n\t<meta name=\"twitter:label2\" content=\"Tempo di lettura stimato\" \/>\n\t<meta name=\"twitter:data2\" content=\"3 minuti\" \/>\n<script type=\"application\/ld+json\" class=\"yoast-schema-graph\">{\"@context\":\"https:\\\/\\\/schema.org\",\"@graph\":[{\"@type\":\"Article\",\"@id\":\"https:\\\/\\\/www.article-marketing.eu\\\/comunicatistampa\\\/gsa-il-cda-nominato-nel-2021-in-seguito-allacquisizione-del-6744-da-parte-di-eurizon\\\/#article\",\"isPartOf\":{\"@id\":\"https:\\\/\\\/www.article-marketing.eu\\\/comunicatistampa\\\/gsa-il-cda-nominato-nel-2021-in-seguito-allacquisizione-del-6744-da-parte-di-eurizon\\\/\"},\"author\":{\"name\":\"articolinews\",\"@id\":\"https:\\\/\\\/www.article-marketing.eu\\\/comunicatistampa\\\/#\\\/schema\\\/person\\\/2fcaf8f8f3a9eef9eb7f27532d3ca458\"},\"headline\":\"GSA, il CdA nominato nel 2021 in seguito all\u2019acquisizione del 67,44% da parte di Eurizon\",\"datePublished\":\"2023-11-16T12:50:33+00:00\",\"mainEntityOfPage\":{\"@id\":\"https:\\\/\\\/www.article-marketing.eu\\\/comunicatistampa\\\/gsa-il-cda-nominato-nel-2021-in-seguito-allacquisizione-del-6744-da-parte-di-eurizon\\\/\"},\"wordCount\":363,\"commentCount\":0,\"image\":{\"@id\":\"https:\\\/\\\/www.article-marketing.eu\\\/comunicatistampa\\\/gsa-il-cda-nominato-nel-2021-in-seguito-allacquisizione-del-6744-da-parte-di-eurizon\\\/#primaryimage\"},\"thumbnailUrl\":\"https:\\\/\\\/images.teleborsa.it\\\/t\\\/stabile\\\/151935.t.W300.H188.M4.jpg\",\"keywords\":[\"GSA\"],\"articleSection\":[\"Aziende\"],\"inLanguage\":\"it-IT\",\"potentialAction\":[{\"@type\":\"CommentAction\",\"name\":\"Comment\",\"target\":[\"https:\\\/\\\/www.article-marketing.eu\\\/comunicatistampa\\\/gsa-il-cda-nominato-nel-2021-in-seguito-allacquisizione-del-6744-da-parte-di-eurizon\\\/#respond\"]}]},{\"@type\":\"WebPage\",\"@id\":\"https:\\\/\\\/www.article-marketing.eu\\\/comunicatistampa\\\/gsa-il-cda-nominato-nel-2021-in-seguito-allacquisizione-del-6744-da-parte-di-eurizon\\\/\",\"url\":\"https:\\\/\\\/www.article-marketing.eu\\\/comunicatistampa\\\/gsa-il-cda-nominato-nel-2021-in-seguito-allacquisizione-del-6744-da-parte-di-eurizon\\\/\",\"name\":\"GSA, il CdA nominato nel 2021 in seguito all\u2019acquisizione del 67,44% da parte di Eurizon\",\"isPartOf\":{\"@id\":\"https:\\\/\\\/www.article-marketing.eu\\\/comunicatistampa\\\/#website\"},\"primaryImageOfPage\":{\"@id\":\"https:\\\/\\\/www.article-marketing.eu\\\/comunicatistampa\\\/gsa-il-cda-nominato-nel-2021-in-seguito-allacquisizione-del-6744-da-parte-di-eurizon\\\/#primaryimage\"},\"image\":{\"@id\":\"https:\\\/\\\/www.article-marketing.eu\\\/comunicatistampa\\\/gsa-il-cda-nominato-nel-2021-in-seguito-allacquisizione-del-6744-da-parte-di-eurizon\\\/#primaryimage\"},\"thumbnailUrl\":\"https:\\\/\\\/images.teleborsa.it\\\/t\\\/stabile\\\/151935.t.W300.H188.M4.jpg\",\"datePublished\":\"2023-11-16T12:50:33+00:00\",\"author\":{\"@id\":\"https:\\\/\\\/www.article-marketing.eu\\\/comunicatistampa\\\/#\\\/schema\\\/person\\\/2fcaf8f8f3a9eef9eb7f27532d3ca458\"},\"breadcrumb\":{\"@id\":\"https:\\\/\\\/www.article-marketing.eu\\\/comunicatistampa\\\/gsa-il-cda-nominato-nel-2021-in-seguito-allacquisizione-del-6744-da-parte-di-eurizon\\\/#breadcrumb\"},\"inLanguage\":\"it-IT\",\"potentialAction\":[{\"@type\":\"ReadAction\",\"target\":[\"https:\\\/\\\/www.article-marketing.eu\\\/comunicatistampa\\\/gsa-il-cda-nominato-nel-2021-in-seguito-allacquisizione-del-6744-da-parte-di-eurizon\\\/\"]}]},{\"@type\":\"ImageObject\",\"inLanguage\":\"it-IT\",\"@id\":\"https:\\\/\\\/www.article-marketing.eu\\\/comunicatistampa\\\/gsa-il-cda-nominato-nel-2021-in-seguito-allacquisizione-del-6744-da-parte-di-eurizon\\\/#primaryimage\",\"url\":\"https:\\\/\\\/images.teleborsa.it\\\/t\\\/stabile\\\/151935.t.W300.H188.M4.jpg\",\"contentUrl\":\"https:\\\/\\\/images.teleborsa.it\\\/t\\\/stabile\\\/151935.t.W300.H188.M4.jpg\"},{\"@type\":\"BreadcrumbList\",\"@id\":\"https:\\\/\\\/www.article-marketing.eu\\\/comunicatistampa\\\/gsa-il-cda-nominato-nel-2021-in-seguito-allacquisizione-del-6744-da-parte-di-eurizon\\\/#breadcrumb\",\"itemListElement\":[{\"@type\":\"ListItem\",\"position\":1,\"name\":\"Home\",\"item\":\"https:\\\/\\\/www.article-marketing.eu\\\/comunicatistampa\\\/\"},{\"@type\":\"ListItem\",\"position\":2,\"name\":\"GSA, il CdA nominato nel 2021 in seguito all\u2019acquisizione del 67,44% da parte di Eurizon\"}]},{\"@type\":\"WebSite\",\"@id\":\"https:\\\/\\\/www.article-marketing.eu\\\/comunicatistampa\\\/#website\",\"url\":\"https:\\\/\\\/www.article-marketing.eu\\\/comunicatistampa\\\/\",\"name\":\"Article Marketing\",\"description\":\"article marketing &amp; press release\",\"potentialAction\":[{\"@type\":\"SearchAction\",\"target\":{\"@type\":\"EntryPoint\",\"urlTemplate\":\"https:\\\/\\\/www.article-marketing.eu\\\/comunicatistampa\\\/?s={search_term_string}\"},\"query-input\":{\"@type\":\"PropertyValueSpecification\",\"valueRequired\":true,\"valueName\":\"search_term_string\"}}],\"inLanguage\":\"it-IT\"},{\"@type\":\"Person\",\"@id\":\"https:\\\/\\\/www.article-marketing.eu\\\/comunicatistampa\\\/#\\\/schema\\\/person\\\/2fcaf8f8f3a9eef9eb7f27532d3ca458\",\"name\":\"articolinews\",\"image\":{\"@type\":\"ImageObject\",\"inLanguage\":\"it-IT\",\"@id\":\"https:\\\/\\\/secure.gravatar.com\\\/avatar\\\/9e2a264bab04e17dea24d937c9956304649a848cb73c46747a692ff1bdeb1cb7?s=96&d=mm&r=g\",\"url\":\"https:\\\/\\\/secure.gravatar.com\\\/avatar\\\/9e2a264bab04e17dea24d937c9956304649a848cb73c46747a692ff1bdeb1cb7?s=96&d=mm&r=g\",\"contentUrl\":\"https:\\\/\\\/secure.gravatar.com\\\/avatar\\\/9e2a264bab04e17dea24d937c9956304649a848cb73c46747a692ff1bdeb1cb7?s=96&d=mm&r=g\",\"caption\":\"articolinews\"},\"url\":\"https:\\\/\\\/www.article-marketing.eu\\\/comunicatistampa\\\/author\\\/articolinews\\\/\"}]}<\/script>\n<!-- \/ Yoast SEO plugin. -->","yoast_head_json":{"title":"GSA, il CdA nominato nel 2021 in seguito all\u2019acquisizione del 67,44% da parte di Eurizon","robots":{"index":"index","follow":"follow","max-snippet":"max-snippet:-1","max-image-preview":"max-image-preview:large","max-video-preview":"max-video-preview:-1"},"canonical":"https:\/\/www.article-marketing.eu\/comunicatistampa\/gsa-il-cda-nominato-nel-2021-in-seguito-allacquisizione-del-6744-da-parte-di-eurizon\/","og_locale":"it_IT","og_type":"article","og_title":"GSA, il CdA nominato nel 2021 in seguito all\u2019acquisizione del 67,44% da parte di Eurizon","og_description":"\u201cL\u2019acquisizione della quota di controllo in GSA sancisce il primo investimento dei fondi Eurizon ITER e l&#8217;ingresso in un settore molto dinamico con interessanti opportunit\u00e0 di crescita\u201d: cos\u00ec si \u00e8 espresso Vito Gamberale nel 2021 in seguito alla nomina come Presidente. \u00a0 GSA, il CdA eletto nel 2021 in seguito all\u2019ingresso di Eurizon Iter Nel 2021 \u00e8 cambiato il CdA di GSA (Gruppo Servizi Associati), noto operatore nell\u2019ambito della sicurezzaContinue reading...","og_url":"https:\/\/www.article-marketing.eu\/comunicatistampa\/gsa-il-cda-nominato-nel-2021-in-seguito-allacquisizione-del-6744-da-parte-di-eurizon\/","og_site_name":"Article Marketing","article_published_time":"2023-11-16T12:50:33+00:00","og_image":[{"url":"https:\/\/images.teleborsa.it\/t\/stabile\/151935.t.W300.H188.M4.jpg","type":"","width":"","height":""}],"author":"articolinews","twitter_card":"summary_large_image","twitter_misc":{"Scritto da":"articolinews","Tempo di lettura stimato":"3 minuti"},"schema":{"@context":"https:\/\/schema.org","@graph":[{"@type":"Article","@id":"https:\/\/www.article-marketing.eu\/comunicatistampa\/gsa-il-cda-nominato-nel-2021-in-seguito-allacquisizione-del-6744-da-parte-di-eurizon\/#article","isPartOf":{"@id":"https:\/\/www.article-marketing.eu\/comunicatistampa\/gsa-il-cda-nominato-nel-2021-in-seguito-allacquisizione-del-6744-da-parte-di-eurizon\/"},"author":{"name":"articolinews","@id":"https:\/\/www.article-marketing.eu\/comunicatistampa\/#\/schema\/person\/2fcaf8f8f3a9eef9eb7f27532d3ca458"},"headline":"GSA, il CdA nominato nel 2021 in seguito all\u2019acquisizione del 67,44% da parte di Eurizon","datePublished":"2023-11-16T12:50:33+00:00","mainEntityOfPage":{"@id":"https:\/\/www.article-marketing.eu\/comunicatistampa\/gsa-il-cda-nominato-nel-2021-in-seguito-allacquisizione-del-6744-da-parte-di-eurizon\/"},"wordCount":363,"commentCount":0,"image":{"@id":"https:\/\/www.article-marketing.eu\/comunicatistampa\/gsa-il-cda-nominato-nel-2021-in-seguito-allacquisizione-del-6744-da-parte-di-eurizon\/#primaryimage"},"thumbnailUrl":"https:\/\/images.teleborsa.it\/t\/stabile\/151935.t.W300.H188.M4.jpg","keywords":["GSA"],"articleSection":["Aziende"],"inLanguage":"it-IT","potentialAction":[{"@type":"CommentAction","name":"Comment","target":["https:\/\/www.article-marketing.eu\/comunicatistampa\/gsa-il-cda-nominato-nel-2021-in-seguito-allacquisizione-del-6744-da-parte-di-eurizon\/#respond"]}]},{"@type":"WebPage","@id":"https:\/\/www.article-marketing.eu\/comunicatistampa\/gsa-il-cda-nominato-nel-2021-in-seguito-allacquisizione-del-6744-da-parte-di-eurizon\/","url":"https:\/\/www.article-marketing.eu\/comunicatistampa\/gsa-il-cda-nominato-nel-2021-in-seguito-allacquisizione-del-6744-da-parte-di-eurizon\/","name":"GSA, il CdA nominato nel 2021 in seguito all\u2019acquisizione del 67,44% da parte di Eurizon","isPartOf":{"@id":"https:\/\/www.article-marketing.eu\/comunicatistampa\/#website"},"primaryImageOfPage":{"@id":"https:\/\/www.article-marketing.eu\/comunicatistampa\/gsa-il-cda-nominato-nel-2021-in-seguito-allacquisizione-del-6744-da-parte-di-eurizon\/#primaryimage"},"image":{"@id":"https:\/\/www.article-marketing.eu\/comunicatistampa\/gsa-il-cda-nominato-nel-2021-in-seguito-allacquisizione-del-6744-da-parte-di-eurizon\/#primaryimage"},"thumbnailUrl":"https:\/\/images.teleborsa.it\/t\/stabile\/151935.t.W300.H188.M4.jpg","datePublished":"2023-11-16T12:50:33+00:00","author":{"@id":"https:\/\/www.article-marketing.eu\/comunicatistampa\/#\/schema\/person\/2fcaf8f8f3a9eef9eb7f27532d3ca458"},"breadcrumb":{"@id":"https:\/\/www.article-marketing.eu\/comunicatistampa\/gsa-il-cda-nominato-nel-2021-in-seguito-allacquisizione-del-6744-da-parte-di-eurizon\/#breadcrumb"},"inLanguage":"it-IT","potentialAction":[{"@type":"ReadAction","target":["https:\/\/www.article-marketing.eu\/comunicatistampa\/gsa-il-cda-nominato-nel-2021-in-seguito-allacquisizione-del-6744-da-parte-di-eurizon\/"]}]},{"@type":"ImageObject","inLanguage":"it-IT","@id":"https:\/\/www.article-marketing.eu\/comunicatistampa\/gsa-il-cda-nominato-nel-2021-in-seguito-allacquisizione-del-6744-da-parte-di-eurizon\/#primaryimage","url":"https:\/\/images.teleborsa.it\/t\/stabile\/151935.t.W300.H188.M4.jpg","contentUrl":"https:\/\/images.teleborsa.it\/t\/stabile\/151935.t.W300.H188.M4.jpg"},{"@type":"BreadcrumbList","@id":"https:\/\/www.article-marketing.eu\/comunicatistampa\/gsa-il-cda-nominato-nel-2021-in-seguito-allacquisizione-del-6744-da-parte-di-eurizon\/#breadcrumb","itemListElement":[{"@type":"ListItem","position":1,"name":"Home","item":"https:\/\/www.article-marketing.eu\/comunicatistampa\/"},{"@type":"ListItem","position":2,"name":"GSA, il CdA nominato nel 2021 in seguito all\u2019acquisizione del 67,44% da parte di Eurizon"}]},{"@type":"WebSite","@id":"https:\/\/www.article-marketing.eu\/comunicatistampa\/#website","url":"https:\/\/www.article-marketing.eu\/comunicatistampa\/","name":"Article Marketing","description":"article marketing &amp; press release","potentialAction":[{"@type":"SearchAction","target":{"@type":"EntryPoint","urlTemplate":"https:\/\/www.article-marketing.eu\/comunicatistampa\/?s={search_term_string}"},"query-input":{"@type":"PropertyValueSpecification","valueRequired":true,"valueName":"search_term_string"}}],"inLanguage":"it-IT"},{"@type":"Person","@id":"https:\/\/www.article-marketing.eu\/comunicatistampa\/#\/schema\/person\/2fcaf8f8f3a9eef9eb7f27532d3ca458","name":"articolinews","image":{"@type":"ImageObject","inLanguage":"it-IT","@id":"https:\/\/secure.gravatar.com\/avatar\/9e2a264bab04e17dea24d937c9956304649a848cb73c46747a692ff1bdeb1cb7?s=96&d=mm&r=g","url":"https:\/\/secure.gravatar.com\/avatar\/9e2a264bab04e17dea24d937c9956304649a848cb73c46747a692ff1bdeb1cb7?s=96&d=mm&r=g","contentUrl":"https:\/\/secure.gravatar.com\/avatar\/9e2a264bab04e17dea24d937c9956304649a848cb73c46747a692ff1bdeb1cb7?s=96&d=mm&r=g","caption":"articolinews"},"url":"https:\/\/www.article-marketing.eu\/comunicatistampa\/author\/articolinews\/"}]}},"_links":{"self":[{"href":"https:\/\/www.article-marketing.eu\/comunicatistampa\/wp-json\/wp\/v2\/posts\/28908","targetHints":{"allow":["GET"]}}],"collection":[{"href":"https:\/\/www.article-marketing.eu\/comunicatistampa\/wp-json\/wp\/v2\/posts"}],"about":[{"href":"https:\/\/www.article-marketing.eu\/comunicatistampa\/wp-json\/wp\/v2\/types\/post"}],"author":[{"embeddable":true,"href":"https:\/\/www.article-marketing.eu\/comunicatistampa\/wp-json\/wp\/v2\/users\/6477"}],"replies":[{"embeddable":true,"href":"https:\/\/www.article-marketing.eu\/comunicatistampa\/wp-json\/wp\/v2\/comments?post=28908"}],"version-history":[{"count":3,"href":"https:\/\/www.article-marketing.eu\/comunicatistampa\/wp-json\/wp\/v2\/posts\/28908\/revisions"}],"predecessor-version":[{"id":28988,"href":"https:\/\/www.article-marketing.eu\/comunicatistampa\/wp-json\/wp\/v2\/posts\/28908\/revisions\/28988"}],"wp:attachment":[{"href":"https:\/\/www.article-marketing.eu\/comunicatistampa\/wp-json\/wp\/v2\/media?parent=28908"}],"wp:term":[{"taxonomy":"category","embeddable":true,"href":"https:\/\/www.article-marketing.eu\/comunicatistampa\/wp-json\/wp\/v2\/categories?post=28908"},{"taxonomy":"post_tag","embeddable":true,"href":"https:\/\/www.article-marketing.eu\/comunicatistampa\/wp-json\/wp\/v2\/tags?post=28908"}],"curies":[{"name":"wp","href":"https:\/\/api.w.org\/{rel}","templated":true}]}}