{"id":28928,"date":"2023-11-28T18:33:54","date_gmt":"2023-11-28T17:33:54","guid":{"rendered":"https:\/\/www.article-marketing.eu\/comunicatistampa\/?p=28928"},"modified":"2023-11-28T18:33:54","modified_gmt":"2023-11-28T17:33:54","slug":"la-strategia-di-luca-dal-fabbro-per-lenergia-sicurezza-competitivita-delle-fonti-e-sostenibilita","status":"publish","type":"post","link":"https:\/\/www.article-marketing.eu\/comunicatistampa\/la-strategia-di-luca-dal-fabbro-per-lenergia-sicurezza-competitivita-delle-fonti-e-sostenibilita\/","title":{"rendered":"La strategia di Luca Dal Fabbro per l\u2019energia: sicurezza, competitivit\u00e0 delle fonti e sostenibilit\u00e0"},"content":{"rendered":"<p><strong><em>\u201c\u00c8 opportuno, in questo momento di calma piatta o di basso profilo di prezzo, cominciare a ragionare sul futuro, per rendere il nostro sistema energetico pi\u00f9 resiliente. Quindi, come Iren, auspichiamo un rapporto, diciamo un lavoro, tra istituzioni, aziende, dello Stato e multiutility, per disegnare il prossimo sistema che dovr\u00e0 essere resiliente alle guerre\u201d: lo ha affermato il Presidente di Iren <a title=\"Luca Dal Fabbro, il Presidente di Iren parla di energia resiliente ed economia circolare\" href=\"https:\/\/video.milanofinanza.it\/video\/dal-fabbro-iren-la-crisi-energetica-non-e-finita-DKAaNZUa8XN4\">Luca Dal Fabbro<\/a> al Forum Ambrosetti.<\/em><\/strong><\/p>\n<p><strong>\u00a0<a title=\"L'intervista rilasciata da Luca Dal Fabbro durante il Forum Ambrosetti\" href=\"https:\/\/video.milanofinanza.it\/video\/dal-fabbro-iren-la-crisi-energetica-non-e-finita-DKAaNZUa8XN4\"><img loading=\"lazy\" decoding=\"async\" src=\"https:\/\/h2biz.net\/images\/Plats\/crop_min_20230503111428.jpg\" alt=\"Luca Dal Fabbro\" width=\"200\" height=\"200\" \/><\/a><\/strong><\/p>\n<h2>Luca Dal Fabbro: \u201c<em>Necessario costruire un sistema energetico resiliente alle guerre<\/em>\u201d<\/h2>\n<p><a title=\"Luca Dal Fabbro, l'intervista al Presidente di Iren nell'ambito del Forum Ambrosetti\" href=\"https:\/\/video.milanofinanza.it\/video\/dal-fabbro-iren-la-crisi-energetica-non-e-finita-DKAaNZUa8XN4\"><strong>Luca Dal Fabbro<\/strong><\/a>, Presidente di Iren, ha tenuto un intervento al Forum Ambrosetti &#8211; The European House su un tema focale del periodo recente: quello della sicurezza energetica. La crisi seguita allo scoppio della guerra in Ucraina ha dimostrato l\u2019importanza di diversificare le fonti e non essere dipendenti da un singolo fornitore, nonch\u00e9 del poter disporre di un sistema energetico affidabile e resiliente. Sebbene nel corso di un anno i Paesi europei abbiano trovato rapidamente soluzioni, secondo <strong>Luca Dal Fabbro<\/strong> \u00e8 importante guardare al futuro con preveggenza e ridurre il pi\u00f9 possibile la dipendenza del Paese dall\u2019estero, costruendo un sistema energetico fondato su tre capisaldi: la sicurezza dell\u2019approvvigionamento, la competitivit\u00e0 delle fonti e la sostenibilit\u00e0. Secondo il Presidente di Iren, essendo l\u2019Italia il secondo Paese pi\u00f9 industrializzato d\u2019Europa, fornire energia a buon prezzo ai nostri imprenditori \u00e8 una necessit\u00e0.<\/p>\n<h2>Luca Dal Fabbro presenta le strategie di Iren per l\u2019economia circolare<\/h2>\n<p><strong>Luca Dal Fabbro<\/strong> ha parlato dei diversi settori in cui Iren si sta muovendo per garantire al Paese una maggiore autosufficienza e resilienza: ad esempio quello del gas naturale, di cui l\u2019Italia potrebbe produrre addirittura 10 miliardi di metri cubi all\u2019anno in pi\u00f9 rispetto a oggi. All\u2019interno del Gruppo Iren sono presenti gi\u00e0 6 biodigestori, tra cui quello di Reggio Emilia, tra i pi\u00f9 grandi nel Paese: ma \u00e8 necessario costruirne molti di pi\u00f9 perch\u00e9 il beneficio da essi apportato possa diventare strutturale. Un altro ambito in cui Iren \u00e8 all\u2019avanguardia \u00e8 quello del recupero delle materie rare, fondamentali per produrre pannelli solari, droni e attrezzature mediche: l\u2019Italia acquista infatti il 90% di queste dalla Cina. Secondo <strong>Luca Dal Fabbro<\/strong> una percentuale sostanziosa del nostro fabbisogno di materie rare potrebbe essere coperta recuperandoli da oggetti tecnologici in disuso, quali iPad e schermi. Anche l\u2019acqua \u00e8 un bene importante da gestire, sia per le potenzialit\u00e0 dell\u2019idroelettrico che per evitare siccit\u00e0 e alluvioni.<\/p>\n","protected":false},"excerpt":{"rendered":"<p>\u201c\u00c8 opportuno, in questo momento di calma piatta o di basso profilo di prezzo, cominciare a ragionare sul futuro, per rendere il nostro sistema energetico pi\u00f9 resiliente. Quindi, come Iren, auspichiamo un rapporto, diciamo un lavoro, tra istituzioni, aziende, dello Stato e multiutility, per disegnare il prossimo sistema che dovr\u00e0 essere resiliente alle guerre\u201d: lo ha affermato il Presidente di Iren Luca Dal Fabbro al Forum Ambrosetti. \u00a0 Luca Dal<\/p>\n<p><a class=\"continue-reading\" href=\"https:\/\/www.article-marketing.eu\/comunicatistampa\/la-strategia-di-luca-dal-fabbro-per-lenergia-sicurezza-competitivita-delle-fonti-e-sostenibilita\/\">Continue reading&#8230;<\/a><\/p>\n","protected":false},"author":6477,"featured_media":0,"comment_status":"open","ping_status":"open","sticky":false,"template":"","format":"standard","meta":{"_monsterinsights_skip_tracking":false,"_monsterinsights_sitenote_active":false,"_monsterinsights_sitenote_note":"","_monsterinsights_sitenote_category":0,"footnotes":""},"categories":[386],"tags":[10361],"class_list":["post-28928","post","type-post","status-publish","format-standard","hentry","category-economia-e-lavoro","tag-luca-dal-fabbro"],"yoast_head":"<!-- This site is optimized with the Yoast SEO plugin v27.3 - https:\/\/yoast.com\/product\/yoast-seo-wordpress\/ -->\n<title>La strategia di Luca Dal Fabbro per l\u2019energia: sicurezza, competitivit\u00e0 delle fonti e sostenibilit\u00e0<\/title>\n<meta name=\"robots\" content=\"index, follow, max-snippet:-1, max-image-preview:large, max-video-preview:-1\" \/>\n<link rel=\"canonical\" href=\"https:\/\/www.article-marketing.eu\/comunicatistampa\/la-strategia-di-luca-dal-fabbro-per-lenergia-sicurezza-competitivita-delle-fonti-e-sostenibilita\/\" \/>\n<meta property=\"og:locale\" content=\"it_IT\" \/>\n<meta property=\"og:type\" content=\"article\" \/>\n<meta property=\"og:title\" content=\"La strategia di Luca Dal Fabbro per l\u2019energia: sicurezza, competitivit\u00e0 delle fonti e sostenibilit\u00e0\" \/>\n<meta property=\"og:description\" content=\"\u201c\u00c8 opportuno, in questo momento di calma piatta o di basso profilo di prezzo, cominciare a ragionare sul futuro, per rendere il nostro sistema energetico pi\u00f9 resiliente. Quindi, come Iren, auspichiamo un rapporto, diciamo un lavoro, tra istituzioni, aziende, dello Stato e multiutility, per disegnare il prossimo sistema che dovr\u00e0 essere resiliente alle guerre\u201d: lo ha affermato il Presidente di Iren Luca Dal Fabbro al Forum Ambrosetti. \u00a0 Luca DalContinue reading...\" \/>\n<meta property=\"og:url\" content=\"https:\/\/www.article-marketing.eu\/comunicatistampa\/la-strategia-di-luca-dal-fabbro-per-lenergia-sicurezza-competitivita-delle-fonti-e-sostenibilita\/\" \/>\n<meta property=\"og:site_name\" content=\"Article Marketing\" \/>\n<meta property=\"article:published_time\" content=\"2023-11-28T17:33:54+00:00\" \/>\n<meta property=\"og:image\" content=\"https:\/\/h2biz.net\/images\/Plats\/crop_min_20230503111428.jpg\" \/>\n<meta name=\"author\" content=\"articolinews\" \/>\n<meta name=\"twitter:card\" content=\"summary_large_image\" \/>\n<meta name=\"twitter:label1\" content=\"Scritto da\" \/>\n\t<meta name=\"twitter:data1\" content=\"articolinews\" \/>\n\t<meta name=\"twitter:label2\" content=\"Tempo di lettura stimato\" \/>\n\t<meta name=\"twitter:data2\" content=\"3 minuti\" \/>\n<script type=\"application\/ld+json\" class=\"yoast-schema-graph\">{\"@context\":\"https:\\\/\\\/schema.org\",\"@graph\":[{\"@type\":\"Article\",\"@id\":\"https:\\\/\\\/www.article-marketing.eu\\\/comunicatistampa\\\/la-strategia-di-luca-dal-fabbro-per-lenergia-sicurezza-competitivita-delle-fonti-e-sostenibilita\\\/#article\",\"isPartOf\":{\"@id\":\"https:\\\/\\\/www.article-marketing.eu\\\/comunicatistampa\\\/la-strategia-di-luca-dal-fabbro-per-lenergia-sicurezza-competitivita-delle-fonti-e-sostenibilita\\\/\"},\"author\":{\"name\":\"articolinews\",\"@id\":\"https:\\\/\\\/www.article-marketing.eu\\\/comunicatistampa\\\/#\\\/schema\\\/person\\\/2fcaf8f8f3a9eef9eb7f27532d3ca458\"},\"headline\":\"La strategia di Luca Dal Fabbro per l\u2019energia: sicurezza, competitivit\u00e0 delle fonti e sostenibilit\u00e0\",\"datePublished\":\"2023-11-28T17:33:54+00:00\",\"mainEntityOfPage\":{\"@id\":\"https:\\\/\\\/www.article-marketing.eu\\\/comunicatistampa\\\/la-strategia-di-luca-dal-fabbro-per-lenergia-sicurezza-competitivita-delle-fonti-e-sostenibilita\\\/\"},\"wordCount\":407,\"commentCount\":0,\"image\":{\"@id\":\"https:\\\/\\\/www.article-marketing.eu\\\/comunicatistampa\\\/la-strategia-di-luca-dal-fabbro-per-lenergia-sicurezza-competitivita-delle-fonti-e-sostenibilita\\\/#primaryimage\"},\"thumbnailUrl\":\"https:\\\/\\\/h2biz.net\\\/images\\\/Plats\\\/crop_min_20230503111428.jpg\",\"keywords\":[\"Luca Dal Fabbro\"],\"articleSection\":[\"Economia e lavoro\"],\"inLanguage\":\"it-IT\",\"potentialAction\":[{\"@type\":\"CommentAction\",\"name\":\"Comment\",\"target\":[\"https:\\\/\\\/www.article-marketing.eu\\\/comunicatistampa\\\/la-strategia-di-luca-dal-fabbro-per-lenergia-sicurezza-competitivita-delle-fonti-e-sostenibilita\\\/#respond\"]}]},{\"@type\":\"WebPage\",\"@id\":\"https:\\\/\\\/www.article-marketing.eu\\\/comunicatistampa\\\/la-strategia-di-luca-dal-fabbro-per-lenergia-sicurezza-competitivita-delle-fonti-e-sostenibilita\\\/\",\"url\":\"https:\\\/\\\/www.article-marketing.eu\\\/comunicatistampa\\\/la-strategia-di-luca-dal-fabbro-per-lenergia-sicurezza-competitivita-delle-fonti-e-sostenibilita\\\/\",\"name\":\"La strategia di Luca Dal Fabbro per l\u2019energia: sicurezza, competitivit\u00e0 delle fonti e sostenibilit\u00e0\",\"isPartOf\":{\"@id\":\"https:\\\/\\\/www.article-marketing.eu\\\/comunicatistampa\\\/#website\"},\"primaryImageOfPage\":{\"@id\":\"https:\\\/\\\/www.article-marketing.eu\\\/comunicatistampa\\\/la-strategia-di-luca-dal-fabbro-per-lenergia-sicurezza-competitivita-delle-fonti-e-sostenibilita\\\/#primaryimage\"},\"image\":{\"@id\":\"https:\\\/\\\/www.article-marketing.eu\\\/comunicatistampa\\\/la-strategia-di-luca-dal-fabbro-per-lenergia-sicurezza-competitivita-delle-fonti-e-sostenibilita\\\/#primaryimage\"},\"thumbnailUrl\":\"https:\\\/\\\/h2biz.net\\\/images\\\/Plats\\\/crop_min_20230503111428.jpg\",\"datePublished\":\"2023-11-28T17:33:54+00:00\",\"author\":{\"@id\":\"https:\\\/\\\/www.article-marketing.eu\\\/comunicatistampa\\\/#\\\/schema\\\/person\\\/2fcaf8f8f3a9eef9eb7f27532d3ca458\"},\"breadcrumb\":{\"@id\":\"https:\\\/\\\/www.article-marketing.eu\\\/comunicatistampa\\\/la-strategia-di-luca-dal-fabbro-per-lenergia-sicurezza-competitivita-delle-fonti-e-sostenibilita\\\/#breadcrumb\"},\"inLanguage\":\"it-IT\",\"potentialAction\":[{\"@type\":\"ReadAction\",\"target\":[\"https:\\\/\\\/www.article-marketing.eu\\\/comunicatistampa\\\/la-strategia-di-luca-dal-fabbro-per-lenergia-sicurezza-competitivita-delle-fonti-e-sostenibilita\\\/\"]}]},{\"@type\":\"ImageObject\",\"inLanguage\":\"it-IT\",\"@id\":\"https:\\\/\\\/www.article-marketing.eu\\\/comunicatistampa\\\/la-strategia-di-luca-dal-fabbro-per-lenergia-sicurezza-competitivita-delle-fonti-e-sostenibilita\\\/#primaryimage\",\"url\":\"https:\\\/\\\/h2biz.net\\\/images\\\/Plats\\\/crop_min_20230503111428.jpg\",\"contentUrl\":\"https:\\\/\\\/h2biz.net\\\/images\\\/Plats\\\/crop_min_20230503111428.jpg\"},{\"@type\":\"BreadcrumbList\",\"@id\":\"https:\\\/\\\/www.article-marketing.eu\\\/comunicatistampa\\\/la-strategia-di-luca-dal-fabbro-per-lenergia-sicurezza-competitivita-delle-fonti-e-sostenibilita\\\/#breadcrumb\",\"itemListElement\":[{\"@type\":\"ListItem\",\"position\":1,\"name\":\"Home\",\"item\":\"https:\\\/\\\/www.article-marketing.eu\\\/comunicatistampa\\\/\"},{\"@type\":\"ListItem\",\"position\":2,\"name\":\"La strategia di Luca Dal Fabbro per l\u2019energia: sicurezza, competitivit\u00e0 delle fonti e sostenibilit\u00e0\"}]},{\"@type\":\"WebSite\",\"@id\":\"https:\\\/\\\/www.article-marketing.eu\\\/comunicatistampa\\\/#website\",\"url\":\"https:\\\/\\\/www.article-marketing.eu\\\/comunicatistampa\\\/\",\"name\":\"Article Marketing\",\"description\":\"article marketing &amp; press release\",\"potentialAction\":[{\"@type\":\"SearchAction\",\"target\":{\"@type\":\"EntryPoint\",\"urlTemplate\":\"https:\\\/\\\/www.article-marketing.eu\\\/comunicatistampa\\\/?s={search_term_string}\"},\"query-input\":{\"@type\":\"PropertyValueSpecification\",\"valueRequired\":true,\"valueName\":\"search_term_string\"}}],\"inLanguage\":\"it-IT\"},{\"@type\":\"Person\",\"@id\":\"https:\\\/\\\/www.article-marketing.eu\\\/comunicatistampa\\\/#\\\/schema\\\/person\\\/2fcaf8f8f3a9eef9eb7f27532d3ca458\",\"name\":\"articolinews\",\"image\":{\"@type\":\"ImageObject\",\"inLanguage\":\"it-IT\",\"@id\":\"https:\\\/\\\/secure.gravatar.com\\\/avatar\\\/9e2a264bab04e17dea24d937c9956304649a848cb73c46747a692ff1bdeb1cb7?s=96&d=mm&r=g\",\"url\":\"https:\\\/\\\/secure.gravatar.com\\\/avatar\\\/9e2a264bab04e17dea24d937c9956304649a848cb73c46747a692ff1bdeb1cb7?s=96&d=mm&r=g\",\"contentUrl\":\"https:\\\/\\\/secure.gravatar.com\\\/avatar\\\/9e2a264bab04e17dea24d937c9956304649a848cb73c46747a692ff1bdeb1cb7?s=96&d=mm&r=g\",\"caption\":\"articolinews\"},\"url\":\"https:\\\/\\\/www.article-marketing.eu\\\/comunicatistampa\\\/author\\\/articolinews\\\/\"}]}<\/script>\n<!-- \/ Yoast SEO plugin. -->","yoast_head_json":{"title":"La strategia di Luca Dal Fabbro per l\u2019energia: sicurezza, competitivit\u00e0 delle fonti e sostenibilit\u00e0","robots":{"index":"index","follow":"follow","max-snippet":"max-snippet:-1","max-image-preview":"max-image-preview:large","max-video-preview":"max-video-preview:-1"},"canonical":"https:\/\/www.article-marketing.eu\/comunicatistampa\/la-strategia-di-luca-dal-fabbro-per-lenergia-sicurezza-competitivita-delle-fonti-e-sostenibilita\/","og_locale":"it_IT","og_type":"article","og_title":"La strategia di Luca Dal Fabbro per l\u2019energia: sicurezza, competitivit\u00e0 delle fonti e sostenibilit\u00e0","og_description":"\u201c\u00c8 opportuno, in questo momento di calma piatta o di basso profilo di prezzo, cominciare a ragionare sul futuro, per rendere il nostro sistema energetico pi\u00f9 resiliente. Quindi, come Iren, auspichiamo un rapporto, diciamo un lavoro, tra istituzioni, aziende, dello Stato e multiutility, per disegnare il prossimo sistema che dovr\u00e0 essere resiliente alle guerre\u201d: lo ha affermato il Presidente di Iren Luca Dal Fabbro al Forum Ambrosetti. \u00a0 Luca DalContinue reading...","og_url":"https:\/\/www.article-marketing.eu\/comunicatistampa\/la-strategia-di-luca-dal-fabbro-per-lenergia-sicurezza-competitivita-delle-fonti-e-sostenibilita\/","og_site_name":"Article Marketing","article_published_time":"2023-11-28T17:33:54+00:00","og_image":[{"url":"https:\/\/h2biz.net\/images\/Plats\/crop_min_20230503111428.jpg","type":"","width":"","height":""}],"author":"articolinews","twitter_card":"summary_large_image","twitter_misc":{"Scritto da":"articolinews","Tempo di lettura stimato":"3 minuti"},"schema":{"@context":"https:\/\/schema.org","@graph":[{"@type":"Article","@id":"https:\/\/www.article-marketing.eu\/comunicatistampa\/la-strategia-di-luca-dal-fabbro-per-lenergia-sicurezza-competitivita-delle-fonti-e-sostenibilita\/#article","isPartOf":{"@id":"https:\/\/www.article-marketing.eu\/comunicatistampa\/la-strategia-di-luca-dal-fabbro-per-lenergia-sicurezza-competitivita-delle-fonti-e-sostenibilita\/"},"author":{"name":"articolinews","@id":"https:\/\/www.article-marketing.eu\/comunicatistampa\/#\/schema\/person\/2fcaf8f8f3a9eef9eb7f27532d3ca458"},"headline":"La strategia di Luca Dal Fabbro per l\u2019energia: sicurezza, competitivit\u00e0 delle fonti e sostenibilit\u00e0","datePublished":"2023-11-28T17:33:54+00:00","mainEntityOfPage":{"@id":"https:\/\/www.article-marketing.eu\/comunicatistampa\/la-strategia-di-luca-dal-fabbro-per-lenergia-sicurezza-competitivita-delle-fonti-e-sostenibilita\/"},"wordCount":407,"commentCount":0,"image":{"@id":"https:\/\/www.article-marketing.eu\/comunicatistampa\/la-strategia-di-luca-dal-fabbro-per-lenergia-sicurezza-competitivita-delle-fonti-e-sostenibilita\/#primaryimage"},"thumbnailUrl":"https:\/\/h2biz.net\/images\/Plats\/crop_min_20230503111428.jpg","keywords":["Luca Dal Fabbro"],"articleSection":["Economia e lavoro"],"inLanguage":"it-IT","potentialAction":[{"@type":"CommentAction","name":"Comment","target":["https:\/\/www.article-marketing.eu\/comunicatistampa\/la-strategia-di-luca-dal-fabbro-per-lenergia-sicurezza-competitivita-delle-fonti-e-sostenibilita\/#respond"]}]},{"@type":"WebPage","@id":"https:\/\/www.article-marketing.eu\/comunicatistampa\/la-strategia-di-luca-dal-fabbro-per-lenergia-sicurezza-competitivita-delle-fonti-e-sostenibilita\/","url":"https:\/\/www.article-marketing.eu\/comunicatistampa\/la-strategia-di-luca-dal-fabbro-per-lenergia-sicurezza-competitivita-delle-fonti-e-sostenibilita\/","name":"La strategia di Luca Dal Fabbro per l\u2019energia: sicurezza, competitivit\u00e0 delle fonti e sostenibilit\u00e0","isPartOf":{"@id":"https:\/\/www.article-marketing.eu\/comunicatistampa\/#website"},"primaryImageOfPage":{"@id":"https:\/\/www.article-marketing.eu\/comunicatistampa\/la-strategia-di-luca-dal-fabbro-per-lenergia-sicurezza-competitivita-delle-fonti-e-sostenibilita\/#primaryimage"},"image":{"@id":"https:\/\/www.article-marketing.eu\/comunicatistampa\/la-strategia-di-luca-dal-fabbro-per-lenergia-sicurezza-competitivita-delle-fonti-e-sostenibilita\/#primaryimage"},"thumbnailUrl":"https:\/\/h2biz.net\/images\/Plats\/crop_min_20230503111428.jpg","datePublished":"2023-11-28T17:33:54+00:00","author":{"@id":"https:\/\/www.article-marketing.eu\/comunicatistampa\/#\/schema\/person\/2fcaf8f8f3a9eef9eb7f27532d3ca458"},"breadcrumb":{"@id":"https:\/\/www.article-marketing.eu\/comunicatistampa\/la-strategia-di-luca-dal-fabbro-per-lenergia-sicurezza-competitivita-delle-fonti-e-sostenibilita\/#breadcrumb"},"inLanguage":"it-IT","potentialAction":[{"@type":"ReadAction","target":["https:\/\/www.article-marketing.eu\/comunicatistampa\/la-strategia-di-luca-dal-fabbro-per-lenergia-sicurezza-competitivita-delle-fonti-e-sostenibilita\/"]}]},{"@type":"ImageObject","inLanguage":"it-IT","@id":"https:\/\/www.article-marketing.eu\/comunicatistampa\/la-strategia-di-luca-dal-fabbro-per-lenergia-sicurezza-competitivita-delle-fonti-e-sostenibilita\/#primaryimage","url":"https:\/\/h2biz.net\/images\/Plats\/crop_min_20230503111428.jpg","contentUrl":"https:\/\/h2biz.net\/images\/Plats\/crop_min_20230503111428.jpg"},{"@type":"BreadcrumbList","@id":"https:\/\/www.article-marketing.eu\/comunicatistampa\/la-strategia-di-luca-dal-fabbro-per-lenergia-sicurezza-competitivita-delle-fonti-e-sostenibilita\/#breadcrumb","itemListElement":[{"@type":"ListItem","position":1,"name":"Home","item":"https:\/\/www.article-marketing.eu\/comunicatistampa\/"},{"@type":"ListItem","position":2,"name":"La strategia di Luca Dal Fabbro per l\u2019energia: sicurezza, competitivit\u00e0 delle fonti e sostenibilit\u00e0"}]},{"@type":"WebSite","@id":"https:\/\/www.article-marketing.eu\/comunicatistampa\/#website","url":"https:\/\/www.article-marketing.eu\/comunicatistampa\/","name":"Article Marketing","description":"article marketing &amp; press release","potentialAction":[{"@type":"SearchAction","target":{"@type":"EntryPoint","urlTemplate":"https:\/\/www.article-marketing.eu\/comunicatistampa\/?s={search_term_string}"},"query-input":{"@type":"PropertyValueSpecification","valueRequired":true,"valueName":"search_term_string"}}],"inLanguage":"it-IT"},{"@type":"Person","@id":"https:\/\/www.article-marketing.eu\/comunicatistampa\/#\/schema\/person\/2fcaf8f8f3a9eef9eb7f27532d3ca458","name":"articolinews","image":{"@type":"ImageObject","inLanguage":"it-IT","@id":"https:\/\/secure.gravatar.com\/avatar\/9e2a264bab04e17dea24d937c9956304649a848cb73c46747a692ff1bdeb1cb7?s=96&d=mm&r=g","url":"https:\/\/secure.gravatar.com\/avatar\/9e2a264bab04e17dea24d937c9956304649a848cb73c46747a692ff1bdeb1cb7?s=96&d=mm&r=g","contentUrl":"https:\/\/secure.gravatar.com\/avatar\/9e2a264bab04e17dea24d937c9956304649a848cb73c46747a692ff1bdeb1cb7?s=96&d=mm&r=g","caption":"articolinews"},"url":"https:\/\/www.article-marketing.eu\/comunicatistampa\/author\/articolinews\/"}]}},"_links":{"self":[{"href":"https:\/\/www.article-marketing.eu\/comunicatistampa\/wp-json\/wp\/v2\/posts\/28928","targetHints":{"allow":["GET"]}}],"collection":[{"href":"https:\/\/www.article-marketing.eu\/comunicatistampa\/wp-json\/wp\/v2\/posts"}],"about":[{"href":"https:\/\/www.article-marketing.eu\/comunicatistampa\/wp-json\/wp\/v2\/types\/post"}],"author":[{"embeddable":true,"href":"https:\/\/www.article-marketing.eu\/comunicatistampa\/wp-json\/wp\/v2\/users\/6477"}],"replies":[{"embeddable":true,"href":"https:\/\/www.article-marketing.eu\/comunicatistampa\/wp-json\/wp\/v2\/comments?post=28928"}],"version-history":[{"count":2,"href":"https:\/\/www.article-marketing.eu\/comunicatistampa\/wp-json\/wp\/v2\/posts\/28928\/revisions"}],"predecessor-version":[{"id":29105,"href":"https:\/\/www.article-marketing.eu\/comunicatistampa\/wp-json\/wp\/v2\/posts\/28928\/revisions\/29105"}],"wp:attachment":[{"href":"https:\/\/www.article-marketing.eu\/comunicatistampa\/wp-json\/wp\/v2\/media?parent=28928"}],"wp:term":[{"taxonomy":"category","embeddable":true,"href":"https:\/\/www.article-marketing.eu\/comunicatistampa\/wp-json\/wp\/v2\/categories?post=28928"},{"taxonomy":"post_tag","embeddable":true,"href":"https:\/\/www.article-marketing.eu\/comunicatistampa\/wp-json\/wp\/v2\/tags?post=28928"}],"curies":[{"name":"wp","href":"https:\/\/api.w.org\/{rel}","templated":true}]}}