{"id":2893,"date":"2017-05-30T23:50:58","date_gmt":"2017-05-30T21:50:58","guid":{"rendered":"http:\/\/www.article-marketing.eu\/comunicatistampa\/?p=2893"},"modified":"2017-05-30T23:50:58","modified_gmt":"2017-05-30T21:50:58","slug":"nasce-il-comitato-nazionale-3store","status":"publish","type":"post","link":"https:\/\/www.article-marketing.eu\/comunicatistampa\/nasce-il-comitato-nazionale-3store\/","title":{"rendered":"Nasce il Comitato Nazionale 3Store"},"content":{"rendered":"<p><strong>La fusione dei gestori telefonici Wind e 3 sta portando alla chiusura di\u00a0 oltre 300 negozi della rete vendita di 3 in tutta Italia , oltre alla chiusura di alcuni call center che verranno esternalizzati.<\/strong><\/p>\n<p><strong>In termini di perdita di posti di lavoro ci\u00f2 significa oltre 1000 persone<\/strong> tra chi gestisce il punto vendita e i suoi dipendenti.<\/p>\n<p><strong>La maggior parte dei negozi 3Store<\/strong> \u00e8 difatti di propriet\u00e0 dell\u2019azienda e <strong>sono affidati in gestione con un contratto di mandato ad agenti specializzati<\/strong> che in tutti questi anni hanno contribuito non poco allo sviluppo commerciale dell\u2019azienda accollandosi\u00a0 anche le spese di affitti , di consumi e di personale, spesso a fronte di commissioni davvero esigue in rapporto ai volumi di lavoro svolto anche con aperture notturne, domenicali, e in genere festive.<\/p>\n<p><strong>Eppure l\u2019azienda in molte riunioni \u00a0provinciali dove si erano prospettati gli scenari conseguenti la fusione aveva promesso che gli agenti avrebbero potuto sostituire il contratto di mandato con un altro che prevedeva a loro carico tutte le spese di gestione ,<\/strong> garantendo cos\u00ec la continuit\u00e0 commerciale e il presidio delle aree e della clientela acquisita in tanti anni.<\/p>\n<p><strong>Purtroppo in queste ultime settimane si sta procedendo alla disdetta dei contratti in corso<\/strong>\u00a0 con tempi di preavviso molto brevi per il rilascio degli stores \u00a0e motivazioni spesso\u00a0 inconsistenti.<\/p>\n<p><strong>Nonostante alcune dichiarazioni dell\u2019Usarci<\/strong> (Unione sindacati agenti e rappresentanti di commercio) di circostanza in merito alle possibili azioni legali da intraprendere ,<strong> l\u2019unica iniziativa di merito \u00e8 stata la costituzione di un \u201cComitato Nazionale 3store\u201d ( <a href=\"mailto:comitatonazionale3store@gmail.com\">comitatonazionale3store@gmail.com<\/a> )<\/strong> per merito\u00a0di alcuni agenti che invita tutti i gestori dei 3Store a costituire un gruppo compatto per poter presentare all\u2019azienda proposte alternative alla chiusura \u00a0e \u00a0presentare contemporaneamente un libro bianco sulle modalit\u00e0 in cui in questi ultimi dieci anni \u00e8 stata gestito il retail di 3 evidenziando le responsabilit\u00e0 di gestione del management e alcune pratiche commerciali.<\/p>\n","protected":false},"excerpt":{"rendered":"<p>La fusione dei gestori telefonici Wind e 3 sta portando alla chiusura di\u00a0 oltre 300 negozi della rete vendita di 3 in tutta Italia , oltre alla chiusura di alcuni call center che verranno esternalizzati. In termini di perdita di posti di lavoro ci\u00f2 significa oltre 1000 persone tra chi gestisce il punto vendita e i suoi dipendenti. La maggior parte dei negozi 3Store \u00e8 difatti di propriet\u00e0 dell\u2019azienda e<\/p>\n<p><a class=\"continue-reading\" href=\"https:\/\/www.article-marketing.eu\/comunicatistampa\/nasce-il-comitato-nazionale-3store\/\">Continue reading&#8230;<\/a><\/p>\n","protected":false},"author":353,"featured_media":0,"comment_status":"open","ping_status":"open","sticky":false,"template":"","format":"standard","meta":{"_monsterinsights_skip_tracking":false,"_monsterinsights_sitenote_active":false,"_monsterinsights_sitenote_note":"","_monsterinsights_sitenote_category":0,"footnotes":""},"categories":[78,386,380,367],"tags":[1663,1661,190,1662],"class_list":["post-2893","post","type-post","status-publish","format-standard","hentry","category-comunicati-stampa","category-economia-e-lavoro","category-internet","category-news-e-attualita","tag-1663","tag-3store","tag-comunicati-stampa","tag-tre"],"yoast_head":"<!-- This site is optimized with the Yoast SEO plugin v27.3 - https:\/\/yoast.com\/product\/yoast-seo-wordpress\/ -->\n<title>Nasce il Comitato Nazionale 3Store - Article Marketing<\/title>\n<meta name=\"robots\" content=\"index, follow, max-snippet:-1, max-image-preview:large, max-video-preview:-1\" \/>\n<link rel=\"canonical\" href=\"https:\/\/www.article-marketing.eu\/comunicatistampa\/nasce-il-comitato-nazionale-3store\/\" \/>\n<meta property=\"og:locale\" content=\"it_IT\" \/>\n<meta property=\"og:type\" content=\"article\" \/>\n<meta property=\"og:title\" content=\"Nasce il Comitato Nazionale 3Store - Article Marketing\" \/>\n<meta property=\"og:description\" content=\"La fusione dei gestori telefonici Wind e 3 sta portando alla chiusura di\u00a0 oltre 300 negozi della rete vendita di 3 in tutta Italia , oltre alla chiusura di alcuni call center che verranno esternalizzati. In termini di perdita di posti di lavoro ci\u00f2 significa oltre 1000 persone tra chi gestisce il punto vendita e i suoi dipendenti. La maggior parte dei negozi 3Store \u00e8 difatti di propriet\u00e0 dell\u2019azienda eContinue reading...\" \/>\n<meta property=\"og:url\" content=\"https:\/\/www.article-marketing.eu\/comunicatistampa\/nasce-il-comitato-nazionale-3store\/\" \/>\n<meta property=\"og:site_name\" content=\"Article Marketing\" \/>\n<meta property=\"article:published_time\" content=\"2017-05-30T21:50:58+00:00\" \/>\n<meta name=\"author\" content=\"comitato3store\" \/>\n<meta name=\"twitter:card\" content=\"summary_large_image\" \/>\n<meta name=\"twitter:label1\" content=\"Scritto da\" \/>\n\t<meta name=\"twitter:data1\" content=\"comitato3store\" \/>\n\t<meta name=\"twitter:label2\" content=\"Tempo di lettura stimato\" \/>\n\t<meta name=\"twitter:data2\" content=\"2 minuti\" \/>\n<script type=\"application\/ld+json\" class=\"yoast-schema-graph\">{\"@context\":\"https:\\\/\\\/schema.org\",\"@graph\":[{\"@type\":\"Article\",\"@id\":\"https:\\\/\\\/www.article-marketing.eu\\\/comunicatistampa\\\/nasce-il-comitato-nazionale-3store\\\/#article\",\"isPartOf\":{\"@id\":\"https:\\\/\\\/www.article-marketing.eu\\\/comunicatistampa\\\/nasce-il-comitato-nazionale-3store\\\/\"},\"author\":{\"name\":\"comitato3store\",\"@id\":\"https:\\\/\\\/www.article-marketing.eu\\\/comunicatistampa\\\/#\\\/schema\\\/person\\\/1fc01928434c851731163cd061b2424b\"},\"headline\":\"Nasce il Comitato Nazionale 3Store\",\"datePublished\":\"2017-05-30T21:50:58+00:00\",\"mainEntityOfPage\":{\"@id\":\"https:\\\/\\\/www.article-marketing.eu\\\/comunicatistampa\\\/nasce-il-comitato-nazionale-3store\\\/\"},\"wordCount\":313,\"commentCount\":0,\"keywords\":[\"3\",\"3store\",\"comunicati stampa\",\"tre\"],\"articleSection\":[\"Comunicati stampa\",\"Economia e lavoro\",\"Internet\",\"News e Attualit\u00e0\"],\"inLanguage\":\"it-IT\",\"potentialAction\":[{\"@type\":\"CommentAction\",\"name\":\"Comment\",\"target\":[\"https:\\\/\\\/www.article-marketing.eu\\\/comunicatistampa\\\/nasce-il-comitato-nazionale-3store\\\/#respond\"]}]},{\"@type\":\"WebPage\",\"@id\":\"https:\\\/\\\/www.article-marketing.eu\\\/comunicatistampa\\\/nasce-il-comitato-nazionale-3store\\\/\",\"url\":\"https:\\\/\\\/www.article-marketing.eu\\\/comunicatistampa\\\/nasce-il-comitato-nazionale-3store\\\/\",\"name\":\"Nasce il Comitato Nazionale 3Store - Article Marketing\",\"isPartOf\":{\"@id\":\"https:\\\/\\\/www.article-marketing.eu\\\/comunicatistampa\\\/#website\"},\"datePublished\":\"2017-05-30T21:50:58+00:00\",\"author\":{\"@id\":\"https:\\\/\\\/www.article-marketing.eu\\\/comunicatistampa\\\/#\\\/schema\\\/person\\\/1fc01928434c851731163cd061b2424b\"},\"breadcrumb\":{\"@id\":\"https:\\\/\\\/www.article-marketing.eu\\\/comunicatistampa\\\/nasce-il-comitato-nazionale-3store\\\/#breadcrumb\"},\"inLanguage\":\"it-IT\",\"potentialAction\":[{\"@type\":\"ReadAction\",\"target\":[\"https:\\\/\\\/www.article-marketing.eu\\\/comunicatistampa\\\/nasce-il-comitato-nazionale-3store\\\/\"]}]},{\"@type\":\"BreadcrumbList\",\"@id\":\"https:\\\/\\\/www.article-marketing.eu\\\/comunicatistampa\\\/nasce-il-comitato-nazionale-3store\\\/#breadcrumb\",\"itemListElement\":[{\"@type\":\"ListItem\",\"position\":1,\"name\":\"Home\",\"item\":\"https:\\\/\\\/www.article-marketing.eu\\\/comunicatistampa\\\/\"},{\"@type\":\"ListItem\",\"position\":2,\"name\":\"Nasce il Comitato Nazionale 3Store\"}]},{\"@type\":\"WebSite\",\"@id\":\"https:\\\/\\\/www.article-marketing.eu\\\/comunicatistampa\\\/#website\",\"url\":\"https:\\\/\\\/www.article-marketing.eu\\\/comunicatistampa\\\/\",\"name\":\"Article Marketing\",\"description\":\"article marketing &amp; press release\",\"potentialAction\":[{\"@type\":\"SearchAction\",\"target\":{\"@type\":\"EntryPoint\",\"urlTemplate\":\"https:\\\/\\\/www.article-marketing.eu\\\/comunicatistampa\\\/?s={search_term_string}\"},\"query-input\":{\"@type\":\"PropertyValueSpecification\",\"valueRequired\":true,\"valueName\":\"search_term_string\"}}],\"inLanguage\":\"it-IT\"},{\"@type\":\"Person\",\"@id\":\"https:\\\/\\\/www.article-marketing.eu\\\/comunicatistampa\\\/#\\\/schema\\\/person\\\/1fc01928434c851731163cd061b2424b\",\"name\":\"comitato3store\",\"image\":{\"@type\":\"ImageObject\",\"inLanguage\":\"it-IT\",\"@id\":\"https:\\\/\\\/secure.gravatar.com\\\/avatar\\\/a39ade1225a1410f213cd316aba84c67f9ecc6d7cf931139389027b96d6428d4?s=96&d=mm&r=g\",\"url\":\"https:\\\/\\\/secure.gravatar.com\\\/avatar\\\/a39ade1225a1410f213cd316aba84c67f9ecc6d7cf931139389027b96d6428d4?s=96&d=mm&r=g\",\"contentUrl\":\"https:\\\/\\\/secure.gravatar.com\\\/avatar\\\/a39ade1225a1410f213cd316aba84c67f9ecc6d7cf931139389027b96d6428d4?s=96&d=mm&r=g\",\"caption\":\"comitato3store\"},\"url\":\"https:\\\/\\\/www.article-marketing.eu\\\/comunicatistampa\\\/author\\\/comitato3store\\\/\"}]}<\/script>\n<!-- \/ Yoast SEO plugin. -->","yoast_head_json":{"title":"Nasce il Comitato Nazionale 3Store - Article Marketing","robots":{"index":"index","follow":"follow","max-snippet":"max-snippet:-1","max-image-preview":"max-image-preview:large","max-video-preview":"max-video-preview:-1"},"canonical":"https:\/\/www.article-marketing.eu\/comunicatistampa\/nasce-il-comitato-nazionale-3store\/","og_locale":"it_IT","og_type":"article","og_title":"Nasce il Comitato Nazionale 3Store - Article Marketing","og_description":"La fusione dei gestori telefonici Wind e 3 sta portando alla chiusura di\u00a0 oltre 300 negozi della rete vendita di 3 in tutta Italia , oltre alla chiusura di alcuni call center che verranno esternalizzati. In termini di perdita di posti di lavoro ci\u00f2 significa oltre 1000 persone tra chi gestisce il punto vendita e i suoi dipendenti. La maggior parte dei negozi 3Store \u00e8 difatti di propriet\u00e0 dell\u2019azienda eContinue reading...","og_url":"https:\/\/www.article-marketing.eu\/comunicatistampa\/nasce-il-comitato-nazionale-3store\/","og_site_name":"Article Marketing","article_published_time":"2017-05-30T21:50:58+00:00","author":"comitato3store","twitter_card":"summary_large_image","twitter_misc":{"Scritto da":"comitato3store","Tempo di lettura stimato":"2 minuti"},"schema":{"@context":"https:\/\/schema.org","@graph":[{"@type":"Article","@id":"https:\/\/www.article-marketing.eu\/comunicatistampa\/nasce-il-comitato-nazionale-3store\/#article","isPartOf":{"@id":"https:\/\/www.article-marketing.eu\/comunicatistampa\/nasce-il-comitato-nazionale-3store\/"},"author":{"name":"comitato3store","@id":"https:\/\/www.article-marketing.eu\/comunicatistampa\/#\/schema\/person\/1fc01928434c851731163cd061b2424b"},"headline":"Nasce il Comitato Nazionale 3Store","datePublished":"2017-05-30T21:50:58+00:00","mainEntityOfPage":{"@id":"https:\/\/www.article-marketing.eu\/comunicatistampa\/nasce-il-comitato-nazionale-3store\/"},"wordCount":313,"commentCount":0,"keywords":["3","3store","comunicati stampa","tre"],"articleSection":["Comunicati stampa","Economia e lavoro","Internet","News e Attualit\u00e0"],"inLanguage":"it-IT","potentialAction":[{"@type":"CommentAction","name":"Comment","target":["https:\/\/www.article-marketing.eu\/comunicatistampa\/nasce-il-comitato-nazionale-3store\/#respond"]}]},{"@type":"WebPage","@id":"https:\/\/www.article-marketing.eu\/comunicatistampa\/nasce-il-comitato-nazionale-3store\/","url":"https:\/\/www.article-marketing.eu\/comunicatistampa\/nasce-il-comitato-nazionale-3store\/","name":"Nasce il Comitato Nazionale 3Store - Article Marketing","isPartOf":{"@id":"https:\/\/www.article-marketing.eu\/comunicatistampa\/#website"},"datePublished":"2017-05-30T21:50:58+00:00","author":{"@id":"https:\/\/www.article-marketing.eu\/comunicatistampa\/#\/schema\/person\/1fc01928434c851731163cd061b2424b"},"breadcrumb":{"@id":"https:\/\/www.article-marketing.eu\/comunicatistampa\/nasce-il-comitato-nazionale-3store\/#breadcrumb"},"inLanguage":"it-IT","potentialAction":[{"@type":"ReadAction","target":["https:\/\/www.article-marketing.eu\/comunicatistampa\/nasce-il-comitato-nazionale-3store\/"]}]},{"@type":"BreadcrumbList","@id":"https:\/\/www.article-marketing.eu\/comunicatistampa\/nasce-il-comitato-nazionale-3store\/#breadcrumb","itemListElement":[{"@type":"ListItem","position":1,"name":"Home","item":"https:\/\/www.article-marketing.eu\/comunicatistampa\/"},{"@type":"ListItem","position":2,"name":"Nasce il Comitato Nazionale 3Store"}]},{"@type":"WebSite","@id":"https:\/\/www.article-marketing.eu\/comunicatistampa\/#website","url":"https:\/\/www.article-marketing.eu\/comunicatistampa\/","name":"Article Marketing","description":"article marketing &amp; press release","potentialAction":[{"@type":"SearchAction","target":{"@type":"EntryPoint","urlTemplate":"https:\/\/www.article-marketing.eu\/comunicatistampa\/?s={search_term_string}"},"query-input":{"@type":"PropertyValueSpecification","valueRequired":true,"valueName":"search_term_string"}}],"inLanguage":"it-IT"},{"@type":"Person","@id":"https:\/\/www.article-marketing.eu\/comunicatistampa\/#\/schema\/person\/1fc01928434c851731163cd061b2424b","name":"comitato3store","image":{"@type":"ImageObject","inLanguage":"it-IT","@id":"https:\/\/secure.gravatar.com\/avatar\/a39ade1225a1410f213cd316aba84c67f9ecc6d7cf931139389027b96d6428d4?s=96&d=mm&r=g","url":"https:\/\/secure.gravatar.com\/avatar\/a39ade1225a1410f213cd316aba84c67f9ecc6d7cf931139389027b96d6428d4?s=96&d=mm&r=g","contentUrl":"https:\/\/secure.gravatar.com\/avatar\/a39ade1225a1410f213cd316aba84c67f9ecc6d7cf931139389027b96d6428d4?s=96&d=mm&r=g","caption":"comitato3store"},"url":"https:\/\/www.article-marketing.eu\/comunicatistampa\/author\/comitato3store\/"}]}},"_links":{"self":[{"href":"https:\/\/www.article-marketing.eu\/comunicatistampa\/wp-json\/wp\/v2\/posts\/2893","targetHints":{"allow":["GET"]}}],"collection":[{"href":"https:\/\/www.article-marketing.eu\/comunicatistampa\/wp-json\/wp\/v2\/posts"}],"about":[{"href":"https:\/\/www.article-marketing.eu\/comunicatistampa\/wp-json\/wp\/v2\/types\/post"}],"author":[{"embeddable":true,"href":"https:\/\/www.article-marketing.eu\/comunicatistampa\/wp-json\/wp\/v2\/users\/353"}],"replies":[{"embeddable":true,"href":"https:\/\/www.article-marketing.eu\/comunicatistampa\/wp-json\/wp\/v2\/comments?post=2893"}],"version-history":[{"count":2,"href":"https:\/\/www.article-marketing.eu\/comunicatistampa\/wp-json\/wp\/v2\/posts\/2893\/revisions"}],"predecessor-version":[{"id":2895,"href":"https:\/\/www.article-marketing.eu\/comunicatistampa\/wp-json\/wp\/v2\/posts\/2893\/revisions\/2895"}],"wp:attachment":[{"href":"https:\/\/www.article-marketing.eu\/comunicatistampa\/wp-json\/wp\/v2\/media?parent=2893"}],"wp:term":[{"taxonomy":"category","embeddable":true,"href":"https:\/\/www.article-marketing.eu\/comunicatistampa\/wp-json\/wp\/v2\/categories?post=2893"},{"taxonomy":"post_tag","embeddable":true,"href":"https:\/\/www.article-marketing.eu\/comunicatistampa\/wp-json\/wp\/v2\/tags?post=2893"}],"curies":[{"name":"wp","href":"https:\/\/api.w.org\/{rel}","templated":true}]}}