{"id":28960,"date":"2023-12-01T06:48:05","date_gmt":"2023-12-01T05:48:05","guid":{"rendered":"https:\/\/www.article-marketing.eu\/comunicatistampa\/?p=28960"},"modified":"2023-12-01T06:48:05","modified_gmt":"2023-12-01T05:48:05","slug":"intesa-sanpaolo-lintervento-del-ceo-carlo-messina-a-nessuno-escluso","status":"publish","type":"post","link":"https:\/\/www.article-marketing.eu\/comunicatistampa\/intesa-sanpaolo-lintervento-del-ceo-carlo-messina-a-nessuno-escluso\/","title":{"rendered":"Intesa Sanpaolo: l\u2019intervento del CEO Carlo Messina a \u201cNessuno escluso\u201d"},"content":{"rendered":"<p><em><strong>Il CEO <a title=\"Carlo Messina: Messina: 'Intesa Sanpaolo un'istituzione al servizio del Paese'\" href=\"https:\/\/www.ansa.it\/sito\/notizie\/economia\/2023\/10\/26\/messina-intesa-sanpaolo-piu-che-una-banca-deve-essere-considerata_79648b39-5f4b-499b-b6c8-5d974e6df7c3.html\">Carlo Messina<\/a>: Intesa Sanpaolo deve essere considerata la principale istituzione che in Italia si occupa di contrasto alle diseguaglianze e di interventi nel sociale.<\/strong><\/em><\/p>\n<p><a title=\"Carlo Messina: Intesa protagonista del contrasto alla disuguaglianza sociale\" href=\"https:\/\/www.ansa.it\/sito\/notizie\/economia\/2023\/10\/26\/messina-intesa-sanpaolo-piu-che-una-banca-deve-essere-considerata_79648b39-5f4b-499b-b6c8-5d974e6df7c3.html\"><img loading=\"lazy\" decoding=\"async\" src=\"https:\/\/www.ansa.it\/webimages\/news_base\/2023\/10\/26\/1beec807e0e5717038dc1029489dd18e.jpg\" alt=\"Carlo Messina\" width=\"225\" height=\"150\" \/><\/a><\/p>\n<h2>Carlo Messina: da Intesa Sanpaolo 1,5 miliardi di euro per il sociale entro il 2027<\/h2>\n<p>Secondo <a title=\"Su Ansa.it l'intervento integrale di Carlo Messina, Ceo di Intesa\" href=\"https:\/\/www.ansa.it\/sito\/notizie\/economia\/2023\/10\/26\/messina-intesa-sanpaolo-piu-che-una-banca-deve-essere-considerata_79648b39-5f4b-499b-b6c8-5d974e6df7c3.html\"><strong>Carlo Messina<\/strong><\/a>, Consigliere Delegato e CEO di Intesa Sanpaolo, la banca deve essere considerata \u201c<em>la principale istituzione che si occupa di contrasto a disuguaglianze e a favore del sociale<\/em>\u201d. Lo ha sottolineato lo scorso 26 ottobre nel corso di \u201cNessuno escluso\u201d, l\u2019evento che Intesa Sanpaolo ha organizzato a Brescia per raccontare il proprio impegno a favore di un presente e un futuro pi\u00f9 inclusivi e solidali. Dal contrasto alla povert\u00e0 alla riduzione delle disuguaglianze fino alle iniziative per supportare l\u2019inclusione educativa e l\u2019occupabilit\u00e0 dei giovani, Intesa Sanpaolo \u00e8 impegnata fortemente anche nel contrastare l\u2019emergenza demografica e nel sostenere gli enti del Terzo Settore. \u201c<em>Voglio sia chiaro che non solo siamo una grande banca europea, una grande compagnia assicurativa ma anche la pi\u00f9 grande fondazione che opera in Italia<\/em>\u201d ha sottolineato il CEO <strong>Carlo Messina<\/strong> ricordando che il Gruppo distribuisce ogni anno 200 milioni per il sociale, pi\u00f9 di quanto erogano le due pi\u00f9 grandi fondazioni del Paese, la Cariplo e la Compagnia Sanpaolo: a questi 200 milioni \u201c<em>si aggiungono 100 milioni di costi di struttura perch\u00e9 abbiamo 1.000 persone a occuparsi del sociale e delle diseguaglianze<\/em>\u201d e quindi \u201c<em>ogni anno sopportiamo con grande soddisfazione costi per 300 milioni<\/em>\u201d.<\/p>\n<h2>Carlo Messina: l\u2019importanza dell\u2019inclusione nella lettera che Papa Francesco ha scritto al CEO di Intesa Sanpaolo<\/h2>\n<p>Nel corso dell\u2019evento il CEO <strong>Carlo Messina <\/strong>ha annunciato che Intesa Sanpaolo destiner\u00e0 1,5 miliardi di euro a iniziative e progetti finalizzati alla riduzione delle disuguaglianze entro il 2027 per contribuire al bene della collettivit\u00e0: \u201c<em>Per noi \u00e8 importante andare oltre le dichiarazioni di principio e tradurre i nostri valori in un impegno quotidiano e credibile frutto di una precisa strategia, di politiche aziendali, di azioni e di consuetudini attente alle esigenze dei territori e delle comunit\u00e0. Per questo creiamo una nuova unit\u00e0 organizzativa, Intesa Sanpaolo per il Sociale, dedicata in esclusiva a questa attivit\u00e0, con sede a Brescia, che seguir\u00f2 personalmente<\/em>\u201d. E a sostenere l\u2019iniziativa di Intesa Sanpaolo \u00e8 anche Papa Francesco: nel corso dell\u2019evento ha fatto pervenire un suo messaggio letto in sala in cui nel corso dell\u2019evento. Nell\u2019ambito di questa giornata, ha evidenziato inoltre il CEO <strong>Carlo Messina<\/strong>, \u201c<em>abbiamo voluto ricordare concretamente l\u2019impegno delle nostre persone, vere artefici dei risultati della Banca<\/em>\u201d: entro la fine dell\u2019anno sar\u00e0 erogato l\u2019anticipo dell\u2019incremento retributivo \u201c<em>per intervenire rapidamente in considerazione della situazione economica, e procederemo anche con il ripristino della base piena di calcolo del TFR, confidando che la trattativa per il contratto di lavoro venga chiusa rapidamente e in modo soddisfacente per tutte le parti<\/em>\u201d.<\/p>\n","protected":false},"excerpt":{"rendered":"<p>Il CEO Carlo Messina: Intesa Sanpaolo deve essere considerata la principale istituzione che in Italia si occupa di contrasto alle diseguaglianze e di interventi nel sociale. Carlo Messina: da Intesa Sanpaolo 1,5 miliardi di euro per il sociale entro il 2027 Secondo Carlo Messina, Consigliere Delegato e CEO di Intesa Sanpaolo, la banca deve essere considerata \u201cla principale istituzione che si occupa di contrasto a disuguaglianze e a favore del<\/p>\n<p><a class=\"continue-reading\" href=\"https:\/\/www.article-marketing.eu\/comunicatistampa\/intesa-sanpaolo-lintervento-del-ceo-carlo-messina-a-nessuno-escluso\/\">Continue reading&#8230;<\/a><\/p>\n","protected":false},"author":6477,"featured_media":0,"comment_status":"open","ping_status":"open","sticky":false,"template":"","format":"standard","meta":{"_monsterinsights_skip_tracking":false,"_monsterinsights_sitenote_active":false,"_monsterinsights_sitenote_note":"","_monsterinsights_sitenote_category":0,"footnotes":""},"categories":[362],"tags":[10907],"class_list":["post-28960","post","type-post","status-publish","format-standard","hentry","category-societa","tag-carlo-messina"],"yoast_head":"<!-- This site is optimized with the Yoast SEO plugin v27.3 - https:\/\/yoast.com\/product\/yoast-seo-wordpress\/ -->\n<title>Intesa Sanpaolo: l\u2019intervento del CEO Carlo Messina a \u201cNessuno escluso\u201d<\/title>\n<meta name=\"description\" content=\"Nessuno escluso, l\u2019annuncio di Carlo Messina: a Brescia nasce l&#039;unit\u00e0 dedicata \u201cIntesa Sanpaolo per il Sociale\u201d\" \/>\n<meta name=\"robots\" content=\"index, follow, max-snippet:-1, max-image-preview:large, max-video-preview:-1\" \/>\n<link rel=\"canonical\" href=\"https:\/\/www.article-marketing.eu\/comunicatistampa\/intesa-sanpaolo-lintervento-del-ceo-carlo-messina-a-nessuno-escluso\/\" \/>\n<meta property=\"og:locale\" content=\"it_IT\" \/>\n<meta property=\"og:type\" content=\"article\" \/>\n<meta property=\"og:title\" content=\"Intesa Sanpaolo: l\u2019intervento del CEO Carlo Messina a \u201cNessuno escluso\u201d\" \/>\n<meta property=\"og:description\" content=\"Nessuno escluso, l\u2019annuncio di Carlo Messina: a Brescia nasce l&#039;unit\u00e0 dedicata \u201cIntesa Sanpaolo per il Sociale\u201d\" \/>\n<meta property=\"og:url\" content=\"https:\/\/www.article-marketing.eu\/comunicatistampa\/intesa-sanpaolo-lintervento-del-ceo-carlo-messina-a-nessuno-escluso\/\" \/>\n<meta property=\"og:site_name\" content=\"Article Marketing\" \/>\n<meta property=\"article:published_time\" content=\"2023-12-01T05:48:05+00:00\" \/>\n<meta property=\"og:image\" content=\"https:\/\/www.ansa.it\/webimages\/news_base\/2023\/10\/26\/1beec807e0e5717038dc1029489dd18e.jpg\" \/>\n<meta name=\"author\" content=\"articolinews\" \/>\n<meta name=\"twitter:card\" content=\"summary_large_image\" \/>\n<meta name=\"twitter:label1\" content=\"Scritto da\" \/>\n\t<meta name=\"twitter:data1\" content=\"articolinews\" \/>\n\t<meta name=\"twitter:label2\" content=\"Tempo di lettura stimato\" \/>\n\t<meta name=\"twitter:data2\" content=\"3 minuti\" \/>\n<script type=\"application\/ld+json\" class=\"yoast-schema-graph\">{\"@context\":\"https:\\\/\\\/schema.org\",\"@graph\":[{\"@type\":\"Article\",\"@id\":\"https:\\\/\\\/www.article-marketing.eu\\\/comunicatistampa\\\/intesa-sanpaolo-lintervento-del-ceo-carlo-messina-a-nessuno-escluso\\\/#article\",\"isPartOf\":{\"@id\":\"https:\\\/\\\/www.article-marketing.eu\\\/comunicatistampa\\\/intesa-sanpaolo-lintervento-del-ceo-carlo-messina-a-nessuno-escluso\\\/\"},\"author\":{\"name\":\"articolinews\",\"@id\":\"https:\\\/\\\/www.article-marketing.eu\\\/comunicatistampa\\\/#\\\/schema\\\/person\\\/2fcaf8f8f3a9eef9eb7f27532d3ca458\"},\"headline\":\"Intesa Sanpaolo: l\u2019intervento del CEO Carlo Messina a \u201cNessuno escluso\u201d\",\"datePublished\":\"2023-12-01T05:48:05+00:00\",\"mainEntityOfPage\":{\"@id\":\"https:\\\/\\\/www.article-marketing.eu\\\/comunicatistampa\\\/intesa-sanpaolo-lintervento-del-ceo-carlo-messina-a-nessuno-escluso\\\/\"},\"wordCount\":474,\"commentCount\":0,\"image\":{\"@id\":\"https:\\\/\\\/www.article-marketing.eu\\\/comunicatistampa\\\/intesa-sanpaolo-lintervento-del-ceo-carlo-messina-a-nessuno-escluso\\\/#primaryimage\"},\"thumbnailUrl\":\"https:\\\/\\\/www.ansa.it\\\/webimages\\\/news_base\\\/2023\\\/10\\\/26\\\/1beec807e0e5717038dc1029489dd18e.jpg\",\"keywords\":[\"Carlo Messina\"],\"articleSection\":[\"Societ\u00e0\"],\"inLanguage\":\"it-IT\",\"potentialAction\":[{\"@type\":\"CommentAction\",\"name\":\"Comment\",\"target\":[\"https:\\\/\\\/www.article-marketing.eu\\\/comunicatistampa\\\/intesa-sanpaolo-lintervento-del-ceo-carlo-messina-a-nessuno-escluso\\\/#respond\"]}]},{\"@type\":\"WebPage\",\"@id\":\"https:\\\/\\\/www.article-marketing.eu\\\/comunicatistampa\\\/intesa-sanpaolo-lintervento-del-ceo-carlo-messina-a-nessuno-escluso\\\/\",\"url\":\"https:\\\/\\\/www.article-marketing.eu\\\/comunicatistampa\\\/intesa-sanpaolo-lintervento-del-ceo-carlo-messina-a-nessuno-escluso\\\/\",\"name\":\"Intesa Sanpaolo: l\u2019intervento del CEO Carlo Messina a \u201cNessuno escluso\u201d\",\"isPartOf\":{\"@id\":\"https:\\\/\\\/www.article-marketing.eu\\\/comunicatistampa\\\/#website\"},\"primaryImageOfPage\":{\"@id\":\"https:\\\/\\\/www.article-marketing.eu\\\/comunicatistampa\\\/intesa-sanpaolo-lintervento-del-ceo-carlo-messina-a-nessuno-escluso\\\/#primaryimage\"},\"image\":{\"@id\":\"https:\\\/\\\/www.article-marketing.eu\\\/comunicatistampa\\\/intesa-sanpaolo-lintervento-del-ceo-carlo-messina-a-nessuno-escluso\\\/#primaryimage\"},\"thumbnailUrl\":\"https:\\\/\\\/www.ansa.it\\\/webimages\\\/news_base\\\/2023\\\/10\\\/26\\\/1beec807e0e5717038dc1029489dd18e.jpg\",\"datePublished\":\"2023-12-01T05:48:05+00:00\",\"author\":{\"@id\":\"https:\\\/\\\/www.article-marketing.eu\\\/comunicatistampa\\\/#\\\/schema\\\/person\\\/2fcaf8f8f3a9eef9eb7f27532d3ca458\"},\"description\":\"Nessuno escluso, l\u2019annuncio di Carlo Messina: a Brescia nasce l'unit\u00e0 dedicata \u201cIntesa Sanpaolo per il Sociale\u201d\",\"breadcrumb\":{\"@id\":\"https:\\\/\\\/www.article-marketing.eu\\\/comunicatistampa\\\/intesa-sanpaolo-lintervento-del-ceo-carlo-messina-a-nessuno-escluso\\\/#breadcrumb\"},\"inLanguage\":\"it-IT\",\"potentialAction\":[{\"@type\":\"ReadAction\",\"target\":[\"https:\\\/\\\/www.article-marketing.eu\\\/comunicatistampa\\\/intesa-sanpaolo-lintervento-del-ceo-carlo-messina-a-nessuno-escluso\\\/\"]}]},{\"@type\":\"ImageObject\",\"inLanguage\":\"it-IT\",\"@id\":\"https:\\\/\\\/www.article-marketing.eu\\\/comunicatistampa\\\/intesa-sanpaolo-lintervento-del-ceo-carlo-messina-a-nessuno-escluso\\\/#primaryimage\",\"url\":\"https:\\\/\\\/www.ansa.it\\\/webimages\\\/news_base\\\/2023\\\/10\\\/26\\\/1beec807e0e5717038dc1029489dd18e.jpg\",\"contentUrl\":\"https:\\\/\\\/www.ansa.it\\\/webimages\\\/news_base\\\/2023\\\/10\\\/26\\\/1beec807e0e5717038dc1029489dd18e.jpg\"},{\"@type\":\"BreadcrumbList\",\"@id\":\"https:\\\/\\\/www.article-marketing.eu\\\/comunicatistampa\\\/intesa-sanpaolo-lintervento-del-ceo-carlo-messina-a-nessuno-escluso\\\/#breadcrumb\",\"itemListElement\":[{\"@type\":\"ListItem\",\"position\":1,\"name\":\"Home\",\"item\":\"https:\\\/\\\/www.article-marketing.eu\\\/comunicatistampa\\\/\"},{\"@type\":\"ListItem\",\"position\":2,\"name\":\"Intesa Sanpaolo: l\u2019intervento del CEO Carlo Messina a \u201cNessuno escluso\u201d\"}]},{\"@type\":\"WebSite\",\"@id\":\"https:\\\/\\\/www.article-marketing.eu\\\/comunicatistampa\\\/#website\",\"url\":\"https:\\\/\\\/www.article-marketing.eu\\\/comunicatistampa\\\/\",\"name\":\"Article Marketing\",\"description\":\"article marketing &amp; press release\",\"potentialAction\":[{\"@type\":\"SearchAction\",\"target\":{\"@type\":\"EntryPoint\",\"urlTemplate\":\"https:\\\/\\\/www.article-marketing.eu\\\/comunicatistampa\\\/?s={search_term_string}\"},\"query-input\":{\"@type\":\"PropertyValueSpecification\",\"valueRequired\":true,\"valueName\":\"search_term_string\"}}],\"inLanguage\":\"it-IT\"},{\"@type\":\"Person\",\"@id\":\"https:\\\/\\\/www.article-marketing.eu\\\/comunicatistampa\\\/#\\\/schema\\\/person\\\/2fcaf8f8f3a9eef9eb7f27532d3ca458\",\"name\":\"articolinews\",\"image\":{\"@type\":\"ImageObject\",\"inLanguage\":\"it-IT\",\"@id\":\"https:\\\/\\\/secure.gravatar.com\\\/avatar\\\/9e2a264bab04e17dea24d937c9956304649a848cb73c46747a692ff1bdeb1cb7?s=96&d=mm&r=g\",\"url\":\"https:\\\/\\\/secure.gravatar.com\\\/avatar\\\/9e2a264bab04e17dea24d937c9956304649a848cb73c46747a692ff1bdeb1cb7?s=96&d=mm&r=g\",\"contentUrl\":\"https:\\\/\\\/secure.gravatar.com\\\/avatar\\\/9e2a264bab04e17dea24d937c9956304649a848cb73c46747a692ff1bdeb1cb7?s=96&d=mm&r=g\",\"caption\":\"articolinews\"},\"url\":\"https:\\\/\\\/www.article-marketing.eu\\\/comunicatistampa\\\/author\\\/articolinews\\\/\"}]}<\/script>\n<!-- \/ Yoast SEO plugin. -->","yoast_head_json":{"title":"Intesa Sanpaolo: l\u2019intervento del CEO Carlo Messina a \u201cNessuno escluso\u201d","description":"Nessuno escluso, l\u2019annuncio di Carlo Messina: a Brescia nasce l'unit\u00e0 dedicata \u201cIntesa Sanpaolo per il Sociale\u201d","robots":{"index":"index","follow":"follow","max-snippet":"max-snippet:-1","max-image-preview":"max-image-preview:large","max-video-preview":"max-video-preview:-1"},"canonical":"https:\/\/www.article-marketing.eu\/comunicatistampa\/intesa-sanpaolo-lintervento-del-ceo-carlo-messina-a-nessuno-escluso\/","og_locale":"it_IT","og_type":"article","og_title":"Intesa Sanpaolo: l\u2019intervento del CEO Carlo Messina a \u201cNessuno escluso\u201d","og_description":"Nessuno escluso, l\u2019annuncio di Carlo Messina: a Brescia nasce l'unit\u00e0 dedicata \u201cIntesa Sanpaolo per il Sociale\u201d","og_url":"https:\/\/www.article-marketing.eu\/comunicatistampa\/intesa-sanpaolo-lintervento-del-ceo-carlo-messina-a-nessuno-escluso\/","og_site_name":"Article Marketing","article_published_time":"2023-12-01T05:48:05+00:00","og_image":[{"url":"https:\/\/www.ansa.it\/webimages\/news_base\/2023\/10\/26\/1beec807e0e5717038dc1029489dd18e.jpg","type":"","width":"","height":""}],"author":"articolinews","twitter_card":"summary_large_image","twitter_misc":{"Scritto da":"articolinews","Tempo di lettura stimato":"3 minuti"},"schema":{"@context":"https:\/\/schema.org","@graph":[{"@type":"Article","@id":"https:\/\/www.article-marketing.eu\/comunicatistampa\/intesa-sanpaolo-lintervento-del-ceo-carlo-messina-a-nessuno-escluso\/#article","isPartOf":{"@id":"https:\/\/www.article-marketing.eu\/comunicatistampa\/intesa-sanpaolo-lintervento-del-ceo-carlo-messina-a-nessuno-escluso\/"},"author":{"name":"articolinews","@id":"https:\/\/www.article-marketing.eu\/comunicatistampa\/#\/schema\/person\/2fcaf8f8f3a9eef9eb7f27532d3ca458"},"headline":"Intesa Sanpaolo: l\u2019intervento del CEO Carlo Messina a \u201cNessuno escluso\u201d","datePublished":"2023-12-01T05:48:05+00:00","mainEntityOfPage":{"@id":"https:\/\/www.article-marketing.eu\/comunicatistampa\/intesa-sanpaolo-lintervento-del-ceo-carlo-messina-a-nessuno-escluso\/"},"wordCount":474,"commentCount":0,"image":{"@id":"https:\/\/www.article-marketing.eu\/comunicatistampa\/intesa-sanpaolo-lintervento-del-ceo-carlo-messina-a-nessuno-escluso\/#primaryimage"},"thumbnailUrl":"https:\/\/www.ansa.it\/webimages\/news_base\/2023\/10\/26\/1beec807e0e5717038dc1029489dd18e.jpg","keywords":["Carlo Messina"],"articleSection":["Societ\u00e0"],"inLanguage":"it-IT","potentialAction":[{"@type":"CommentAction","name":"Comment","target":["https:\/\/www.article-marketing.eu\/comunicatistampa\/intesa-sanpaolo-lintervento-del-ceo-carlo-messina-a-nessuno-escluso\/#respond"]}]},{"@type":"WebPage","@id":"https:\/\/www.article-marketing.eu\/comunicatistampa\/intesa-sanpaolo-lintervento-del-ceo-carlo-messina-a-nessuno-escluso\/","url":"https:\/\/www.article-marketing.eu\/comunicatistampa\/intesa-sanpaolo-lintervento-del-ceo-carlo-messina-a-nessuno-escluso\/","name":"Intesa Sanpaolo: l\u2019intervento del CEO Carlo Messina a \u201cNessuno escluso\u201d","isPartOf":{"@id":"https:\/\/www.article-marketing.eu\/comunicatistampa\/#website"},"primaryImageOfPage":{"@id":"https:\/\/www.article-marketing.eu\/comunicatistampa\/intesa-sanpaolo-lintervento-del-ceo-carlo-messina-a-nessuno-escluso\/#primaryimage"},"image":{"@id":"https:\/\/www.article-marketing.eu\/comunicatistampa\/intesa-sanpaolo-lintervento-del-ceo-carlo-messina-a-nessuno-escluso\/#primaryimage"},"thumbnailUrl":"https:\/\/www.ansa.it\/webimages\/news_base\/2023\/10\/26\/1beec807e0e5717038dc1029489dd18e.jpg","datePublished":"2023-12-01T05:48:05+00:00","author":{"@id":"https:\/\/www.article-marketing.eu\/comunicatistampa\/#\/schema\/person\/2fcaf8f8f3a9eef9eb7f27532d3ca458"},"description":"Nessuno escluso, l\u2019annuncio di Carlo Messina: a Brescia nasce l'unit\u00e0 dedicata \u201cIntesa Sanpaolo per il Sociale\u201d","breadcrumb":{"@id":"https:\/\/www.article-marketing.eu\/comunicatistampa\/intesa-sanpaolo-lintervento-del-ceo-carlo-messina-a-nessuno-escluso\/#breadcrumb"},"inLanguage":"it-IT","potentialAction":[{"@type":"ReadAction","target":["https:\/\/www.article-marketing.eu\/comunicatistampa\/intesa-sanpaolo-lintervento-del-ceo-carlo-messina-a-nessuno-escluso\/"]}]},{"@type":"ImageObject","inLanguage":"it-IT","@id":"https:\/\/www.article-marketing.eu\/comunicatistampa\/intesa-sanpaolo-lintervento-del-ceo-carlo-messina-a-nessuno-escluso\/#primaryimage","url":"https:\/\/www.ansa.it\/webimages\/news_base\/2023\/10\/26\/1beec807e0e5717038dc1029489dd18e.jpg","contentUrl":"https:\/\/www.ansa.it\/webimages\/news_base\/2023\/10\/26\/1beec807e0e5717038dc1029489dd18e.jpg"},{"@type":"BreadcrumbList","@id":"https:\/\/www.article-marketing.eu\/comunicatistampa\/intesa-sanpaolo-lintervento-del-ceo-carlo-messina-a-nessuno-escluso\/#breadcrumb","itemListElement":[{"@type":"ListItem","position":1,"name":"Home","item":"https:\/\/www.article-marketing.eu\/comunicatistampa\/"},{"@type":"ListItem","position":2,"name":"Intesa Sanpaolo: l\u2019intervento del CEO Carlo Messina a \u201cNessuno escluso\u201d"}]},{"@type":"WebSite","@id":"https:\/\/www.article-marketing.eu\/comunicatistampa\/#website","url":"https:\/\/www.article-marketing.eu\/comunicatistampa\/","name":"Article Marketing","description":"article marketing &amp; press release","potentialAction":[{"@type":"SearchAction","target":{"@type":"EntryPoint","urlTemplate":"https:\/\/www.article-marketing.eu\/comunicatistampa\/?s={search_term_string}"},"query-input":{"@type":"PropertyValueSpecification","valueRequired":true,"valueName":"search_term_string"}}],"inLanguage":"it-IT"},{"@type":"Person","@id":"https:\/\/www.article-marketing.eu\/comunicatistampa\/#\/schema\/person\/2fcaf8f8f3a9eef9eb7f27532d3ca458","name":"articolinews","image":{"@type":"ImageObject","inLanguage":"it-IT","@id":"https:\/\/secure.gravatar.com\/avatar\/9e2a264bab04e17dea24d937c9956304649a848cb73c46747a692ff1bdeb1cb7?s=96&d=mm&r=g","url":"https:\/\/secure.gravatar.com\/avatar\/9e2a264bab04e17dea24d937c9956304649a848cb73c46747a692ff1bdeb1cb7?s=96&d=mm&r=g","contentUrl":"https:\/\/secure.gravatar.com\/avatar\/9e2a264bab04e17dea24d937c9956304649a848cb73c46747a692ff1bdeb1cb7?s=96&d=mm&r=g","caption":"articolinews"},"url":"https:\/\/www.article-marketing.eu\/comunicatistampa\/author\/articolinews\/"}]}},"_links":{"self":[{"href":"https:\/\/www.article-marketing.eu\/comunicatistampa\/wp-json\/wp\/v2\/posts\/28960","targetHints":{"allow":["GET"]}}],"collection":[{"href":"https:\/\/www.article-marketing.eu\/comunicatistampa\/wp-json\/wp\/v2\/posts"}],"about":[{"href":"https:\/\/www.article-marketing.eu\/comunicatistampa\/wp-json\/wp\/v2\/types\/post"}],"author":[{"embeddable":true,"href":"https:\/\/www.article-marketing.eu\/comunicatistampa\/wp-json\/wp\/v2\/users\/6477"}],"replies":[{"embeddable":true,"href":"https:\/\/www.article-marketing.eu\/comunicatistampa\/wp-json\/wp\/v2\/comments?post=28960"}],"version-history":[{"count":2,"href":"https:\/\/www.article-marketing.eu\/comunicatistampa\/wp-json\/wp\/v2\/posts\/28960\/revisions"}],"predecessor-version":[{"id":29128,"href":"https:\/\/www.article-marketing.eu\/comunicatistampa\/wp-json\/wp\/v2\/posts\/28960\/revisions\/29128"}],"wp:attachment":[{"href":"https:\/\/www.article-marketing.eu\/comunicatistampa\/wp-json\/wp\/v2\/media?parent=28960"}],"wp:term":[{"taxonomy":"category","embeddable":true,"href":"https:\/\/www.article-marketing.eu\/comunicatistampa\/wp-json\/wp\/v2\/categories?post=28960"},{"taxonomy":"post_tag","embeddable":true,"href":"https:\/\/www.article-marketing.eu\/comunicatistampa\/wp-json\/wp\/v2\/tags?post=28960"}],"curies":[{"name":"wp","href":"https:\/\/api.w.org\/{rel}","templated":true}]}}